{"id":39181,"date":"2025-05-13T14:00:15","date_gmt":"2025-05-13T12:00:15","guid":{"rendered":"https:\/\/www.frasicelebri.it\/news\/?p=39181"},"modified":"2025-05-12T15:18:06","modified_gmt":"2025-05-12T13:18:06","slug":"frasi-sulla-bellezza-di-friedrich-schiller","status":"publish","type":"post","link":"https:\/\/www.frasicelebri.it\/news\/frasi-sulla-bellezza-di-friedrich-schiller\/","title":{"rendered":"Frasi sulla bellezza di Friedrich Schiller, ti faranno sentire cos\u00ec attraente che tutti cadranno ai tuoi piedi"},"content":{"rendered":"<p><strong>Friedrich Schiller<\/strong> (1759 &#8211; 1805), poeta, drammaturgo, filosofo tedesco, \u00e8 uno di quei nomi che ci hanno lasciato molti interrogativi. Quando parlava di bellezza, non si riferiva a un bel tramonto o a un abito ben stirato: per lui, <strong>la bellezza era una cosa seria, quasi religiosa<\/strong>. In un mondo spesso dominato dalla brutalit\u00e0, dalla razionalit\u00e0 fredda e dai doveri morali, Schiller credeva che solo attraverso la bellezza l\u2019uomo potesse essere veramente libero.<\/p>\n<figure id=\"attachment_39182\" aria-describedby=\"caption-attachment-39182\" style=\"width: 1190px\" class=\"wp-caption alignnone\"><img data-recalc-dims=\"1\" loading=\"lazy\" decoding=\"async\" class=\"size-full wp-image-39182\" src=\"https:\/\/i0.wp.com\/www.frasicelebri.it\/news\/wp-content\/uploads\/2025\/05\/frasi-sulla-bellezza-di-friedrich-schiller-Foto-di-Marius-Muresan-su-Unsplash_11zon.jpg?resize=1200%2C800&#038;ssl=1\" alt=\"Frasi sulla bellezza di Friedrich Schiller\" width=\"1200\" height=\"800\" srcset=\"https:\/\/i0.wp.com\/www.frasicelebri.it\/news\/wp-content\/uploads\/2025\/05\/frasi-sulla-bellezza-di-friedrich-schiller-Foto-di-Marius-Muresan-su-Unsplash_11zon.jpg?w=1200&amp;ssl=1 1200w, https:\/\/i0.wp.com\/www.frasicelebri.it\/news\/wp-content\/uploads\/2025\/05\/frasi-sulla-bellezza-di-friedrich-schiller-Foto-di-Marius-Muresan-su-Unsplash_11zon.jpg?resize=300%2C200&amp;ssl=1 300w, https:\/\/i0.wp.com\/www.frasicelebri.it\/news\/wp-content\/uploads\/2025\/05\/frasi-sulla-bellezza-di-friedrich-schiller-Foto-di-Marius-Muresan-su-Unsplash_11zon.jpg?resize=150%2C100&amp;ssl=1 150w, https:\/\/i0.wp.com\/www.frasicelebri.it\/news\/wp-content\/uploads\/2025\/05\/frasi-sulla-bellezza-di-friedrich-schiller-Foto-di-Marius-Muresan-su-Unsplash_11zon.jpg?resize=768%2C512&amp;ssl=1 768w\" sizes=\"auto, (max-width: 1200px) 100vw, 1200px\" \/><figcaption id=\"caption-attachment-39182\" class=\"wp-caption-text\">Foto di Marius Muresan su Unsplash<\/figcaption><\/figure>\n<h2>La bellezza come esercizio spirituale (e ribellione quotidiana)<\/h2>\n<p>Nel suo saggio pi\u00f9 famoso sull\u2019argomento, <em>Lettere sull\u2019educazione estetica dell\u2019uomo<\/em> (1795), <strong>Schiller <\/strong>scriveva al suo amico <strong>Duca di Augustenburg<\/strong>, sostenendo che <strong>la bellezza \u00e8 il ponte tra la sensibilit\u00e0 e la ragione<\/strong>. Tradotto: la bellezza ci salva dalle emozioni impazzite e dalla testa troppo rigida. \u00c8 una via di mezzo che ci rende esseri umani completi. In pratica, un miracolo con le gambe.<\/p>\n<p>Per Schiller, <strong>educare al bello era fondamentale<\/strong>. Non per diventare esperti d\u2019arte o recensori di mostre, ma per <strong>imparare a vivere meglio<\/strong>. Se l\u2019essere umano impara a riconoscere e godere del bello, diventa anche pi\u00f9 giusto, pi\u00f9 libero, pi\u00f9&#8230; sopportabile. Era convinto che la bellezza affinasse l\u2019anima, e che attraverso il <strong>gusto estetico<\/strong> potessimo elevarci sopra le miserie quotidiane.<\/p>\n<p>C\u2019\u00e8 qualcosa di quasi rivoluzionario in questa idea: <strong>educare al bello per evitare il brutto del mondo<\/strong>, come la guerra, l\u2019odio e la banalit\u00e0. Forse non ti salva dalla bolletta della luce, ma sicuramente rende pi\u00f9 difficile diventare un tiranno se impari a piangere davanti a una sinfonia.<\/p>\n<h3>Quando Schiller scriveva di bellezza\u2026 da solo e con Beethoven<\/h3>\n<p>Schiller era amico di <strong>Goethe<\/strong>, ma anche della <strong>bellezza pura<\/strong>, quella che toglieva il fiato. La celebr\u00f2 spesso nei suoi drammi e poesie, ma \u00e8 nella <em>Ode alla Gioia<\/em> che raggiunse l\u2019apice. Questo testo, diventato poi <strong>inno ufficiale dell\u2019Unione Europea grazie alla musica di Beethoven<\/strong>, \u00e8 un\u2019ode alla <strong>fratellanza universale<\/strong>, s\u00ec, ma anche alla <strong>bellezza che unisce i popoli<\/strong>.<\/p>\n<p>Un verso celebre recita: <em>&#8220;Deine Zauber binden wieder, was die Mode streng geteilt&#8221;<\/em> (<em>I tuoi incanti uniscono ci\u00f2 che la moda ha separato<\/em>). Insomma, mentre la societ\u00e0 ci divide, la bellezza ci mette insieme al tavolo, magari a bere un bicchiere.<\/p>\n<h3>15 frasi di Friedrich Schiller sulla bellezza<\/h3>\n<ol>\n<li><strong>&#8220;<em>Attraverso la bellezza, l\u2019uomo arriva alla libert\u00e0<\/em>.&#8221;<\/strong><\/li>\n<li><strong>&#8220;<em>Solo la bellezza rende l\u2019uomo intero<\/em>.&#8221;<\/strong><\/li>\n<li><strong>&#8220;<em>La bellezza \u00e8 la libert\u00e0 nella forma<\/em>.&#8221;<\/strong><\/li>\n<li><strong>&#8220;<em>L\u2019arte \u00e8 la figlia della libert\u00e0<\/em>.&#8221;<\/strong><\/li>\n<li><strong>&#8220;<em>L\u2019uomo gioca solo quando \u00e8 uomo nel pieno senso della parola, e solo quando gioca \u00e8 completamente uomo<\/em>.&#8221;<\/strong><\/li>\n<li><strong>&#8220;<em>Il bello \u00e8 vita che si placa in forma<\/em>.&#8221;<\/strong><\/li>\n<li><strong>&#8220;<em>La bellezza non ha bisogno di essere utile, perch\u00e9 \u00e8 vera<\/em>.&#8221;<\/strong><\/li>\n<li><strong>&#8220;<em>La forma bella \u00e8 un silenzio che parla all\u2019anima<\/em>.&#8221;<\/strong><\/li>\n<li><strong>&#8220;<em>Il bello \u00e8 la libert\u00e0 apparente delle cose<\/em>.&#8221;<\/strong><\/li>\n<li><strong> &#8220;<em>Dove l\u2019uomo non ama il bello, non pu\u00f2 neppure amare il vero<\/em>.&#8221;<\/strong><\/li>\n<li><strong> &#8220;<em>L\u2019arte trasforma il dolore in bellezza e la bellezza in comprensione<\/em>.&#8221;<\/strong><\/li>\n<li><strong> &#8220;<em>L\u2019uomo selvaggio \u00e8 dominato dai sensi, il civilizzato dalla ragione, ma l\u2019uomo bello \u00e8 libero<\/em>.&#8221;<\/strong><\/li>\n<li><strong> &#8220;<em>La bellezza \u00e8 l\u2019unico stato in cui l\u2019uomo pu\u00f2 dimenticare se stesso senza perdersi<\/em>.&#8221;<\/strong><\/li>\n<li><strong> &#8220;<em>Chi ama la bellezza non pu\u00f2 mai essere veramente solo<\/em>.&#8221;<\/strong><\/li>\n<li><strong> &#8220;<em>Il brutto ci turba, il bello ci redime<\/em>.&#8221;<\/strong><\/li>\n<\/ol>\n<p>Leggi altre <a href=\"https:\/\/www.frasicelebri.it\/ricerca-frasi\/?q=Friedrich+Schiller+\">frasi celebri di Friedrich Schiller<\/a> e le <a href=\"https:\/\/www.frasicelebri.it\/ricerca-frasi\/?q=bellezza\">frasi celebri sulla bellezza<\/a><\/p>\n","protected":false},"excerpt":{"rendered":"<p>Friedrich Schiller (1759 &#8211; 1805), poeta, drammaturgo, filosofo tedesco, \u00e8 uno di quei nomi che ci hanno lasciato molti interrogativi. Quando parlava di bellezza, non &#8230; <a title=\"Frasi sulla bellezza di Friedrich Schiller, ti faranno sentire cos\u00ec attraente che tutti cadranno ai tuoi piedi\" class=\"read-more\" href=\"https:\/\/www.frasicelebri.it\/news\/frasi-sulla-bellezza-di-friedrich-schiller\/\" aria-label=\"More on Frasi sulla bellezza di Friedrich Schiller, ti faranno sentire cos\u00ec attraente che tutti cadranno ai tuoi piedi\">Leggi tutto<\/a><\/p>\n","protected":false},"author":12,"featured_media":39182,"comment_status":"closed","ping_status":"closed","sticky":false,"template":"","format":"standard","meta":{"footnotes":""},"categories":[42],"tags":[1163,1290],"class_list":["post-39181","post","type-post","status-publish","format-standard","has-post-thumbnail","hentry","category-lifestyle","tag-frasi-sulla-bellezza","tag-friedrich-schiller"],"yoast_head":"<!-- This site is optimized with the Yoast SEO plugin v25.2 - https:\/\/yoast.com\/wordpress\/plugins\/seo\/ -->\n<title>Frasi sulla bellezza di Friedrich Schiller, ti faranno sentire cos\u00ec attraente che tutti cadranno ai tuoi piedi - Frasicelebri.it<\/title>\n<meta name=\"description\" content=\"Per Schiller la bellezza era molto pi\u00f9 che un bel viso o un paesaggio da cartolina: era libert\u00e0, armonia, salvezza dell\u2019anima\" \/>\n<meta name=\"robots\" content=\"index, follow, max-snippet:-1, max-image-preview:large, max-video-preview:-1\" \/>\n<link rel=\"canonical\" href=\"https:\/\/www.frasicelebri.it\/news\/frasi-sulla-bellezza-di-friedrich-schiller\/\" \/>\n<meta property=\"og:locale\" content=\"it_IT\" \/>\n<meta property=\"og:type\" content=\"article\" \/>\n<meta property=\"og:title\" content=\"Frasi sulla bellezza di Friedrich Schiller, ti faranno sentire cos\u00ec attraente che tutti cadranno ai tuoi piedi - Frasicelebri.it\" \/>\n<meta property=\"og:description\" content=\"Per Schiller la bellezza era molto pi\u00f9 che un bel viso o un paesaggio da cartolina: era libert\u00e0, armonia, salvezza dell\u2019anima\" \/>\n<meta property=\"og:url\" content=\"https:\/\/www.frasicelebri.it\/news\/frasi-sulla-bellezza-di-friedrich-schiller\/\" \/>\n<meta property=\"og:site_name\" content=\"Frasicelebri.it\" \/>\n<meta property=\"article:published_time\" content=\"2025-05-13T12:00:15+00:00\" \/>\n<meta property=\"og:image\" content=\"https:\/\/i0.wp.com\/www.frasicelebri.it\/news\/wp-content\/uploads\/2025\/05\/frasi-sulla-bellezza-di-friedrich-schiller-Foto-di-Marius-Muresan-su-Unsplash_11zon.jpg?fit=1200%2C800&ssl=1\" \/>\n\t<meta property=\"og:image:width\" content=\"1200\" \/>\n\t<meta property=\"og:image:height\" content=\"800\" \/>\n\t<meta property=\"og:image:type\" content=\"image\/jpeg\" \/>\n<meta name=\"author\" content=\"Romina Cardia\" \/>\n<meta name=\"twitter:card\" content=\"summary_large_image\" \/>\n<meta name=\"twitter:label1\" content=\"Scritto da\" \/>\n\t<meta name=\"twitter:data1\" content=\"Romina Cardia\" \/>\n\t<meta name=\"twitter:label2\" content=\"Tempo di lettura stimato\" \/>\n\t<meta name=\"twitter:data2\" content=\"4 minuti\" \/>\n<script type=\"application\/ld+json\" class=\"yoast-schema-graph\">{\"@context\":\"https:\/\/schema.org\",\"@graph\":[{\"@type\":\"Article\",\"@id\":\"https:\/\/www.frasicelebri.it\/news\/frasi-sulla-bellezza-di-friedrich-schiller\/#article\",\"isPartOf\":{\"@id\":\"https:\/\/www.frasicelebri.it\/news\/frasi-sulla-bellezza-di-friedrich-schiller\/\"},\"author\":{\"name\":\"Romina Cardia\",\"@id\":\"https:\/\/www.frasicelebri.it\/news\/#\/schema\/person\/712303166008dc510236daeaf8087292\"},\"headline\":\"Frasi sulla bellezza di Friedrich Schiller, ti faranno sentire cos\u00ec attraente che tutti cadranno ai tuoi piedi\",\"datePublished\":\"2025-05-13T12:00:15+00:00\",\"mainEntityOfPage\":{\"@id\":\"https:\/\/www.frasicelebri.it\/news\/frasi-sulla-bellezza-di-friedrich-schiller\/\"},\"wordCount\":564,\"publisher\":{\"@id\":\"https:\/\/www.frasicelebri.it\/news\/#organization\"},\"image\":{\"@id\":\"https:\/\/www.frasicelebri.it\/news\/frasi-sulla-bellezza-di-friedrich-schiller\/#primaryimage\"},\"thumbnailUrl\":\"https:\/\/i0.wp.com\/www.frasicelebri.it\/news\/wp-content\/uploads\/2025\/05\/frasi-sulla-bellezza-di-friedrich-schiller-Foto-di-Marius-Muresan-su-Unsplash_11zon.jpg?fit=1200%2C800&ssl=1\",\"keywords\":[\"frasi sulla bellezza\",\"Friedrich Schiller\"],\"articleSection\":[\"LifeStyle\"],\"inLanguage\":\"it-IT\"},{\"@type\":\"WebPage\",\"@id\":\"https:\/\/www.frasicelebri.it\/news\/frasi-sulla-bellezza-di-friedrich-schiller\/\",\"url\":\"https:\/\/www.frasicelebri.it\/news\/frasi-sulla-bellezza-di-friedrich-schiller\/\",\"name\":\"Frasi sulla bellezza di Friedrich Schiller, ti faranno sentire cos\u00ec attraente che tutti cadranno ai tuoi piedi - Frasicelebri.it\",\"isPartOf\":{\"@id\":\"https:\/\/www.frasicelebri.it\/news\/#website\"},\"primaryImageOfPage\":{\"@id\":\"https:\/\/www.frasicelebri.it\/news\/frasi-sulla-bellezza-di-friedrich-schiller\/#primaryimage\"},\"image\":{\"@id\":\"https:\/\/www.frasicelebri.it\/news\/frasi-sulla-bellezza-di-friedrich-schiller\/#primaryimage\"},\"thumbnailUrl\":\"https:\/\/i0.wp.com\/www.frasicelebri.it\/news\/wp-content\/uploads\/2025\/05\/frasi-sulla-bellezza-di-friedrich-schiller-Foto-di-Marius-Muresan-su-Unsplash_11zon.jpg?fit=1200%2C800&ssl=1\",\"datePublished\":\"2025-05-13T12:00:15+00:00\",\"description\":\"Per Schiller la bellezza era molto pi\u00f9 che un bel viso o un paesaggio da cartolina: era libert\u00e0, armonia, salvezza dell\u2019anima\",\"breadcrumb\":{\"@id\":\"https:\/\/www.frasicelebri.it\/news\/frasi-sulla-bellezza-di-friedrich-schiller\/#breadcrumb\"},\"inLanguage\":\"it-IT\",\"potentialAction\":[{\"@type\":\"ReadAction\",\"target\":[\"https:\/\/www.frasicelebri.it\/news\/frasi-sulla-bellezza-di-friedrich-schiller\/\"]}]},{\"@type\":\"ImageObject\",\"inLanguage\":\"it-IT\",\"@id\":\"https:\/\/www.frasicelebri.it\/news\/frasi-sulla-bellezza-di-friedrich-schiller\/#primaryimage\",\"url\":\"https:\/\/i0.wp.com\/www.frasicelebri.it\/news\/wp-content\/uploads\/2025\/05\/frasi-sulla-bellezza-di-friedrich-schiller-Foto-di-Marius-Muresan-su-Unsplash_11zon.jpg?fit=1200%2C800&ssl=1\",\"contentUrl\":\"https:\/\/i0.wp.com\/www.frasicelebri.it\/news\/wp-content\/uploads\/2025\/05\/frasi-sulla-bellezza-di-friedrich-schiller-Foto-di-Marius-Muresan-su-Unsplash_11zon.jpg?fit=1200%2C800&ssl=1\",\"width\":1200,\"height\":800,\"caption\":\"Foto di Marius Muresan su Unsplash\"},{\"@type\":\"BreadcrumbList\",\"@id\":\"https:\/\/www.frasicelebri.it\/news\/frasi-sulla-bellezza-di-friedrich-schiller\/#breadcrumb\",\"itemListElement\":[{\"@type\":\"ListItem\",\"position\":1,\"name\":\"Home\",\"item\":\"https:\/\/www.frasicelebri.it\/news\/\"},{\"@type\":\"ListItem\",\"position\":2,\"name\":\"Frasi sulla bellezza di Friedrich Schiller, ti faranno sentire cos\u00ec attraente che tutti cadranno ai tuoi piedi\"}]},{\"@type\":\"WebSite\",\"@id\":\"https:\/\/www.frasicelebri.it\/news\/#website\",\"url\":\"https:\/\/www.frasicelebri.it\/news\/\",\"name\":\"Frasicelebri.it\",\"description\":\"News Frasicelebri.it\",\"publisher\":{\"@id\":\"https:\/\/www.frasicelebri.it\/news\/#organization\"},\"potentialAction\":[{\"@type\":\"SearchAction\",\"target\":{\"@type\":\"EntryPoint\",\"urlTemplate\":\"https:\/\/www.frasicelebri.it\/news\/?s={search_term_string}\"},\"query-input\":{\"@type\":\"PropertyValueSpecification\",\"valueRequired\":true,\"valueName\":\"search_term_string\"}}],\"inLanguage\":\"it-IT\"},{\"@type\":\"Organization\",\"@id\":\"https:\/\/www.frasicelebri.it\/news\/#organization\",\"name\":\"Frasicelebri.it\",\"url\":\"https:\/\/www.frasicelebri.it\/news\/\",\"logo\":{\"@type\":\"ImageObject\",\"inLanguage\":\"it-IT\",\"@id\":\"https:\/\/www.frasicelebri.it\/news\/#\/schema\/logo\/image\/\",\"url\":\"https:\/\/i0.wp.com\/www.frasicelebri.it\/news\/wp-content\/uploads\/2024\/07\/logo-quadrato-drasicelebri.it_.jpg?fit=696%2C696&ssl=1\",\"contentUrl\":\"https:\/\/i0.wp.com\/www.frasicelebri.it\/news\/wp-content\/uploads\/2024\/07\/logo-quadrato-drasicelebri.it_.jpg?fit=696%2C696&ssl=1\",\"width\":696,\"height\":696,\"caption\":\"Frasicelebri.it\"},\"image\":{\"@id\":\"https:\/\/www.frasicelebri.it\/news\/#\/schema\/logo\/image\/\"}},{\"@type\":\"Person\",\"@id\":\"https:\/\/www.frasicelebri.it\/news\/#\/schema\/person\/712303166008dc510236daeaf8087292\",\"name\":\"Romina Cardia\",\"image\":{\"@type\":\"ImageObject\",\"inLanguage\":\"it-IT\",\"@id\":\"https:\/\/www.frasicelebri.it\/news\/#\/schema\/person\/image\/\",\"url\":\"https:\/\/secure.gravatar.com\/avatar\/7e155e0e5584fd17310efae2dc94f61e?s=96&d=mm&r=g\",\"contentUrl\":\"https:\/\/secure.gravatar.com\/avatar\/7e155e0e5584fd17310efae2dc94f61e?s=96&d=mm&r=g\",\"caption\":\"Romina Cardia\"},\"url\":\"https:\/\/www.frasicelebri.it\/news\/author\/romina\/\"}]}<\/script>\n<!-- \/ Yoast SEO plugin. -->","yoast_head_json":{"title":"Frasi sulla bellezza di Friedrich Schiller, ti faranno sentire cos\u00ec attraente che tutti cadranno ai tuoi piedi - Frasicelebri.it","description":"Per Schiller la bellezza era molto pi\u00f9 che un bel viso o un paesaggio da cartolina: era libert\u00e0, armonia, salvezza dell\u2019anima","robots":{"index":"index","follow":"follow","max-snippet":"max-snippet:-1","max-image-preview":"max-image-preview:large","max-video-preview":"max-video-preview:-1"},"canonical":"https:\/\/www.frasicelebri.it\/news\/frasi-sulla-bellezza-di-friedrich-schiller\/","og_locale":"it_IT","og_type":"article","og_title":"Frasi sulla bellezza di Friedrich Schiller, ti faranno sentire cos\u00ec attraente che tutti cadranno ai tuoi piedi - Frasicelebri.it","og_description":"Per Schiller la bellezza era molto pi\u00f9 che un bel viso o un paesaggio da cartolina: era libert\u00e0, armonia, salvezza dell\u2019anima","og_url":"https:\/\/www.frasicelebri.it\/news\/frasi-sulla-bellezza-di-friedrich-schiller\/","og_site_name":"Frasicelebri.it","article_published_time":"2025-05-13T12:00:15+00:00","og_image":[{"width":1200,"height":800,"url":"https:\/\/i0.wp.com\/www.frasicelebri.it\/news\/wp-content\/uploads\/2025\/05\/frasi-sulla-bellezza-di-friedrich-schiller-Foto-di-Marius-Muresan-su-Unsplash_11zon.jpg?fit=1200%2C800&ssl=1","type":"image\/jpeg"}],"author":"Romina Cardia","twitter_card":"summary_large_image","twitter_misc":{"Scritto da":"Romina Cardia","Tempo di lettura stimato":"4 minuti"},"schema":{"@context":"https:\/\/schema.org","@graph":[{"@type":"Article","@id":"https:\/\/www.frasicelebri.it\/news\/frasi-sulla-bellezza-di-friedrich-schiller\/#article","isPartOf":{"@id":"https:\/\/www.frasicelebri.it\/news\/frasi-sulla-bellezza-di-friedrich-schiller\/"},"author":{"name":"Romina Cardia","@id":"https:\/\/www.frasicelebri.it\/news\/#\/schema\/person\/712303166008dc510236daeaf8087292"},"headline":"Frasi sulla bellezza di Friedrich Schiller, ti faranno sentire cos\u00ec attraente che tutti cadranno ai tuoi piedi","datePublished":"2025-05-13T12:00:15+00:00","mainEntityOfPage":{"@id":"https:\/\/www.frasicelebri.it\/news\/frasi-sulla-bellezza-di-friedrich-schiller\/"},"wordCount":564,"publisher":{"@id":"https:\/\/www.frasicelebri.it\/news\/#organization"},"image":{"@id":"https:\/\/www.frasicelebri.it\/news\/frasi-sulla-bellezza-di-friedrich-schiller\/#primaryimage"},"thumbnailUrl":"https:\/\/i0.wp.com\/www.frasicelebri.it\/news\/wp-content\/uploads\/2025\/05\/frasi-sulla-bellezza-di-friedrich-schiller-Foto-di-Marius-Muresan-su-Unsplash_11zon.jpg?fit=1200%2C800&ssl=1","keywords":["frasi sulla bellezza","Friedrich Schiller"],"articleSection":["LifeStyle"],"inLanguage":"it-IT"},{"@type":"WebPage","@id":"https:\/\/www.frasicelebri.it\/news\/frasi-sulla-bellezza-di-friedrich-schiller\/","url":"https:\/\/www.frasicelebri.it\/news\/frasi-sulla-bellezza-di-friedrich-schiller\/","name":"Frasi sulla bellezza di Friedrich Schiller, ti faranno sentire cos\u00ec attraente che tutti cadranno ai tuoi piedi - Frasicelebri.it","isPartOf":{"@id":"https:\/\/www.frasicelebri.it\/news\/#website"},"primaryImageOfPage":{"@id":"https:\/\/www.frasicelebri.it\/news\/frasi-sulla-bellezza-di-friedrich-schiller\/#primaryimage"},"image":{"@id":"https:\/\/www.frasicelebri.it\/news\/frasi-sulla-bellezza-di-friedrich-schiller\/#primaryimage"},"thumbnailUrl":"https:\/\/i0.wp.com\/www.frasicelebri.it\/news\/wp-content\/uploads\/2025\/05\/frasi-sulla-bellezza-di-friedrich-schiller-Foto-di-Marius-Muresan-su-Unsplash_11zon.jpg?fit=1200%2C800&ssl=1","datePublished":"2025-05-13T12:00:15+00:00","description":"Per Schiller la bellezza era molto pi\u00f9 che un bel viso o un paesaggio da cartolina: era libert\u00e0, armonia, salvezza dell\u2019anima","breadcrumb":{"@id":"https:\/\/www.frasicelebri.it\/news\/frasi-sulla-bellezza-di-friedrich-schiller\/#breadcrumb"},"inLanguage":"it-IT","potentialAction":[{"@type":"ReadAction","target":["https:\/\/www.frasicelebri.it\/news\/frasi-sulla-bellezza-di-friedrich-schiller\/"]}]},{"@type":"ImageObject","inLanguage":"it-IT","@id":"https:\/\/www.frasicelebri.it\/news\/frasi-sulla-bellezza-di-friedrich-schiller\/#primaryimage","url":"https:\/\/i0.wp.com\/www.frasicelebri.it\/news\/wp-content\/uploads\/2025\/05\/frasi-sulla-bellezza-di-friedrich-schiller-Foto-di-Marius-Muresan-su-Unsplash_11zon.jpg?fit=1200%2C800&ssl=1","contentUrl":"https:\/\/i0.wp.com\/www.frasicelebri.it\/news\/wp-content\/uploads\/2025\/05\/frasi-sulla-bellezza-di-friedrich-schiller-Foto-di-Marius-Muresan-su-Unsplash_11zon.jpg?fit=1200%2C800&ssl=1","width":1200,"height":800,"caption":"Foto di Marius Muresan su Unsplash"},{"@type":"BreadcrumbList","@id":"https:\/\/www.frasicelebri.it\/news\/frasi-sulla-bellezza-di-friedrich-schiller\/#breadcrumb","itemListElement":[{"@type":"ListItem","position":1,"name":"Home","item":"https:\/\/www.frasicelebri.it\/news\/"},{"@type":"ListItem","position":2,"name":"Frasi sulla bellezza di Friedrich Schiller, ti faranno sentire cos\u00ec attraente che tutti cadranno ai tuoi piedi"}]},{"@type":"WebSite","@id":"https:\/\/www.frasicelebri.it\/news\/#website","url":"https:\/\/www.frasicelebri.it\/news\/","name":"Frasicelebri.it","description":"News Frasicelebri.it","publisher":{"@id":"https:\/\/www.frasicelebri.it\/news\/#organization"},"potentialAction":[{"@type":"SearchAction","target":{"@type":"EntryPoint","urlTemplate":"https:\/\/www.frasicelebri.it\/news\/?s={search_term_string}"},"query-input":{"@type":"PropertyValueSpecification","valueRequired":true,"valueName":"search_term_string"}}],"inLanguage":"it-IT"},{"@type":"Organization","@id":"https:\/\/www.frasicelebri.it\/news\/#organization","name":"Frasicelebri.it","url":"https:\/\/www.frasicelebri.it\/news\/","logo":{"@type":"ImageObject","inLanguage":"it-IT","@id":"https:\/\/www.frasicelebri.it\/news\/#\/schema\/logo\/image\/","url":"https:\/\/i0.wp.com\/www.frasicelebri.it\/news\/wp-content\/uploads\/2024\/07\/logo-quadrato-drasicelebri.it_.jpg?fit=696%2C696&ssl=1","contentUrl":"https:\/\/i0.wp.com\/www.frasicelebri.it\/news\/wp-content\/uploads\/2024\/07\/logo-quadrato-drasicelebri.it_.jpg?fit=696%2C696&ssl=1","width":696,"height":696,"caption":"Frasicelebri.it"},"image":{"@id":"https:\/\/www.frasicelebri.it\/news\/#\/schema\/logo\/image\/"}},{"@type":"Person","@id":"https:\/\/www.frasicelebri.it\/news\/#\/schema\/person\/712303166008dc510236daeaf8087292","name":"Romina Cardia","image":{"@type":"ImageObject","inLanguage":"it-IT","@id":"https:\/\/www.frasicelebri.it\/news\/#\/schema\/person\/image\/","url":"https:\/\/secure.gravatar.com\/avatar\/7e155e0e5584fd17310efae2dc94f61e?s=96&d=mm&r=g","contentUrl":"https:\/\/secure.gravatar.com\/avatar\/7e155e0e5584fd17310efae2dc94f61e?s=96&d=mm&r=g","caption":"Romina Cardia"},"url":"https:\/\/www.frasicelebri.it\/news\/author\/romina\/"}]}},"_links":{"self":[{"href":"https:\/\/www.frasicelebri.it\/news\/wp-json\/wp\/v2\/posts\/39181","targetHints":{"allow":["GET"]}}],"collection":[{"href":"https:\/\/www.frasicelebri.it\/news\/wp-json\/wp\/v2\/posts"}],"about":[{"href":"https:\/\/www.frasicelebri.it\/news\/wp-json\/wp\/v2\/types\/post"}],"author":[{"embeddable":true,"href":"https:\/\/www.frasicelebri.it\/news\/wp-json\/wp\/v2\/users\/12"}],"replies":[{"embeddable":true,"href":"https:\/\/www.frasicelebri.it\/news\/wp-json\/wp\/v2\/comments?post=39181"}],"version-history":[{"count":1,"href":"https:\/\/www.frasicelebri.it\/news\/wp-json\/wp\/v2\/posts\/39181\/revisions"}],"predecessor-version":[{"id":39183,"href":"https:\/\/www.frasicelebri.it\/news\/wp-json\/wp\/v2\/posts\/39181\/revisions\/39183"}],"wp:featuredmedia":[{"embeddable":true,"href":"https:\/\/www.frasicelebri.it\/news\/wp-json\/wp\/v2\/media\/39182"}],"wp:attachment":[{"href":"https:\/\/www.frasicelebri.it\/news\/wp-json\/wp\/v2\/media?parent=39181"}],"wp:term":[{"taxonomy":"category","embeddable":true,"href":"https:\/\/www.frasicelebri.it\/news\/wp-json\/wp\/v2\/categories?post=39181"},{"taxonomy":"post_tag","embeddable":true,"href":"https:\/\/www.frasicelebri.it\/news\/wp-json\/wp\/v2\/tags?post=39181"}],"curies":[{"name":"wp","href":"https:\/\/api.w.org\/{rel}","templated":true}]}}