{"id":39203,"date":"2025-05-15T14:00:50","date_gmt":"2025-05-15T12:00:50","guid":{"rendered":"https:\/\/www.frasicelebri.it\/news\/?p=39203"},"modified":"2025-05-14T17:09:47","modified_gmt":"2025-05-14T15:09:47","slug":"frasi-di-marcel-proust-sui-ricordi-utili-se-pensi-che-il-tuo-passato-sia-un-disastro-ti-faranno-riconsiderare-tutto","status":"publish","type":"post","link":"https:\/\/www.frasicelebri.it\/news\/frasi-di-marcel-proust-sui-ricordi-utili-se-pensi-che-il-tuo-passato-sia-un-disastro-ti-faranno-riconsiderare-tutto\/","title":{"rendered":"Frasi di Marcel Proust sui ricordi, utili se pensi che il tuo passato sia un disastro: ti faranno riconsiderare tutto!"},"content":{"rendered":"<p>Se pensi che i <strong>ricordi<\/strong> siano solo roba da nostalgici o da vecchi zii al pranzo di Natale, <strong>Marcel Proust<\/strong> ti farebbe cambiare idea con una semplice madeleine. S\u00ec, proprio quel dolcetto burroso a forma di conchiglia che ha fatto scattare nella sua mente un\u2019intera enciclopedia emotiva. Proust non solo ha scritto una delle opere pi\u00f9 monumentali della letteratura \u2013 <em>Alla ricerca del tempo perduto<\/em> \u2013 ma ha anche elevato i ricordi al rango di <strong>supereroi della nostra vita interiore<\/strong>. Ma attenzione: per lui, ricordare non era una scelta, ma un vero e proprio agguato dell\u2019anima.<\/p>\n<figure id=\"attachment_39204\" aria-describedby=\"caption-attachment-39204\" style=\"width: 1122px\" class=\"wp-caption alignnone\"><img data-recalc-dims=\"1\" loading=\"lazy\" decoding=\"async\" class=\"size-full wp-image-39204\" src=\"https:\/\/i0.wp.com\/www.frasicelebri.it\/news\/wp-content\/uploads\/2025\/05\/ricordi-Foto-di-Kirk-Cameron-su-Unsplash.jpg?resize=1132%2C755&#038;ssl=1\" alt=\"Frasi di Marcel Proust sui ricordi\" width=\"1132\" height=\"755\" srcset=\"https:\/\/i0.wp.com\/www.frasicelebri.it\/news\/wp-content\/uploads\/2025\/05\/ricordi-Foto-di-Kirk-Cameron-su-Unsplash.jpg?w=1132&amp;ssl=1 1132w, https:\/\/i0.wp.com\/www.frasicelebri.it\/news\/wp-content\/uploads\/2025\/05\/ricordi-Foto-di-Kirk-Cameron-su-Unsplash.jpg?resize=300%2C200&amp;ssl=1 300w, https:\/\/i0.wp.com\/www.frasicelebri.it\/news\/wp-content\/uploads\/2025\/05\/ricordi-Foto-di-Kirk-Cameron-su-Unsplash.jpg?resize=150%2C100&amp;ssl=1 150w, https:\/\/i0.wp.com\/www.frasicelebri.it\/news\/wp-content\/uploads\/2025\/05\/ricordi-Foto-di-Kirk-Cameron-su-Unsplash.jpg?resize=768%2C512&amp;ssl=1 768w\" sizes=\"auto, (max-width: 1132px) 100vw, 1132px\" \/><figcaption id=\"caption-attachment-39204\" class=\"wp-caption-text\">Foto di Kirk Cameron su Unsplash<\/figcaption><\/figure>\n<h2>I ricordi secondo Proust: non si cercano, ti fregano<\/h2>\n<p>Proust non era uno di quelli che si mettono sul divano con l\u2019album delle foto a dire \u201cAh, bei tempi!\u201d. No. Per lui, <strong>i ricordi erano subdoli, anarchici, geniali<\/strong>. Non li potevi evocare a comando, ma potevano piombarti addosso mentre mordevi un biscotto o annusavi il profumo del tiglio. Era convinto che <em>la vera memoria<\/em> non fosse quella volontaria (che dimentica tutto nei momenti cruciali, tipo gli esami), ma quella <strong>involontaria<\/strong>, capace di <strong>scatenare un turbine di emozioni da una sciocchezza quotidiana<\/strong>.<\/p>\n<p>\u00c8 in questo spirito che nasce uno dei momenti pi\u00f9 iconici della letteratura mondiale: <strong>l\u2019episodio della madeleine<\/strong>. Inzuppata nel t\u00e8, quella piccola tortina risveglia nel protagonista tutta la dolcezza dimenticata della sua <strong>infanzia a Combray<\/strong>. Ed ecco che la memoria esplode come un fuoco d\u2019artificio nel cervello.<\/p>\n<h3>&#8220;Quando del passato non sussiste pi\u00f9 nulla&#8230;&#8221;<\/h3>\n<p>La frase di Marcel Proust che meglio spiega tutto ci\u00f2 \u00e8 questa:<\/p>\n<blockquote><p><em>\u201cQuando del passato non sussiste pi\u00f9 nulla, dopo la morte degli esseri, dopo la distruzione delle cose, sole, pi\u00f9 fragili ma pi\u00f9 vive, pi\u00f9 immateriali, pi\u00f9 persistenti, pi\u00f9 fedeli, l\u2019odore e il sapore restano ancora a lungo.\u201d<\/em><\/p><\/blockquote>\n<p>Tradotto: <strong>i profumi e i sapori sono le chiavi segrete per aprire la cassaforte del tempo<\/strong>. Quando tutto il resto \u00e8 sparito \u2013 luoghi demoliti, persone morte, amori evaporati \u2013 un odore pu\u00f2 riportarti in un attimo dove eri vent\u2019anni fa, e non c\u2019\u00e8 psicoterapia che tenga.<\/p>\n<p>\u00c8 come se Proust avesse capito che <strong>il nostro passato non lo teniamo nella testa, ma nel naso e nella bocca<\/strong>. E allora, s\u00ec, un brodino di pollo o l\u2019odore di un libro vecchio possono avere la stessa potenza narrativa di una saga in sette volumi.<\/p>\n<h3>Tutti abbiamo una madeleine<\/h3>\n<p>Forse non scriveremo mai sette tomi su una tortina, ma chiunque ha nella memoria un odore, un sapore, un suono che lo riporta indietro nel tempo. E allora, nel nostro piccolo, <strong>siamo anche noi cercatori di tempo perduto<\/strong>, come Marcel. Con meno sughero alle pareti, magari, ma con la stessa voglia di ritrovare, in un morso o in un respiro, i pezzi sparsi del nostro passato.<\/p>\n<p>E la prossima volta che ti emozioni perch\u00e9 hai sentito l\u2019odore del pane appena sfornato\u2026 ringrazia Proust.<\/p>\n<h3>15 frasi di Marcel Proust sui ricordi<\/h3>\n<ol>\n<li><strong>&#8220;<em>Ma quando di un antico passato non sussiste niente, dopo la morte degli esseri, dopo la distruzione delle cose, soli, pi\u00f9 fragili ma pi\u00f9 intensi, pi\u00f9 immateriali, pi\u00f9 persistenti, pi\u00f9 fedeli, l&#8217;odore e il sapore restano ancora a lungo, come anime, a ricordare, ad attendere, a sperare, sulla rovina di tutto il resto, a reggere, senza piegarsi, sulla loro gocciolina quasi impalpabile, l&#8217;immenso edificio del ricordo<\/em>.&#8221; <\/strong><\/li>\n<li><strong>&#8220;<em>Il ricordo di una certa immagine non \u00e8 che il rimpianto di un certo istante<\/em>.&#8221; <\/strong><\/li>\n<li><strong>&#8220;<em>I veri paradisi sono i paradisi che abbiamo perduto<\/em>.&#8221; <\/strong><\/li>\n<li><strong>&#8220;<em>Il ricordo di cose passate non \u00e8 necessariamente il ricordo di cose quali sono state<\/em>.&#8221; <\/strong><\/li>\n<li><strong>&#8220;<em>Il nostro passato \u00e8 come un album di fotografie che sfogliamo raramente. Per caso troviamo una vecchia foto, e diciamo: guarda com&#8217;ero giovane!<\/em>&#8221; <\/strong><\/li>\n<li><strong>&#8220;<em>\u00c8 cos\u00ec che il nostro cuore cambia, nella vita, ed \u00e8 la peggiore delle sofferenze; ma non la conosciamo se non leggendo o con l&#8217;immaginazione: nella realt\u00e0 essa si trasforma in noi cos\u00ec lentamente che, se ci d\u00e0 dolore, un dolore che durer\u00e0 a lungo, ce ne accorgiamo soltanto quando \u00e8 diventato assai forte per essere sopportato<\/em>.&#8221; <\/strong><\/li>\n<li><strong>&#8220;<em>La realt\u00e0 si forma solo nella memoria<\/em>.&#8221; <\/strong><\/li>\n<li><strong>&#8220;<em>La vera vita, la vita finalmente riscoperta e illuminata, la sola vita quindi realmente vissuta, \u00e8 la letteratura. Questa vita che in un certo senso abita ogni istante in tutti gli uomini come nell&#8217;artista<\/em>.&#8221; <\/strong><\/li>\n<li><strong>&#8220;<em>Il passato non \u00e8 semplicemente il passato, ma continua a vivere segretamente in noi<\/em>.&#8221; <\/strong><\/li>\n<li><strong> &#8220;<em>La memoria \u00e8 come un quaderno che usiamo per appunti e che poi dimentichiamo in qualche cassetto<\/em>.&#8221; <\/strong><\/li>\n<li><strong> &#8220;<em>I luoghi che abbiamo conosciuto non appartengono solo al mondo dello spazio in cui li situiamo per comodit\u00e0. Non sono stati che un sottile strato tra le impressioni multiple che li componevano e che hanno formato la nostra vita in quel momento<\/em>.&#8221; <\/strong><\/li>\n<li><strong> &#8220;<em>Strano \u00e8 questo potere della memoria, le cui intermittenze ci rendono delle persone diverse<\/em>.&#8221; <\/strong><\/li>\n<li><strong> &#8220;<em>Vi sono ricordi che rimangono fuori dal tempo, come ci sono edifici che rimangono fuori dalla portata del metro<\/em>.&#8221; <\/strong><\/li>\n<li><strong> &#8220;<em>Il ricordo \u00e8 un poeta, e la realt\u00e0 \u00e8 sempre un prosatore<\/em>.&#8221; <\/strong><\/li>\n<li><strong> &#8220;<em>Tutte le nostre certezze non sono che storie che raccontiamo a noi stessi sul nostro passato<\/em>.&#8221; <\/strong><\/li>\n<\/ol>\n<p>Leggi altre <a href=\"https:\/\/www.frasicelebri.it\/ricerca-frasi\/?q=Marcel+Proust+\">frasi celebri di Marcel Proust<\/a> e le <a href=\"https:\/\/www.frasicelebri.it\/ricerca-frasi\/?q=ricordi\">frasi celebri sui ricordi<\/a><\/p>\n","protected":false},"excerpt":{"rendered":"<p>Se pensi che i ricordi siano solo roba da nostalgici o da vecchi zii al pranzo di Natale, Marcel Proust ti farebbe cambiare idea con &#8230; <a title=\"Frasi di Marcel Proust sui ricordi, utili se pensi che il tuo passato sia un disastro: ti faranno riconsiderare tutto!\" class=\"read-more\" href=\"https:\/\/www.frasicelebri.it\/news\/frasi-di-marcel-proust-sui-ricordi-utili-se-pensi-che-il-tuo-passato-sia-un-disastro-ti-faranno-riconsiderare-tutto\/\" aria-label=\"More on Frasi di Marcel Proust sui ricordi, utili se pensi che il tuo passato sia un disastro: ti faranno riconsiderare tutto!\">Leggi tutto<\/a><\/p>\n","protected":false},"author":12,"featured_media":39204,"comment_status":"closed","ping_status":"closed","sticky":false,"template":"","format":"standard","meta":{"footnotes":""},"categories":[42],"tags":[1221,1293],"class_list":["post-39203","post","type-post","status-publish","format-standard","has-post-thumbnail","hentry","category-lifestyle","tag-frasi-sui-ricordi","tag-marcel-proust"],"yoast_head":"<!-- This site is optimized with the Yoast SEO plugin v25.2 - https:\/\/yoast.com\/wordpress\/plugins\/seo\/ -->\n<title>Frasi di Marcel Proust sui ricordi, utili se pensi che il tuo passato sia un disastro: ti faranno riconsiderare tutto! - Frasicelebri.it<\/title>\n<meta name=\"description\" content=\"Marcel Proust, l\u2019uomo che annusava i ricordi: quando la madeleine \u00e8 pi\u00f9 potente di una macchina del tempo ma non della nostalgia\" \/>\n<meta name=\"robots\" content=\"index, follow, max-snippet:-1, max-image-preview:large, max-video-preview:-1\" \/>\n<link rel=\"canonical\" href=\"https:\/\/www.frasicelebri.it\/news\/frasi-di-marcel-proust-sui-ricordi-utili-se-pensi-che-il-tuo-passato-sia-un-disastro-ti-faranno-riconsiderare-tutto\/\" \/>\n<meta property=\"og:locale\" content=\"it_IT\" \/>\n<meta property=\"og:type\" content=\"article\" \/>\n<meta property=\"og:title\" content=\"Frasi di Marcel Proust sui ricordi, utili se pensi che il tuo passato sia un disastro: ti faranno riconsiderare tutto! - Frasicelebri.it\" \/>\n<meta property=\"og:description\" content=\"Marcel Proust, l\u2019uomo che annusava i ricordi: quando la madeleine \u00e8 pi\u00f9 potente di una macchina del tempo ma non della nostalgia\" \/>\n<meta property=\"og:url\" content=\"https:\/\/www.frasicelebri.it\/news\/frasi-di-marcel-proust-sui-ricordi-utili-se-pensi-che-il-tuo-passato-sia-un-disastro-ti-faranno-riconsiderare-tutto\/\" \/>\n<meta property=\"og:site_name\" content=\"Frasicelebri.it\" \/>\n<meta property=\"article:published_time\" content=\"2025-05-15T12:00:50+00:00\" \/>\n<meta property=\"og:image\" content=\"https:\/\/i0.wp.com\/www.frasicelebri.it\/news\/wp-content\/uploads\/2025\/05\/ricordi-Foto-di-Kirk-Cameron-su-Unsplash.jpg?fit=1132%2C755&ssl=1\" \/>\n\t<meta property=\"og:image:width\" content=\"1132\" \/>\n\t<meta property=\"og:image:height\" content=\"755\" \/>\n\t<meta property=\"og:image:type\" content=\"image\/jpeg\" \/>\n<meta name=\"author\" content=\"Romina Cardia\" \/>\n<meta name=\"twitter:card\" content=\"summary_large_image\" \/>\n<meta name=\"twitter:label1\" content=\"Scritto da\" \/>\n\t<meta name=\"twitter:data1\" content=\"Romina Cardia\" \/>\n\t<meta name=\"twitter:label2\" content=\"Tempo di lettura stimato\" \/>\n\t<meta name=\"twitter:data2\" content=\"5 minuti\" \/>\n<script type=\"application\/ld+json\" class=\"yoast-schema-graph\">{\"@context\":\"https:\/\/schema.org\",\"@graph\":[{\"@type\":\"Article\",\"@id\":\"https:\/\/www.frasicelebri.it\/news\/frasi-di-marcel-proust-sui-ricordi-utili-se-pensi-che-il-tuo-passato-sia-un-disastro-ti-faranno-riconsiderare-tutto\/#article\",\"isPartOf\":{\"@id\":\"https:\/\/www.frasicelebri.it\/news\/frasi-di-marcel-proust-sui-ricordi-utili-se-pensi-che-il-tuo-passato-sia-un-disastro-ti-faranno-riconsiderare-tutto\/\"},\"author\":{\"name\":\"Romina Cardia\",\"@id\":\"https:\/\/www.frasicelebri.it\/news\/#\/schema\/person\/712303166008dc510236daeaf8087292\"},\"headline\":\"Frasi di Marcel Proust sui ricordi, utili se pensi che il tuo passato sia un disastro: ti faranno riconsiderare tutto!\",\"datePublished\":\"2025-05-15T12:00:50+00:00\",\"mainEntityOfPage\":{\"@id\":\"https:\/\/www.frasicelebri.it\/news\/frasi-di-marcel-proust-sui-ricordi-utili-se-pensi-che-il-tuo-passato-sia-un-disastro-ti-faranno-riconsiderare-tutto\/\"},\"wordCount\":876,\"publisher\":{\"@id\":\"https:\/\/www.frasicelebri.it\/news\/#organization\"},\"image\":{\"@id\":\"https:\/\/www.frasicelebri.it\/news\/frasi-di-marcel-proust-sui-ricordi-utili-se-pensi-che-il-tuo-passato-sia-un-disastro-ti-faranno-riconsiderare-tutto\/#primaryimage\"},\"thumbnailUrl\":\"https:\/\/i0.wp.com\/www.frasicelebri.it\/news\/wp-content\/uploads\/2025\/05\/ricordi-Foto-di-Kirk-Cameron-su-Unsplash.jpg?fit=1132%2C755&ssl=1\",\"keywords\":[\"frasi sui ricordi\",\"Marcel Proust\"],\"articleSection\":[\"LifeStyle\"],\"inLanguage\":\"it-IT\"},{\"@type\":\"WebPage\",\"@id\":\"https:\/\/www.frasicelebri.it\/news\/frasi-di-marcel-proust-sui-ricordi-utili-se-pensi-che-il-tuo-passato-sia-un-disastro-ti-faranno-riconsiderare-tutto\/\",\"url\":\"https:\/\/www.frasicelebri.it\/news\/frasi-di-marcel-proust-sui-ricordi-utili-se-pensi-che-il-tuo-passato-sia-un-disastro-ti-faranno-riconsiderare-tutto\/\",\"name\":\"Frasi di Marcel Proust sui ricordi, utili se pensi che il tuo passato sia un disastro: ti faranno riconsiderare tutto! - Frasicelebri.it\",\"isPartOf\":{\"@id\":\"https:\/\/www.frasicelebri.it\/news\/#website\"},\"primaryImageOfPage\":{\"@id\":\"https:\/\/www.frasicelebri.it\/news\/frasi-di-marcel-proust-sui-ricordi-utili-se-pensi-che-il-tuo-passato-sia-un-disastro-ti-faranno-riconsiderare-tutto\/#primaryimage\"},\"image\":{\"@id\":\"https:\/\/www.frasicelebri.it\/news\/frasi-di-marcel-proust-sui-ricordi-utili-se-pensi-che-il-tuo-passato-sia-un-disastro-ti-faranno-riconsiderare-tutto\/#primaryimage\"},\"thumbnailUrl\":\"https:\/\/i0.wp.com\/www.frasicelebri.it\/news\/wp-content\/uploads\/2025\/05\/ricordi-Foto-di-Kirk-Cameron-su-Unsplash.jpg?fit=1132%2C755&ssl=1\",\"datePublished\":\"2025-05-15T12:00:50+00:00\",\"description\":\"Marcel Proust, l\u2019uomo che annusava i ricordi: quando la madeleine \u00e8 pi\u00f9 potente di una macchina del tempo ma non della nostalgia\",\"breadcrumb\":{\"@id\":\"https:\/\/www.frasicelebri.it\/news\/frasi-di-marcel-proust-sui-ricordi-utili-se-pensi-che-il-tuo-passato-sia-un-disastro-ti-faranno-riconsiderare-tutto\/#breadcrumb\"},\"inLanguage\":\"it-IT\",\"potentialAction\":[{\"@type\":\"ReadAction\",\"target\":[\"https:\/\/www.frasicelebri.it\/news\/frasi-di-marcel-proust-sui-ricordi-utili-se-pensi-che-il-tuo-passato-sia-un-disastro-ti-faranno-riconsiderare-tutto\/\"]}]},{\"@type\":\"ImageObject\",\"inLanguage\":\"it-IT\",\"@id\":\"https:\/\/www.frasicelebri.it\/news\/frasi-di-marcel-proust-sui-ricordi-utili-se-pensi-che-il-tuo-passato-sia-un-disastro-ti-faranno-riconsiderare-tutto\/#primaryimage\",\"url\":\"https:\/\/i0.wp.com\/www.frasicelebri.it\/news\/wp-content\/uploads\/2025\/05\/ricordi-Foto-di-Kirk-Cameron-su-Unsplash.jpg?fit=1132%2C755&ssl=1\",\"contentUrl\":\"https:\/\/i0.wp.com\/www.frasicelebri.it\/news\/wp-content\/uploads\/2025\/05\/ricordi-Foto-di-Kirk-Cameron-su-Unsplash.jpg?fit=1132%2C755&ssl=1\",\"width\":1132,\"height\":755,\"caption\":\"Foto di Kirk Cameron su Unsplash\"},{\"@type\":\"BreadcrumbList\",\"@id\":\"https:\/\/www.frasicelebri.it\/news\/frasi-di-marcel-proust-sui-ricordi-utili-se-pensi-che-il-tuo-passato-sia-un-disastro-ti-faranno-riconsiderare-tutto\/#breadcrumb\",\"itemListElement\":[{\"@type\":\"ListItem\",\"position\":1,\"name\":\"Home\",\"item\":\"https:\/\/www.frasicelebri.it\/news\/\"},{\"@type\":\"ListItem\",\"position\":2,\"name\":\"Frasi di Marcel Proust sui ricordi, utili se pensi che il tuo passato sia un disastro: ti faranno riconsiderare tutto!\"}]},{\"@type\":\"WebSite\",\"@id\":\"https:\/\/www.frasicelebri.it\/news\/#website\",\"url\":\"https:\/\/www.frasicelebri.it\/news\/\",\"name\":\"Frasicelebri.it\",\"description\":\"News Frasicelebri.it\",\"publisher\":{\"@id\":\"https:\/\/www.frasicelebri.it\/news\/#organization\"},\"potentialAction\":[{\"@type\":\"SearchAction\",\"target\":{\"@type\":\"EntryPoint\",\"urlTemplate\":\"https:\/\/www.frasicelebri.it\/news\/?s={search_term_string}\"},\"query-input\":{\"@type\":\"PropertyValueSpecification\",\"valueRequired\":true,\"valueName\":\"search_term_string\"}}],\"inLanguage\":\"it-IT\"},{\"@type\":\"Organization\",\"@id\":\"https:\/\/www.frasicelebri.it\/news\/#organization\",\"name\":\"Frasicelebri.it\",\"url\":\"https:\/\/www.frasicelebri.it\/news\/\",\"logo\":{\"@type\":\"ImageObject\",\"inLanguage\":\"it-IT\",\"@id\":\"https:\/\/www.frasicelebri.it\/news\/#\/schema\/logo\/image\/\",\"url\":\"https:\/\/i0.wp.com\/www.frasicelebri.it\/news\/wp-content\/uploads\/2024\/07\/logo-quadrato-drasicelebri.it_.jpg?fit=696%2C696&ssl=1\",\"contentUrl\":\"https:\/\/i0.wp.com\/www.frasicelebri.it\/news\/wp-content\/uploads\/2024\/07\/logo-quadrato-drasicelebri.it_.jpg?fit=696%2C696&ssl=1\",\"width\":696,\"height\":696,\"caption\":\"Frasicelebri.it\"},\"image\":{\"@id\":\"https:\/\/www.frasicelebri.it\/news\/#\/schema\/logo\/image\/\"}},{\"@type\":\"Person\",\"@id\":\"https:\/\/www.frasicelebri.it\/news\/#\/schema\/person\/712303166008dc510236daeaf8087292\",\"name\":\"Romina Cardia\",\"image\":{\"@type\":\"ImageObject\",\"inLanguage\":\"it-IT\",\"@id\":\"https:\/\/www.frasicelebri.it\/news\/#\/schema\/person\/image\/\",\"url\":\"https:\/\/secure.gravatar.com\/avatar\/7e155e0e5584fd17310efae2dc94f61e?s=96&d=mm&r=g\",\"contentUrl\":\"https:\/\/secure.gravatar.com\/avatar\/7e155e0e5584fd17310efae2dc94f61e?s=96&d=mm&r=g\",\"caption\":\"Romina Cardia\"},\"url\":\"https:\/\/www.frasicelebri.it\/news\/author\/romina\/\"}]}<\/script>\n<!-- \/ Yoast SEO plugin. -->","yoast_head_json":{"title":"Frasi di Marcel Proust sui ricordi, utili se pensi che il tuo passato sia un disastro: ti faranno riconsiderare tutto! - Frasicelebri.it","description":"Marcel Proust, l\u2019uomo che annusava i ricordi: quando la madeleine \u00e8 pi\u00f9 potente di una macchina del tempo ma non della nostalgia","robots":{"index":"index","follow":"follow","max-snippet":"max-snippet:-1","max-image-preview":"max-image-preview:large","max-video-preview":"max-video-preview:-1"},"canonical":"https:\/\/www.frasicelebri.it\/news\/frasi-di-marcel-proust-sui-ricordi-utili-se-pensi-che-il-tuo-passato-sia-un-disastro-ti-faranno-riconsiderare-tutto\/","og_locale":"it_IT","og_type":"article","og_title":"Frasi di Marcel Proust sui ricordi, utili se pensi che il tuo passato sia un disastro: ti faranno riconsiderare tutto! - Frasicelebri.it","og_description":"Marcel Proust, l\u2019uomo che annusava i ricordi: quando la madeleine \u00e8 pi\u00f9 potente di una macchina del tempo ma non della nostalgia","og_url":"https:\/\/www.frasicelebri.it\/news\/frasi-di-marcel-proust-sui-ricordi-utili-se-pensi-che-il-tuo-passato-sia-un-disastro-ti-faranno-riconsiderare-tutto\/","og_site_name":"Frasicelebri.it","article_published_time":"2025-05-15T12:00:50+00:00","og_image":[{"width":1132,"height":755,"url":"https:\/\/i0.wp.com\/www.frasicelebri.it\/news\/wp-content\/uploads\/2025\/05\/ricordi-Foto-di-Kirk-Cameron-su-Unsplash.jpg?fit=1132%2C755&ssl=1","type":"image\/jpeg"}],"author":"Romina Cardia","twitter_card":"summary_large_image","twitter_misc":{"Scritto da":"Romina Cardia","Tempo di lettura stimato":"5 minuti"},"schema":{"@context":"https:\/\/schema.org","@graph":[{"@type":"Article","@id":"https:\/\/www.frasicelebri.it\/news\/frasi-di-marcel-proust-sui-ricordi-utili-se-pensi-che-il-tuo-passato-sia-un-disastro-ti-faranno-riconsiderare-tutto\/#article","isPartOf":{"@id":"https:\/\/www.frasicelebri.it\/news\/frasi-di-marcel-proust-sui-ricordi-utili-se-pensi-che-il-tuo-passato-sia-un-disastro-ti-faranno-riconsiderare-tutto\/"},"author":{"name":"Romina Cardia","@id":"https:\/\/www.frasicelebri.it\/news\/#\/schema\/person\/712303166008dc510236daeaf8087292"},"headline":"Frasi di Marcel Proust sui ricordi, utili se pensi che il tuo passato sia un disastro: ti faranno riconsiderare tutto!","datePublished":"2025-05-15T12:00:50+00:00","mainEntityOfPage":{"@id":"https:\/\/www.frasicelebri.it\/news\/frasi-di-marcel-proust-sui-ricordi-utili-se-pensi-che-il-tuo-passato-sia-un-disastro-ti-faranno-riconsiderare-tutto\/"},"wordCount":876,"publisher":{"@id":"https:\/\/www.frasicelebri.it\/news\/#organization"},"image":{"@id":"https:\/\/www.frasicelebri.it\/news\/frasi-di-marcel-proust-sui-ricordi-utili-se-pensi-che-il-tuo-passato-sia-un-disastro-ti-faranno-riconsiderare-tutto\/#primaryimage"},"thumbnailUrl":"https:\/\/i0.wp.com\/www.frasicelebri.it\/news\/wp-content\/uploads\/2025\/05\/ricordi-Foto-di-Kirk-Cameron-su-Unsplash.jpg?fit=1132%2C755&ssl=1","keywords":["frasi sui ricordi","Marcel Proust"],"articleSection":["LifeStyle"],"inLanguage":"it-IT"},{"@type":"WebPage","@id":"https:\/\/www.frasicelebri.it\/news\/frasi-di-marcel-proust-sui-ricordi-utili-se-pensi-che-il-tuo-passato-sia-un-disastro-ti-faranno-riconsiderare-tutto\/","url":"https:\/\/www.frasicelebri.it\/news\/frasi-di-marcel-proust-sui-ricordi-utili-se-pensi-che-il-tuo-passato-sia-un-disastro-ti-faranno-riconsiderare-tutto\/","name":"Frasi di Marcel Proust sui ricordi, utili se pensi che il tuo passato sia un disastro: ti faranno riconsiderare tutto! - Frasicelebri.it","isPartOf":{"@id":"https:\/\/www.frasicelebri.it\/news\/#website"},"primaryImageOfPage":{"@id":"https:\/\/www.frasicelebri.it\/news\/frasi-di-marcel-proust-sui-ricordi-utili-se-pensi-che-il-tuo-passato-sia-un-disastro-ti-faranno-riconsiderare-tutto\/#primaryimage"},"image":{"@id":"https:\/\/www.frasicelebri.it\/news\/frasi-di-marcel-proust-sui-ricordi-utili-se-pensi-che-il-tuo-passato-sia-un-disastro-ti-faranno-riconsiderare-tutto\/#primaryimage"},"thumbnailUrl":"https:\/\/i0.wp.com\/www.frasicelebri.it\/news\/wp-content\/uploads\/2025\/05\/ricordi-Foto-di-Kirk-Cameron-su-Unsplash.jpg?fit=1132%2C755&ssl=1","datePublished":"2025-05-15T12:00:50+00:00","description":"Marcel Proust, l\u2019uomo che annusava i ricordi: quando la madeleine \u00e8 pi\u00f9 potente di una macchina del tempo ma non della nostalgia","breadcrumb":{"@id":"https:\/\/www.frasicelebri.it\/news\/frasi-di-marcel-proust-sui-ricordi-utili-se-pensi-che-il-tuo-passato-sia-un-disastro-ti-faranno-riconsiderare-tutto\/#breadcrumb"},"inLanguage":"it-IT","potentialAction":[{"@type":"ReadAction","target":["https:\/\/www.frasicelebri.it\/news\/frasi-di-marcel-proust-sui-ricordi-utili-se-pensi-che-il-tuo-passato-sia-un-disastro-ti-faranno-riconsiderare-tutto\/"]}]},{"@type":"ImageObject","inLanguage":"it-IT","@id":"https:\/\/www.frasicelebri.it\/news\/frasi-di-marcel-proust-sui-ricordi-utili-se-pensi-che-il-tuo-passato-sia-un-disastro-ti-faranno-riconsiderare-tutto\/#primaryimage","url":"https:\/\/i0.wp.com\/www.frasicelebri.it\/news\/wp-content\/uploads\/2025\/05\/ricordi-Foto-di-Kirk-Cameron-su-Unsplash.jpg?fit=1132%2C755&ssl=1","contentUrl":"https:\/\/i0.wp.com\/www.frasicelebri.it\/news\/wp-content\/uploads\/2025\/05\/ricordi-Foto-di-Kirk-Cameron-su-Unsplash.jpg?fit=1132%2C755&ssl=1","width":1132,"height":755,"caption":"Foto di Kirk Cameron su Unsplash"},{"@type":"BreadcrumbList","@id":"https:\/\/www.frasicelebri.it\/news\/frasi-di-marcel-proust-sui-ricordi-utili-se-pensi-che-il-tuo-passato-sia-un-disastro-ti-faranno-riconsiderare-tutto\/#breadcrumb","itemListElement":[{"@type":"ListItem","position":1,"name":"Home","item":"https:\/\/www.frasicelebri.it\/news\/"},{"@type":"ListItem","position":2,"name":"Frasi di Marcel Proust sui ricordi, utili se pensi che il tuo passato sia un disastro: ti faranno riconsiderare tutto!"}]},{"@type":"WebSite","@id":"https:\/\/www.frasicelebri.it\/news\/#website","url":"https:\/\/www.frasicelebri.it\/news\/","name":"Frasicelebri.it","description":"News Frasicelebri.it","publisher":{"@id":"https:\/\/www.frasicelebri.it\/news\/#organization"},"potentialAction":[{"@type":"SearchAction","target":{"@type":"EntryPoint","urlTemplate":"https:\/\/www.frasicelebri.it\/news\/?s={search_term_string}"},"query-input":{"@type":"PropertyValueSpecification","valueRequired":true,"valueName":"search_term_string"}}],"inLanguage":"it-IT"},{"@type":"Organization","@id":"https:\/\/www.frasicelebri.it\/news\/#organization","name":"Frasicelebri.it","url":"https:\/\/www.frasicelebri.it\/news\/","logo":{"@type":"ImageObject","inLanguage":"it-IT","@id":"https:\/\/www.frasicelebri.it\/news\/#\/schema\/logo\/image\/","url":"https:\/\/i0.wp.com\/www.frasicelebri.it\/news\/wp-content\/uploads\/2024\/07\/logo-quadrato-drasicelebri.it_.jpg?fit=696%2C696&ssl=1","contentUrl":"https:\/\/i0.wp.com\/www.frasicelebri.it\/news\/wp-content\/uploads\/2024\/07\/logo-quadrato-drasicelebri.it_.jpg?fit=696%2C696&ssl=1","width":696,"height":696,"caption":"Frasicelebri.it"},"image":{"@id":"https:\/\/www.frasicelebri.it\/news\/#\/schema\/logo\/image\/"}},{"@type":"Person","@id":"https:\/\/www.frasicelebri.it\/news\/#\/schema\/person\/712303166008dc510236daeaf8087292","name":"Romina Cardia","image":{"@type":"ImageObject","inLanguage":"it-IT","@id":"https:\/\/www.frasicelebri.it\/news\/#\/schema\/person\/image\/","url":"https:\/\/secure.gravatar.com\/avatar\/7e155e0e5584fd17310efae2dc94f61e?s=96&d=mm&r=g","contentUrl":"https:\/\/secure.gravatar.com\/avatar\/7e155e0e5584fd17310efae2dc94f61e?s=96&d=mm&r=g","caption":"Romina Cardia"},"url":"https:\/\/www.frasicelebri.it\/news\/author\/romina\/"}]}},"_links":{"self":[{"href":"https:\/\/www.frasicelebri.it\/news\/wp-json\/wp\/v2\/posts\/39203","targetHints":{"allow":["GET"]}}],"collection":[{"href":"https:\/\/www.frasicelebri.it\/news\/wp-json\/wp\/v2\/posts"}],"about":[{"href":"https:\/\/www.frasicelebri.it\/news\/wp-json\/wp\/v2\/types\/post"}],"author":[{"embeddable":true,"href":"https:\/\/www.frasicelebri.it\/news\/wp-json\/wp\/v2\/users\/12"}],"replies":[{"embeddable":true,"href":"https:\/\/www.frasicelebri.it\/news\/wp-json\/wp\/v2\/comments?post=39203"}],"version-history":[{"count":1,"href":"https:\/\/www.frasicelebri.it\/news\/wp-json\/wp\/v2\/posts\/39203\/revisions"}],"predecessor-version":[{"id":39205,"href":"https:\/\/www.frasicelebri.it\/news\/wp-json\/wp\/v2\/posts\/39203\/revisions\/39205"}],"wp:featuredmedia":[{"embeddable":true,"href":"https:\/\/www.frasicelebri.it\/news\/wp-json\/wp\/v2\/media\/39204"}],"wp:attachment":[{"href":"https:\/\/www.frasicelebri.it\/news\/wp-json\/wp\/v2\/media?parent=39203"}],"wp:term":[{"taxonomy":"category","embeddable":true,"href":"https:\/\/www.frasicelebri.it\/news\/wp-json\/wp\/v2\/categories?post=39203"},{"taxonomy":"post_tag","embeddable":true,"href":"https:\/\/www.frasicelebri.it\/news\/wp-json\/wp\/v2\/tags?post=39203"}],"curies":[{"name":"wp","href":"https:\/\/api.w.org\/{rel}","templated":true}]}}