{"id":39218,"date":"2025-05-17T08:00:48","date_gmt":"2025-05-17T06:00:48","guid":{"rendered":"https:\/\/www.frasicelebri.it\/news\/?p=39218"},"modified":"2025-05-16T15:38:29","modified_gmt":"2025-05-16T13:38:29","slug":"frasi-scandalose-di-jannik-sinner-al-papa","status":"publish","type":"post","link":"https:\/\/www.frasicelebri.it\/news\/frasi-scandalose-di-jannik-sinner-al-papa\/","title":{"rendered":"Le frasi scandalose di Jannik Sinner al Papa: &#8220;A casa nostra si parla il tedesco!&#8221;, un plurale che fa tremare i Cieli"},"content":{"rendered":"<p>Che ci faceva <strong>Jannik Sinner<\/strong>, numero uno del tennis mondiale, in <strong>Vaticano<\/strong> durante gli <strong>Internazionali di Roma<\/strong>? Semplice: un incontro faccia a faccia con <strong>Papa Leone XIV<\/strong>. Un incontro pieno di sorrisi, doni, racchette, battute\u2026 e anche qualche \u201cscivolone linguistico\u201d. Perch\u00e9 se c\u2019\u00e8 una cosa che ha fatto sorridere tutti \u2013 e forse confuso qualcuno \u2013 \u00e8 quel \u201cnoi\u201d usato da Sinner come se parlasse ex cathedra. Ma vediamo cosa \u00e8 successo davvero.\u00a0<img data-recalc-dims=\"1\" loading=\"lazy\" decoding=\"async\" class=\"alignnone size-full wp-image-39220\" src=\"https:\/\/i0.wp.com\/www.frasicelebri.it\/news\/wp-content\/uploads\/2025\/05\/sinner-Papa-Leone-XIV-1.jpg?resize=1200%2C800&#038;ssl=1\" alt=\"frasi scandalose di Jannik Sinner al Papa\" width=\"1200\" height=\"800\" srcset=\"https:\/\/i0.wp.com\/www.frasicelebri.it\/news\/wp-content\/uploads\/2025\/05\/sinner-Papa-Leone-XIV-1.jpg?w=1200&amp;ssl=1 1200w, https:\/\/i0.wp.com\/www.frasicelebri.it\/news\/wp-content\/uploads\/2025\/05\/sinner-Papa-Leone-XIV-1.jpg?resize=300%2C200&amp;ssl=1 300w, https:\/\/i0.wp.com\/www.frasicelebri.it\/news\/wp-content\/uploads\/2025\/05\/sinner-Papa-Leone-XIV-1.jpg?resize=150%2C100&amp;ssl=1 150w, https:\/\/i0.wp.com\/www.frasicelebri.it\/news\/wp-content\/uploads\/2025\/05\/sinner-Papa-Leone-XIV-1.jpg?resize=768%2C512&amp;ssl=1 768w\" sizes=\"auto, (max-width: 1200px) 100vw, 1200px\" \/><\/p>\n<h2>&#8220;Noi siamo in gioco&#8221;: il pluralis Sinnerianus<\/h2>\n<p>\u201c<em>Ho visto che ieri sera hai vinto\u2026 A Roma come si vede<\/em>?\u201d, chiede amichevolmente Papa Leone XIV al giovane campione. E Sinner risponde serafico: \u201c<em>Ora siamo in gioco. A inizio torneo era un po\u2019 difficile, ora con tre partite abbiamo preso un po\u2019 di ritmo<\/em>\u201d.<br \/>\n<em>Noi? Chi noi?<\/em>, avranno pensato in molti. E qualcuno, per un attimo, ha ipotizzato un colpo di scena teologico: <strong>Jannik sta forse usando il \u201cnoi\u201d papale?<\/strong> \u00c8 il nuovo Pontefice tennista venuto dal Sudtirolo?<\/p>\n<p>La risposta, in realt\u00e0, \u00e8 meno mistica: Sinner parlava del suo team. Ma l&#8217;effetto \u00e8 stato degno di un colpo da fondo campo.<\/p>\n<h3>&#8220;A casa nostra si parla tedesco&#8221;: il momento shock<\/h3>\n<p>E quando il Papa, curioso e affabile, ha chiesto ai genitori di Jannik che lingua si parlasse in casa, lui non ha avuto dubbi: \u201c<em>A casa nostra si parla tedesco<\/em>\u201d.<\/p>\n<p>Ancora quel \u201cnostra\u201d. Stavolta, per\u00f2, nessun dubbio: parlava della famiglia. Anche se ormai il sospetto che si stesse candidando al soglio pontificio in doppio con Binaghi non poteva pi\u00f9 essere ignorato.<\/p>\n<h3>Battute, racchette e Wimbledon<\/h3>\n<p>Il momento pi\u00f9 spassoso arriva quando Sinner tira fuori una copia della sua racchetta per donarla al Papa: \u201c<em>La pallina, eccola. Se vuole giocare un po\u2019\u2026<\/em>\u201d<\/p>\n<p>E il Papa, senza perdere tempo, replica con spirito: \u201c<em>Ma qua rompiamo qualcosa! Meglio di no<\/em>\u201d. Poi aggiunge, strizzando l\u2019occhio: \u201c<em>A Wimbledon mi lascerebbero giocare<\/em>\u201d, riferendosi all\u2019obbligo di vestire totalmente di bianco. Un invito neanche troppo velato? Che il prossimo match esibizione si giochi davvero tra Sinner e Leone XIV?<\/p>\n<h3>Un Papa tennista, informato e\u2026 competitivo<\/h3>\n<p>Il presidente della FITP, <strong>Angelo Binaghi<\/strong>, lo conferma: \u201c<em>Abbiamo trovato un Papa tennista vero, informato, appassionato, persino praticante<\/em>\u201d.<\/p>\n<p>E il Pontefice, da vero intenditore, ha ricordato a Sinner la sua ultima vittoria, ha parlato di ritmo e gare, e ha fatto complimenti sinceri non solo a Jannik ma a tutto il tennis italiano: \u201c<em>Un messaggio di solidariet\u00e0, di inclusione, di amicizia<\/em>\u201d.<\/p>\n<p>Insomma, tra un \u201cnoi\u201d e un \u201cnostra\u201d, sembrava quasi di ascoltare la conferenza stampa del nuovo Papa dello sport.<\/p>\n<h3>E due giorni prima\u2026 la profezia di Agassi<\/h3>\n<p>Curioso anche che appena due giorni prima, proprio durante un\u2019altra udienza, Papa Leone aveva scherzato su Sinner. Una giornalista gli aveva proposto una partita benefica: \u201c<em>Io porto Agassi<\/em>\u201d, aveva detto lei.<\/p>\n<p>E il Papa, ridendo: \u201c<em>Buona idea, purch\u00e9 non porti Sinner<\/em>\u201d. Chi avrebbe mai pensato che, 48 ore dopo, quel \u201cpericolo pubblico n. 1\u201d si sarebbe presentato con racchetta in mano\u2026 e un \u201cnoi\u201d sospetto in bocca?<\/p>\n<h3>Nessuna eresia, solo tennis\u2026 e ironia<\/h3>\n<p>Abbiamo esagerato? Forse. Sinner non voleva certo spodestare nessuno. Il suo \u201cnoi\u201d era solo il riflesso naturale di un <strong>atleta che vive in simbiosi con il proprio team<\/strong>. Ma tra racchette, battute e tedeschi in casa, l\u2019incontro con Papa Leone XIV ci ha regalato uno dei siparietti pi\u00f9 inaspettati (e divertenti) della stagione.<\/p>\n<p>E comunque, se un giorno dovessero servirgli due ali per il Vaticano\u2026 Sinner le ha gi\u00e0: un dritto e un rovescio da far tremare i Cieli.<\/p>\n<p>Leggi altre <a href=\"https:\/\/www.frasicelebri.it\/ricerca-frasi\/?q=leone+XIV\">frasi celebri di Papa Leone XIV<\/a><\/p>\n","protected":false},"excerpt":{"rendered":"<p>Che ci faceva Jannik Sinner, numero uno del tennis mondiale, in Vaticano durante gli Internazionali di Roma? Semplice: un incontro faccia a faccia con Papa &#8230; <a title=\"Le frasi scandalose di Jannik Sinner al Papa: &#8220;A casa nostra si parla il tedesco!&#8221;, un plurale che fa tremare i Cieli\" class=\"read-more\" href=\"https:\/\/www.frasicelebri.it\/news\/frasi-scandalose-di-jannik-sinner-al-papa\/\" aria-label=\"More on Le frasi scandalose di Jannik Sinner al Papa: &#8220;A casa nostra si parla il tedesco!&#8221;, un plurale che fa tremare i Cieli\">Leggi tutto<\/a><\/p>\n","protected":false},"author":12,"featured_media":39220,"comment_status":"closed","ping_status":"closed","sticky":false,"template":"","format":"standard","meta":{"footnotes":""},"categories":[677],"tags":[1294,845],"class_list":["post-39218","post","type-post","status-publish","format-standard","has-post-thumbnail","hentry","category-cronaca","tag-frase-di-papa-leone-xiv","tag-jannik-sinner"],"yoast_head":"<!-- This site is optimized with the Yoast SEO plugin v25.2 - https:\/\/yoast.com\/wordpress\/plugins\/seo\/ -->\n<title>Le frasi scandalose di Jannik Sinner al Papa: &quot;A casa nostra si parla il tedesco!&quot;, un plurale che fa tremare i Cieli - Frasicelebri.it<\/title>\n<meta name=\"description\" content=\"Il campione altoatesino in Vaticano usa il &quot;noi&quot; con il Pontefice, e per un attimo sembra voler rubare il trono papale...\" \/>\n<meta name=\"robots\" content=\"index, follow, max-snippet:-1, max-image-preview:large, max-video-preview:-1\" \/>\n<link rel=\"canonical\" href=\"https:\/\/www.frasicelebri.it\/news\/frasi-scandalose-di-jannik-sinner-al-papa\/\" \/>\n<meta property=\"og:locale\" content=\"it_IT\" \/>\n<meta property=\"og:type\" content=\"article\" \/>\n<meta property=\"og:title\" content=\"Le frasi scandalose di Jannik Sinner al Papa: &quot;A casa nostra si parla il tedesco!&quot;, un plurale che fa tremare i Cieli - Frasicelebri.it\" \/>\n<meta property=\"og:description\" content=\"Il campione altoatesino in Vaticano usa il &quot;noi&quot; con il Pontefice, e per un attimo sembra voler rubare il trono papale...\" \/>\n<meta property=\"og:url\" content=\"https:\/\/www.frasicelebri.it\/news\/frasi-scandalose-di-jannik-sinner-al-papa\/\" \/>\n<meta property=\"og:site_name\" content=\"Frasicelebri.it\" \/>\n<meta property=\"article:published_time\" content=\"2025-05-17T06:00:48+00:00\" \/>\n<meta property=\"og:image\" content=\"https:\/\/i0.wp.com\/www.frasicelebri.it\/news\/wp-content\/uploads\/2025\/05\/sinner-Papa-Leone-XIV-1.jpg?fit=1200%2C800&ssl=1\" \/>\n\t<meta property=\"og:image:width\" content=\"1200\" \/>\n\t<meta property=\"og:image:height\" content=\"800\" \/>\n\t<meta property=\"og:image:type\" content=\"image\/jpeg\" \/>\n<meta name=\"author\" content=\"Romina Cardia\" \/>\n<meta name=\"twitter:card\" content=\"summary_large_image\" \/>\n<meta name=\"twitter:label1\" content=\"Scritto da\" \/>\n\t<meta name=\"twitter:data1\" content=\"Romina Cardia\" \/>\n\t<meta name=\"twitter:label2\" content=\"Tempo di lettura stimato\" \/>\n\t<meta name=\"twitter:data2\" content=\"4 minuti\" \/>\n<script type=\"application\/ld+json\" class=\"yoast-schema-graph\">{\"@context\":\"https:\/\/schema.org\",\"@graph\":[{\"@type\":\"Article\",\"@id\":\"https:\/\/www.frasicelebri.it\/news\/frasi-scandalose-di-jannik-sinner-al-papa\/#article\",\"isPartOf\":{\"@id\":\"https:\/\/www.frasicelebri.it\/news\/frasi-scandalose-di-jannik-sinner-al-papa\/\"},\"author\":{\"name\":\"Romina Cardia\",\"@id\":\"https:\/\/www.frasicelebri.it\/news\/#\/schema\/person\/712303166008dc510236daeaf8087292\"},\"headline\":\"Le frasi scandalose di Jannik Sinner al Papa: &#8220;A casa nostra si parla il tedesco!&#8221;, un plurale che fa tremare i Cieli\",\"datePublished\":\"2025-05-17T06:00:48+00:00\",\"mainEntityOfPage\":{\"@id\":\"https:\/\/www.frasicelebri.it\/news\/frasi-scandalose-di-jannik-sinner-al-papa\/\"},\"wordCount\":604,\"publisher\":{\"@id\":\"https:\/\/www.frasicelebri.it\/news\/#organization\"},\"image\":{\"@id\":\"https:\/\/www.frasicelebri.it\/news\/frasi-scandalose-di-jannik-sinner-al-papa\/#primaryimage\"},\"thumbnailUrl\":\"https:\/\/i0.wp.com\/www.frasicelebri.it\/news\/wp-content\/uploads\/2025\/05\/sinner-Papa-Leone-XIV-1.jpg?fit=1200%2C800&ssl=1\",\"keywords\":[\"frase di Papa Leone XIV\",\"Jannik Sinner\"],\"articleSection\":[\"Cronaca\"],\"inLanguage\":\"it-IT\"},{\"@type\":\"WebPage\",\"@id\":\"https:\/\/www.frasicelebri.it\/news\/frasi-scandalose-di-jannik-sinner-al-papa\/\",\"url\":\"https:\/\/www.frasicelebri.it\/news\/frasi-scandalose-di-jannik-sinner-al-papa\/\",\"name\":\"Le frasi scandalose di Jannik Sinner al Papa: \\\"A casa nostra si parla il tedesco!\\\", un plurale che fa tremare i Cieli - Frasicelebri.it\",\"isPartOf\":{\"@id\":\"https:\/\/www.frasicelebri.it\/news\/#website\"},\"primaryImageOfPage\":{\"@id\":\"https:\/\/www.frasicelebri.it\/news\/frasi-scandalose-di-jannik-sinner-al-papa\/#primaryimage\"},\"image\":{\"@id\":\"https:\/\/www.frasicelebri.it\/news\/frasi-scandalose-di-jannik-sinner-al-papa\/#primaryimage\"},\"thumbnailUrl\":\"https:\/\/i0.wp.com\/www.frasicelebri.it\/news\/wp-content\/uploads\/2025\/05\/sinner-Papa-Leone-XIV-1.jpg?fit=1200%2C800&ssl=1\",\"datePublished\":\"2025-05-17T06:00:48+00:00\",\"description\":\"Il campione altoatesino in Vaticano usa il \\\"noi\\\" con il Pontefice, e per un attimo sembra voler rubare il trono papale...\",\"breadcrumb\":{\"@id\":\"https:\/\/www.frasicelebri.it\/news\/frasi-scandalose-di-jannik-sinner-al-papa\/#breadcrumb\"},\"inLanguage\":\"it-IT\",\"potentialAction\":[{\"@type\":\"ReadAction\",\"target\":[\"https:\/\/www.frasicelebri.it\/news\/frasi-scandalose-di-jannik-sinner-al-papa\/\"]}]},{\"@type\":\"ImageObject\",\"inLanguage\":\"it-IT\",\"@id\":\"https:\/\/www.frasicelebri.it\/news\/frasi-scandalose-di-jannik-sinner-al-papa\/#primaryimage\",\"url\":\"https:\/\/i0.wp.com\/www.frasicelebri.it\/news\/wp-content\/uploads\/2025\/05\/sinner-Papa-Leone-XIV-1.jpg?fit=1200%2C800&ssl=1\",\"contentUrl\":\"https:\/\/i0.wp.com\/www.frasicelebri.it\/news\/wp-content\/uploads\/2025\/05\/sinner-Papa-Leone-XIV-1.jpg?fit=1200%2C800&ssl=1\",\"width\":1200,\"height\":800,\"caption\":\"frasi scandalose di Jannik Sinner al Papa\"},{\"@type\":\"BreadcrumbList\",\"@id\":\"https:\/\/www.frasicelebri.it\/news\/frasi-scandalose-di-jannik-sinner-al-papa\/#breadcrumb\",\"itemListElement\":[{\"@type\":\"ListItem\",\"position\":1,\"name\":\"Home\",\"item\":\"https:\/\/www.frasicelebri.it\/news\/\"},{\"@type\":\"ListItem\",\"position\":2,\"name\":\"Le frasi scandalose di Jannik Sinner al Papa: &#8220;A casa nostra si parla il tedesco!&#8221;, un plurale che fa tremare i Cieli\"}]},{\"@type\":\"WebSite\",\"@id\":\"https:\/\/www.frasicelebri.it\/news\/#website\",\"url\":\"https:\/\/www.frasicelebri.it\/news\/\",\"name\":\"Frasicelebri.it\",\"description\":\"News Frasicelebri.it\",\"publisher\":{\"@id\":\"https:\/\/www.frasicelebri.it\/news\/#organization\"},\"potentialAction\":[{\"@type\":\"SearchAction\",\"target\":{\"@type\":\"EntryPoint\",\"urlTemplate\":\"https:\/\/www.frasicelebri.it\/news\/?s={search_term_string}\"},\"query-input\":{\"@type\":\"PropertyValueSpecification\",\"valueRequired\":true,\"valueName\":\"search_term_string\"}}],\"inLanguage\":\"it-IT\"},{\"@type\":\"Organization\",\"@id\":\"https:\/\/www.frasicelebri.it\/news\/#organization\",\"name\":\"Frasicelebri.it\",\"url\":\"https:\/\/www.frasicelebri.it\/news\/\",\"logo\":{\"@type\":\"ImageObject\",\"inLanguage\":\"it-IT\",\"@id\":\"https:\/\/www.frasicelebri.it\/news\/#\/schema\/logo\/image\/\",\"url\":\"https:\/\/i0.wp.com\/www.frasicelebri.it\/news\/wp-content\/uploads\/2024\/07\/logo-quadrato-drasicelebri.it_.jpg?fit=696%2C696&ssl=1\",\"contentUrl\":\"https:\/\/i0.wp.com\/www.frasicelebri.it\/news\/wp-content\/uploads\/2024\/07\/logo-quadrato-drasicelebri.it_.jpg?fit=696%2C696&ssl=1\",\"width\":696,\"height\":696,\"caption\":\"Frasicelebri.it\"},\"image\":{\"@id\":\"https:\/\/www.frasicelebri.it\/news\/#\/schema\/logo\/image\/\"}},{\"@type\":\"Person\",\"@id\":\"https:\/\/www.frasicelebri.it\/news\/#\/schema\/person\/712303166008dc510236daeaf8087292\",\"name\":\"Romina Cardia\",\"image\":{\"@type\":\"ImageObject\",\"inLanguage\":\"it-IT\",\"@id\":\"https:\/\/www.frasicelebri.it\/news\/#\/schema\/person\/image\/\",\"url\":\"https:\/\/secure.gravatar.com\/avatar\/7e155e0e5584fd17310efae2dc94f61e?s=96&d=mm&r=g\",\"contentUrl\":\"https:\/\/secure.gravatar.com\/avatar\/7e155e0e5584fd17310efae2dc94f61e?s=96&d=mm&r=g\",\"caption\":\"Romina Cardia\"},\"url\":\"https:\/\/www.frasicelebri.it\/news\/author\/romina\/\"}]}<\/script>\n<!-- \/ Yoast SEO plugin. -->","yoast_head_json":{"title":"Le frasi scandalose di Jannik Sinner al Papa: \"A casa nostra si parla il tedesco!\", un plurale che fa tremare i Cieli - Frasicelebri.it","description":"Il campione altoatesino in Vaticano usa il \"noi\" con il Pontefice, e per un attimo sembra voler rubare il trono papale...","robots":{"index":"index","follow":"follow","max-snippet":"max-snippet:-1","max-image-preview":"max-image-preview:large","max-video-preview":"max-video-preview:-1"},"canonical":"https:\/\/www.frasicelebri.it\/news\/frasi-scandalose-di-jannik-sinner-al-papa\/","og_locale":"it_IT","og_type":"article","og_title":"Le frasi scandalose di Jannik Sinner al Papa: \"A casa nostra si parla il tedesco!\", un plurale che fa tremare i Cieli - Frasicelebri.it","og_description":"Il campione altoatesino in Vaticano usa il \"noi\" con il Pontefice, e per un attimo sembra voler rubare il trono papale...","og_url":"https:\/\/www.frasicelebri.it\/news\/frasi-scandalose-di-jannik-sinner-al-papa\/","og_site_name":"Frasicelebri.it","article_published_time":"2025-05-17T06:00:48+00:00","og_image":[{"width":1200,"height":800,"url":"https:\/\/i0.wp.com\/www.frasicelebri.it\/news\/wp-content\/uploads\/2025\/05\/sinner-Papa-Leone-XIV-1.jpg?fit=1200%2C800&ssl=1","type":"image\/jpeg"}],"author":"Romina Cardia","twitter_card":"summary_large_image","twitter_misc":{"Scritto da":"Romina Cardia","Tempo di lettura stimato":"4 minuti"},"schema":{"@context":"https:\/\/schema.org","@graph":[{"@type":"Article","@id":"https:\/\/www.frasicelebri.it\/news\/frasi-scandalose-di-jannik-sinner-al-papa\/#article","isPartOf":{"@id":"https:\/\/www.frasicelebri.it\/news\/frasi-scandalose-di-jannik-sinner-al-papa\/"},"author":{"name":"Romina Cardia","@id":"https:\/\/www.frasicelebri.it\/news\/#\/schema\/person\/712303166008dc510236daeaf8087292"},"headline":"Le frasi scandalose di Jannik Sinner al Papa: &#8220;A casa nostra si parla il tedesco!&#8221;, un plurale che fa tremare i Cieli","datePublished":"2025-05-17T06:00:48+00:00","mainEntityOfPage":{"@id":"https:\/\/www.frasicelebri.it\/news\/frasi-scandalose-di-jannik-sinner-al-papa\/"},"wordCount":604,"publisher":{"@id":"https:\/\/www.frasicelebri.it\/news\/#organization"},"image":{"@id":"https:\/\/www.frasicelebri.it\/news\/frasi-scandalose-di-jannik-sinner-al-papa\/#primaryimage"},"thumbnailUrl":"https:\/\/i0.wp.com\/www.frasicelebri.it\/news\/wp-content\/uploads\/2025\/05\/sinner-Papa-Leone-XIV-1.jpg?fit=1200%2C800&ssl=1","keywords":["frase di Papa Leone XIV","Jannik Sinner"],"articleSection":["Cronaca"],"inLanguage":"it-IT"},{"@type":"WebPage","@id":"https:\/\/www.frasicelebri.it\/news\/frasi-scandalose-di-jannik-sinner-al-papa\/","url":"https:\/\/www.frasicelebri.it\/news\/frasi-scandalose-di-jannik-sinner-al-papa\/","name":"Le frasi scandalose di Jannik Sinner al Papa: \"A casa nostra si parla il tedesco!\", un plurale che fa tremare i Cieli - Frasicelebri.it","isPartOf":{"@id":"https:\/\/www.frasicelebri.it\/news\/#website"},"primaryImageOfPage":{"@id":"https:\/\/www.frasicelebri.it\/news\/frasi-scandalose-di-jannik-sinner-al-papa\/#primaryimage"},"image":{"@id":"https:\/\/www.frasicelebri.it\/news\/frasi-scandalose-di-jannik-sinner-al-papa\/#primaryimage"},"thumbnailUrl":"https:\/\/i0.wp.com\/www.frasicelebri.it\/news\/wp-content\/uploads\/2025\/05\/sinner-Papa-Leone-XIV-1.jpg?fit=1200%2C800&ssl=1","datePublished":"2025-05-17T06:00:48+00:00","description":"Il campione altoatesino in Vaticano usa il \"noi\" con il Pontefice, e per un attimo sembra voler rubare il trono papale...","breadcrumb":{"@id":"https:\/\/www.frasicelebri.it\/news\/frasi-scandalose-di-jannik-sinner-al-papa\/#breadcrumb"},"inLanguage":"it-IT","potentialAction":[{"@type":"ReadAction","target":["https:\/\/www.frasicelebri.it\/news\/frasi-scandalose-di-jannik-sinner-al-papa\/"]}]},{"@type":"ImageObject","inLanguage":"it-IT","@id":"https:\/\/www.frasicelebri.it\/news\/frasi-scandalose-di-jannik-sinner-al-papa\/#primaryimage","url":"https:\/\/i0.wp.com\/www.frasicelebri.it\/news\/wp-content\/uploads\/2025\/05\/sinner-Papa-Leone-XIV-1.jpg?fit=1200%2C800&ssl=1","contentUrl":"https:\/\/i0.wp.com\/www.frasicelebri.it\/news\/wp-content\/uploads\/2025\/05\/sinner-Papa-Leone-XIV-1.jpg?fit=1200%2C800&ssl=1","width":1200,"height":800,"caption":"frasi scandalose di Jannik Sinner al Papa"},{"@type":"BreadcrumbList","@id":"https:\/\/www.frasicelebri.it\/news\/frasi-scandalose-di-jannik-sinner-al-papa\/#breadcrumb","itemListElement":[{"@type":"ListItem","position":1,"name":"Home","item":"https:\/\/www.frasicelebri.it\/news\/"},{"@type":"ListItem","position":2,"name":"Le frasi scandalose di Jannik Sinner al Papa: &#8220;A casa nostra si parla il tedesco!&#8221;, un plurale che fa tremare i Cieli"}]},{"@type":"WebSite","@id":"https:\/\/www.frasicelebri.it\/news\/#website","url":"https:\/\/www.frasicelebri.it\/news\/","name":"Frasicelebri.it","description":"News Frasicelebri.it","publisher":{"@id":"https:\/\/www.frasicelebri.it\/news\/#organization"},"potentialAction":[{"@type":"SearchAction","target":{"@type":"EntryPoint","urlTemplate":"https:\/\/www.frasicelebri.it\/news\/?s={search_term_string}"},"query-input":{"@type":"PropertyValueSpecification","valueRequired":true,"valueName":"search_term_string"}}],"inLanguage":"it-IT"},{"@type":"Organization","@id":"https:\/\/www.frasicelebri.it\/news\/#organization","name":"Frasicelebri.it","url":"https:\/\/www.frasicelebri.it\/news\/","logo":{"@type":"ImageObject","inLanguage":"it-IT","@id":"https:\/\/www.frasicelebri.it\/news\/#\/schema\/logo\/image\/","url":"https:\/\/i0.wp.com\/www.frasicelebri.it\/news\/wp-content\/uploads\/2024\/07\/logo-quadrato-drasicelebri.it_.jpg?fit=696%2C696&ssl=1","contentUrl":"https:\/\/i0.wp.com\/www.frasicelebri.it\/news\/wp-content\/uploads\/2024\/07\/logo-quadrato-drasicelebri.it_.jpg?fit=696%2C696&ssl=1","width":696,"height":696,"caption":"Frasicelebri.it"},"image":{"@id":"https:\/\/www.frasicelebri.it\/news\/#\/schema\/logo\/image\/"}},{"@type":"Person","@id":"https:\/\/www.frasicelebri.it\/news\/#\/schema\/person\/712303166008dc510236daeaf8087292","name":"Romina Cardia","image":{"@type":"ImageObject","inLanguage":"it-IT","@id":"https:\/\/www.frasicelebri.it\/news\/#\/schema\/person\/image\/","url":"https:\/\/secure.gravatar.com\/avatar\/7e155e0e5584fd17310efae2dc94f61e?s=96&d=mm&r=g","contentUrl":"https:\/\/secure.gravatar.com\/avatar\/7e155e0e5584fd17310efae2dc94f61e?s=96&d=mm&r=g","caption":"Romina Cardia"},"url":"https:\/\/www.frasicelebri.it\/news\/author\/romina\/"}]}},"_links":{"self":[{"href":"https:\/\/www.frasicelebri.it\/news\/wp-json\/wp\/v2\/posts\/39218","targetHints":{"allow":["GET"]}}],"collection":[{"href":"https:\/\/www.frasicelebri.it\/news\/wp-json\/wp\/v2\/posts"}],"about":[{"href":"https:\/\/www.frasicelebri.it\/news\/wp-json\/wp\/v2\/types\/post"}],"author":[{"embeddable":true,"href":"https:\/\/www.frasicelebri.it\/news\/wp-json\/wp\/v2\/users\/12"}],"replies":[{"embeddable":true,"href":"https:\/\/www.frasicelebri.it\/news\/wp-json\/wp\/v2\/comments?post=39218"}],"version-history":[{"count":1,"href":"https:\/\/www.frasicelebri.it\/news\/wp-json\/wp\/v2\/posts\/39218\/revisions"}],"predecessor-version":[{"id":39221,"href":"https:\/\/www.frasicelebri.it\/news\/wp-json\/wp\/v2\/posts\/39218\/revisions\/39221"}],"wp:featuredmedia":[{"embeddable":true,"href":"https:\/\/www.frasicelebri.it\/news\/wp-json\/wp\/v2\/media\/39220"}],"wp:attachment":[{"href":"https:\/\/www.frasicelebri.it\/news\/wp-json\/wp\/v2\/media?parent=39218"}],"wp:term":[{"taxonomy":"category","embeddable":true,"href":"https:\/\/www.frasicelebri.it\/news\/wp-json\/wp\/v2\/categories?post=39218"},{"taxonomy":"post_tag","embeddable":true,"href":"https:\/\/www.frasicelebri.it\/news\/wp-json\/wp\/v2\/tags?post=39218"}],"curies":[{"name":"wp","href":"https:\/\/api.w.org\/{rel}","templated":true}]}}