{"id":39231,"date":"2025-05-18T11:00:08","date_gmt":"2025-05-18T09:00:08","guid":{"rendered":"https:\/\/www.frasicelebri.it\/news\/?p=39231"},"modified":"2025-05-16T18:13:02","modified_gmt":"2025-05-16T16:13:02","slug":"frasi-di-giovanni-falcone-sulla-verita","status":"publish","type":"post","link":"https:\/\/www.frasicelebri.it\/news\/frasi-di-giovanni-falcone-sulla-verita\/","title":{"rendered":"Frasi di Giovanni Falcone sulla verit\u00e0, risponderai a tono a chi dice che \u00e8 vero solo ci\u00f2 che pensa lui: si ricreder\u00e0!"},"content":{"rendered":"<p>C\u2019era una volta, e c\u2019\u00e8 ancora nei cuori di molti, un uomo con la voce calma, lo sguardo tagliente e una passione smodata per la verit\u00e0. Si chiamava <strong>Giovanni Falcone<\/strong>, ed \u00e8 nato il <strong>18 maggio 1939<\/strong> a <strong>Palermo<\/strong>, una citt\u00e0 che amava e odiava allo stesso tempo, perch\u00e9 l\u00ec <strong>la verit\u00e0 spesso si trovava sepolta sotto cumuli di omert\u00e0<\/strong>. Ma lui, caparbio come un bulldog con la toga, la verit\u00e0 l\u2019ha sempre inseguita, anche quando puzzava di tritolo.<\/p>\n<p><img data-recalc-dims=\"1\" loading=\"lazy\" decoding=\"async\" class=\"alignnone size-full wp-image-39232\" src=\"https:\/\/i0.wp.com\/www.frasicelebri.it\/news\/wp-content\/uploads\/2025\/05\/giovanni-falcone.jpg?resize=1200%2C800&#038;ssl=1\" alt=\"frasi di Giovanni Falcone sulla verit\u00e0\" width=\"1200\" height=\"800\" srcset=\"https:\/\/i0.wp.com\/www.frasicelebri.it\/news\/wp-content\/uploads\/2025\/05\/giovanni-falcone.jpg?w=1200&amp;ssl=1 1200w, https:\/\/i0.wp.com\/www.frasicelebri.it\/news\/wp-content\/uploads\/2025\/05\/giovanni-falcone.jpg?resize=300%2C200&amp;ssl=1 300w, https:\/\/i0.wp.com\/www.frasicelebri.it\/news\/wp-content\/uploads\/2025\/05\/giovanni-falcone.jpg?resize=150%2C100&amp;ssl=1 150w, https:\/\/i0.wp.com\/www.frasicelebri.it\/news\/wp-content\/uploads\/2025\/05\/giovanni-falcone.jpg?resize=768%2C512&amp;ssl=1 768w\" sizes=\"auto, (max-width: 1200px) 100vw, 1200px\" \/><\/p>\n<h2>La verit\u00e0 secondo Falcone: un affare personale<\/h2>\n<p>Per Falcone <strong>la verit\u00e0<\/strong> non era un\u2019opinione, non era un\u2019opzione, e di certo non era una comodit\u00e0. <strong>Era un dovere. Un\u2019esigenza. Una missione<\/strong>. \u201c<em>La verit\u00e0 vive solo se qualcuno ha il coraggio di raccontarla<\/em>,\u201d diceva. Lui lo faceva con le sentenze, con le inchieste, con i fatti. Altro che chiacchiere da bar.<\/p>\n<p>A differenza di tanti, che davanti alla verit\u00e0 si mettono il casco e scappano, lui ci andava a braccetto. Pagando il prezzo, ovviamente. Ma senza mai fingere di non sapere. Senza voltarsi dall\u2019altra parte.<\/p>\n<h3>&#8220;Le verit\u00e0 scomode fanno rumore&#8221;<\/h3>\n<p>Una delle frasi pi\u00f9 note di Falcone \u00e8: <em>\u201cLa mafia \u00e8 un fenomeno umano e come tutti i fenomeni umani ha un principio, una sua evoluzione e avr\u00e0 quindi anche una fine.\u201d<\/em> Ma non \u00e8 solo questa la frase che lo racconta.<\/p>\n<p>Durante un\u2019intervista, gli chiesero se non avesse paura a dire certe cose. Lui rispose, serafico:<\/p>\n<blockquote><p>\u201c<em>Non \u00e8 che non ho paura, \u00e8 che la verit\u00e0 fa pi\u00f9 paura a loro<\/em>.\u201d<\/p><\/blockquote>\n<p>Boom. Altro che effetto speciale. Falcone era cos\u00ec: tagliente, ironico, diretto come un colpo ben assestato.<\/p>\n<h3>La verit\u00e0 nel lavoro: un mestiere da equilibrista sul filo del coraggio<\/h3>\n<p>Chi lo conosceva racconta che Giovanni era un uomo metodico. Uno che prendeva appunti anche sulle cose che aveva gi\u00e0 scritto, tanto per essere sicuro. Ma la sua precisione non era mania: era <strong>rispetto per la verit\u00e0<\/strong>.<\/p>\n<p>Nel suo lavoro, la verit\u00e0 non era mai \u201cquella che fa comodo\u201d. Era quella dimostrabile. La cercava con i pentiti, certo, ma non si fidava mai al primo colpo. \u201c<em>Ci vogliono le prove<\/em>,\u201d diceva. Perch\u00e9 dire la verit\u00e0 \u00e8 un conto, provarla in tribunale \u00e8 un altro paio di manette.<\/p>\n<h3>Il lascito: non una statua, ma un esempio<\/h3>\n<p>Oggi Giovanni Falcone \u00e8 diventato un simbolo. Ma lui i simboli li guardava con sospetto. Preferiva le azioni concrete. Per lui <strong>la verit\u00e0 non andava incorniciata, andava detta, cercata, vissuta. Anche a costo della vita<\/strong>.<\/p>\n<p>E mentre oggi c\u2019\u00e8 ancora chi la verit\u00e0 la cambia come si cambia il telecomando, ricordare Falcone serve a ricordarci che non tutto si pu\u00f2 comprare, che esiste ancora qualcosa di scomodo, ma prezioso: la verit\u00e0.<\/p>\n<h3>Falcone, quello che la verit\u00e0 non l\u2019ha mai barattata<\/h3>\n<p>Il compleanno di Giovanni Falcone non \u00e8 solo una data da calendario. \u00c8 un invito a non abbassare la testa, a non farsi andare bene tutto, a <strong>non confondere la verit\u00e0 con la versione pi\u00f9 comoda<\/strong>.<\/p>\n<p>Perch\u00e9 se oggi possiamo ancora parlare di legalit\u00e0, di giustizia, di lotta alla mafia, \u00e8 anche grazie a lui. A uno che, con tutto il rumore che faceva, ha scelto comunque di vivere in silenzio. Ma dalla parte giusta.<\/p>\n<p>E tu, da che parte stai?<\/p>\n<h3>Frasi di Giovanni Falcone sulla verit\u00e0<\/h3>\n<ol>\n<li><strong>&#8220;<em>Per trovare la verit\u00e0 bisogna essere in due: uno che la dice e l&#8217;altro che la capisce<\/em>.&#8221; <\/strong><\/li>\n<li><strong>&#8220;<em>Che le cose siano cos\u00ec, non vuol dire che debbano andare cos\u00ec. Solo che, quando si tratta di rimboccarsi le maniche e incominciare a cambiare, vi \u00e8 un prezzo da pagare, ed \u00e8 allora che la stragrande maggioranza preferisce lamentarsi piuttosto che fare<\/em>.&#8221; <\/strong><\/li>\n<li><strong>&#8220;<em>Gli uomini passano, le idee restano. Restano le loro tensioni morali e continueranno a camminare sulle gambe di altri uomini<\/em>.&#8221; <\/strong><\/li>\n<li><strong>&#8220;<em>Il problema della verit\u00e0 \u00e8 che al di l\u00e0 di essa c&#8217;\u00e8 l&#8217;abisso<\/em>.&#8221; <\/strong><\/li>\n<li><strong>&#8220;<em>Occorre compiere fino in fondo il proprio dovere, qualunque sia il sacrificio da sopportare, costi quel che costi, perch\u00e9 \u00e8 in ci\u00f2 che sta l&#8217;essenza della dignit\u00e0 umana<\/em>.&#8221; <\/strong><\/li>\n<li><strong>&#8220;<em>La mafia non \u00e8 affatto invincibile. \u00c8 un fatto umano e come tutti i fatti umani ha un inizio e avr\u00e0 anche una fine<\/em>.&#8221; <\/strong><\/li>\n<li><strong>&#8220;<em>L&#8217;importante non \u00e8 stabilire se uno ha paura o meno, \u00e8 saper convivere con la propria paura e non farsi condizionare dalla stessa. Ecco, il coraggio \u00e8 questo, altrimenti non \u00e8 che spavalderia<\/em>.&#8221; <\/strong><\/li>\n<\/ol>\n<p>Leggi altre <a href=\"https:\/\/www.frasicelebri.it\/ricerca-frasi\/?q=giovanni+falcone\">frasi celebri di Giovanni Falcone<\/a> e le <a href=\"https:\/\/www.frasicelebri.it\/ricerca-frasi\/?q=verit%C3%A0\">frasi celebri sulla verit\u00e0<\/a><\/p>\n","protected":false},"excerpt":{"rendered":"<p>C\u2019era una volta, e c\u2019\u00e8 ancora nei cuori di molti, un uomo con la voce calma, lo sguardo tagliente e una passione smodata per la &#8230; <a title=\"Frasi di Giovanni Falcone sulla verit\u00e0, risponderai a tono a chi dice che \u00e8 vero solo ci\u00f2 che pensa lui: si ricreder\u00e0!\" class=\"read-more\" href=\"https:\/\/www.frasicelebri.it\/news\/frasi-di-giovanni-falcone-sulla-verita\/\" aria-label=\"More on Frasi di Giovanni Falcone sulla verit\u00e0, risponderai a tono a chi dice che \u00e8 vero solo ci\u00f2 che pensa lui: si ricreder\u00e0!\">Leggi tutto<\/a><\/p>\n","protected":false},"author":12,"featured_media":39232,"comment_status":"closed","ping_status":"closed","sticky":false,"template":"","format":"standard","meta":{"footnotes":""},"categories":[42],"tags":[1298,1296,1297],"class_list":["post-39231","post","type-post","status-publish","format-standard","has-post-thumbnail","hentry","category-lifestyle","tag-anniversari-18-maggio","tag-frasi-sulla-verita","tag-giovanni-falcone"],"yoast_head":"<!-- This site is optimized with the Yoast SEO plugin v25.2 - https:\/\/yoast.com\/wordpress\/plugins\/seo\/ -->\n<title>Frasi di Giovanni Falcone sulla verit\u00e0, risponderai a tono a chi dice che \u00e8 vero solo ci\u00f2 che pensa lui: si ricreder\u00e0! - Frasicelebri.it<\/title>\n<meta name=\"description\" content=\"Il 18 maggio ricordiamo la nascita di Giovanni Falcone, giudice scomodo per molti, ma fedele solo a una cosa: la verit\u00e0\" \/>\n<meta name=\"robots\" content=\"index, follow, max-snippet:-1, max-image-preview:large, max-video-preview:-1\" \/>\n<link rel=\"canonical\" href=\"https:\/\/www.frasicelebri.it\/news\/frasi-di-giovanni-falcone-sulla-verita\/\" \/>\n<meta property=\"og:locale\" content=\"it_IT\" \/>\n<meta property=\"og:type\" content=\"article\" \/>\n<meta property=\"og:title\" content=\"Frasi di Giovanni Falcone sulla verit\u00e0, risponderai a tono a chi dice che \u00e8 vero solo ci\u00f2 che pensa lui: si ricreder\u00e0! - Frasicelebri.it\" \/>\n<meta property=\"og:description\" content=\"Il 18 maggio ricordiamo la nascita di Giovanni Falcone, giudice scomodo per molti, ma fedele solo a una cosa: la verit\u00e0\" \/>\n<meta property=\"og:url\" content=\"https:\/\/www.frasicelebri.it\/news\/frasi-di-giovanni-falcone-sulla-verita\/\" \/>\n<meta property=\"og:site_name\" content=\"Frasicelebri.it\" \/>\n<meta property=\"article:published_time\" content=\"2025-05-18T09:00:08+00:00\" \/>\n<meta property=\"og:image\" content=\"https:\/\/i0.wp.com\/www.frasicelebri.it\/news\/wp-content\/uploads\/2025\/05\/giovanni-falcone.jpg?fit=1200%2C800&ssl=1\" \/>\n\t<meta property=\"og:image:width\" content=\"1200\" \/>\n\t<meta property=\"og:image:height\" content=\"800\" \/>\n\t<meta property=\"og:image:type\" content=\"image\/jpeg\" \/>\n<meta name=\"author\" content=\"Romina Cardia\" \/>\n<meta name=\"twitter:card\" content=\"summary_large_image\" \/>\n<meta name=\"twitter:label1\" content=\"Scritto da\" \/>\n\t<meta name=\"twitter:data1\" content=\"Romina Cardia\" \/>\n\t<meta name=\"twitter:label2\" content=\"Tempo di lettura stimato\" \/>\n\t<meta name=\"twitter:data2\" content=\"5 minuti\" \/>\n<script type=\"application\/ld+json\" class=\"yoast-schema-graph\">{\"@context\":\"https:\/\/schema.org\",\"@graph\":[{\"@type\":\"Article\",\"@id\":\"https:\/\/www.frasicelebri.it\/news\/frasi-di-giovanni-falcone-sulla-verita\/#article\",\"isPartOf\":{\"@id\":\"https:\/\/www.frasicelebri.it\/news\/frasi-di-giovanni-falcone-sulla-verita\/\"},\"author\":{\"name\":\"Romina Cardia\",\"@id\":\"https:\/\/www.frasicelebri.it\/news\/#\/schema\/person\/712303166008dc510236daeaf8087292\"},\"headline\":\"Frasi di Giovanni Falcone sulla verit\u00e0, risponderai a tono a chi dice che \u00e8 vero solo ci\u00f2 che pensa lui: si ricreder\u00e0!\",\"datePublished\":\"2025-05-18T09:00:08+00:00\",\"mainEntityOfPage\":{\"@id\":\"https:\/\/www.frasicelebri.it\/news\/frasi-di-giovanni-falcone-sulla-verita\/\"},\"wordCount\":739,\"publisher\":{\"@id\":\"https:\/\/www.frasicelebri.it\/news\/#organization\"},\"image\":{\"@id\":\"https:\/\/www.frasicelebri.it\/news\/frasi-di-giovanni-falcone-sulla-verita\/#primaryimage\"},\"thumbnailUrl\":\"https:\/\/i0.wp.com\/www.frasicelebri.it\/news\/wp-content\/uploads\/2025\/05\/giovanni-falcone.jpg?fit=1200%2C800&ssl=1\",\"keywords\":[\"anniversari 18 maggio\",\"frasi sulla verit\u00e0\",\"Giovanni Falcone\"],\"articleSection\":[\"LifeStyle\"],\"inLanguage\":\"it-IT\"},{\"@type\":\"WebPage\",\"@id\":\"https:\/\/www.frasicelebri.it\/news\/frasi-di-giovanni-falcone-sulla-verita\/\",\"url\":\"https:\/\/www.frasicelebri.it\/news\/frasi-di-giovanni-falcone-sulla-verita\/\",\"name\":\"Frasi di Giovanni Falcone sulla verit\u00e0, risponderai a tono a chi dice che \u00e8 vero solo ci\u00f2 che pensa lui: si ricreder\u00e0! - Frasicelebri.it\",\"isPartOf\":{\"@id\":\"https:\/\/www.frasicelebri.it\/news\/#website\"},\"primaryImageOfPage\":{\"@id\":\"https:\/\/www.frasicelebri.it\/news\/frasi-di-giovanni-falcone-sulla-verita\/#primaryimage\"},\"image\":{\"@id\":\"https:\/\/www.frasicelebri.it\/news\/frasi-di-giovanni-falcone-sulla-verita\/#primaryimage\"},\"thumbnailUrl\":\"https:\/\/i0.wp.com\/www.frasicelebri.it\/news\/wp-content\/uploads\/2025\/05\/giovanni-falcone.jpg?fit=1200%2C800&ssl=1\",\"datePublished\":\"2025-05-18T09:00:08+00:00\",\"description\":\"Il 18 maggio ricordiamo la nascita di Giovanni Falcone, giudice scomodo per molti, ma fedele solo a una cosa: la verit\u00e0\",\"breadcrumb\":{\"@id\":\"https:\/\/www.frasicelebri.it\/news\/frasi-di-giovanni-falcone-sulla-verita\/#breadcrumb\"},\"inLanguage\":\"it-IT\",\"potentialAction\":[{\"@type\":\"ReadAction\",\"target\":[\"https:\/\/www.frasicelebri.it\/news\/frasi-di-giovanni-falcone-sulla-verita\/\"]}]},{\"@type\":\"ImageObject\",\"inLanguage\":\"it-IT\",\"@id\":\"https:\/\/www.frasicelebri.it\/news\/frasi-di-giovanni-falcone-sulla-verita\/#primaryimage\",\"url\":\"https:\/\/i0.wp.com\/www.frasicelebri.it\/news\/wp-content\/uploads\/2025\/05\/giovanni-falcone.jpg?fit=1200%2C800&ssl=1\",\"contentUrl\":\"https:\/\/i0.wp.com\/www.frasicelebri.it\/news\/wp-content\/uploads\/2025\/05\/giovanni-falcone.jpg?fit=1200%2C800&ssl=1\",\"width\":1200,\"height\":800,\"caption\":\"frasi di Giovanni Falcone sulla verit\u00e0\"},{\"@type\":\"BreadcrumbList\",\"@id\":\"https:\/\/www.frasicelebri.it\/news\/frasi-di-giovanni-falcone-sulla-verita\/#breadcrumb\",\"itemListElement\":[{\"@type\":\"ListItem\",\"position\":1,\"name\":\"Home\",\"item\":\"https:\/\/www.frasicelebri.it\/news\/\"},{\"@type\":\"ListItem\",\"position\":2,\"name\":\"Frasi di Giovanni Falcone sulla verit\u00e0, risponderai a tono a chi dice che \u00e8 vero solo ci\u00f2 che pensa lui: si ricreder\u00e0!\"}]},{\"@type\":\"WebSite\",\"@id\":\"https:\/\/www.frasicelebri.it\/news\/#website\",\"url\":\"https:\/\/www.frasicelebri.it\/news\/\",\"name\":\"Frasicelebri.it\",\"description\":\"News Frasicelebri.it\",\"publisher\":{\"@id\":\"https:\/\/www.frasicelebri.it\/news\/#organization\"},\"potentialAction\":[{\"@type\":\"SearchAction\",\"target\":{\"@type\":\"EntryPoint\",\"urlTemplate\":\"https:\/\/www.frasicelebri.it\/news\/?s={search_term_string}\"},\"query-input\":{\"@type\":\"PropertyValueSpecification\",\"valueRequired\":true,\"valueName\":\"search_term_string\"}}],\"inLanguage\":\"it-IT\"},{\"@type\":\"Organization\",\"@id\":\"https:\/\/www.frasicelebri.it\/news\/#organization\",\"name\":\"Frasicelebri.it\",\"url\":\"https:\/\/www.frasicelebri.it\/news\/\",\"logo\":{\"@type\":\"ImageObject\",\"inLanguage\":\"it-IT\",\"@id\":\"https:\/\/www.frasicelebri.it\/news\/#\/schema\/logo\/image\/\",\"url\":\"https:\/\/i0.wp.com\/www.frasicelebri.it\/news\/wp-content\/uploads\/2024\/07\/logo-quadrato-drasicelebri.it_.jpg?fit=696%2C696&ssl=1\",\"contentUrl\":\"https:\/\/i0.wp.com\/www.frasicelebri.it\/news\/wp-content\/uploads\/2024\/07\/logo-quadrato-drasicelebri.it_.jpg?fit=696%2C696&ssl=1\",\"width\":696,\"height\":696,\"caption\":\"Frasicelebri.it\"},\"image\":{\"@id\":\"https:\/\/www.frasicelebri.it\/news\/#\/schema\/logo\/image\/\"}},{\"@type\":\"Person\",\"@id\":\"https:\/\/www.frasicelebri.it\/news\/#\/schema\/person\/712303166008dc510236daeaf8087292\",\"name\":\"Romina Cardia\",\"image\":{\"@type\":\"ImageObject\",\"inLanguage\":\"it-IT\",\"@id\":\"https:\/\/www.frasicelebri.it\/news\/#\/schema\/person\/image\/\",\"url\":\"https:\/\/secure.gravatar.com\/avatar\/7e155e0e5584fd17310efae2dc94f61e?s=96&d=mm&r=g\",\"contentUrl\":\"https:\/\/secure.gravatar.com\/avatar\/7e155e0e5584fd17310efae2dc94f61e?s=96&d=mm&r=g\",\"caption\":\"Romina Cardia\"},\"url\":\"https:\/\/www.frasicelebri.it\/news\/author\/romina\/\"}]}<\/script>\n<!-- \/ Yoast SEO plugin. -->","yoast_head_json":{"title":"Frasi di Giovanni Falcone sulla verit\u00e0, risponderai a tono a chi dice che \u00e8 vero solo ci\u00f2 che pensa lui: si ricreder\u00e0! - Frasicelebri.it","description":"Il 18 maggio ricordiamo la nascita di Giovanni Falcone, giudice scomodo per molti, ma fedele solo a una cosa: la verit\u00e0","robots":{"index":"index","follow":"follow","max-snippet":"max-snippet:-1","max-image-preview":"max-image-preview:large","max-video-preview":"max-video-preview:-1"},"canonical":"https:\/\/www.frasicelebri.it\/news\/frasi-di-giovanni-falcone-sulla-verita\/","og_locale":"it_IT","og_type":"article","og_title":"Frasi di Giovanni Falcone sulla verit\u00e0, risponderai a tono a chi dice che \u00e8 vero solo ci\u00f2 che pensa lui: si ricreder\u00e0! - Frasicelebri.it","og_description":"Il 18 maggio ricordiamo la nascita di Giovanni Falcone, giudice scomodo per molti, ma fedele solo a una cosa: la verit\u00e0","og_url":"https:\/\/www.frasicelebri.it\/news\/frasi-di-giovanni-falcone-sulla-verita\/","og_site_name":"Frasicelebri.it","article_published_time":"2025-05-18T09:00:08+00:00","og_image":[{"width":1200,"height":800,"url":"https:\/\/i0.wp.com\/www.frasicelebri.it\/news\/wp-content\/uploads\/2025\/05\/giovanni-falcone.jpg?fit=1200%2C800&ssl=1","type":"image\/jpeg"}],"author":"Romina Cardia","twitter_card":"summary_large_image","twitter_misc":{"Scritto da":"Romina Cardia","Tempo di lettura stimato":"5 minuti"},"schema":{"@context":"https:\/\/schema.org","@graph":[{"@type":"Article","@id":"https:\/\/www.frasicelebri.it\/news\/frasi-di-giovanni-falcone-sulla-verita\/#article","isPartOf":{"@id":"https:\/\/www.frasicelebri.it\/news\/frasi-di-giovanni-falcone-sulla-verita\/"},"author":{"name":"Romina Cardia","@id":"https:\/\/www.frasicelebri.it\/news\/#\/schema\/person\/712303166008dc510236daeaf8087292"},"headline":"Frasi di Giovanni Falcone sulla verit\u00e0, risponderai a tono a chi dice che \u00e8 vero solo ci\u00f2 che pensa lui: si ricreder\u00e0!","datePublished":"2025-05-18T09:00:08+00:00","mainEntityOfPage":{"@id":"https:\/\/www.frasicelebri.it\/news\/frasi-di-giovanni-falcone-sulla-verita\/"},"wordCount":739,"publisher":{"@id":"https:\/\/www.frasicelebri.it\/news\/#organization"},"image":{"@id":"https:\/\/www.frasicelebri.it\/news\/frasi-di-giovanni-falcone-sulla-verita\/#primaryimage"},"thumbnailUrl":"https:\/\/i0.wp.com\/www.frasicelebri.it\/news\/wp-content\/uploads\/2025\/05\/giovanni-falcone.jpg?fit=1200%2C800&ssl=1","keywords":["anniversari 18 maggio","frasi sulla verit\u00e0","Giovanni Falcone"],"articleSection":["LifeStyle"],"inLanguage":"it-IT"},{"@type":"WebPage","@id":"https:\/\/www.frasicelebri.it\/news\/frasi-di-giovanni-falcone-sulla-verita\/","url":"https:\/\/www.frasicelebri.it\/news\/frasi-di-giovanni-falcone-sulla-verita\/","name":"Frasi di Giovanni Falcone sulla verit\u00e0, risponderai a tono a chi dice che \u00e8 vero solo ci\u00f2 che pensa lui: si ricreder\u00e0! - Frasicelebri.it","isPartOf":{"@id":"https:\/\/www.frasicelebri.it\/news\/#website"},"primaryImageOfPage":{"@id":"https:\/\/www.frasicelebri.it\/news\/frasi-di-giovanni-falcone-sulla-verita\/#primaryimage"},"image":{"@id":"https:\/\/www.frasicelebri.it\/news\/frasi-di-giovanni-falcone-sulla-verita\/#primaryimage"},"thumbnailUrl":"https:\/\/i0.wp.com\/www.frasicelebri.it\/news\/wp-content\/uploads\/2025\/05\/giovanni-falcone.jpg?fit=1200%2C800&ssl=1","datePublished":"2025-05-18T09:00:08+00:00","description":"Il 18 maggio ricordiamo la nascita di Giovanni Falcone, giudice scomodo per molti, ma fedele solo a una cosa: la verit\u00e0","breadcrumb":{"@id":"https:\/\/www.frasicelebri.it\/news\/frasi-di-giovanni-falcone-sulla-verita\/#breadcrumb"},"inLanguage":"it-IT","potentialAction":[{"@type":"ReadAction","target":["https:\/\/www.frasicelebri.it\/news\/frasi-di-giovanni-falcone-sulla-verita\/"]}]},{"@type":"ImageObject","inLanguage":"it-IT","@id":"https:\/\/www.frasicelebri.it\/news\/frasi-di-giovanni-falcone-sulla-verita\/#primaryimage","url":"https:\/\/i0.wp.com\/www.frasicelebri.it\/news\/wp-content\/uploads\/2025\/05\/giovanni-falcone.jpg?fit=1200%2C800&ssl=1","contentUrl":"https:\/\/i0.wp.com\/www.frasicelebri.it\/news\/wp-content\/uploads\/2025\/05\/giovanni-falcone.jpg?fit=1200%2C800&ssl=1","width":1200,"height":800,"caption":"frasi di Giovanni Falcone sulla verit\u00e0"},{"@type":"BreadcrumbList","@id":"https:\/\/www.frasicelebri.it\/news\/frasi-di-giovanni-falcone-sulla-verita\/#breadcrumb","itemListElement":[{"@type":"ListItem","position":1,"name":"Home","item":"https:\/\/www.frasicelebri.it\/news\/"},{"@type":"ListItem","position":2,"name":"Frasi di Giovanni Falcone sulla verit\u00e0, risponderai a tono a chi dice che \u00e8 vero solo ci\u00f2 che pensa lui: si ricreder\u00e0!"}]},{"@type":"WebSite","@id":"https:\/\/www.frasicelebri.it\/news\/#website","url":"https:\/\/www.frasicelebri.it\/news\/","name":"Frasicelebri.it","description":"News Frasicelebri.it","publisher":{"@id":"https:\/\/www.frasicelebri.it\/news\/#organization"},"potentialAction":[{"@type":"SearchAction","target":{"@type":"EntryPoint","urlTemplate":"https:\/\/www.frasicelebri.it\/news\/?s={search_term_string}"},"query-input":{"@type":"PropertyValueSpecification","valueRequired":true,"valueName":"search_term_string"}}],"inLanguage":"it-IT"},{"@type":"Organization","@id":"https:\/\/www.frasicelebri.it\/news\/#organization","name":"Frasicelebri.it","url":"https:\/\/www.frasicelebri.it\/news\/","logo":{"@type":"ImageObject","inLanguage":"it-IT","@id":"https:\/\/www.frasicelebri.it\/news\/#\/schema\/logo\/image\/","url":"https:\/\/i0.wp.com\/www.frasicelebri.it\/news\/wp-content\/uploads\/2024\/07\/logo-quadrato-drasicelebri.it_.jpg?fit=696%2C696&ssl=1","contentUrl":"https:\/\/i0.wp.com\/www.frasicelebri.it\/news\/wp-content\/uploads\/2024\/07\/logo-quadrato-drasicelebri.it_.jpg?fit=696%2C696&ssl=1","width":696,"height":696,"caption":"Frasicelebri.it"},"image":{"@id":"https:\/\/www.frasicelebri.it\/news\/#\/schema\/logo\/image\/"}},{"@type":"Person","@id":"https:\/\/www.frasicelebri.it\/news\/#\/schema\/person\/712303166008dc510236daeaf8087292","name":"Romina Cardia","image":{"@type":"ImageObject","inLanguage":"it-IT","@id":"https:\/\/www.frasicelebri.it\/news\/#\/schema\/person\/image\/","url":"https:\/\/secure.gravatar.com\/avatar\/7e155e0e5584fd17310efae2dc94f61e?s=96&d=mm&r=g","contentUrl":"https:\/\/secure.gravatar.com\/avatar\/7e155e0e5584fd17310efae2dc94f61e?s=96&d=mm&r=g","caption":"Romina Cardia"},"url":"https:\/\/www.frasicelebri.it\/news\/author\/romina\/"}]}},"_links":{"self":[{"href":"https:\/\/www.frasicelebri.it\/news\/wp-json\/wp\/v2\/posts\/39231","targetHints":{"allow":["GET"]}}],"collection":[{"href":"https:\/\/www.frasicelebri.it\/news\/wp-json\/wp\/v2\/posts"}],"about":[{"href":"https:\/\/www.frasicelebri.it\/news\/wp-json\/wp\/v2\/types\/post"}],"author":[{"embeddable":true,"href":"https:\/\/www.frasicelebri.it\/news\/wp-json\/wp\/v2\/users\/12"}],"replies":[{"embeddable":true,"href":"https:\/\/www.frasicelebri.it\/news\/wp-json\/wp\/v2\/comments?post=39231"}],"version-history":[{"count":1,"href":"https:\/\/www.frasicelebri.it\/news\/wp-json\/wp\/v2\/posts\/39231\/revisions"}],"predecessor-version":[{"id":39233,"href":"https:\/\/www.frasicelebri.it\/news\/wp-json\/wp\/v2\/posts\/39231\/revisions\/39233"}],"wp:featuredmedia":[{"embeddable":true,"href":"https:\/\/www.frasicelebri.it\/news\/wp-json\/wp\/v2\/media\/39232"}],"wp:attachment":[{"href":"https:\/\/www.frasicelebri.it\/news\/wp-json\/wp\/v2\/media?parent=39231"}],"wp:term":[{"taxonomy":"category","embeddable":true,"href":"https:\/\/www.frasicelebri.it\/news\/wp-json\/wp\/v2\/categories?post=39231"},{"taxonomy":"post_tag","embeddable":true,"href":"https:\/\/www.frasicelebri.it\/news\/wp-json\/wp\/v2\/tags?post=39231"}],"curies":[{"name":"wp","href":"https:\/\/api.w.org\/{rel}","templated":true}]}}