{"id":39234,"date":"2025-05-18T14:00:21","date_gmt":"2025-05-18T12:00:21","guid":{"rendered":"https:\/\/www.frasicelebri.it\/news\/?p=39234"},"modified":"2025-05-17T09:09:42","modified_gmt":"2025-05-17T07:09:42","slug":"frasi-sui-sogni-di-paolo-crepet-ti-daranno-la-forza-per-realizzare-tutto-quello-che-desideri-sono-potentissime","status":"publish","type":"post","link":"https:\/\/www.frasicelebri.it\/news\/frasi-sui-sogni-di-paolo-crepet-ti-daranno-la-forza-per-realizzare-tutto-quello-che-desideri-sono-potentissime\/","title":{"rendered":"Frasi sui sogni di Paolo Crepet, ti daranno la forza per realizzare tutto quello che desideri: sono potentissime"},"content":{"rendered":"<p><strong>Paolo Crepet<\/strong> \u00e8 uno di quei personaggi che o lo ami o lo critichi ferocemente. Ma una cosa \u00e8 certa: ti fa pensare. Psichiatra, sociologo, scrittore e polemista dal pensiero affilato come una katana giapponese, Crepet \u00e8 uno di quelli che <strong>non le manda a dire<\/strong>. Ma dietro la sua aria da \u201cso tutto io\u201d \u2013 che a dirla tutta, a volte ce l\u2019ha \u2013 c\u2019\u00e8 un uomo profondamente appassionato di umanit\u00e0. E tra le cose che indaga con pi\u00f9 intensit\u00e0 c\u2019\u00e8 proprio il <strong>mondo dei sogni<\/strong>. Non solo quelli notturni, ma soprattutto quelli diurni, <strong>quelli che ti accendono lo sguardo e ti fanno uscire dalla gabbia delle convenzioni<\/strong>.<\/p>\n<p><img data-recalc-dims=\"1\" loading=\"lazy\" decoding=\"async\" class=\"alignnone size-full wp-image-39235\" src=\"https:\/\/i0.wp.com\/www.frasicelebri.it\/news\/wp-content\/uploads\/2025\/05\/frasi-sui-sogni-di-Paolo-Crepet.jpg?resize=1200%2C800&#038;ssl=1\" alt=\"frasi sui sogni di Paolo Crepet\" width=\"1200\" height=\"800\" srcset=\"https:\/\/i0.wp.com\/www.frasicelebri.it\/news\/wp-content\/uploads\/2025\/05\/frasi-sui-sogni-di-Paolo-Crepet.jpg?w=1200&amp;ssl=1 1200w, https:\/\/i0.wp.com\/www.frasicelebri.it\/news\/wp-content\/uploads\/2025\/05\/frasi-sui-sogni-di-Paolo-Crepet.jpg?resize=300%2C200&amp;ssl=1 300w, https:\/\/i0.wp.com\/www.frasicelebri.it\/news\/wp-content\/uploads\/2025\/05\/frasi-sui-sogni-di-Paolo-Crepet.jpg?resize=150%2C100&amp;ssl=1 150w, https:\/\/i0.wp.com\/www.frasicelebri.it\/news\/wp-content\/uploads\/2025\/05\/frasi-sui-sogni-di-Paolo-Crepet.jpg?resize=768%2C512&amp;ssl=1 768w\" sizes=\"auto, (max-width: 1200px) 100vw, 1200px\" \/><\/p>\n<h2>I sogni? Altro che favolette da bambini<\/h2>\n<p>Per Crepet, <strong>sognare \u00e8 un atto rivoluzionario<\/strong>. In un mondo che ci vuole produttivi, obbedienti, sempre connessi e mai \u201cper aria\u201d, il sogno \u00e8 il <strong>grande nemico dell\u2019omologazione<\/strong>. Non parliamo dei sogni in stile \u201cstanotte mi inseguiva un fenicottero armato di fucile\u201d, ma dei <strong>sogni che danno senso alla vita<\/strong>: diventare musicista, vivere su un faro, aprire una libreria sperduta in Islanda.<\/p>\n<p>In libri come <em>Libert\u00e0<\/em>, <em>Impara a essere felice<\/em> e<em> Il coraggio<\/em>, Crepet ribadisce spesso lo stesso concetto: <strong>senza sogni, l\u2019essere umano si spegne<\/strong>, si adagia, si rende disponibile alla mediocrit\u00e0. E mediocrit\u00e0, per lui, \u00e8 la parolaccia suprema.<\/p>\n<h3>Il sogno secondo Paolo: pi\u00f9 audace \u00e8, meglio \u00e8<\/h3>\n<p>Crepet considera i sogni come <strong>la parte pi\u00f9 autentica e coraggiosa di noi<\/strong>. Non sono \u201cpie illusioni\u201d da eliminare con la crescita, ma anzi: <strong>sono il motore del cambiamento<\/strong>. Quando parla ai giovani \u2013 spesso nelle scuole, dove viene accolto come una rockstar un po\u2019 fuori dai giri \u2013 li provoca cos\u00ec:<\/p>\n<blockquote><p>\u201c<em>Vi hanno detto di essere realisti. Ma chi sogna in grande cambia il mondo. Chi \u00e8 realista, di solito, diventa commercialista<\/em>.\u201d<\/p><\/blockquote>\n<p>Con tutto il rispetto per i commercialisti, eh. Ma il punto \u00e8 chiaro: <strong>non abbiate paura di desiderare troppo<\/strong>.<\/p>\n<h3>Sognare per resistere: la lezione di Crepet<\/h3>\n<p>C\u2019\u00e8 un filo rosso che lega molte delle uscite pubbliche di Crepet: <strong>sognare \u00e8 un atto di resistenza civile<\/strong>. In un\u2019Italia spesso stanca, sfiduciata, impaurita, lui incita ad alzare la testa e dire: \u201cIo voglio qualcosa di pi\u00f9. E ho il diritto di immaginarlo.\u201d<br \/>\nNon a caso, si scaglia spesso contro la scuola che spegne i talenti, contro i genitori che tarpano le ali \u201cper il tuo bene\u201d, contro una societ\u00e0 che considera l\u2019ambizione un difetto.<\/p>\n<blockquote><p>\u201c<em>Viviamo in un\u2019epoca in cui se dici \u2018voglio cambiare il mondo\u2019 ti ridono in faccia. E invece dovremmo abituarci a farlo tutti i giorni<\/em>.\u201d<\/p><\/blockquote>\n<h3>Un sogno chiamato libert\u00e0<\/h3>\n<p>In fondo, tutto il pensiero di Paolo Crepet sui sogni si riassume in una parola: <strong>libert\u00e0<\/strong>.<br \/>\n<strong>Sognare \u00e8 l\u2019atto pi\u00f9 libero che esista<\/strong>. Nessuno pu\u00f2 impedirti di farlo, nessuno pu\u00f2 arrestarti per un desiderio. \u00c8 la palestra della mente e dell\u2019anima, l\u2019anticamera della felicit\u00e0. E forse, quando sogni, anche se per poco, <strong>sei pi\u00f9 vero di quanto non sia nella veglia<\/strong>.<\/p>\n<p>Insomma, Paolo Crepet non \u00e8 uno che sogna in punta di piedi. Sogna con la voce alta, con le pagine scritte, con le provocazioni lanciate in faccia come secchiate d\u2019acqua gelida. Che tu lo ami o no, una cosa \u00e8 certa: dopo averlo ascoltato o letto, un po\u2019 ti viene voglia di rimetterti a sognare. Anche solo per vedere se, tra una giraffa in platea e un\u2019idea folle, <strong>c\u2019\u00e8 ancora spazio per desiderare l\u2019impossibile<\/strong>.<\/p>\n<h3>Frasi sui sogni di Paolo Crepet<\/h3>\n<ol>\n<li><strong>&#8220;<em>I sogni sono fondamentali: non vanno mai abbandonati. Sono la nostra essenza, la nostra identit\u00e0<\/em>.&#8221; <\/strong><\/li>\n<li><strong>&#8220;<em>Un sogno non \u00e8 qualcosa che si realizza da solo, ma \u00e8 il frutto di un percorso, di una fatica, di un impegno<\/em>.&#8221; <\/strong><\/li>\n<li><strong>&#8220;<em>I sogni hanno bisogno di essere alimentati ogni giorno con la passione e la determinazione<\/em>.&#8221; <\/strong><\/li>\n<li><strong>&#8220;<em>Senza sogni non c&#8217;\u00e8 futuro. Senza desideri non c&#8217;\u00e8 crescita<\/em>.&#8221; <\/strong><\/li>\n<li><strong>&#8220;<em>I genitori devono lasciare che i figli inseguano i propri sogni, non imporre i propri<\/em>.&#8221; <\/strong><\/li>\n<li><strong>&#8220;<em>La societ\u00e0 moderna ci vuole tutti uguali, ma \u00e8 nei sogni che si manifesta la nostra unicit\u00e0<\/em>.&#8221; <\/strong><\/li>\n<li><strong>&#8220;<em>I sogni non sono capricci, sono la bussola che orienta il nostro cammino<\/em>.&#8221; <\/strong><\/li>\n<li><strong>&#8220;<em>Chi rinuncia ai propri sogni per inseguire la sicurezza finisce per perdere entrambi<\/em>.&#8221; <\/strong><\/li>\n<li><strong>&#8220;<em>La vera educazione consiste nell&#8217;insegnare ai giovani a non avere paura dei propri sogni<\/em>.&#8221; <\/strong><\/li>\n<li><strong> &#8220;<em>Un sogno che si avvera non \u00e8 mai esattamente come l&#8217;avevamo immaginato, ed \u00e8 questo il suo valore<\/em>.&#8221; <\/strong><\/li>\n<li><strong> &#8220;<em>I sogni sono la parte pi\u00f9 autentica di noi, quella che sfugge al conformismo e alla banalit\u00e0<\/em>.&#8221; <\/strong><\/li>\n<li><strong> &#8220;<em>Sognare significa avere il coraggio di essere diversi, di andare controcorrente<\/em>.&#8221; <\/strong><\/li>\n<li><strong> &#8220;<em>I sogni chiedono tempo, pazienza e la capacit\u00e0 di tollerare la frustrazione<\/em>.&#8221; <\/strong><\/li>\n<li><strong> &#8220;<em>La crisi del nostro tempo \u00e8 anche una crisi di sogni: non sappiamo pi\u00f9 desiderare in grande<\/em>.&#8221; <\/strong><\/li>\n<li><strong> &#8220;<em>Un adolescente senza sogni \u00e8 un adulto senza futuro<\/em>.&#8221; <\/strong><\/li>\n<\/ol>\n<p>Leggi altre <a href=\"https:\/\/www.frasicelebri.it\/ricerca-frasi\/?q=paolo+crepet\">frasi celebri di Paolo Crepet<\/a> e le <a href=\"https:\/\/www.frasicelebri.it\/ricerca-frasi\/?q=sogni\">frasi celebri sui sogni<\/a><\/p>\n","protected":false},"excerpt":{"rendered":"<p>Paolo Crepet \u00e8 uno di quei personaggi che o lo ami o lo critichi ferocemente. Ma una cosa \u00e8 certa: ti fa pensare. Psichiatra, sociologo, &#8230; <a title=\"Frasi sui sogni di Paolo Crepet, ti daranno la forza per realizzare tutto quello che desideri: sono potentissime\" class=\"read-more\" href=\"https:\/\/www.frasicelebri.it\/news\/frasi-sui-sogni-di-paolo-crepet-ti-daranno-la-forza-per-realizzare-tutto-quello-che-desideri-sono-potentissime\/\" aria-label=\"More on Frasi sui sogni di Paolo Crepet, ti daranno la forza per realizzare tutto quello che desideri: sono potentissime\">Leggi tutto<\/a><\/p>\n","protected":false},"author":12,"featured_media":39235,"comment_status":"closed","ping_status":"closed","sticky":false,"template":"","format":"standard","meta":{"footnotes":""},"categories":[676],"tags":[1166,1194],"class_list":["post-39234","post","type-post","status-publish","format-standard","has-post-thumbnail","hentry","category-spettacolo","tag-frasi-sui-sogni","tag-paolo-crepet"],"yoast_head":"<!-- This site is optimized with the Yoast SEO plugin v25.2 - https:\/\/yoast.com\/wordpress\/plugins\/seo\/ -->\n<title>Frasi sui sogni di Paolo Crepet, ti daranno la forza per realizzare tutto quello che desideri: sono potentissime - Frasicelebri.it<\/title>\n<meta name=\"description\" content=\"Psichiatra, scrittore e provocatore di professione: ecco cosa pensa Paolo Crepet dei sogni, tra riflessioni profonde sogni a occhi aperti\" \/>\n<meta name=\"robots\" content=\"index, follow, max-snippet:-1, max-image-preview:large, max-video-preview:-1\" \/>\n<link rel=\"canonical\" href=\"https:\/\/www.frasicelebri.it\/news\/frasi-sui-sogni-di-paolo-crepet-ti-daranno-la-forza-per-realizzare-tutto-quello-che-desideri-sono-potentissime\/\" \/>\n<meta property=\"og:locale\" content=\"it_IT\" \/>\n<meta property=\"og:type\" content=\"article\" \/>\n<meta property=\"og:title\" content=\"Frasi sui sogni di Paolo Crepet, ti daranno la forza per realizzare tutto quello che desideri: sono potentissime - Frasicelebri.it\" \/>\n<meta property=\"og:description\" content=\"Psichiatra, scrittore e provocatore di professione: ecco cosa pensa Paolo Crepet dei sogni, tra riflessioni profonde sogni a occhi aperti\" \/>\n<meta property=\"og:url\" content=\"https:\/\/www.frasicelebri.it\/news\/frasi-sui-sogni-di-paolo-crepet-ti-daranno-la-forza-per-realizzare-tutto-quello-che-desideri-sono-potentissime\/\" \/>\n<meta property=\"og:site_name\" content=\"Frasicelebri.it\" \/>\n<meta property=\"article:published_time\" content=\"2025-05-18T12:00:21+00:00\" \/>\n<meta property=\"og:image\" content=\"https:\/\/i0.wp.com\/www.frasicelebri.it\/news\/wp-content\/uploads\/2025\/05\/frasi-sui-sogni-di-Paolo-Crepet.jpg?fit=1200%2C800&ssl=1\" \/>\n\t<meta property=\"og:image:width\" content=\"1200\" \/>\n\t<meta property=\"og:image:height\" content=\"800\" \/>\n\t<meta property=\"og:image:type\" content=\"image\/jpeg\" \/>\n<meta name=\"author\" content=\"Romina Cardia\" \/>\n<meta name=\"twitter:card\" content=\"summary_large_image\" \/>\n<meta name=\"twitter:label1\" content=\"Scritto da\" \/>\n\t<meta name=\"twitter:data1\" content=\"Romina Cardia\" \/>\n\t<meta name=\"twitter:label2\" content=\"Tempo di lettura stimato\" \/>\n\t<meta name=\"twitter:data2\" content=\"5 minuti\" \/>\n<script type=\"application\/ld+json\" class=\"yoast-schema-graph\">{\"@context\":\"https:\/\/schema.org\",\"@graph\":[{\"@type\":\"Article\",\"@id\":\"https:\/\/www.frasicelebri.it\/news\/frasi-sui-sogni-di-paolo-crepet-ti-daranno-la-forza-per-realizzare-tutto-quello-che-desideri-sono-potentissime\/#article\",\"isPartOf\":{\"@id\":\"https:\/\/www.frasicelebri.it\/news\/frasi-sui-sogni-di-paolo-crepet-ti-daranno-la-forza-per-realizzare-tutto-quello-che-desideri-sono-potentissime\/\"},\"author\":{\"name\":\"Romina Cardia\",\"@id\":\"https:\/\/www.frasicelebri.it\/news\/#\/schema\/person\/712303166008dc510236daeaf8087292\"},\"headline\":\"Frasi sui sogni di Paolo Crepet, ti daranno la forza per realizzare tutto quello che desideri: sono potentissime\",\"datePublished\":\"2025-05-18T12:00:21+00:00\",\"mainEntityOfPage\":{\"@id\":\"https:\/\/www.frasicelebri.it\/news\/frasi-sui-sogni-di-paolo-crepet-ti-daranno-la-forza-per-realizzare-tutto-quello-che-desideri-sono-potentissime\/\"},\"wordCount\":807,\"publisher\":{\"@id\":\"https:\/\/www.frasicelebri.it\/news\/#organization\"},\"image\":{\"@id\":\"https:\/\/www.frasicelebri.it\/news\/frasi-sui-sogni-di-paolo-crepet-ti-daranno-la-forza-per-realizzare-tutto-quello-che-desideri-sono-potentissime\/#primaryimage\"},\"thumbnailUrl\":\"https:\/\/i0.wp.com\/www.frasicelebri.it\/news\/wp-content\/uploads\/2025\/05\/frasi-sui-sogni-di-Paolo-Crepet.jpg?fit=1200%2C800&ssl=1\",\"keywords\":[\"frasi sui sogni\",\"Paolo Crepet\"],\"articleSection\":[\"Spettacolo\"],\"inLanguage\":\"it-IT\"},{\"@type\":\"WebPage\",\"@id\":\"https:\/\/www.frasicelebri.it\/news\/frasi-sui-sogni-di-paolo-crepet-ti-daranno-la-forza-per-realizzare-tutto-quello-che-desideri-sono-potentissime\/\",\"url\":\"https:\/\/www.frasicelebri.it\/news\/frasi-sui-sogni-di-paolo-crepet-ti-daranno-la-forza-per-realizzare-tutto-quello-che-desideri-sono-potentissime\/\",\"name\":\"Frasi sui sogni di Paolo Crepet, ti daranno la forza per realizzare tutto quello che desideri: sono potentissime - Frasicelebri.it\",\"isPartOf\":{\"@id\":\"https:\/\/www.frasicelebri.it\/news\/#website\"},\"primaryImageOfPage\":{\"@id\":\"https:\/\/www.frasicelebri.it\/news\/frasi-sui-sogni-di-paolo-crepet-ti-daranno-la-forza-per-realizzare-tutto-quello-che-desideri-sono-potentissime\/#primaryimage\"},\"image\":{\"@id\":\"https:\/\/www.frasicelebri.it\/news\/frasi-sui-sogni-di-paolo-crepet-ti-daranno-la-forza-per-realizzare-tutto-quello-che-desideri-sono-potentissime\/#primaryimage\"},\"thumbnailUrl\":\"https:\/\/i0.wp.com\/www.frasicelebri.it\/news\/wp-content\/uploads\/2025\/05\/frasi-sui-sogni-di-Paolo-Crepet.jpg?fit=1200%2C800&ssl=1\",\"datePublished\":\"2025-05-18T12:00:21+00:00\",\"description\":\"Psichiatra, scrittore e provocatore di professione: ecco cosa pensa Paolo Crepet dei sogni, tra riflessioni profonde sogni a occhi aperti\",\"breadcrumb\":{\"@id\":\"https:\/\/www.frasicelebri.it\/news\/frasi-sui-sogni-di-paolo-crepet-ti-daranno-la-forza-per-realizzare-tutto-quello-che-desideri-sono-potentissime\/#breadcrumb\"},\"inLanguage\":\"it-IT\",\"potentialAction\":[{\"@type\":\"ReadAction\",\"target\":[\"https:\/\/www.frasicelebri.it\/news\/frasi-sui-sogni-di-paolo-crepet-ti-daranno-la-forza-per-realizzare-tutto-quello-che-desideri-sono-potentissime\/\"]}]},{\"@type\":\"ImageObject\",\"inLanguage\":\"it-IT\",\"@id\":\"https:\/\/www.frasicelebri.it\/news\/frasi-sui-sogni-di-paolo-crepet-ti-daranno-la-forza-per-realizzare-tutto-quello-che-desideri-sono-potentissime\/#primaryimage\",\"url\":\"https:\/\/i0.wp.com\/www.frasicelebri.it\/news\/wp-content\/uploads\/2025\/05\/frasi-sui-sogni-di-Paolo-Crepet.jpg?fit=1200%2C800&ssl=1\",\"contentUrl\":\"https:\/\/i0.wp.com\/www.frasicelebri.it\/news\/wp-content\/uploads\/2025\/05\/frasi-sui-sogni-di-Paolo-Crepet.jpg?fit=1200%2C800&ssl=1\",\"width\":1200,\"height\":800,\"caption\":\"frasi sui sogni di Paolo Crepet\"},{\"@type\":\"BreadcrumbList\",\"@id\":\"https:\/\/www.frasicelebri.it\/news\/frasi-sui-sogni-di-paolo-crepet-ti-daranno-la-forza-per-realizzare-tutto-quello-che-desideri-sono-potentissime\/#breadcrumb\",\"itemListElement\":[{\"@type\":\"ListItem\",\"position\":1,\"name\":\"Home\",\"item\":\"https:\/\/www.frasicelebri.it\/news\/\"},{\"@type\":\"ListItem\",\"position\":2,\"name\":\"Frasi sui sogni di Paolo Crepet, ti daranno la forza per realizzare tutto quello che desideri: sono potentissime\"}]},{\"@type\":\"WebSite\",\"@id\":\"https:\/\/www.frasicelebri.it\/news\/#website\",\"url\":\"https:\/\/www.frasicelebri.it\/news\/\",\"name\":\"Frasicelebri.it\",\"description\":\"News Frasicelebri.it\",\"publisher\":{\"@id\":\"https:\/\/www.frasicelebri.it\/news\/#organization\"},\"potentialAction\":[{\"@type\":\"SearchAction\",\"target\":{\"@type\":\"EntryPoint\",\"urlTemplate\":\"https:\/\/www.frasicelebri.it\/news\/?s={search_term_string}\"},\"query-input\":{\"@type\":\"PropertyValueSpecification\",\"valueRequired\":true,\"valueName\":\"search_term_string\"}}],\"inLanguage\":\"it-IT\"},{\"@type\":\"Organization\",\"@id\":\"https:\/\/www.frasicelebri.it\/news\/#organization\",\"name\":\"Frasicelebri.it\",\"url\":\"https:\/\/www.frasicelebri.it\/news\/\",\"logo\":{\"@type\":\"ImageObject\",\"inLanguage\":\"it-IT\",\"@id\":\"https:\/\/www.frasicelebri.it\/news\/#\/schema\/logo\/image\/\",\"url\":\"https:\/\/i0.wp.com\/www.frasicelebri.it\/news\/wp-content\/uploads\/2024\/07\/logo-quadrato-drasicelebri.it_.jpg?fit=696%2C696&ssl=1\",\"contentUrl\":\"https:\/\/i0.wp.com\/www.frasicelebri.it\/news\/wp-content\/uploads\/2024\/07\/logo-quadrato-drasicelebri.it_.jpg?fit=696%2C696&ssl=1\",\"width\":696,\"height\":696,\"caption\":\"Frasicelebri.it\"},\"image\":{\"@id\":\"https:\/\/www.frasicelebri.it\/news\/#\/schema\/logo\/image\/\"}},{\"@type\":\"Person\",\"@id\":\"https:\/\/www.frasicelebri.it\/news\/#\/schema\/person\/712303166008dc510236daeaf8087292\",\"name\":\"Romina Cardia\",\"image\":{\"@type\":\"ImageObject\",\"inLanguage\":\"it-IT\",\"@id\":\"https:\/\/www.frasicelebri.it\/news\/#\/schema\/person\/image\/\",\"url\":\"https:\/\/secure.gravatar.com\/avatar\/7e155e0e5584fd17310efae2dc94f61e?s=96&d=mm&r=g\",\"contentUrl\":\"https:\/\/secure.gravatar.com\/avatar\/7e155e0e5584fd17310efae2dc94f61e?s=96&d=mm&r=g\",\"caption\":\"Romina Cardia\"},\"url\":\"https:\/\/www.frasicelebri.it\/news\/author\/romina\/\"}]}<\/script>\n<!-- \/ Yoast SEO plugin. -->","yoast_head_json":{"title":"Frasi sui sogni di Paolo Crepet, ti daranno la forza per realizzare tutto quello che desideri: sono potentissime - Frasicelebri.it","description":"Psichiatra, scrittore e provocatore di professione: ecco cosa pensa Paolo Crepet dei sogni, tra riflessioni profonde sogni a occhi aperti","robots":{"index":"index","follow":"follow","max-snippet":"max-snippet:-1","max-image-preview":"max-image-preview:large","max-video-preview":"max-video-preview:-1"},"canonical":"https:\/\/www.frasicelebri.it\/news\/frasi-sui-sogni-di-paolo-crepet-ti-daranno-la-forza-per-realizzare-tutto-quello-che-desideri-sono-potentissime\/","og_locale":"it_IT","og_type":"article","og_title":"Frasi sui sogni di Paolo Crepet, ti daranno la forza per realizzare tutto quello che desideri: sono potentissime - Frasicelebri.it","og_description":"Psichiatra, scrittore e provocatore di professione: ecco cosa pensa Paolo Crepet dei sogni, tra riflessioni profonde sogni a occhi aperti","og_url":"https:\/\/www.frasicelebri.it\/news\/frasi-sui-sogni-di-paolo-crepet-ti-daranno-la-forza-per-realizzare-tutto-quello-che-desideri-sono-potentissime\/","og_site_name":"Frasicelebri.it","article_published_time":"2025-05-18T12:00:21+00:00","og_image":[{"width":1200,"height":800,"url":"https:\/\/i0.wp.com\/www.frasicelebri.it\/news\/wp-content\/uploads\/2025\/05\/frasi-sui-sogni-di-Paolo-Crepet.jpg?fit=1200%2C800&ssl=1","type":"image\/jpeg"}],"author":"Romina Cardia","twitter_card":"summary_large_image","twitter_misc":{"Scritto da":"Romina Cardia","Tempo di lettura stimato":"5 minuti"},"schema":{"@context":"https:\/\/schema.org","@graph":[{"@type":"Article","@id":"https:\/\/www.frasicelebri.it\/news\/frasi-sui-sogni-di-paolo-crepet-ti-daranno-la-forza-per-realizzare-tutto-quello-che-desideri-sono-potentissime\/#article","isPartOf":{"@id":"https:\/\/www.frasicelebri.it\/news\/frasi-sui-sogni-di-paolo-crepet-ti-daranno-la-forza-per-realizzare-tutto-quello-che-desideri-sono-potentissime\/"},"author":{"name":"Romina Cardia","@id":"https:\/\/www.frasicelebri.it\/news\/#\/schema\/person\/712303166008dc510236daeaf8087292"},"headline":"Frasi sui sogni di Paolo Crepet, ti daranno la forza per realizzare tutto quello che desideri: sono potentissime","datePublished":"2025-05-18T12:00:21+00:00","mainEntityOfPage":{"@id":"https:\/\/www.frasicelebri.it\/news\/frasi-sui-sogni-di-paolo-crepet-ti-daranno-la-forza-per-realizzare-tutto-quello-che-desideri-sono-potentissime\/"},"wordCount":807,"publisher":{"@id":"https:\/\/www.frasicelebri.it\/news\/#organization"},"image":{"@id":"https:\/\/www.frasicelebri.it\/news\/frasi-sui-sogni-di-paolo-crepet-ti-daranno-la-forza-per-realizzare-tutto-quello-che-desideri-sono-potentissime\/#primaryimage"},"thumbnailUrl":"https:\/\/i0.wp.com\/www.frasicelebri.it\/news\/wp-content\/uploads\/2025\/05\/frasi-sui-sogni-di-Paolo-Crepet.jpg?fit=1200%2C800&ssl=1","keywords":["frasi sui sogni","Paolo Crepet"],"articleSection":["Spettacolo"],"inLanguage":"it-IT"},{"@type":"WebPage","@id":"https:\/\/www.frasicelebri.it\/news\/frasi-sui-sogni-di-paolo-crepet-ti-daranno-la-forza-per-realizzare-tutto-quello-che-desideri-sono-potentissime\/","url":"https:\/\/www.frasicelebri.it\/news\/frasi-sui-sogni-di-paolo-crepet-ti-daranno-la-forza-per-realizzare-tutto-quello-che-desideri-sono-potentissime\/","name":"Frasi sui sogni di Paolo Crepet, ti daranno la forza per realizzare tutto quello che desideri: sono potentissime - Frasicelebri.it","isPartOf":{"@id":"https:\/\/www.frasicelebri.it\/news\/#website"},"primaryImageOfPage":{"@id":"https:\/\/www.frasicelebri.it\/news\/frasi-sui-sogni-di-paolo-crepet-ti-daranno-la-forza-per-realizzare-tutto-quello-che-desideri-sono-potentissime\/#primaryimage"},"image":{"@id":"https:\/\/www.frasicelebri.it\/news\/frasi-sui-sogni-di-paolo-crepet-ti-daranno-la-forza-per-realizzare-tutto-quello-che-desideri-sono-potentissime\/#primaryimage"},"thumbnailUrl":"https:\/\/i0.wp.com\/www.frasicelebri.it\/news\/wp-content\/uploads\/2025\/05\/frasi-sui-sogni-di-Paolo-Crepet.jpg?fit=1200%2C800&ssl=1","datePublished":"2025-05-18T12:00:21+00:00","description":"Psichiatra, scrittore e provocatore di professione: ecco cosa pensa Paolo Crepet dei sogni, tra riflessioni profonde sogni a occhi aperti","breadcrumb":{"@id":"https:\/\/www.frasicelebri.it\/news\/frasi-sui-sogni-di-paolo-crepet-ti-daranno-la-forza-per-realizzare-tutto-quello-che-desideri-sono-potentissime\/#breadcrumb"},"inLanguage":"it-IT","potentialAction":[{"@type":"ReadAction","target":["https:\/\/www.frasicelebri.it\/news\/frasi-sui-sogni-di-paolo-crepet-ti-daranno-la-forza-per-realizzare-tutto-quello-che-desideri-sono-potentissime\/"]}]},{"@type":"ImageObject","inLanguage":"it-IT","@id":"https:\/\/www.frasicelebri.it\/news\/frasi-sui-sogni-di-paolo-crepet-ti-daranno-la-forza-per-realizzare-tutto-quello-che-desideri-sono-potentissime\/#primaryimage","url":"https:\/\/i0.wp.com\/www.frasicelebri.it\/news\/wp-content\/uploads\/2025\/05\/frasi-sui-sogni-di-Paolo-Crepet.jpg?fit=1200%2C800&ssl=1","contentUrl":"https:\/\/i0.wp.com\/www.frasicelebri.it\/news\/wp-content\/uploads\/2025\/05\/frasi-sui-sogni-di-Paolo-Crepet.jpg?fit=1200%2C800&ssl=1","width":1200,"height":800,"caption":"frasi sui sogni di Paolo Crepet"},{"@type":"BreadcrumbList","@id":"https:\/\/www.frasicelebri.it\/news\/frasi-sui-sogni-di-paolo-crepet-ti-daranno-la-forza-per-realizzare-tutto-quello-che-desideri-sono-potentissime\/#breadcrumb","itemListElement":[{"@type":"ListItem","position":1,"name":"Home","item":"https:\/\/www.frasicelebri.it\/news\/"},{"@type":"ListItem","position":2,"name":"Frasi sui sogni di Paolo Crepet, ti daranno la forza per realizzare tutto quello che desideri: sono potentissime"}]},{"@type":"WebSite","@id":"https:\/\/www.frasicelebri.it\/news\/#website","url":"https:\/\/www.frasicelebri.it\/news\/","name":"Frasicelebri.it","description":"News Frasicelebri.it","publisher":{"@id":"https:\/\/www.frasicelebri.it\/news\/#organization"},"potentialAction":[{"@type":"SearchAction","target":{"@type":"EntryPoint","urlTemplate":"https:\/\/www.frasicelebri.it\/news\/?s={search_term_string}"},"query-input":{"@type":"PropertyValueSpecification","valueRequired":true,"valueName":"search_term_string"}}],"inLanguage":"it-IT"},{"@type":"Organization","@id":"https:\/\/www.frasicelebri.it\/news\/#organization","name":"Frasicelebri.it","url":"https:\/\/www.frasicelebri.it\/news\/","logo":{"@type":"ImageObject","inLanguage":"it-IT","@id":"https:\/\/www.frasicelebri.it\/news\/#\/schema\/logo\/image\/","url":"https:\/\/i0.wp.com\/www.frasicelebri.it\/news\/wp-content\/uploads\/2024\/07\/logo-quadrato-drasicelebri.it_.jpg?fit=696%2C696&ssl=1","contentUrl":"https:\/\/i0.wp.com\/www.frasicelebri.it\/news\/wp-content\/uploads\/2024\/07\/logo-quadrato-drasicelebri.it_.jpg?fit=696%2C696&ssl=1","width":696,"height":696,"caption":"Frasicelebri.it"},"image":{"@id":"https:\/\/www.frasicelebri.it\/news\/#\/schema\/logo\/image\/"}},{"@type":"Person","@id":"https:\/\/www.frasicelebri.it\/news\/#\/schema\/person\/712303166008dc510236daeaf8087292","name":"Romina Cardia","image":{"@type":"ImageObject","inLanguage":"it-IT","@id":"https:\/\/www.frasicelebri.it\/news\/#\/schema\/person\/image\/","url":"https:\/\/secure.gravatar.com\/avatar\/7e155e0e5584fd17310efae2dc94f61e?s=96&d=mm&r=g","contentUrl":"https:\/\/secure.gravatar.com\/avatar\/7e155e0e5584fd17310efae2dc94f61e?s=96&d=mm&r=g","caption":"Romina Cardia"},"url":"https:\/\/www.frasicelebri.it\/news\/author\/romina\/"}]}},"_links":{"self":[{"href":"https:\/\/www.frasicelebri.it\/news\/wp-json\/wp\/v2\/posts\/39234","targetHints":{"allow":["GET"]}}],"collection":[{"href":"https:\/\/www.frasicelebri.it\/news\/wp-json\/wp\/v2\/posts"}],"about":[{"href":"https:\/\/www.frasicelebri.it\/news\/wp-json\/wp\/v2\/types\/post"}],"author":[{"embeddable":true,"href":"https:\/\/www.frasicelebri.it\/news\/wp-json\/wp\/v2\/users\/12"}],"replies":[{"embeddable":true,"href":"https:\/\/www.frasicelebri.it\/news\/wp-json\/wp\/v2\/comments?post=39234"}],"version-history":[{"count":1,"href":"https:\/\/www.frasicelebri.it\/news\/wp-json\/wp\/v2\/posts\/39234\/revisions"}],"predecessor-version":[{"id":39236,"href":"https:\/\/www.frasicelebri.it\/news\/wp-json\/wp\/v2\/posts\/39234\/revisions\/39236"}],"wp:featuredmedia":[{"embeddable":true,"href":"https:\/\/www.frasicelebri.it\/news\/wp-json\/wp\/v2\/media\/39235"}],"wp:attachment":[{"href":"https:\/\/www.frasicelebri.it\/news\/wp-json\/wp\/v2\/media?parent=39234"}],"wp:term":[{"taxonomy":"category","embeddable":true,"href":"https:\/\/www.frasicelebri.it\/news\/wp-json\/wp\/v2\/categories?post=39234"},{"taxonomy":"post_tag","embeddable":true,"href":"https:\/\/www.frasicelebri.it\/news\/wp-json\/wp\/v2\/tags?post=39234"}],"curies":[{"name":"wp","href":"https:\/\/api.w.org\/{rel}","templated":true}]}}