{"id":40814,"date":"2025-10-07T08:00:19","date_gmt":"2025-10-07T06:00:19","guid":{"rendered":"https:\/\/www.frasicelebri.it\/news\/?p=40814"},"modified":"2025-10-06T13:28:16","modified_gmt":"2025-10-06T11:28:16","slug":"frasi-di-umberto-eco-sulla-memoria","status":"publish","type":"post","link":"https:\/\/www.frasicelebri.it\/news\/frasi-di-umberto-eco-sulla-memoria\/","title":{"rendered":"Frasi di Umberto Eco sulla memoria, ti spiegheranno perch\u00e9 pi\u00f9 invecchi e pi\u00f9 ricordi la tua infanzia: sono dolcissime"},"content":{"rendered":"<p><strong>Umberto Eco<\/strong> era uno di quegli uomini che riusciva a parlare di tutto &#8211; dal Medioevo alla televisione, dal linguaggio alla risata &#8211; senza mai risultare noioso. Professore, romanziere, semiologo, filosofo, ma anche uomo ironico e profondamente umano. Tra le tante cose che ha detto (e scritto) nella sua vita, c\u2019\u00e8 un pensiero che colpisce per la sua semplicit\u00e0 e verit\u00e0:<\/p>\n<blockquote><p>\u201c<em>Con l\u2019invecchiare si recuperano memorie antiche, si ricordano delle cose della propria infanzia che prima non si ricordavano<\/em>.\u201d<\/p><\/blockquote>\n<p>Ecco, Eco &#8211; che di nome gi\u00e0 evocava qualcosa che riecheggia &#8211; ci ricorda che la memoria non \u00e8 solo un archivio mentale, ma la sostanza stessa della nostra identit\u00e0.<\/p>\n<p><img data-recalc-dims=\"1\" loading=\"lazy\" decoding=\"async\" class=\"alignnone size-full wp-image-40815\" src=\"https:\/\/i0.wp.com\/www.frasicelebri.it\/news\/wp-content\/uploads\/2025\/10\/umberto-eco-3.jpg?resize=1200%2C800&#038;ssl=1\" alt=\"Frasi di Umberto Eco sulla memoria\" width=\"1200\" height=\"800\" srcset=\"https:\/\/i0.wp.com\/www.frasicelebri.it\/news\/wp-content\/uploads\/2025\/10\/umberto-eco-3.jpg?w=1200&amp;ssl=1 1200w, https:\/\/i0.wp.com\/www.frasicelebri.it\/news\/wp-content\/uploads\/2025\/10\/umberto-eco-3.jpg?resize=300%2C200&amp;ssl=1 300w, https:\/\/i0.wp.com\/www.frasicelebri.it\/news\/wp-content\/uploads\/2025\/10\/umberto-eco-3.jpg?resize=150%2C100&amp;ssl=1 150w, https:\/\/i0.wp.com\/www.frasicelebri.it\/news\/wp-content\/uploads\/2025\/10\/umberto-eco-3.jpg?resize=768%2C512&amp;ssl=1 768w\" sizes=\"auto, (max-width: 1200px) 100vw, 1200px\" \/><\/p>\n<h2>L\u2019uomo che fece della memoria una biblioteca<\/h2>\n<p>Per <strong>Umberto Eco<\/strong>, la memoria era molto pi\u00f9 di un insieme di ricordi: era <strong>una biblioteca vivente<\/strong>. Non a caso, collezionava libri come altri collezionano francobolli (oltre 30.000 volumi a casa sua, tanto per capirci). Ma i suoi veri scaffali erano dentro la testa: pensieri, letture, aneddoti, battute, ricordi di infanzia e citazioni che gli tornavano alla mente come vecchi amici. Diceva spesso:<\/p>\n<blockquote><p>\u201c<em>Noi siamo la nostra memoria<\/em>.\u201d<\/p><\/blockquote>\n<p><strong>Non esiste identit\u00e0 senza memoria<\/strong>, secondo Eco. Ogni esperienza, ogni lettura, ogni dolore e ogni risata diventano parte del grande romanzo personale che ci definisce. Invecchiare, quindi, non significa perdere pezzi, ma recuperarne altri. Magari dimentichiamo dove abbiamo parcheggiato l\u2019auto, ma ci torna in mente il profumo della colla a scuola o la voce di un maestro che non pensavamo pi\u00f9 di ricordare.<\/p>\n<h3>L\u2019et\u00e0 della memoria antica<\/h3>\n<p>Quando Umberto Eco diceva che con l\u2019et\u00e0 si recuperano memorie lontane, non parlava solo da osservatore: parlava da uomo che stava esplorando se stesso. <strong>La mente, col passare degli anni, smette di concentrarsi sul \u201cqui e ora\u201d e inizia a rovistare negli scaffali del passato<\/strong>. \u00c8 come se il cervello, stanco delle scadenze e delle password, si prendesse una pausa e dicesse: \u201cVediamo cosa c\u2019\u00e8 nei vecchi cassetti\u201d.<\/p>\n<p>Da qui la magia: riaffiorano dettagli dell\u2019infanzia che per decenni erano rimasti in silenzio. Il suono di una campana, un odore, un colore, un momento. <strong>\u00c8 il modo che la mente ha per restituirci profondit\u00e0, per ricordarci chi siamo stati<\/strong>. Eco lo spiegava cos\u00ec, con quella sua eleganza disarmante:<\/p>\n<blockquote><p>\u201c<em>Nella vecchiaia si accresce il patrimonio della nostra memoria<\/em>.\u201d<\/p><\/blockquote>\n<p>Insomma, mentre il corpo perde elasticit\u00e0, la mente si arricchisce di risonanze, di memorie sedimentate, di anima.<\/p>\n<h3>Pi\u00f9 si invecchia, pi\u00f9 si ha anima<\/h3>\n<p>Una delle sue frasi pi\u00f9 belle &#8211; e anche pi\u00f9 poetiche &#8211; \u00e8 questa:<\/p>\n<blockquote><p>\u201c<em>Pi\u00f9 si invecchia, pi\u00f9 si ha anima. Infatti si ha pi\u00f9 anima di un bambino di sei mesi<\/em>.\u201d<\/p><\/blockquote>\n<p>Umberto Eco non voleva certo sminuire la purezza dell\u2019infanzia, ma ricordarci che l\u2019anima non nasce gi\u00e0 completa: si costruisce, si riempie di esperienze, dolori, amori e, soprattutto, di memoria. Ogni anno che passa, diventiamo un po\u2019 pi\u00f9 \u201canima\u201d perch\u00e9 accumuliamo vita, e la vita &#8211; nel suo pensiero &#8211; \u00e8 memoria vissuta.<\/p>\n<h3>Un consiglio da prendere (e non dimenticare)<\/h3>\n<p>Umberto Eco ci lancia un messaggio prezioso: <strong>non temere la memoria, anche quando fa male<\/strong>. Coltivala, curala, lasciale spazio. Perch\u00e9 <strong>ricordare non \u00e8 solo rivivere il passato, ma riconoscere chi siamo ogg<\/strong>i.<\/p>\n<p>E quando, con l\u2019et\u00e0, ti capiter\u00e0 di dimenticare un nome ma di ricordare con chiarezza il sapore delle ciliegie del giardino della nonna, non spaventarti. Sta solo succedendo quello che Eco aveva previsto: la memoria si fa pi\u00f9 profonda, pi\u00f9 poetica, pi\u00f9 vera. In fondo, come avrebbe detto lui con un sorriso sornione, <strong>l\u2019unica cosa che davvero non dobbiamo dimenticare \u00e8 di<\/strong> <strong>ricordare di ricordare<\/strong>.<\/p>\n<p><strong>Frasi di Umberto Eco sulla memoria<\/strong><\/p>\n<ol>\n<li><strong>\u201c<em>Noi siamo la nostra memoria. Con l\u2019invecchiare si recuperano memorie antiche, si ricordano delle cose della propria infanzia che prima non si ricordavano<\/em>.\u201d<\/strong><\/li>\n<li><strong>\u201c<em>Nella vecchiaia si accresce il patrimonio della nostra memoria<\/em>.\u201d<\/strong><\/li>\n<li><strong>\u201c<em>Pi\u00f9 si invecchia, pi\u00f9 si ha anima. Infatti si ha pi\u00f9 anima di un bambino di sei mesi<\/em>.\u201d<\/strong><\/li>\n<\/ol>\n<p>Leggi altre <a href=\"https:\/\/www.frasicelebri.it\/ricerca-frasi\/?q=umberto+eco\">frasi celebri di Umberto Eco<\/a> e le <a href=\"https:\/\/www.frasicelebri.it\/ricerca-frasi\/?q=memoria\">frasi celebri sulla memoria<\/a><\/p>\n","protected":false},"excerpt":{"rendered":"<p>Umberto Eco era uno di quegli uomini che riusciva a parlare di tutto &#8211; dal Medioevo alla televisione, dal linguaggio alla risata &#8211; senza mai &#8230; <a title=\"Frasi di Umberto Eco sulla memoria, ti spiegheranno perch\u00e9 pi\u00f9 invecchi e pi\u00f9 ricordi la tua infanzia: sono dolcissime\" class=\"read-more\" href=\"https:\/\/www.frasicelebri.it\/news\/frasi-di-umberto-eco-sulla-memoria\/\" aria-label=\"More on Frasi di Umberto Eco sulla memoria, ti spiegheranno perch\u00e9 pi\u00f9 invecchi e pi\u00f9 ricordi la tua infanzia: sono dolcissime\">Leggi tutto<\/a><\/p>\n","protected":false},"author":12,"featured_media":40815,"comment_status":"closed","ping_status":"closed","sticky":false,"template":"","format":"standard","meta":{"footnotes":""},"categories":[42],"tags":[1546,1416],"class_list":["post-40814","post","type-post","status-publish","format-standard","has-post-thumbnail","hentry","category-lifestyle","tag-frasi-sulla-memoria","tag-umberto-eco"],"yoast_head":"<!-- This site is optimized with the Yoast SEO plugin v25.2 - https:\/\/yoast.com\/wordpress\/plugins\/seo\/ -->\n<title>Frasi di Umberto Eco sulla memoria, ti spiegheranno perch\u00e9 pi\u00f9 invecchi e pi\u00f9 ricordi la tua infanzia: sono dolcissime - Frasicelebri.it<\/title>\n<meta name=\"description\" content=\"Umberto Eco ci spiega che invecchiare non \u00e8 solo una questione di rughe, ma un viaggio dentro l\u2019archivio segreto della memoria\" \/>\n<meta name=\"robots\" content=\"index, follow, max-snippet:-1, max-image-preview:large, max-video-preview:-1\" \/>\n<link rel=\"canonical\" href=\"https:\/\/www.frasicelebri.it\/news\/frasi-di-umberto-eco-sulla-memoria\/\" \/>\n<meta property=\"og:locale\" content=\"it_IT\" \/>\n<meta property=\"og:type\" content=\"article\" \/>\n<meta property=\"og:title\" content=\"Frasi di Umberto Eco sulla memoria, ti spiegheranno perch\u00e9 pi\u00f9 invecchi e pi\u00f9 ricordi la tua infanzia: sono dolcissime - Frasicelebri.it\" \/>\n<meta property=\"og:description\" content=\"Umberto Eco ci spiega che invecchiare non \u00e8 solo una questione di rughe, ma un viaggio dentro l\u2019archivio segreto della memoria\" \/>\n<meta property=\"og:url\" content=\"https:\/\/www.frasicelebri.it\/news\/frasi-di-umberto-eco-sulla-memoria\/\" \/>\n<meta property=\"og:site_name\" content=\"Frasicelebri.it\" \/>\n<meta property=\"article:published_time\" content=\"2025-10-07T06:00:19+00:00\" \/>\n<meta property=\"og:image\" content=\"https:\/\/i0.wp.com\/www.frasicelebri.it\/news\/wp-content\/uploads\/2025\/10\/umberto-eco-3.jpg?fit=1200%2C800&ssl=1\" \/>\n\t<meta property=\"og:image:width\" content=\"1200\" \/>\n\t<meta property=\"og:image:height\" content=\"800\" \/>\n\t<meta property=\"og:image:type\" content=\"image\/jpeg\" \/>\n<meta name=\"author\" content=\"Romina Cardia\" \/>\n<meta name=\"twitter:card\" content=\"summary_large_image\" \/>\n<meta name=\"twitter:label1\" content=\"Scritto da\" \/>\n\t<meta name=\"twitter:data1\" content=\"Romina Cardia\" \/>\n\t<meta name=\"twitter:label2\" content=\"Tempo di lettura stimato\" \/>\n\t<meta name=\"twitter:data2\" content=\"4 minuti\" \/>\n<script type=\"application\/ld+json\" class=\"yoast-schema-graph\">{\"@context\":\"https:\/\/schema.org\",\"@graph\":[{\"@type\":\"Article\",\"@id\":\"https:\/\/www.frasicelebri.it\/news\/frasi-di-umberto-eco-sulla-memoria\/#article\",\"isPartOf\":{\"@id\":\"https:\/\/www.frasicelebri.it\/news\/frasi-di-umberto-eco-sulla-memoria\/\"},\"author\":{\"name\":\"Romina Cardia\",\"@id\":\"https:\/\/www.frasicelebri.it\/news\/#\/schema\/person\/712303166008dc510236daeaf8087292\"},\"headline\":\"Frasi di Umberto Eco sulla memoria, ti spiegheranno perch\u00e9 pi\u00f9 invecchi e pi\u00f9 ricordi la tua infanzia: sono dolcissime\",\"datePublished\":\"2025-10-07T06:00:19+00:00\",\"mainEntityOfPage\":{\"@id\":\"https:\/\/www.frasicelebri.it\/news\/frasi-di-umberto-eco-sulla-memoria\/\"},\"wordCount\":680,\"publisher\":{\"@id\":\"https:\/\/www.frasicelebri.it\/news\/#organization\"},\"image\":{\"@id\":\"https:\/\/www.frasicelebri.it\/news\/frasi-di-umberto-eco-sulla-memoria\/#primaryimage\"},\"thumbnailUrl\":\"https:\/\/i0.wp.com\/www.frasicelebri.it\/news\/wp-content\/uploads\/2025\/10\/umberto-eco-3.jpg?fit=1200%2C800&ssl=1\",\"keywords\":[\"frasi sulla memoria\",\"Umberto Eco\"],\"articleSection\":[\"LifeStyle\"],\"inLanguage\":\"it-IT\"},{\"@type\":\"WebPage\",\"@id\":\"https:\/\/www.frasicelebri.it\/news\/frasi-di-umberto-eco-sulla-memoria\/\",\"url\":\"https:\/\/www.frasicelebri.it\/news\/frasi-di-umberto-eco-sulla-memoria\/\",\"name\":\"Frasi di Umberto Eco sulla memoria, ti spiegheranno perch\u00e9 pi\u00f9 invecchi e pi\u00f9 ricordi la tua infanzia: sono dolcissime - Frasicelebri.it\",\"isPartOf\":{\"@id\":\"https:\/\/www.frasicelebri.it\/news\/#website\"},\"primaryImageOfPage\":{\"@id\":\"https:\/\/www.frasicelebri.it\/news\/frasi-di-umberto-eco-sulla-memoria\/#primaryimage\"},\"image\":{\"@id\":\"https:\/\/www.frasicelebri.it\/news\/frasi-di-umberto-eco-sulla-memoria\/#primaryimage\"},\"thumbnailUrl\":\"https:\/\/i0.wp.com\/www.frasicelebri.it\/news\/wp-content\/uploads\/2025\/10\/umberto-eco-3.jpg?fit=1200%2C800&ssl=1\",\"datePublished\":\"2025-10-07T06:00:19+00:00\",\"description\":\"Umberto Eco ci spiega che invecchiare non \u00e8 solo una questione di rughe, ma un viaggio dentro l\u2019archivio segreto della memoria\",\"breadcrumb\":{\"@id\":\"https:\/\/www.frasicelebri.it\/news\/frasi-di-umberto-eco-sulla-memoria\/#breadcrumb\"},\"inLanguage\":\"it-IT\",\"potentialAction\":[{\"@type\":\"ReadAction\",\"target\":[\"https:\/\/www.frasicelebri.it\/news\/frasi-di-umberto-eco-sulla-memoria\/\"]}]},{\"@type\":\"ImageObject\",\"inLanguage\":\"it-IT\",\"@id\":\"https:\/\/www.frasicelebri.it\/news\/frasi-di-umberto-eco-sulla-memoria\/#primaryimage\",\"url\":\"https:\/\/i0.wp.com\/www.frasicelebri.it\/news\/wp-content\/uploads\/2025\/10\/umberto-eco-3.jpg?fit=1200%2C800&ssl=1\",\"contentUrl\":\"https:\/\/i0.wp.com\/www.frasicelebri.it\/news\/wp-content\/uploads\/2025\/10\/umberto-eco-3.jpg?fit=1200%2C800&ssl=1\",\"width\":1200,\"height\":800,\"caption\":\"Frasi di Umberto Eco sulla memoria\"},{\"@type\":\"BreadcrumbList\",\"@id\":\"https:\/\/www.frasicelebri.it\/news\/frasi-di-umberto-eco-sulla-memoria\/#breadcrumb\",\"itemListElement\":[{\"@type\":\"ListItem\",\"position\":1,\"name\":\"Home\",\"item\":\"https:\/\/www.frasicelebri.it\/news\/\"},{\"@type\":\"ListItem\",\"position\":2,\"name\":\"Frasi di Umberto Eco sulla memoria, ti spiegheranno perch\u00e9 pi\u00f9 invecchi e pi\u00f9 ricordi la tua infanzia: sono dolcissime\"}]},{\"@type\":\"WebSite\",\"@id\":\"https:\/\/www.frasicelebri.it\/news\/#website\",\"url\":\"https:\/\/www.frasicelebri.it\/news\/\",\"name\":\"Frasicelebri.it\",\"description\":\"News Frasicelebri.it\",\"publisher\":{\"@id\":\"https:\/\/www.frasicelebri.it\/news\/#organization\"},\"potentialAction\":[{\"@type\":\"SearchAction\",\"target\":{\"@type\":\"EntryPoint\",\"urlTemplate\":\"https:\/\/www.frasicelebri.it\/news\/?s={search_term_string}\"},\"query-input\":{\"@type\":\"PropertyValueSpecification\",\"valueRequired\":true,\"valueName\":\"search_term_string\"}}],\"inLanguage\":\"it-IT\"},{\"@type\":\"Organization\",\"@id\":\"https:\/\/www.frasicelebri.it\/news\/#organization\",\"name\":\"Frasicelebri.it\",\"url\":\"https:\/\/www.frasicelebri.it\/news\/\",\"logo\":{\"@type\":\"ImageObject\",\"inLanguage\":\"it-IT\",\"@id\":\"https:\/\/www.frasicelebri.it\/news\/#\/schema\/logo\/image\/\",\"url\":\"https:\/\/i0.wp.com\/www.frasicelebri.it\/news\/wp-content\/uploads\/2024\/07\/logo-quadrato-drasicelebri.it_.jpg?fit=696%2C696&ssl=1\",\"contentUrl\":\"https:\/\/i0.wp.com\/www.frasicelebri.it\/news\/wp-content\/uploads\/2024\/07\/logo-quadrato-drasicelebri.it_.jpg?fit=696%2C696&ssl=1\",\"width\":696,\"height\":696,\"caption\":\"Frasicelebri.it\"},\"image\":{\"@id\":\"https:\/\/www.frasicelebri.it\/news\/#\/schema\/logo\/image\/\"}},{\"@type\":\"Person\",\"@id\":\"https:\/\/www.frasicelebri.it\/news\/#\/schema\/person\/712303166008dc510236daeaf8087292\",\"name\":\"Romina Cardia\",\"image\":{\"@type\":\"ImageObject\",\"inLanguage\":\"it-IT\",\"@id\":\"https:\/\/www.frasicelebri.it\/news\/#\/schema\/person\/image\/\",\"url\":\"https:\/\/secure.gravatar.com\/avatar\/7e155e0e5584fd17310efae2dc94f61e?s=96&d=mm&r=g\",\"contentUrl\":\"https:\/\/secure.gravatar.com\/avatar\/7e155e0e5584fd17310efae2dc94f61e?s=96&d=mm&r=g\",\"caption\":\"Romina Cardia\"},\"url\":\"https:\/\/www.frasicelebri.it\/news\/author\/romina\/\"}]}<\/script>\n<!-- \/ Yoast SEO plugin. -->","yoast_head_json":{"title":"Frasi di Umberto Eco sulla memoria, ti spiegheranno perch\u00e9 pi\u00f9 invecchi e pi\u00f9 ricordi la tua infanzia: sono dolcissime - Frasicelebri.it","description":"Umberto Eco ci spiega che invecchiare non \u00e8 solo una questione di rughe, ma un viaggio dentro l\u2019archivio segreto della memoria","robots":{"index":"index","follow":"follow","max-snippet":"max-snippet:-1","max-image-preview":"max-image-preview:large","max-video-preview":"max-video-preview:-1"},"canonical":"https:\/\/www.frasicelebri.it\/news\/frasi-di-umberto-eco-sulla-memoria\/","og_locale":"it_IT","og_type":"article","og_title":"Frasi di Umberto Eco sulla memoria, ti spiegheranno perch\u00e9 pi\u00f9 invecchi e pi\u00f9 ricordi la tua infanzia: sono dolcissime - Frasicelebri.it","og_description":"Umberto Eco ci spiega che invecchiare non \u00e8 solo una questione di rughe, ma un viaggio dentro l\u2019archivio segreto della memoria","og_url":"https:\/\/www.frasicelebri.it\/news\/frasi-di-umberto-eco-sulla-memoria\/","og_site_name":"Frasicelebri.it","article_published_time":"2025-10-07T06:00:19+00:00","og_image":[{"width":1200,"height":800,"url":"https:\/\/i0.wp.com\/www.frasicelebri.it\/news\/wp-content\/uploads\/2025\/10\/umberto-eco-3.jpg?fit=1200%2C800&ssl=1","type":"image\/jpeg"}],"author":"Romina Cardia","twitter_card":"summary_large_image","twitter_misc":{"Scritto da":"Romina Cardia","Tempo di lettura stimato":"4 minuti"},"schema":{"@context":"https:\/\/schema.org","@graph":[{"@type":"Article","@id":"https:\/\/www.frasicelebri.it\/news\/frasi-di-umberto-eco-sulla-memoria\/#article","isPartOf":{"@id":"https:\/\/www.frasicelebri.it\/news\/frasi-di-umberto-eco-sulla-memoria\/"},"author":{"name":"Romina Cardia","@id":"https:\/\/www.frasicelebri.it\/news\/#\/schema\/person\/712303166008dc510236daeaf8087292"},"headline":"Frasi di Umberto Eco sulla memoria, ti spiegheranno perch\u00e9 pi\u00f9 invecchi e pi\u00f9 ricordi la tua infanzia: sono dolcissime","datePublished":"2025-10-07T06:00:19+00:00","mainEntityOfPage":{"@id":"https:\/\/www.frasicelebri.it\/news\/frasi-di-umberto-eco-sulla-memoria\/"},"wordCount":680,"publisher":{"@id":"https:\/\/www.frasicelebri.it\/news\/#organization"},"image":{"@id":"https:\/\/www.frasicelebri.it\/news\/frasi-di-umberto-eco-sulla-memoria\/#primaryimage"},"thumbnailUrl":"https:\/\/i0.wp.com\/www.frasicelebri.it\/news\/wp-content\/uploads\/2025\/10\/umberto-eco-3.jpg?fit=1200%2C800&ssl=1","keywords":["frasi sulla memoria","Umberto Eco"],"articleSection":["LifeStyle"],"inLanguage":"it-IT"},{"@type":"WebPage","@id":"https:\/\/www.frasicelebri.it\/news\/frasi-di-umberto-eco-sulla-memoria\/","url":"https:\/\/www.frasicelebri.it\/news\/frasi-di-umberto-eco-sulla-memoria\/","name":"Frasi di Umberto Eco sulla memoria, ti spiegheranno perch\u00e9 pi\u00f9 invecchi e pi\u00f9 ricordi la tua infanzia: sono dolcissime - Frasicelebri.it","isPartOf":{"@id":"https:\/\/www.frasicelebri.it\/news\/#website"},"primaryImageOfPage":{"@id":"https:\/\/www.frasicelebri.it\/news\/frasi-di-umberto-eco-sulla-memoria\/#primaryimage"},"image":{"@id":"https:\/\/www.frasicelebri.it\/news\/frasi-di-umberto-eco-sulla-memoria\/#primaryimage"},"thumbnailUrl":"https:\/\/i0.wp.com\/www.frasicelebri.it\/news\/wp-content\/uploads\/2025\/10\/umberto-eco-3.jpg?fit=1200%2C800&ssl=1","datePublished":"2025-10-07T06:00:19+00:00","description":"Umberto Eco ci spiega che invecchiare non \u00e8 solo una questione di rughe, ma un viaggio dentro l\u2019archivio segreto della memoria","breadcrumb":{"@id":"https:\/\/www.frasicelebri.it\/news\/frasi-di-umberto-eco-sulla-memoria\/#breadcrumb"},"inLanguage":"it-IT","potentialAction":[{"@type":"ReadAction","target":["https:\/\/www.frasicelebri.it\/news\/frasi-di-umberto-eco-sulla-memoria\/"]}]},{"@type":"ImageObject","inLanguage":"it-IT","@id":"https:\/\/www.frasicelebri.it\/news\/frasi-di-umberto-eco-sulla-memoria\/#primaryimage","url":"https:\/\/i0.wp.com\/www.frasicelebri.it\/news\/wp-content\/uploads\/2025\/10\/umberto-eco-3.jpg?fit=1200%2C800&ssl=1","contentUrl":"https:\/\/i0.wp.com\/www.frasicelebri.it\/news\/wp-content\/uploads\/2025\/10\/umberto-eco-3.jpg?fit=1200%2C800&ssl=1","width":1200,"height":800,"caption":"Frasi di Umberto Eco sulla memoria"},{"@type":"BreadcrumbList","@id":"https:\/\/www.frasicelebri.it\/news\/frasi-di-umberto-eco-sulla-memoria\/#breadcrumb","itemListElement":[{"@type":"ListItem","position":1,"name":"Home","item":"https:\/\/www.frasicelebri.it\/news\/"},{"@type":"ListItem","position":2,"name":"Frasi di Umberto Eco sulla memoria, ti spiegheranno perch\u00e9 pi\u00f9 invecchi e pi\u00f9 ricordi la tua infanzia: sono dolcissime"}]},{"@type":"WebSite","@id":"https:\/\/www.frasicelebri.it\/news\/#website","url":"https:\/\/www.frasicelebri.it\/news\/","name":"Frasicelebri.it","description":"News Frasicelebri.it","publisher":{"@id":"https:\/\/www.frasicelebri.it\/news\/#organization"},"potentialAction":[{"@type":"SearchAction","target":{"@type":"EntryPoint","urlTemplate":"https:\/\/www.frasicelebri.it\/news\/?s={search_term_string}"},"query-input":{"@type":"PropertyValueSpecification","valueRequired":true,"valueName":"search_term_string"}}],"inLanguage":"it-IT"},{"@type":"Organization","@id":"https:\/\/www.frasicelebri.it\/news\/#organization","name":"Frasicelebri.it","url":"https:\/\/www.frasicelebri.it\/news\/","logo":{"@type":"ImageObject","inLanguage":"it-IT","@id":"https:\/\/www.frasicelebri.it\/news\/#\/schema\/logo\/image\/","url":"https:\/\/i0.wp.com\/www.frasicelebri.it\/news\/wp-content\/uploads\/2024\/07\/logo-quadrato-drasicelebri.it_.jpg?fit=696%2C696&ssl=1","contentUrl":"https:\/\/i0.wp.com\/www.frasicelebri.it\/news\/wp-content\/uploads\/2024\/07\/logo-quadrato-drasicelebri.it_.jpg?fit=696%2C696&ssl=1","width":696,"height":696,"caption":"Frasicelebri.it"},"image":{"@id":"https:\/\/www.frasicelebri.it\/news\/#\/schema\/logo\/image\/"}},{"@type":"Person","@id":"https:\/\/www.frasicelebri.it\/news\/#\/schema\/person\/712303166008dc510236daeaf8087292","name":"Romina Cardia","image":{"@type":"ImageObject","inLanguage":"it-IT","@id":"https:\/\/www.frasicelebri.it\/news\/#\/schema\/person\/image\/","url":"https:\/\/secure.gravatar.com\/avatar\/7e155e0e5584fd17310efae2dc94f61e?s=96&d=mm&r=g","contentUrl":"https:\/\/secure.gravatar.com\/avatar\/7e155e0e5584fd17310efae2dc94f61e?s=96&d=mm&r=g","caption":"Romina Cardia"},"url":"https:\/\/www.frasicelebri.it\/news\/author\/romina\/"}]}},"_links":{"self":[{"href":"https:\/\/www.frasicelebri.it\/news\/wp-json\/wp\/v2\/posts\/40814","targetHints":{"allow":["GET"]}}],"collection":[{"href":"https:\/\/www.frasicelebri.it\/news\/wp-json\/wp\/v2\/posts"}],"about":[{"href":"https:\/\/www.frasicelebri.it\/news\/wp-json\/wp\/v2\/types\/post"}],"author":[{"embeddable":true,"href":"https:\/\/www.frasicelebri.it\/news\/wp-json\/wp\/v2\/users\/12"}],"replies":[{"embeddable":true,"href":"https:\/\/www.frasicelebri.it\/news\/wp-json\/wp\/v2\/comments?post=40814"}],"version-history":[{"count":1,"href":"https:\/\/www.frasicelebri.it\/news\/wp-json\/wp\/v2\/posts\/40814\/revisions"}],"predecessor-version":[{"id":40816,"href":"https:\/\/www.frasicelebri.it\/news\/wp-json\/wp\/v2\/posts\/40814\/revisions\/40816"}],"wp:featuredmedia":[{"embeddable":true,"href":"https:\/\/www.frasicelebri.it\/news\/wp-json\/wp\/v2\/media\/40815"}],"wp:attachment":[{"href":"https:\/\/www.frasicelebri.it\/news\/wp-json\/wp\/v2\/media?parent=40814"}],"wp:term":[{"taxonomy":"category","embeddable":true,"href":"https:\/\/www.frasicelebri.it\/news\/wp-json\/wp\/v2\/categories?post=40814"},{"taxonomy":"post_tag","embeddable":true,"href":"https:\/\/www.frasicelebri.it\/news\/wp-json\/wp\/v2\/tags?post=40814"}],"curies":[{"name":"wp","href":"https:\/\/api.w.org\/{rel}","templated":true}]}}