{"id":40850,"date":"2025-10-10T08:00:39","date_gmt":"2025-10-10T06:00:39","guid":{"rendered":"https:\/\/www.frasicelebri.it\/news\/?p=40850"},"modified":"2025-10-09T12:53:34","modified_gmt":"2025-10-09T10:53:34","slug":"frasi-di-massimo-recalcati-sullegoismo","status":"publish","type":"post","link":"https:\/\/www.frasicelebri.it\/news\/frasi-di-massimo-recalcati-sullegoismo\/","title":{"rendered":"Frasi di Massimo Recalcati sull\u2019egoismo, le userai per levarti dai piedi quel collega che vuol fare tutto da s\u00e9"},"content":{"rendered":"<p><strong>Massimo Recalcati<\/strong> \u00e8 uno di quei rari intellettuali capaci di portare la psicoanalisi fuori dallo studio e dentro la vita quotidiana. Non parla solo agli addetti ai lavori: parla a noi, comuni mortali che dobbiamo sopravvivere tra colleghi che si credono dei geni incompresi, partner che confondono l\u2019amore con il controllo e amici che hanno sempre bisogno di \u201cparlarti di loro\u201d (e tu non puoi mai dire una parola). Lui, Recalcati, con il tono calmo e l\u2019aria di chi sa ascoltare anche il silenzio, ci mette davanti a una verit\u00e0 tanto semplice quanto fastidiosa:<\/p>\n<blockquote><p>\u201c<em>Una delle pi\u00f9 grandi malattie dell\u2019essere\u00a0<\/em><em>umano \u00e8 essere troppo attaccato al proprio Io<\/em>.\u201d<\/p><\/blockquote>\n<p><span style=\"font-size: inherit;\">E da qui parte la sua lezione sull\u2019egoismo: una malattia contagiosa, difficile da curare, ma che possiamo almeno imparare a riconoscere (e a tenere a distanza).<\/span><\/p>\n<p><img data-recalc-dims=\"1\" loading=\"lazy\" decoding=\"async\" class=\"alignnone size-full wp-image-40851\" src=\"https:\/\/i0.wp.com\/www.frasicelebri.it\/news\/wp-content\/uploads\/2025\/10\/massimo-recalcati.jpg?resize=1200%2C800&#038;ssl=1\" alt=\"Frasi di Massimo Recalcati sull\u2019egoismo\" width=\"1200\" height=\"800\" srcset=\"https:\/\/i0.wp.com\/www.frasicelebri.it\/news\/wp-content\/uploads\/2025\/10\/massimo-recalcati.jpg?w=1200&amp;ssl=1 1200w, https:\/\/i0.wp.com\/www.frasicelebri.it\/news\/wp-content\/uploads\/2025\/10\/massimo-recalcati.jpg?resize=300%2C200&amp;ssl=1 300w, https:\/\/i0.wp.com\/www.frasicelebri.it\/news\/wp-content\/uploads\/2025\/10\/massimo-recalcati.jpg?resize=150%2C100&amp;ssl=1 150w, https:\/\/i0.wp.com\/www.frasicelebri.it\/news\/wp-content\/uploads\/2025\/10\/massimo-recalcati.jpg?resize=768%2C512&amp;ssl=1 768w\" sizes=\"auto, (max-width: 1200px) 100vw, 1200px\" \/><\/p>\n<h2>L\u2019egoismo secondo Massimo Recalcati: non \u00e8 amare s\u00e9 stessi, \u00e8 amarsi <em>troppo<\/em><\/h2>\n<p><strong>Massimo Recalcati<\/strong> non demonizza l\u2019amor proprio. Anzi, spiega che <strong>avere cura di s\u00e9 \u00e8 necessario<\/strong>. Il problema nasce quando il nostro \u201cIo\u201d diventa l\u2019unico punto di riferimento dell\u2019universo, e tutto il resto &#8211; persone, relazioni, emozioni &#8211; si riduce a comparse nel film della nostra vita.<\/p>\n<p>Secondo lui, l\u2019essere umano si ammala quando dimentica che non \u00e8 nato da s\u00e9, ma da un dono, da un legame, da un <em>altro<\/em>.<\/p>\n<blockquote><p>\u201c<em>Noi non siamo padroni della nostra vita, perch\u00e9 noi riceviamo la vita a partire da un processo di filiazione, da un dono. La nostra vita proviene sempre dall\u2019altro<\/em>.\u201d<\/p><\/blockquote>\n<p>In altre parole: non siamo isole autosufficienti. <strong>Siamo pezzi di un mosaico, e se uno decide di stare per conto suo, il disegno si rovina per tutti<\/strong>.<\/p>\n<h3>Il divano dello psicanalista e la scoperta dell\u2019altro<\/h3>\n<p>C\u2019\u00e8 una scena tipica che Massimo Recalcati ama descrivere: il paziente sdraiato sul divano, pronto a parlare di s\u00e9. Ma presto scopre che, nel raccontare la propria vita, parla inevitabilmente degli altri: genitori, amori, amici, insegnanti, rivali:<\/p>\n<blockquote><p>\u201c<em>Quando lo psicanalista invita il paziente a sdraiarsi sul divano e a dire tutto quello che gli passa per la mente per parlare di s\u00e9, lui per parlare di s\u00e9 necessariamente parla di tutti i suoi altri<\/em>.\u201d<\/p><\/blockquote>\n<p>Ecco il punto: noi non esistiamo <em>da soli<\/em>. <strong>Siamo attraversati, formati e continuamente modificati dagli altri<\/strong>:<\/p>\n<blockquote><p>\u201c<em>Nessuno di noi per parlare di s\u00e9 pu\u00f2 parlare di s\u00e9 senza parlare dell\u2019altro. Questo significa che noi siamo attraversati dall\u2019altro<\/em>.\u201d<\/p><\/blockquote>\n<p>Tradotto in linguaggio da ufficio: anche il collega che pensa di essere indispensabile, in realt\u00e0 non sarebbe niente senza chi gli risponde alle email, gli corregge le bozze o gli prepara il caff\u00e8.<\/p>\n<h3>Il troppo Io fa male (a s\u00e9 e agli altri)<\/h3>\n<p>L\u2019attaccamento eccessivo al proprio Io \u00e8 una gabbia dorata: ci fa sentire forti, ma ci isola. Recalcati lo definisce una \u201cmalattia\u201d perch\u00e9 <strong>chi \u00e8 troppo concentrato su di s\u00e9 perde la capacit\u00e0 di vedere, ascoltare e comprendere gli altri<\/strong>.<\/p>\n<p>E la cosa peggiore? Che <strong>l\u2019egoista non sa di esserlo<\/strong>. Crede di essere <em>solo molto coerente con s\u00e9 stesso<\/em>. Peccato che nel frattempo calpesti chi gli sta intorno, incapace di riconoscere che <strong>la vita \u00e8 un gioco di squadra e non un monologo interiore<\/strong>.<\/p>\n<h3>Come liberarci dagli egoisti (e da un po\u2019 di egoismo nostro)<\/h3>\n<p>La buona notizia \u00e8 che, seguendo Massimo Recalcati, possiamo imparare a non cadere nella trappola del \u201ctutto io\u201d. Il primo passo \u00e8 <strong>accorgercene<\/strong>. Riconoscere quando stiamo parlando solo per sentirci bravi, quando vogliamo avere l\u2019ultima parola o quando ci offendiamo perch\u00e9 qualcuno non ci ha messo al centro.<\/p>\n<p>Il secondo passo \u00e8 <strong>ridimensionare l\u2019Io<\/strong>: ricordare che ogni cosa bella della nostra vita &#8211; amore, amicizia, famiglia, persino successo &#8211; \u00e8 arrivata attraverso gli altri.<br \/>\nE il terzo, quello pi\u00f9 liberatorio, \u00e8 <strong>prendere le distanze da chi vive solo per s\u00e9<\/strong>.<br \/>\nPerch\u00e9, come direbbe Recalcati, se l\u2019egoista non riesce a vedere oltre il proprio naso, non \u00e8 colpa tua se decidi di allontanarti per respirare aria pulita.<\/p>\n<h3>Un mondo meno &#8220;Io&#8221; e pi\u00f9 &#8220;Noi&#8221;<\/h3>\n<p>Il messaggio di Massimo Recalcati non \u00e8 solo psicologico, \u00e8 profondamente umano: <strong>la felicit\u00e0 non nasce dall\u2019autarchia emotiva, ma dalla relazione<\/strong>. Essere meno attaccati al proprio Io non significa annullarsi, ma riconoscere che la nostra identit\u00e0 esiste solo grazie agli altri.<\/p>\n<p>E allora, la prossima volta che il collega saputello vorr\u00e0 fare tutto da solo, puoi sorridere e pensare: \u201cTranquillo, caro, la tua malattia ha un nome: troppo Io. E io, per fortuna, me ne tengo alla larga.\u201d Un piccolo gesto di salute mentale, consigliato dallo psicoanalista pi\u00f9 elegante e ironico d\u2019Italia.<\/p>\n<h3>Frasi di Massimo Recalcati sull\u2019egoismo<\/h3>\n<ol>\n<li><strong>\u201c<em>Una delle pi\u00f9 grandi malattie dell\u2019essere umano \u00e8 essere troppo attaccato al proprio Io<\/em>.\u201d<\/strong><\/li>\n<li><strong>\u201c<em>Noi non siamo padroni della nostra vita, perch\u00e9 noi riceviamo la vita a partire da un processo di filiazione, da un dono. La nostra vita proviene sempre dall\u2019altro<\/em>.\u201d<\/strong><\/li>\n<li><strong>\u201c<em>Quando lo psicanalista invita il paziente a sdraiarsi sul divano e a dire tutto quello che gli passa per la mente per parlare di s\u00e9, lui per parlare di s\u00e9 necessariamente parla di tutti i suoi altri: familiari, amici, amori, insegnanti\u2026<\/em>\u201d<\/strong><\/li>\n<li><strong>\u201c<em>Nessuno di noi per parlare di s\u00e9, pu\u00f2 parlare di s\u00e9 senza parlare dell\u2019altro, questo significa che noi siamo attraversati dall\u2019altro<\/em>.\u201d<\/strong><\/li>\n<\/ol>\n<p>Leggi altre <a href=\"https:\/\/www.frasicelebri.it\/ricerca-frasi\/?q=massimo+recalcati\">frasi celebri di Massimo Recalcati<\/a> e le <a href=\"https:\/\/www.frasicelebri.it\/ricerca-frasi\/?q=egoismo\">frasi celebri sull\u2019egoismo<\/a><\/p>\n","protected":false},"excerpt":{"rendered":"<p>Massimo Recalcati \u00e8 uno di quei rari intellettuali capaci di portare la psicoanalisi fuori dallo studio e dentro la vita quotidiana. Non parla solo agli &#8230; <a title=\"Frasi di Massimo Recalcati sull\u2019egoismo, le userai per levarti dai piedi quel collega che vuol fare tutto da s\u00e9\" class=\"read-more\" href=\"https:\/\/www.frasicelebri.it\/news\/frasi-di-massimo-recalcati-sullegoismo\/\" aria-label=\"More on Frasi di Massimo Recalcati sull\u2019egoismo, le userai per levarti dai piedi quel collega che vuol fare tutto da s\u00e9\">Leggi tutto<\/a><\/p>\n","protected":false},"author":12,"featured_media":40851,"comment_status":"closed","ping_status":"closed","sticky":false,"template":"","format":"standard","meta":{"footnotes":""},"categories":[676],"tags":[1553,1307],"class_list":["post-40850","post","type-post","status-publish","format-standard","has-post-thumbnail","hentry","category-spettacolo","tag-frasi-sullegoismo","tag-massimo-recalcati"],"yoast_head":"<!-- This site is optimized with the Yoast SEO plugin v25.2 - https:\/\/yoast.com\/wordpress\/plugins\/seo\/ -->\n<title>Frasi di Massimo Recalcati sull\u2019egoismo, le userai per levarti dai piedi quel collega che vuol fare tutto da s\u00e9 - Frasicelebri.it<\/title>\n<meta name=\"description\" content=\"Massimo Recalcati ci ricorda che l\u2019essere umano non nasce da s\u00e9 stesso ma dagli altri. E che il vero problema \u00e8 l\u2019eccesso di s\u00e9\" \/>\n<meta name=\"robots\" content=\"index, follow, max-snippet:-1, max-image-preview:large, max-video-preview:-1\" \/>\n<link rel=\"canonical\" href=\"https:\/\/www.frasicelebri.it\/news\/frasi-di-massimo-recalcati-sullegoismo\/\" \/>\n<meta property=\"og:locale\" content=\"it_IT\" \/>\n<meta property=\"og:type\" content=\"article\" \/>\n<meta property=\"og:title\" content=\"Frasi di Massimo Recalcati sull\u2019egoismo, le userai per levarti dai piedi quel collega che vuol fare tutto da s\u00e9 - Frasicelebri.it\" \/>\n<meta property=\"og:description\" content=\"Massimo Recalcati ci ricorda che l\u2019essere umano non nasce da s\u00e9 stesso ma dagli altri. E che il vero problema \u00e8 l\u2019eccesso di s\u00e9\" \/>\n<meta property=\"og:url\" content=\"https:\/\/www.frasicelebri.it\/news\/frasi-di-massimo-recalcati-sullegoismo\/\" \/>\n<meta property=\"og:site_name\" content=\"Frasicelebri.it\" \/>\n<meta property=\"article:published_time\" content=\"2025-10-10T06:00:39+00:00\" \/>\n<meta property=\"og:image\" content=\"https:\/\/i0.wp.com\/www.frasicelebri.it\/news\/wp-content\/uploads\/2025\/10\/massimo-recalcati.jpg?fit=1200%2C800&ssl=1\" \/>\n\t<meta property=\"og:image:width\" content=\"1200\" \/>\n\t<meta property=\"og:image:height\" content=\"800\" \/>\n\t<meta property=\"og:image:type\" content=\"image\/jpeg\" \/>\n<meta name=\"author\" content=\"Romina Cardia\" \/>\n<meta name=\"twitter:card\" content=\"summary_large_image\" \/>\n<meta name=\"twitter:label1\" content=\"Scritto da\" \/>\n\t<meta name=\"twitter:data1\" content=\"Romina Cardia\" \/>\n\t<meta name=\"twitter:label2\" content=\"Tempo di lettura stimato\" \/>\n\t<meta name=\"twitter:data2\" content=\"5 minuti\" \/>\n<script type=\"application\/ld+json\" class=\"yoast-schema-graph\">{\"@context\":\"https:\/\/schema.org\",\"@graph\":[{\"@type\":\"Article\",\"@id\":\"https:\/\/www.frasicelebri.it\/news\/frasi-di-massimo-recalcati-sullegoismo\/#article\",\"isPartOf\":{\"@id\":\"https:\/\/www.frasicelebri.it\/news\/frasi-di-massimo-recalcati-sullegoismo\/\"},\"author\":{\"name\":\"Romina Cardia\",\"@id\":\"https:\/\/www.frasicelebri.it\/news\/#\/schema\/person\/712303166008dc510236daeaf8087292\"},\"headline\":\"Frasi di Massimo Recalcati sull\u2019egoismo, le userai per levarti dai piedi quel collega che vuol fare tutto da s\u00e9\",\"datePublished\":\"2025-10-10T06:00:39+00:00\",\"mainEntityOfPage\":{\"@id\":\"https:\/\/www.frasicelebri.it\/news\/frasi-di-massimo-recalcati-sullegoismo\/\"},\"wordCount\":891,\"publisher\":{\"@id\":\"https:\/\/www.frasicelebri.it\/news\/#organization\"},\"image\":{\"@id\":\"https:\/\/www.frasicelebri.it\/news\/frasi-di-massimo-recalcati-sullegoismo\/#primaryimage\"},\"thumbnailUrl\":\"https:\/\/i0.wp.com\/www.frasicelebri.it\/news\/wp-content\/uploads\/2025\/10\/massimo-recalcati.jpg?fit=1200%2C800&ssl=1\",\"keywords\":[\"frasi sull'egoismo\",\"Massimo Recalcati\"],\"articleSection\":[\"Spettacolo\"],\"inLanguage\":\"it-IT\"},{\"@type\":\"WebPage\",\"@id\":\"https:\/\/www.frasicelebri.it\/news\/frasi-di-massimo-recalcati-sullegoismo\/\",\"url\":\"https:\/\/www.frasicelebri.it\/news\/frasi-di-massimo-recalcati-sullegoismo\/\",\"name\":\"Frasi di Massimo Recalcati sull\u2019egoismo, le userai per levarti dai piedi quel collega che vuol fare tutto da s\u00e9 - Frasicelebri.it\",\"isPartOf\":{\"@id\":\"https:\/\/www.frasicelebri.it\/news\/#website\"},\"primaryImageOfPage\":{\"@id\":\"https:\/\/www.frasicelebri.it\/news\/frasi-di-massimo-recalcati-sullegoismo\/#primaryimage\"},\"image\":{\"@id\":\"https:\/\/www.frasicelebri.it\/news\/frasi-di-massimo-recalcati-sullegoismo\/#primaryimage\"},\"thumbnailUrl\":\"https:\/\/i0.wp.com\/www.frasicelebri.it\/news\/wp-content\/uploads\/2025\/10\/massimo-recalcati.jpg?fit=1200%2C800&ssl=1\",\"datePublished\":\"2025-10-10T06:00:39+00:00\",\"description\":\"Massimo Recalcati ci ricorda che l\u2019essere umano non nasce da s\u00e9 stesso ma dagli altri. E che il vero problema \u00e8 l\u2019eccesso di s\u00e9\",\"breadcrumb\":{\"@id\":\"https:\/\/www.frasicelebri.it\/news\/frasi-di-massimo-recalcati-sullegoismo\/#breadcrumb\"},\"inLanguage\":\"it-IT\",\"potentialAction\":[{\"@type\":\"ReadAction\",\"target\":[\"https:\/\/www.frasicelebri.it\/news\/frasi-di-massimo-recalcati-sullegoismo\/\"]}]},{\"@type\":\"ImageObject\",\"inLanguage\":\"it-IT\",\"@id\":\"https:\/\/www.frasicelebri.it\/news\/frasi-di-massimo-recalcati-sullegoismo\/#primaryimage\",\"url\":\"https:\/\/i0.wp.com\/www.frasicelebri.it\/news\/wp-content\/uploads\/2025\/10\/massimo-recalcati.jpg?fit=1200%2C800&ssl=1\",\"contentUrl\":\"https:\/\/i0.wp.com\/www.frasicelebri.it\/news\/wp-content\/uploads\/2025\/10\/massimo-recalcati.jpg?fit=1200%2C800&ssl=1\",\"width\":1200,\"height\":800,\"caption\":\"Frasi di Massimo Recalcati sull\u2019egoismo\"},{\"@type\":\"BreadcrumbList\",\"@id\":\"https:\/\/www.frasicelebri.it\/news\/frasi-di-massimo-recalcati-sullegoismo\/#breadcrumb\",\"itemListElement\":[{\"@type\":\"ListItem\",\"position\":1,\"name\":\"Home\",\"item\":\"https:\/\/www.frasicelebri.it\/news\/\"},{\"@type\":\"ListItem\",\"position\":2,\"name\":\"Frasi di Massimo Recalcati sull\u2019egoismo, le userai per levarti dai piedi quel collega che vuol fare tutto da s\u00e9\"}]},{\"@type\":\"WebSite\",\"@id\":\"https:\/\/www.frasicelebri.it\/news\/#website\",\"url\":\"https:\/\/www.frasicelebri.it\/news\/\",\"name\":\"Frasicelebri.it\",\"description\":\"News Frasicelebri.it\",\"publisher\":{\"@id\":\"https:\/\/www.frasicelebri.it\/news\/#organization\"},\"potentialAction\":[{\"@type\":\"SearchAction\",\"target\":{\"@type\":\"EntryPoint\",\"urlTemplate\":\"https:\/\/www.frasicelebri.it\/news\/?s={search_term_string}\"},\"query-input\":{\"@type\":\"PropertyValueSpecification\",\"valueRequired\":true,\"valueName\":\"search_term_string\"}}],\"inLanguage\":\"it-IT\"},{\"@type\":\"Organization\",\"@id\":\"https:\/\/www.frasicelebri.it\/news\/#organization\",\"name\":\"Frasicelebri.it\",\"url\":\"https:\/\/www.frasicelebri.it\/news\/\",\"logo\":{\"@type\":\"ImageObject\",\"inLanguage\":\"it-IT\",\"@id\":\"https:\/\/www.frasicelebri.it\/news\/#\/schema\/logo\/image\/\",\"url\":\"https:\/\/i0.wp.com\/www.frasicelebri.it\/news\/wp-content\/uploads\/2024\/07\/logo-quadrato-drasicelebri.it_.jpg?fit=696%2C696&ssl=1\",\"contentUrl\":\"https:\/\/i0.wp.com\/www.frasicelebri.it\/news\/wp-content\/uploads\/2024\/07\/logo-quadrato-drasicelebri.it_.jpg?fit=696%2C696&ssl=1\",\"width\":696,\"height\":696,\"caption\":\"Frasicelebri.it\"},\"image\":{\"@id\":\"https:\/\/www.frasicelebri.it\/news\/#\/schema\/logo\/image\/\"}},{\"@type\":\"Person\",\"@id\":\"https:\/\/www.frasicelebri.it\/news\/#\/schema\/person\/712303166008dc510236daeaf8087292\",\"name\":\"Romina Cardia\",\"image\":{\"@type\":\"ImageObject\",\"inLanguage\":\"it-IT\",\"@id\":\"https:\/\/www.frasicelebri.it\/news\/#\/schema\/person\/image\/\",\"url\":\"https:\/\/secure.gravatar.com\/avatar\/7e155e0e5584fd17310efae2dc94f61e?s=96&d=mm&r=g\",\"contentUrl\":\"https:\/\/secure.gravatar.com\/avatar\/7e155e0e5584fd17310efae2dc94f61e?s=96&d=mm&r=g\",\"caption\":\"Romina Cardia\"},\"url\":\"https:\/\/www.frasicelebri.it\/news\/author\/romina\/\"}]}<\/script>\n<!-- \/ Yoast SEO plugin. -->","yoast_head_json":{"title":"Frasi di Massimo Recalcati sull\u2019egoismo, le userai per levarti dai piedi quel collega che vuol fare tutto da s\u00e9 - Frasicelebri.it","description":"Massimo Recalcati ci ricorda che l\u2019essere umano non nasce da s\u00e9 stesso ma dagli altri. E che il vero problema \u00e8 l\u2019eccesso di s\u00e9","robots":{"index":"index","follow":"follow","max-snippet":"max-snippet:-1","max-image-preview":"max-image-preview:large","max-video-preview":"max-video-preview:-1"},"canonical":"https:\/\/www.frasicelebri.it\/news\/frasi-di-massimo-recalcati-sullegoismo\/","og_locale":"it_IT","og_type":"article","og_title":"Frasi di Massimo Recalcati sull\u2019egoismo, le userai per levarti dai piedi quel collega che vuol fare tutto da s\u00e9 - Frasicelebri.it","og_description":"Massimo Recalcati ci ricorda che l\u2019essere umano non nasce da s\u00e9 stesso ma dagli altri. E che il vero problema \u00e8 l\u2019eccesso di s\u00e9","og_url":"https:\/\/www.frasicelebri.it\/news\/frasi-di-massimo-recalcati-sullegoismo\/","og_site_name":"Frasicelebri.it","article_published_time":"2025-10-10T06:00:39+00:00","og_image":[{"width":1200,"height":800,"url":"https:\/\/i0.wp.com\/www.frasicelebri.it\/news\/wp-content\/uploads\/2025\/10\/massimo-recalcati.jpg?fit=1200%2C800&ssl=1","type":"image\/jpeg"}],"author":"Romina Cardia","twitter_card":"summary_large_image","twitter_misc":{"Scritto da":"Romina Cardia","Tempo di lettura stimato":"5 minuti"},"schema":{"@context":"https:\/\/schema.org","@graph":[{"@type":"Article","@id":"https:\/\/www.frasicelebri.it\/news\/frasi-di-massimo-recalcati-sullegoismo\/#article","isPartOf":{"@id":"https:\/\/www.frasicelebri.it\/news\/frasi-di-massimo-recalcati-sullegoismo\/"},"author":{"name":"Romina Cardia","@id":"https:\/\/www.frasicelebri.it\/news\/#\/schema\/person\/712303166008dc510236daeaf8087292"},"headline":"Frasi di Massimo Recalcati sull\u2019egoismo, le userai per levarti dai piedi quel collega che vuol fare tutto da s\u00e9","datePublished":"2025-10-10T06:00:39+00:00","mainEntityOfPage":{"@id":"https:\/\/www.frasicelebri.it\/news\/frasi-di-massimo-recalcati-sullegoismo\/"},"wordCount":891,"publisher":{"@id":"https:\/\/www.frasicelebri.it\/news\/#organization"},"image":{"@id":"https:\/\/www.frasicelebri.it\/news\/frasi-di-massimo-recalcati-sullegoismo\/#primaryimage"},"thumbnailUrl":"https:\/\/i0.wp.com\/www.frasicelebri.it\/news\/wp-content\/uploads\/2025\/10\/massimo-recalcati.jpg?fit=1200%2C800&ssl=1","keywords":["frasi sull'egoismo","Massimo Recalcati"],"articleSection":["Spettacolo"],"inLanguage":"it-IT"},{"@type":"WebPage","@id":"https:\/\/www.frasicelebri.it\/news\/frasi-di-massimo-recalcati-sullegoismo\/","url":"https:\/\/www.frasicelebri.it\/news\/frasi-di-massimo-recalcati-sullegoismo\/","name":"Frasi di Massimo Recalcati sull\u2019egoismo, le userai per levarti dai piedi quel collega che vuol fare tutto da s\u00e9 - Frasicelebri.it","isPartOf":{"@id":"https:\/\/www.frasicelebri.it\/news\/#website"},"primaryImageOfPage":{"@id":"https:\/\/www.frasicelebri.it\/news\/frasi-di-massimo-recalcati-sullegoismo\/#primaryimage"},"image":{"@id":"https:\/\/www.frasicelebri.it\/news\/frasi-di-massimo-recalcati-sullegoismo\/#primaryimage"},"thumbnailUrl":"https:\/\/i0.wp.com\/www.frasicelebri.it\/news\/wp-content\/uploads\/2025\/10\/massimo-recalcati.jpg?fit=1200%2C800&ssl=1","datePublished":"2025-10-10T06:00:39+00:00","description":"Massimo Recalcati ci ricorda che l\u2019essere umano non nasce da s\u00e9 stesso ma dagli altri. E che il vero problema \u00e8 l\u2019eccesso di s\u00e9","breadcrumb":{"@id":"https:\/\/www.frasicelebri.it\/news\/frasi-di-massimo-recalcati-sullegoismo\/#breadcrumb"},"inLanguage":"it-IT","potentialAction":[{"@type":"ReadAction","target":["https:\/\/www.frasicelebri.it\/news\/frasi-di-massimo-recalcati-sullegoismo\/"]}]},{"@type":"ImageObject","inLanguage":"it-IT","@id":"https:\/\/www.frasicelebri.it\/news\/frasi-di-massimo-recalcati-sullegoismo\/#primaryimage","url":"https:\/\/i0.wp.com\/www.frasicelebri.it\/news\/wp-content\/uploads\/2025\/10\/massimo-recalcati.jpg?fit=1200%2C800&ssl=1","contentUrl":"https:\/\/i0.wp.com\/www.frasicelebri.it\/news\/wp-content\/uploads\/2025\/10\/massimo-recalcati.jpg?fit=1200%2C800&ssl=1","width":1200,"height":800,"caption":"Frasi di Massimo Recalcati sull\u2019egoismo"},{"@type":"BreadcrumbList","@id":"https:\/\/www.frasicelebri.it\/news\/frasi-di-massimo-recalcati-sullegoismo\/#breadcrumb","itemListElement":[{"@type":"ListItem","position":1,"name":"Home","item":"https:\/\/www.frasicelebri.it\/news\/"},{"@type":"ListItem","position":2,"name":"Frasi di Massimo Recalcati sull\u2019egoismo, le userai per levarti dai piedi quel collega che vuol fare tutto da s\u00e9"}]},{"@type":"WebSite","@id":"https:\/\/www.frasicelebri.it\/news\/#website","url":"https:\/\/www.frasicelebri.it\/news\/","name":"Frasicelebri.it","description":"News Frasicelebri.it","publisher":{"@id":"https:\/\/www.frasicelebri.it\/news\/#organization"},"potentialAction":[{"@type":"SearchAction","target":{"@type":"EntryPoint","urlTemplate":"https:\/\/www.frasicelebri.it\/news\/?s={search_term_string}"},"query-input":{"@type":"PropertyValueSpecification","valueRequired":true,"valueName":"search_term_string"}}],"inLanguage":"it-IT"},{"@type":"Organization","@id":"https:\/\/www.frasicelebri.it\/news\/#organization","name":"Frasicelebri.it","url":"https:\/\/www.frasicelebri.it\/news\/","logo":{"@type":"ImageObject","inLanguage":"it-IT","@id":"https:\/\/www.frasicelebri.it\/news\/#\/schema\/logo\/image\/","url":"https:\/\/i0.wp.com\/www.frasicelebri.it\/news\/wp-content\/uploads\/2024\/07\/logo-quadrato-drasicelebri.it_.jpg?fit=696%2C696&ssl=1","contentUrl":"https:\/\/i0.wp.com\/www.frasicelebri.it\/news\/wp-content\/uploads\/2024\/07\/logo-quadrato-drasicelebri.it_.jpg?fit=696%2C696&ssl=1","width":696,"height":696,"caption":"Frasicelebri.it"},"image":{"@id":"https:\/\/www.frasicelebri.it\/news\/#\/schema\/logo\/image\/"}},{"@type":"Person","@id":"https:\/\/www.frasicelebri.it\/news\/#\/schema\/person\/712303166008dc510236daeaf8087292","name":"Romina Cardia","image":{"@type":"ImageObject","inLanguage":"it-IT","@id":"https:\/\/www.frasicelebri.it\/news\/#\/schema\/person\/image\/","url":"https:\/\/secure.gravatar.com\/avatar\/7e155e0e5584fd17310efae2dc94f61e?s=96&d=mm&r=g","contentUrl":"https:\/\/secure.gravatar.com\/avatar\/7e155e0e5584fd17310efae2dc94f61e?s=96&d=mm&r=g","caption":"Romina Cardia"},"url":"https:\/\/www.frasicelebri.it\/news\/author\/romina\/"}]}},"_links":{"self":[{"href":"https:\/\/www.frasicelebri.it\/news\/wp-json\/wp\/v2\/posts\/40850","targetHints":{"allow":["GET"]}}],"collection":[{"href":"https:\/\/www.frasicelebri.it\/news\/wp-json\/wp\/v2\/posts"}],"about":[{"href":"https:\/\/www.frasicelebri.it\/news\/wp-json\/wp\/v2\/types\/post"}],"author":[{"embeddable":true,"href":"https:\/\/www.frasicelebri.it\/news\/wp-json\/wp\/v2\/users\/12"}],"replies":[{"embeddable":true,"href":"https:\/\/www.frasicelebri.it\/news\/wp-json\/wp\/v2\/comments?post=40850"}],"version-history":[{"count":1,"href":"https:\/\/www.frasicelebri.it\/news\/wp-json\/wp\/v2\/posts\/40850\/revisions"}],"predecessor-version":[{"id":40852,"href":"https:\/\/www.frasicelebri.it\/news\/wp-json\/wp\/v2\/posts\/40850\/revisions\/40852"}],"wp:featuredmedia":[{"embeddable":true,"href":"https:\/\/www.frasicelebri.it\/news\/wp-json\/wp\/v2\/media\/40851"}],"wp:attachment":[{"href":"https:\/\/www.frasicelebri.it\/news\/wp-json\/wp\/v2\/media?parent=40850"}],"wp:term":[{"taxonomy":"category","embeddable":true,"href":"https:\/\/www.frasicelebri.it\/news\/wp-json\/wp\/v2\/categories?post=40850"},{"taxonomy":"post_tag","embeddable":true,"href":"https:\/\/www.frasicelebri.it\/news\/wp-json\/wp\/v2\/tags?post=40850"}],"curies":[{"name":"wp","href":"https:\/\/api.w.org\/{rel}","templated":true}]}}