{"id":40859,"date":"2025-10-10T17:00:10","date_gmt":"2025-10-10T15:00:10","guid":{"rendered":"https:\/\/www.frasicelebri.it\/news\/?p=40859"},"modified":"2025-10-09T13:04:09","modified_gmt":"2025-10-09T11:04:09","slug":"frasi-di-maria-de-filippi-sulla-paura","status":"publish","type":"post","link":"https:\/\/www.frasicelebri.it\/news\/frasi-di-maria-de-filippi-sulla-paura\/","title":{"rendered":"Frasi di Maria De Filippi sulla paura, ti aiuteranno a non temere pi\u00f9 il confronto con gli altri e diventerai pi\u00f9 forte"},"content":{"rendered":"<p><strong>Maria De Filippi<\/strong> non \u00e8 solo la \u201csignora della TV\u201d: \u00e8 un fenomeno sociale. Da <em>C\u2019\u00e8 posta per te<\/em> ad <em>Amici<\/em>, passando per <em>Uomini e Donne<\/em>, ha costruito un impero televisivo con voce pacata, sguardo tagliente e una sincerit\u00e0 disarmante. Dietro la sua apparente calma c\u2019\u00e8 per\u00f2 una donna che conosce bene la <strong>paura<\/strong>, \u00a0e che non la nasconde, anzi, la studia, la sfida e la trasforma in forza.<\/p>\n<blockquote><p>\u201c<em>Nella vita conta vincere le proprie paure, riuscire a trasformarle in forza e non temere il confronto con gli altri<\/em>.\u201d<\/p><\/blockquote>\n<p>Questa frase, pronunciata da lei con la solita semplicit\u00e0 che taglia pi\u00f9 di mille discorsi motivazionali, \u00e8 un piccolo manifesto di vita. Ma cosa intende davvero Maria De Filippi quando parla di paura?<\/p>\n<p><img data-recalc-dims=\"1\" loading=\"lazy\" decoding=\"async\" class=\"alignnone size-full wp-image-40860\" src=\"https:\/\/i0.wp.com\/www.frasicelebri.it\/news\/wp-content\/uploads\/2025\/10\/maria-de-filippi-2.jpg?resize=1200%2C800&#038;ssl=1\" alt=\"Frasi di Maria De Filippi sulla paura\" width=\"1200\" height=\"800\" srcset=\"https:\/\/i0.wp.com\/www.frasicelebri.it\/news\/wp-content\/uploads\/2025\/10\/maria-de-filippi-2.jpg?w=1200&amp;ssl=1 1200w, https:\/\/i0.wp.com\/www.frasicelebri.it\/news\/wp-content\/uploads\/2025\/10\/maria-de-filippi-2.jpg?resize=300%2C200&amp;ssl=1 300w, https:\/\/i0.wp.com\/www.frasicelebri.it\/news\/wp-content\/uploads\/2025\/10\/maria-de-filippi-2.jpg?resize=150%2C100&amp;ssl=1 150w, https:\/\/i0.wp.com\/www.frasicelebri.it\/news\/wp-content\/uploads\/2025\/10\/maria-de-filippi-2.jpg?resize=768%2C512&amp;ssl=1 768w\" sizes=\"auto, (max-width: 1200px) 100vw, 1200px\" \/><\/p>\n<h2>La paura secondo Maria De Filippi: una compagna di viaggio, non una nemica<\/h2>\n<p><strong>Maria De Filippi<\/strong> non parla mai per slogan. Quando racconta la <strong>paura<\/strong>, non la descrive come un mostro da combattere, ma come una presenza inevitabile da capire e gestire. \u201c<em>Nella vita bisogna vincere le proprie fragilit\u00e0<\/em>\u201d, dice, e qui sta il punto: non si tratta di negarle o nasconderle, ma di accettarle e imparare a camminarci accanto.<\/p>\n<p>La paura, per lei, non \u00e8 segno di debolezza. \u00c8 semmai la prova che abbiamo qualcosa da perdere, che ci importa davvero di ci\u00f2 che facciamo. E <strong>solo chi ci tiene davvero pu\u00f2 avere paura<\/strong>.<\/p>\n<h3>Cadere, rialzarsi e\u2026 guardarsi intorno<\/h3>\n<p>Maria De Filippi lo ripete spesso:<\/p>\n<blockquote><p>\u201c<em>A volte si cade e a volte poi ci si rialza e ci si guarda intorno, capendo nel confronto che magari ci sono persone pi\u00f9 forti, pi\u00f9 brave<\/em>.\u201d<\/p><\/blockquote>\n<p>E qui arriva la sua genialit\u00e0: non trasforma il confronto in una gara, ma in un\u2019occasione per crescere. Perch\u00e9 <strong>il vero fallimento non \u00e8 cadere, ma restare a terra a guardare chi corre<\/strong>.<\/p>\n<p>Il suo modo di vedere la paura \u00e8 concreto, quasi pratico: non servono frasi motivazionali urlate o promesse da guru. Basta un passo alla volta, una caduta e una rialzata, possibilmente con un po\u2019 di autoironia.<\/p>\n<h3>&#8220;Non temere il confronto con gli altri&#8221;: la lezione pi\u00f9 utile di tutte<\/h3>\n<blockquote><p>\u201c<em>Nella vita conta vincere le proprie paure, riuscire a trasformarle in forza e non temere il confronto con gli altri<\/em>.\u201d<\/p><\/blockquote>\n<p>\u00c8 una frase che suona semplice, ma contiene una verit\u00e0 che vale pi\u00f9 di mille sedute di coaching: <strong>il confronto non va evitato, va vissuto<\/strong>.<\/p>\n<p>Maria ci ricorda che, se ci sono persone \u201c<em>pi\u00f9 brave o pi\u00f9 forti di noi<\/em>\u201d, non significa che dobbiamo tacere. \u201c<em>Possiamo sempre dire la nostra<\/em>\u201d, dice. Ed \u00e8 qui che scatta la magia: <strong>non serve essere i migliori per avere valore<\/strong>. <strong>Il confronto con gli altri non deve schiacciarci, ma stimolarci<\/strong>. Ci aiuta a capire dove possiamo migliorare, ma anche a riconoscere quello che gi\u00e0 siamo. In fondo, <strong>la paura di non essere all\u2019altezza \u00e8 solo un modo per dire che vogliamo fare bene<\/strong>. E questo, di per s\u00e9, \u00e8 un ottimo punto di partenza.<\/p>\n<h3>La forza silenziosa di Maria De Filippi<\/h3>\n<p>C\u2019\u00e8 qualcosa di incredibilmente umano in Maria De Filippi: non finge mai sicurezza assoluta, ma mostra come <strong>si pu\u00f2 convivere con la paura senza lasciarsene travolgere<\/strong>.<br \/>\nLa sua forza \u00e8 silenziosa, come la voce con cui smonta pregiudizi e mette le persone una di fronte all\u2019altra, davanti alle loro emozioni pi\u00f9 vere.<\/p>\n<p>La sua filosofia \u00e8 chiara: <strong>la paura non si elimina, si addomestica<\/strong>. Si guarda negli occhi, si fa parlare e poi &#8211; con calma, ma con fermezza &#8211; le si dice chi comanda.<\/p>\n<h3>La paura come trampolino<\/h3>\n<p>Maria De Filippi non ci insegna a \u201cnon avere paura\u201d, ma a <strong>non lasciare che la paura decida per noi<\/strong>. Ci mostra che si pu\u00f2 tremare e agire comunque, sbagliare e ricominciare, cadere e rialzarsi con pi\u00f9 lucidit\u00e0. E forse \u00e8 proprio questo il suo segreto: dietro la sua apparente freddezza c\u2019\u00e8 una donna che ha imparato a convivere con le sue fragilit\u00e0, trasformandole in punti di forza.<\/p>\n<p>Perch\u00e9, come dice lei, \u201c<em>nella vita conta vincere le proprie paure<\/em>\u201d. E se lo dice Maria -che affronta ogni giorno giudici, talenti, amori e drammi televisivi &#8211; possiamo crederle: la paura si vince solo vivendola.<\/p>\n<h3>Frasi di Maria De Filippi sulla paura<\/h3>\n<ol>\n<li><strong>\u201c<em>Nella vita bisogna vincere le proprie fragilit\u00e0 e capire che, volte si cade e a volte poi ci si rialza e ci si guarda intorno, capendo nel confronto che magari ci sono persone pi\u00f9 forti, pi\u00f9 brave<\/em>.\u201d<\/strong><\/li>\n<li><strong>\u201c<em>Non \u00e8 che se ci sono persone pi\u00f9 forti e pi\u00f9 brave di noi, non possiamo dire quello che sentiamo o proviamo, possiamo sempre dire la nostra<\/em>.\u201d<\/strong><\/li>\n<\/ol>\n<p>Leggi altre <a href=\"https:\/\/www.frasicelebri.it\/ricerca-frasi\/?q=maria+de+filippi\">frasi celebri di Maria De Filippi<\/a> e le <a href=\"https:\/\/www.frasicelebri.it\/ricerca-frasi\/?q=paura\">frasi celebri sulla paura<\/a><\/p>\n","protected":false},"excerpt":{"rendered":"<p>Maria De Filippi non \u00e8 solo la \u201csignora della TV\u201d: \u00e8 un fenomeno sociale. Da C\u2019\u00e8 posta per te ad Amici, passando per Uomini e &#8230; <a title=\"Frasi di Maria De Filippi sulla paura, ti aiuteranno a non temere pi\u00f9 il confronto con gli altri e diventerai pi\u00f9 forte\" class=\"read-more\" href=\"https:\/\/www.frasicelebri.it\/news\/frasi-di-maria-de-filippi-sulla-paura\/\" aria-label=\"More on Frasi di Maria De Filippi sulla paura, ti aiuteranno a non temere pi\u00f9 il confronto con gli altri e diventerai pi\u00f9 forte\">Leggi tutto<\/a><\/p>\n","protected":false},"author":12,"featured_media":40860,"comment_status":"closed","ping_status":"closed","sticky":false,"template":"","format":"standard","meta":{"footnotes":""},"categories":[676],"tags":[970,840],"class_list":["post-40859","post","type-post","status-publish","format-standard","has-post-thumbnail","hentry","category-spettacolo","tag-frasi-sulla-paura","tag-maria-de-filippi"],"yoast_head":"<!-- This site is optimized with the Yoast SEO plugin v25.2 - https:\/\/yoast.com\/wordpress\/plugins\/seo\/ -->\n<title>Frasi di Maria De Filippi sulla paura, ti aiuteranno a non temere pi\u00f9 il confronto con gli altri e diventerai pi\u00f9 forte - Frasicelebri.it<\/title>\n<meta name=\"description\" content=\"Maria De Filippi racconta la paura come un\u2019alleata, non un nemico. E ci spiega come vincerla con ironia, consapevolezza e coraggio\" \/>\n<meta name=\"robots\" content=\"index, follow, max-snippet:-1, max-image-preview:large, max-video-preview:-1\" \/>\n<link rel=\"canonical\" href=\"https:\/\/www.frasicelebri.it\/news\/frasi-di-maria-de-filippi-sulla-paura\/\" \/>\n<meta property=\"og:locale\" content=\"it_IT\" \/>\n<meta property=\"og:type\" content=\"article\" \/>\n<meta property=\"og:title\" content=\"Frasi di Maria De Filippi sulla paura, ti aiuteranno a non temere pi\u00f9 il confronto con gli altri e diventerai pi\u00f9 forte - Frasicelebri.it\" \/>\n<meta property=\"og:description\" content=\"Maria De Filippi racconta la paura come un\u2019alleata, non un nemico. E ci spiega come vincerla con ironia, consapevolezza e coraggio\" \/>\n<meta property=\"og:url\" content=\"https:\/\/www.frasicelebri.it\/news\/frasi-di-maria-de-filippi-sulla-paura\/\" \/>\n<meta property=\"og:site_name\" content=\"Frasicelebri.it\" \/>\n<meta property=\"article:published_time\" content=\"2025-10-10T15:00:10+00:00\" \/>\n<meta property=\"og:image\" content=\"https:\/\/i0.wp.com\/www.frasicelebri.it\/news\/wp-content\/uploads\/2025\/10\/maria-de-filippi-2.jpg?fit=1200%2C800&ssl=1\" \/>\n\t<meta property=\"og:image:width\" content=\"1200\" \/>\n\t<meta property=\"og:image:height\" content=\"800\" \/>\n\t<meta property=\"og:image:type\" content=\"image\/jpeg\" \/>\n<meta name=\"author\" content=\"Romina Cardia\" \/>\n<meta name=\"twitter:card\" content=\"summary_large_image\" \/>\n<meta name=\"twitter:label1\" content=\"Scritto da\" \/>\n\t<meta name=\"twitter:data1\" content=\"Romina Cardia\" \/>\n\t<meta name=\"twitter:label2\" content=\"Tempo di lettura stimato\" \/>\n\t<meta name=\"twitter:data2\" content=\"5 minuti\" \/>\n<script type=\"application\/ld+json\" class=\"yoast-schema-graph\">{\"@context\":\"https:\/\/schema.org\",\"@graph\":[{\"@type\":\"Article\",\"@id\":\"https:\/\/www.frasicelebri.it\/news\/frasi-di-maria-de-filippi-sulla-paura\/#article\",\"isPartOf\":{\"@id\":\"https:\/\/www.frasicelebri.it\/news\/frasi-di-maria-de-filippi-sulla-paura\/\"},\"author\":{\"name\":\"Romina Cardia\",\"@id\":\"https:\/\/www.frasicelebri.it\/news\/#\/schema\/person\/712303166008dc510236daeaf8087292\"},\"headline\":\"Frasi di Maria De Filippi sulla paura, ti aiuteranno a non temere pi\u00f9 il confronto con gli altri e diventerai pi\u00f9 forte\",\"datePublished\":\"2025-10-10T15:00:10+00:00\",\"mainEntityOfPage\":{\"@id\":\"https:\/\/www.frasicelebri.it\/news\/frasi-di-maria-de-filippi-sulla-paura\/\"},\"wordCount\":782,\"publisher\":{\"@id\":\"https:\/\/www.frasicelebri.it\/news\/#organization\"},\"image\":{\"@id\":\"https:\/\/www.frasicelebri.it\/news\/frasi-di-maria-de-filippi-sulla-paura\/#primaryimage\"},\"thumbnailUrl\":\"https:\/\/i0.wp.com\/www.frasicelebri.it\/news\/wp-content\/uploads\/2025\/10\/maria-de-filippi-2.jpg?fit=1200%2C800&ssl=1\",\"keywords\":[\"frasi sulla paura\",\"Maria De Filippi\"],\"articleSection\":[\"Spettacolo\"],\"inLanguage\":\"it-IT\"},{\"@type\":\"WebPage\",\"@id\":\"https:\/\/www.frasicelebri.it\/news\/frasi-di-maria-de-filippi-sulla-paura\/\",\"url\":\"https:\/\/www.frasicelebri.it\/news\/frasi-di-maria-de-filippi-sulla-paura\/\",\"name\":\"Frasi di Maria De Filippi sulla paura, ti aiuteranno a non temere pi\u00f9 il confronto con gli altri e diventerai pi\u00f9 forte - Frasicelebri.it\",\"isPartOf\":{\"@id\":\"https:\/\/www.frasicelebri.it\/news\/#website\"},\"primaryImageOfPage\":{\"@id\":\"https:\/\/www.frasicelebri.it\/news\/frasi-di-maria-de-filippi-sulla-paura\/#primaryimage\"},\"image\":{\"@id\":\"https:\/\/www.frasicelebri.it\/news\/frasi-di-maria-de-filippi-sulla-paura\/#primaryimage\"},\"thumbnailUrl\":\"https:\/\/i0.wp.com\/www.frasicelebri.it\/news\/wp-content\/uploads\/2025\/10\/maria-de-filippi-2.jpg?fit=1200%2C800&ssl=1\",\"datePublished\":\"2025-10-10T15:00:10+00:00\",\"description\":\"Maria De Filippi racconta la paura come un\u2019alleata, non un nemico. E ci spiega come vincerla con ironia, consapevolezza e coraggio\",\"breadcrumb\":{\"@id\":\"https:\/\/www.frasicelebri.it\/news\/frasi-di-maria-de-filippi-sulla-paura\/#breadcrumb\"},\"inLanguage\":\"it-IT\",\"potentialAction\":[{\"@type\":\"ReadAction\",\"target\":[\"https:\/\/www.frasicelebri.it\/news\/frasi-di-maria-de-filippi-sulla-paura\/\"]}]},{\"@type\":\"ImageObject\",\"inLanguage\":\"it-IT\",\"@id\":\"https:\/\/www.frasicelebri.it\/news\/frasi-di-maria-de-filippi-sulla-paura\/#primaryimage\",\"url\":\"https:\/\/i0.wp.com\/www.frasicelebri.it\/news\/wp-content\/uploads\/2025\/10\/maria-de-filippi-2.jpg?fit=1200%2C800&ssl=1\",\"contentUrl\":\"https:\/\/i0.wp.com\/www.frasicelebri.it\/news\/wp-content\/uploads\/2025\/10\/maria-de-filippi-2.jpg?fit=1200%2C800&ssl=1\",\"width\":1200,\"height\":800,\"caption\":\"Frasi di Maria De Filippi sulla paura\"},{\"@type\":\"BreadcrumbList\",\"@id\":\"https:\/\/www.frasicelebri.it\/news\/frasi-di-maria-de-filippi-sulla-paura\/#breadcrumb\",\"itemListElement\":[{\"@type\":\"ListItem\",\"position\":1,\"name\":\"Home\",\"item\":\"https:\/\/www.frasicelebri.it\/news\/\"},{\"@type\":\"ListItem\",\"position\":2,\"name\":\"Frasi di Maria De Filippi sulla paura, ti aiuteranno a non temere pi\u00f9 il confronto con gli altri e diventerai pi\u00f9 forte\"}]},{\"@type\":\"WebSite\",\"@id\":\"https:\/\/www.frasicelebri.it\/news\/#website\",\"url\":\"https:\/\/www.frasicelebri.it\/news\/\",\"name\":\"Frasicelebri.it\",\"description\":\"News Frasicelebri.it\",\"publisher\":{\"@id\":\"https:\/\/www.frasicelebri.it\/news\/#organization\"},\"potentialAction\":[{\"@type\":\"SearchAction\",\"target\":{\"@type\":\"EntryPoint\",\"urlTemplate\":\"https:\/\/www.frasicelebri.it\/news\/?s={search_term_string}\"},\"query-input\":{\"@type\":\"PropertyValueSpecification\",\"valueRequired\":true,\"valueName\":\"search_term_string\"}}],\"inLanguage\":\"it-IT\"},{\"@type\":\"Organization\",\"@id\":\"https:\/\/www.frasicelebri.it\/news\/#organization\",\"name\":\"Frasicelebri.it\",\"url\":\"https:\/\/www.frasicelebri.it\/news\/\",\"logo\":{\"@type\":\"ImageObject\",\"inLanguage\":\"it-IT\",\"@id\":\"https:\/\/www.frasicelebri.it\/news\/#\/schema\/logo\/image\/\",\"url\":\"https:\/\/i0.wp.com\/www.frasicelebri.it\/news\/wp-content\/uploads\/2024\/07\/logo-quadrato-drasicelebri.it_.jpg?fit=696%2C696&ssl=1\",\"contentUrl\":\"https:\/\/i0.wp.com\/www.frasicelebri.it\/news\/wp-content\/uploads\/2024\/07\/logo-quadrato-drasicelebri.it_.jpg?fit=696%2C696&ssl=1\",\"width\":696,\"height\":696,\"caption\":\"Frasicelebri.it\"},\"image\":{\"@id\":\"https:\/\/www.frasicelebri.it\/news\/#\/schema\/logo\/image\/\"}},{\"@type\":\"Person\",\"@id\":\"https:\/\/www.frasicelebri.it\/news\/#\/schema\/person\/712303166008dc510236daeaf8087292\",\"name\":\"Romina Cardia\",\"image\":{\"@type\":\"ImageObject\",\"inLanguage\":\"it-IT\",\"@id\":\"https:\/\/www.frasicelebri.it\/news\/#\/schema\/person\/image\/\",\"url\":\"https:\/\/secure.gravatar.com\/avatar\/7e155e0e5584fd17310efae2dc94f61e?s=96&d=mm&r=g\",\"contentUrl\":\"https:\/\/secure.gravatar.com\/avatar\/7e155e0e5584fd17310efae2dc94f61e?s=96&d=mm&r=g\",\"caption\":\"Romina Cardia\"},\"url\":\"https:\/\/www.frasicelebri.it\/news\/author\/romina\/\"}]}<\/script>\n<!-- \/ Yoast SEO plugin. -->","yoast_head_json":{"title":"Frasi di Maria De Filippi sulla paura, ti aiuteranno a non temere pi\u00f9 il confronto con gli altri e diventerai pi\u00f9 forte - Frasicelebri.it","description":"Maria De Filippi racconta la paura come un\u2019alleata, non un nemico. E ci spiega come vincerla con ironia, consapevolezza e coraggio","robots":{"index":"index","follow":"follow","max-snippet":"max-snippet:-1","max-image-preview":"max-image-preview:large","max-video-preview":"max-video-preview:-1"},"canonical":"https:\/\/www.frasicelebri.it\/news\/frasi-di-maria-de-filippi-sulla-paura\/","og_locale":"it_IT","og_type":"article","og_title":"Frasi di Maria De Filippi sulla paura, ti aiuteranno a non temere pi\u00f9 il confronto con gli altri e diventerai pi\u00f9 forte - Frasicelebri.it","og_description":"Maria De Filippi racconta la paura come un\u2019alleata, non un nemico. E ci spiega come vincerla con ironia, consapevolezza e coraggio","og_url":"https:\/\/www.frasicelebri.it\/news\/frasi-di-maria-de-filippi-sulla-paura\/","og_site_name":"Frasicelebri.it","article_published_time":"2025-10-10T15:00:10+00:00","og_image":[{"width":1200,"height":800,"url":"https:\/\/i0.wp.com\/www.frasicelebri.it\/news\/wp-content\/uploads\/2025\/10\/maria-de-filippi-2.jpg?fit=1200%2C800&ssl=1","type":"image\/jpeg"}],"author":"Romina Cardia","twitter_card":"summary_large_image","twitter_misc":{"Scritto da":"Romina Cardia","Tempo di lettura stimato":"5 minuti"},"schema":{"@context":"https:\/\/schema.org","@graph":[{"@type":"Article","@id":"https:\/\/www.frasicelebri.it\/news\/frasi-di-maria-de-filippi-sulla-paura\/#article","isPartOf":{"@id":"https:\/\/www.frasicelebri.it\/news\/frasi-di-maria-de-filippi-sulla-paura\/"},"author":{"name":"Romina Cardia","@id":"https:\/\/www.frasicelebri.it\/news\/#\/schema\/person\/712303166008dc510236daeaf8087292"},"headline":"Frasi di Maria De Filippi sulla paura, ti aiuteranno a non temere pi\u00f9 il confronto con gli altri e diventerai pi\u00f9 forte","datePublished":"2025-10-10T15:00:10+00:00","mainEntityOfPage":{"@id":"https:\/\/www.frasicelebri.it\/news\/frasi-di-maria-de-filippi-sulla-paura\/"},"wordCount":782,"publisher":{"@id":"https:\/\/www.frasicelebri.it\/news\/#organization"},"image":{"@id":"https:\/\/www.frasicelebri.it\/news\/frasi-di-maria-de-filippi-sulla-paura\/#primaryimage"},"thumbnailUrl":"https:\/\/i0.wp.com\/www.frasicelebri.it\/news\/wp-content\/uploads\/2025\/10\/maria-de-filippi-2.jpg?fit=1200%2C800&ssl=1","keywords":["frasi sulla paura","Maria De Filippi"],"articleSection":["Spettacolo"],"inLanguage":"it-IT"},{"@type":"WebPage","@id":"https:\/\/www.frasicelebri.it\/news\/frasi-di-maria-de-filippi-sulla-paura\/","url":"https:\/\/www.frasicelebri.it\/news\/frasi-di-maria-de-filippi-sulla-paura\/","name":"Frasi di Maria De Filippi sulla paura, ti aiuteranno a non temere pi\u00f9 il confronto con gli altri e diventerai pi\u00f9 forte - Frasicelebri.it","isPartOf":{"@id":"https:\/\/www.frasicelebri.it\/news\/#website"},"primaryImageOfPage":{"@id":"https:\/\/www.frasicelebri.it\/news\/frasi-di-maria-de-filippi-sulla-paura\/#primaryimage"},"image":{"@id":"https:\/\/www.frasicelebri.it\/news\/frasi-di-maria-de-filippi-sulla-paura\/#primaryimage"},"thumbnailUrl":"https:\/\/i0.wp.com\/www.frasicelebri.it\/news\/wp-content\/uploads\/2025\/10\/maria-de-filippi-2.jpg?fit=1200%2C800&ssl=1","datePublished":"2025-10-10T15:00:10+00:00","description":"Maria De Filippi racconta la paura come un\u2019alleata, non un nemico. E ci spiega come vincerla con ironia, consapevolezza e coraggio","breadcrumb":{"@id":"https:\/\/www.frasicelebri.it\/news\/frasi-di-maria-de-filippi-sulla-paura\/#breadcrumb"},"inLanguage":"it-IT","potentialAction":[{"@type":"ReadAction","target":["https:\/\/www.frasicelebri.it\/news\/frasi-di-maria-de-filippi-sulla-paura\/"]}]},{"@type":"ImageObject","inLanguage":"it-IT","@id":"https:\/\/www.frasicelebri.it\/news\/frasi-di-maria-de-filippi-sulla-paura\/#primaryimage","url":"https:\/\/i0.wp.com\/www.frasicelebri.it\/news\/wp-content\/uploads\/2025\/10\/maria-de-filippi-2.jpg?fit=1200%2C800&ssl=1","contentUrl":"https:\/\/i0.wp.com\/www.frasicelebri.it\/news\/wp-content\/uploads\/2025\/10\/maria-de-filippi-2.jpg?fit=1200%2C800&ssl=1","width":1200,"height":800,"caption":"Frasi di Maria De Filippi sulla paura"},{"@type":"BreadcrumbList","@id":"https:\/\/www.frasicelebri.it\/news\/frasi-di-maria-de-filippi-sulla-paura\/#breadcrumb","itemListElement":[{"@type":"ListItem","position":1,"name":"Home","item":"https:\/\/www.frasicelebri.it\/news\/"},{"@type":"ListItem","position":2,"name":"Frasi di Maria De Filippi sulla paura, ti aiuteranno a non temere pi\u00f9 il confronto con gli altri e diventerai pi\u00f9 forte"}]},{"@type":"WebSite","@id":"https:\/\/www.frasicelebri.it\/news\/#website","url":"https:\/\/www.frasicelebri.it\/news\/","name":"Frasicelebri.it","description":"News Frasicelebri.it","publisher":{"@id":"https:\/\/www.frasicelebri.it\/news\/#organization"},"potentialAction":[{"@type":"SearchAction","target":{"@type":"EntryPoint","urlTemplate":"https:\/\/www.frasicelebri.it\/news\/?s={search_term_string}"},"query-input":{"@type":"PropertyValueSpecification","valueRequired":true,"valueName":"search_term_string"}}],"inLanguage":"it-IT"},{"@type":"Organization","@id":"https:\/\/www.frasicelebri.it\/news\/#organization","name":"Frasicelebri.it","url":"https:\/\/www.frasicelebri.it\/news\/","logo":{"@type":"ImageObject","inLanguage":"it-IT","@id":"https:\/\/www.frasicelebri.it\/news\/#\/schema\/logo\/image\/","url":"https:\/\/i0.wp.com\/www.frasicelebri.it\/news\/wp-content\/uploads\/2024\/07\/logo-quadrato-drasicelebri.it_.jpg?fit=696%2C696&ssl=1","contentUrl":"https:\/\/i0.wp.com\/www.frasicelebri.it\/news\/wp-content\/uploads\/2024\/07\/logo-quadrato-drasicelebri.it_.jpg?fit=696%2C696&ssl=1","width":696,"height":696,"caption":"Frasicelebri.it"},"image":{"@id":"https:\/\/www.frasicelebri.it\/news\/#\/schema\/logo\/image\/"}},{"@type":"Person","@id":"https:\/\/www.frasicelebri.it\/news\/#\/schema\/person\/712303166008dc510236daeaf8087292","name":"Romina Cardia","image":{"@type":"ImageObject","inLanguage":"it-IT","@id":"https:\/\/www.frasicelebri.it\/news\/#\/schema\/person\/image\/","url":"https:\/\/secure.gravatar.com\/avatar\/7e155e0e5584fd17310efae2dc94f61e?s=96&d=mm&r=g","contentUrl":"https:\/\/secure.gravatar.com\/avatar\/7e155e0e5584fd17310efae2dc94f61e?s=96&d=mm&r=g","caption":"Romina Cardia"},"url":"https:\/\/www.frasicelebri.it\/news\/author\/romina\/"}]}},"_links":{"self":[{"href":"https:\/\/www.frasicelebri.it\/news\/wp-json\/wp\/v2\/posts\/40859","targetHints":{"allow":["GET"]}}],"collection":[{"href":"https:\/\/www.frasicelebri.it\/news\/wp-json\/wp\/v2\/posts"}],"about":[{"href":"https:\/\/www.frasicelebri.it\/news\/wp-json\/wp\/v2\/types\/post"}],"author":[{"embeddable":true,"href":"https:\/\/www.frasicelebri.it\/news\/wp-json\/wp\/v2\/users\/12"}],"replies":[{"embeddable":true,"href":"https:\/\/www.frasicelebri.it\/news\/wp-json\/wp\/v2\/comments?post=40859"}],"version-history":[{"count":1,"href":"https:\/\/www.frasicelebri.it\/news\/wp-json\/wp\/v2\/posts\/40859\/revisions"}],"predecessor-version":[{"id":40861,"href":"https:\/\/www.frasicelebri.it\/news\/wp-json\/wp\/v2\/posts\/40859\/revisions\/40861"}],"wp:featuredmedia":[{"embeddable":true,"href":"https:\/\/www.frasicelebri.it\/news\/wp-json\/wp\/v2\/media\/40860"}],"wp:attachment":[{"href":"https:\/\/www.frasicelebri.it\/news\/wp-json\/wp\/v2\/media?parent=40859"}],"wp:term":[{"taxonomy":"category","embeddable":true,"href":"https:\/\/www.frasicelebri.it\/news\/wp-json\/wp\/v2\/categories?post=40859"},{"taxonomy":"post_tag","embeddable":true,"href":"https:\/\/www.frasicelebri.it\/news\/wp-json\/wp\/v2\/tags?post=40859"}],"curies":[{"name":"wp","href":"https:\/\/api.w.org\/{rel}","templated":true}]}}