{"id":40895,"date":"2025-10-14T11:00:44","date_gmt":"2025-10-14T09:00:44","guid":{"rendered":"https:\/\/www.frasicelebri.it\/news\/?p=40895"},"modified":"2025-10-13T12:21:29","modified_gmt":"2025-10-13T10:21:29","slug":"frasi-di-isabel-allende-sul-tempo","status":"publish","type":"post","link":"https:\/\/www.frasicelebri.it\/news\/frasi-di-isabel-allende-sul-tempo\/","title":{"rendered":"Frasi di Isabel Allende sul tempo, ti serviranno per sbarazzarti di chi ti mette sempre fretta e ti godrai il tuo tempo"},"content":{"rendered":"<p><strong>Isabel Allende<\/strong> non \u00e8 solo una delle scrittrici pi\u00f9 amate al mondo. \u00c8 una donna che ha vissuto mille vite, in mille luoghi diversi, attraversando l\u2019amore, la perdita, l\u2019esilio, la fama e persino la vecchiaia, sempre con lo stesso spirito ribelle di chi non si lascia mettere in fila dal destino. E tra le tante cose che la Allende ha imparato (e ci ha insegnato) ce n\u2019\u00e8 una che vale oro: <strong>il tempo non \u00e8 un nemico da battere, ma un compagno da rispettare<\/strong>.<\/p>\n<figure id=\"attachment_40896\" aria-describedby=\"caption-attachment-40896\" style=\"width: 1190px\" class=\"wp-caption alignnone\"><img data-recalc-dims=\"1\" loading=\"lazy\" decoding=\"async\" class=\"size-full wp-image-40896\" src=\"https:\/\/i0.wp.com\/www.frasicelebri.it\/news\/wp-content\/uploads\/2025\/10\/tempo-Foto-di-Vitaly-Gariev-su-Unsplash.jpg?resize=1200%2C800&#038;ssl=1\" alt=\"Frasi di Isabel Allende sul tempo\" width=\"1200\" height=\"800\" srcset=\"https:\/\/i0.wp.com\/www.frasicelebri.it\/news\/wp-content\/uploads\/2025\/10\/tempo-Foto-di-Vitaly-Gariev-su-Unsplash.jpg?w=1200&amp;ssl=1 1200w, https:\/\/i0.wp.com\/www.frasicelebri.it\/news\/wp-content\/uploads\/2025\/10\/tempo-Foto-di-Vitaly-Gariev-su-Unsplash.jpg?resize=300%2C200&amp;ssl=1 300w, https:\/\/i0.wp.com\/www.frasicelebri.it\/news\/wp-content\/uploads\/2025\/10\/tempo-Foto-di-Vitaly-Gariev-su-Unsplash.jpg?resize=150%2C100&amp;ssl=1 150w, https:\/\/i0.wp.com\/www.frasicelebri.it\/news\/wp-content\/uploads\/2025\/10\/tempo-Foto-di-Vitaly-Gariev-su-Unsplash.jpg?resize=768%2C512&amp;ssl=1 768w\" sizes=\"auto, (max-width: 1200px) 100vw, 1200px\" \/><figcaption id=\"caption-attachment-40896\" class=\"wp-caption-text\">Foto di Vitalym Gariev su Unsplash<\/figcaption><\/figure>\n<h2>Il tempo secondo Isabel Allende: un\u2019illusione, un dono, un alleato<\/h2>\n<p>Per <strong>Isabel Allende<\/strong>, il tempo \u00e8 un concetto strano. In <em>La casa degli spiriti<\/em> scrive che \u201c<em>la memoria \u00e8 fragile<\/em>\u201d e che tutto accade \u201ccos\u00ec in fretta\u201d da sembrare simultaneo. \u00c8 come se il tempo, per lei, non scorresse in linea retta, ma fosse un gomitolo intrecciato di momenti, ricordi e sensazioni. Non c\u2019\u00e8 un \u201cprima\u201d e un \u201cdopo\u201d, ma un continuo presente fatto di storie che si sfiorano e si risvegliano a vicenda.<\/p>\n<p>Nel suo modo di scrivere, <strong>il tempo non \u00e8 solo ci\u00f2 che passa: \u00e8 ci\u00f2 che resta<\/strong>. \u00c8 la memoria, \u00e8 l\u2019esperienza, \u00e8 la capacit\u00e0 di dare un senso a ci\u00f2 che ci accade. \u201c<em>La scrittura \u00e8 un tentativo disperato di preservare la memoria<\/em>\u201d, dice. Come a dire: il tempo scappa, ma le parole lo trattengono un po\u2019 pi\u00f9 a lungo.<\/p>\n<h2>&#8220;Non devo dimostrare niente!: la libert\u00e0 di rallentare<\/h2>\n<p>Poi arriva quella frase, semplice e luminosa come un raggio di sole:<\/p>\n<blockquote><p>\u201c<em>Non devo dimostrare niente. Non ho fretta di andare da nessuna parte; ogni giorno \u00e8 un dono che godo fino in fondo<\/em>.\u201d<\/p><\/blockquote>\n<p>Questa non \u00e8 solo una riflessione. \u00c8 una dichiarazione di indipendenza.<br \/>\nIsabel Allende l\u2019ha scritta in un periodo della sua vita in cui &#8211; finalmente &#8211; ha potuto respirare. Dopo anni di corse, libri, interviste e battaglie personali, si \u00e8 concessa il lusso di rallentare. E di capire che la vera libert\u00e0 arriva quando smetti di dover \u201cfare\u201d per sentirti valida, e inizi semplicemente a \u201cessere\u201d.<\/p>\n<p>In un mondo in cui tutti corrono, fanno, postano, producono e pianificano anche il relax (\u201calle 17.00 aperitivo zen con mindfulness\u201d), Isabel Allende ci ricorda che non serve dimostrare nulla. <strong>Il tempo, se lo insegui, ti scappa. Se lo guardi, ti guarda. Se lo vivi, ti appartiene<\/strong>.<\/p>\n<h3>Un consiglio utile: imparare a dire &#8220;non ho fretta&#8221;<\/h3>\n<p>Ammettiamolo: tutti abbiamo quella persona nella vita che ci mette fretta. Quella che \u201cdai, muoviti\u201d, \u201chai solo venti minuti\u201d, \u201csei ancora l\u00ec a pensare?\u201d. Bene, ogni volta che la senti parlare, ricordati di Isabel Allende e della sua frase. Ripetila come un mantra: \u201cNon devo dimostrare niente. Non ho fretta di andare da nessuna parte.\u201d<\/p>\n<p>\u00c8 un modo elegante (e un po\u2019 poetico) per dire: \u201cFatti gli affari tuoi, io il mio tempo me lo godo\u201d. Perch\u00e9 alla fine, non \u00e8 detto che chi corre arrivi prima. <strong>A volte, chi si ferma &#8211; e respira &#8211; capisce dove sta andando davvero<\/strong>.<\/p>\n<h3>Il tempo come alleato, non come tiranno<\/h3>\n<p>Forse \u00e8 questo il segreto della Allende: <strong>non combattere il tempo, ma farci pace<\/strong>.<br \/>\nNon usarlo per accumulare cose da fare, ma per raccogliere momenti che valgano la pena di essere ricordati. Il tempo, per lei, non \u00e8 il ticchettio dell\u2019orologio, ma il battito del cuore. E se impariamo a sentirlo, anche solo per un istante, smettiamo di essere schiavi dell\u2019urgenza.<\/p>\n<h3>Vivere come Isabel, senza cronometro e senza sensi di colpa<\/h3>\n<p>Isabel Allende ha 80 anni, ma parla del tempo come una ragazzina che ha appena scoperto la bellezza del \u201cqui e ora\u201d. Ci insegna che non serve correre per sentirsi vivi. Che possiamo prenderci una pausa, respirare, non rispondere subito a un messaggio, non dire sempre s\u00ec. Perch\u00e9 <strong>il tempo non si misura in minuti, ma in momenti<\/strong>.<\/p>\n<p>E allora, la prossima volta che qualcuno ti dice \u201cmuoviti!\u201d, sorridi e rispondi con calma: \u201cSto vivendo il mio tempo. E mi ci sto godendo ogni secondo.\u201d<\/p>\n<h3>Frasi di Isabel Allende sul tempo<\/h3>\n<ol>\n<li><strong>\u201c<em>Alla mia et\u00e0 i giorni si dissolvono come sale nell\u2019acqua; la giornata \u00e8 finita e non so nemmeno cosa ho fatto delle ore<\/em>.\u201d<\/strong><\/li>\n<li><strong>\u201c<em>Ho un senso molto acuto del luogo e del tempo, quindi tutte le mie storie sono radicate in un luogo e in un\u2019epoca precisa<\/em>.\u201d<\/strong><\/li>\n<li><strong>\u201c<em>Ho tempo da perdere, e per la prima volta nella mia vita nessuno si aspetta nulla da me. Non devo dimostrare niente. Non ho fretta di andare da nessuna parte; ogni giorno \u00e8 un dono che godo fino in fondo<\/em>.\u201d<\/strong><\/li>\n<li><strong>\u201c<em>Scrivo, lei ha scritto, che la memoria \u00e8 fragile e il corso di una vita \u00e8 molto breve e tutto avviene cos\u00ec in fretta, che non riusciamo a vedere il rapporto tra gli eventi, non possiamo misurare le conseguenze delle azioni, crediamo nella finzione del tempo, nel presente, nel passato, nel futuro, ma pu\u00f2 anche darsi che tutto succeda simultaneamente\u2026<\/em>\u201d<\/strong><\/li>\n<li><strong>\u201c<em>La scrittura per me \u00e8 un tentativo disperato di preservare la memoria. I ricordi, nel tempo, strappano dentro di noi l\u2019abito della nostra personalit\u00e0, e rischiamo di rimanere laceri, scoperti. Cos\u00ec scrivere mi consente di rimanere integra e di non perdere pezzi lungo il cammino<\/em>.\u201d<\/strong><\/li>\n<li><strong>\u201c<em>La vera amicizia resiste al tempo, alla distanza e al silenzio<\/em>.\u201d<\/strong><\/li>\n<li><strong>\u201c<em>C\u2019\u00e8 un momento in cui il viaggio iniziato non pu\u00f2 pi\u00f9 essere interrotto, corriamo verso una frontiera, passiamo attraverso una porta misteriosa e ci svegliamo dall\u2019altra parte, in un\u2019altra vita<\/em>.\u201d<\/strong><\/li>\n<li><strong>\u201c<em>Non me ne potevo andare perch\u00e9, lontana da questa terra, sarei stata come gli alberi che tagliano a Natale, quei poveri pini senza radici che durano un po\u2019 di tempo e poi muoiono<\/em>.\u201d<\/strong><\/li>\n<li><strong>\u201c<em>Mi manca l\u2019idealismo della giovent\u00f9, del tempo in cui esisteva ancora per me una chiara linea divisoria tra il bene e il male e credevo che fosse possibile agire sempre in accordo con princ\u00ecpi inamovibili<\/em>.\u201d<\/strong><\/li>\n<li><strong> \u201c<em>La vera amicizia, pensavano, resiste al passare del tempo, \u00e8 disinteressata e generosa, non chiede nulla in cambio, solo lealt\u00e0<\/em>.\u201d<\/strong><\/li>\n<\/ol>\n<p>Leggi altre <a href=\"https:\/\/www.frasicelebri.it\/ricerca-frasi\/?q=isabel+allende\">frasi celebri di Isabel Allende<\/a> e le <a href=\"https:\/\/www.frasicelebri.it\/ricerca-frasi\/?q=tempo\">frasi celebri sul tempo<\/a><\/p>\n","protected":false},"excerpt":{"rendered":"<p>Isabel Allende non \u00e8 solo una delle scrittrici pi\u00f9 amate al mondo. \u00c8 una donna che ha vissuto mille vite, in mille luoghi diversi, attraversando &#8230; <a title=\"Frasi di Isabel Allende sul tempo, ti serviranno per sbarazzarti di chi ti mette sempre fretta e ti godrai il tuo tempo\" class=\"read-more\" href=\"https:\/\/www.frasicelebri.it\/news\/frasi-di-isabel-allende-sul-tempo\/\" aria-label=\"More on Frasi di Isabel Allende sul tempo, ti serviranno per sbarazzarti di chi ti mette sempre fretta e ti godrai il tuo tempo\">Leggi tutto<\/a><\/p>\n","protected":false},"author":12,"featured_media":40896,"comment_status":"closed","ping_status":"closed","sticky":false,"template":"","format":"standard","meta":{"footnotes":""},"categories":[42],"tags":[1090,1434],"class_list":["post-40895","post","type-post","status-publish","format-standard","has-post-thumbnail","hentry","category-lifestyle","tag-frasi-sul-tempo","tag-isabel-allende"],"yoast_head":"<!-- This site is optimized with the Yoast SEO plugin v25.2 - https:\/\/yoast.com\/wordpress\/plugins\/seo\/ -->\n<title>Frasi di Isabel Allende sul tempo, ti serviranno per sbarazzarti di chi ti mette sempre fretta e ti godrai il tuo tempo - Frasicelebri.it<\/title>\n<meta name=\"description\" content=\"Isabel Allende ci insegna che il tempo non va inseguito, ma gustato. E che a volte la cosa pi\u00f9 saggia da fare \u00e8 fermarsi\" \/>\n<meta name=\"robots\" content=\"index, follow, max-snippet:-1, max-image-preview:large, max-video-preview:-1\" \/>\n<link rel=\"canonical\" href=\"https:\/\/www.frasicelebri.it\/news\/frasi-di-isabel-allende-sul-tempo\/\" \/>\n<meta property=\"og:locale\" content=\"it_IT\" \/>\n<meta property=\"og:type\" content=\"article\" \/>\n<meta property=\"og:title\" content=\"Frasi di Isabel Allende sul tempo, ti serviranno per sbarazzarti di chi ti mette sempre fretta e ti godrai il tuo tempo - Frasicelebri.it\" \/>\n<meta property=\"og:description\" content=\"Isabel Allende ci insegna che il tempo non va inseguito, ma gustato. E che a volte la cosa pi\u00f9 saggia da fare \u00e8 fermarsi\" \/>\n<meta property=\"og:url\" content=\"https:\/\/www.frasicelebri.it\/news\/frasi-di-isabel-allende-sul-tempo\/\" \/>\n<meta property=\"og:site_name\" content=\"Frasicelebri.it\" \/>\n<meta property=\"article:published_time\" content=\"2025-10-14T09:00:44+00:00\" \/>\n<meta property=\"og:image\" content=\"https:\/\/i0.wp.com\/www.frasicelebri.it\/news\/wp-content\/uploads\/2025\/10\/tempo-Foto-di-Vitaly-Gariev-su-Unsplash.jpg?fit=1200%2C800&ssl=1\" \/>\n\t<meta property=\"og:image:width\" content=\"1200\" \/>\n\t<meta property=\"og:image:height\" content=\"800\" \/>\n\t<meta property=\"og:image:type\" content=\"image\/jpeg\" \/>\n<meta name=\"author\" content=\"Romina Cardia\" \/>\n<meta name=\"twitter:card\" content=\"summary_large_image\" \/>\n<meta name=\"twitter:label1\" content=\"Scritto da\" \/>\n\t<meta name=\"twitter:data1\" content=\"Romina Cardia\" \/>\n\t<meta name=\"twitter:label2\" content=\"Tempo di lettura stimato\" \/>\n\t<meta name=\"twitter:data2\" content=\"6 minuti\" \/>\n<script type=\"application\/ld+json\" class=\"yoast-schema-graph\">{\"@context\":\"https:\/\/schema.org\",\"@graph\":[{\"@type\":\"Article\",\"@id\":\"https:\/\/www.frasicelebri.it\/news\/frasi-di-isabel-allende-sul-tempo\/#article\",\"isPartOf\":{\"@id\":\"https:\/\/www.frasicelebri.it\/news\/frasi-di-isabel-allende-sul-tempo\/\"},\"author\":{\"name\":\"Romina Cardia\",\"@id\":\"https:\/\/www.frasicelebri.it\/news\/#\/schema\/person\/712303166008dc510236daeaf8087292\"},\"headline\":\"Frasi di Isabel Allende sul tempo, ti serviranno per sbarazzarti di chi ti mette sempre fretta e ti godrai il tuo tempo\",\"datePublished\":\"2025-10-14T09:00:44+00:00\",\"mainEntityOfPage\":{\"@id\":\"https:\/\/www.frasicelebri.it\/news\/frasi-di-isabel-allende-sul-tempo\/\"},\"wordCount\":1018,\"publisher\":{\"@id\":\"https:\/\/www.frasicelebri.it\/news\/#organization\"},\"image\":{\"@id\":\"https:\/\/www.frasicelebri.it\/news\/frasi-di-isabel-allende-sul-tempo\/#primaryimage\"},\"thumbnailUrl\":\"https:\/\/i0.wp.com\/www.frasicelebri.it\/news\/wp-content\/uploads\/2025\/10\/tempo-Foto-di-Vitaly-Gariev-su-Unsplash.jpg?fit=1200%2C800&ssl=1\",\"keywords\":[\"frasi sul tempo\",\"Isabel Allende\"],\"articleSection\":[\"LifeStyle\"],\"inLanguage\":\"it-IT\"},{\"@type\":\"WebPage\",\"@id\":\"https:\/\/www.frasicelebri.it\/news\/frasi-di-isabel-allende-sul-tempo\/\",\"url\":\"https:\/\/www.frasicelebri.it\/news\/frasi-di-isabel-allende-sul-tempo\/\",\"name\":\"Frasi di Isabel Allende sul tempo, ti serviranno per sbarazzarti di chi ti mette sempre fretta e ti godrai il tuo tempo - Frasicelebri.it\",\"isPartOf\":{\"@id\":\"https:\/\/www.frasicelebri.it\/news\/#website\"},\"primaryImageOfPage\":{\"@id\":\"https:\/\/www.frasicelebri.it\/news\/frasi-di-isabel-allende-sul-tempo\/#primaryimage\"},\"image\":{\"@id\":\"https:\/\/www.frasicelebri.it\/news\/frasi-di-isabel-allende-sul-tempo\/#primaryimage\"},\"thumbnailUrl\":\"https:\/\/i0.wp.com\/www.frasicelebri.it\/news\/wp-content\/uploads\/2025\/10\/tempo-Foto-di-Vitaly-Gariev-su-Unsplash.jpg?fit=1200%2C800&ssl=1\",\"datePublished\":\"2025-10-14T09:00:44+00:00\",\"description\":\"Isabel Allende ci insegna che il tempo non va inseguito, ma gustato. E che a volte la cosa pi\u00f9 saggia da fare \u00e8 fermarsi\",\"breadcrumb\":{\"@id\":\"https:\/\/www.frasicelebri.it\/news\/frasi-di-isabel-allende-sul-tempo\/#breadcrumb\"},\"inLanguage\":\"it-IT\",\"potentialAction\":[{\"@type\":\"ReadAction\",\"target\":[\"https:\/\/www.frasicelebri.it\/news\/frasi-di-isabel-allende-sul-tempo\/\"]}]},{\"@type\":\"ImageObject\",\"inLanguage\":\"it-IT\",\"@id\":\"https:\/\/www.frasicelebri.it\/news\/frasi-di-isabel-allende-sul-tempo\/#primaryimage\",\"url\":\"https:\/\/i0.wp.com\/www.frasicelebri.it\/news\/wp-content\/uploads\/2025\/10\/tempo-Foto-di-Vitaly-Gariev-su-Unsplash.jpg?fit=1200%2C800&ssl=1\",\"contentUrl\":\"https:\/\/i0.wp.com\/www.frasicelebri.it\/news\/wp-content\/uploads\/2025\/10\/tempo-Foto-di-Vitaly-Gariev-su-Unsplash.jpg?fit=1200%2C800&ssl=1\",\"width\":1200,\"height\":800,\"caption\":\"Foto di Vitalym Gariev su Unsplash\"},{\"@type\":\"BreadcrumbList\",\"@id\":\"https:\/\/www.frasicelebri.it\/news\/frasi-di-isabel-allende-sul-tempo\/#breadcrumb\",\"itemListElement\":[{\"@type\":\"ListItem\",\"position\":1,\"name\":\"Home\",\"item\":\"https:\/\/www.frasicelebri.it\/news\/\"},{\"@type\":\"ListItem\",\"position\":2,\"name\":\"Frasi di Isabel Allende sul tempo, ti serviranno per sbarazzarti di chi ti mette sempre fretta e ti godrai il tuo tempo\"}]},{\"@type\":\"WebSite\",\"@id\":\"https:\/\/www.frasicelebri.it\/news\/#website\",\"url\":\"https:\/\/www.frasicelebri.it\/news\/\",\"name\":\"Frasicelebri.it\",\"description\":\"News Frasicelebri.it\",\"publisher\":{\"@id\":\"https:\/\/www.frasicelebri.it\/news\/#organization\"},\"potentialAction\":[{\"@type\":\"SearchAction\",\"target\":{\"@type\":\"EntryPoint\",\"urlTemplate\":\"https:\/\/www.frasicelebri.it\/news\/?s={search_term_string}\"},\"query-input\":{\"@type\":\"PropertyValueSpecification\",\"valueRequired\":true,\"valueName\":\"search_term_string\"}}],\"inLanguage\":\"it-IT\"},{\"@type\":\"Organization\",\"@id\":\"https:\/\/www.frasicelebri.it\/news\/#organization\",\"name\":\"Frasicelebri.it\",\"url\":\"https:\/\/www.frasicelebri.it\/news\/\",\"logo\":{\"@type\":\"ImageObject\",\"inLanguage\":\"it-IT\",\"@id\":\"https:\/\/www.frasicelebri.it\/news\/#\/schema\/logo\/image\/\",\"url\":\"https:\/\/i0.wp.com\/www.frasicelebri.it\/news\/wp-content\/uploads\/2024\/07\/logo-quadrato-drasicelebri.it_.jpg?fit=696%2C696&ssl=1\",\"contentUrl\":\"https:\/\/i0.wp.com\/www.frasicelebri.it\/news\/wp-content\/uploads\/2024\/07\/logo-quadrato-drasicelebri.it_.jpg?fit=696%2C696&ssl=1\",\"width\":696,\"height\":696,\"caption\":\"Frasicelebri.it\"},\"image\":{\"@id\":\"https:\/\/www.frasicelebri.it\/news\/#\/schema\/logo\/image\/\"}},{\"@type\":\"Person\",\"@id\":\"https:\/\/www.frasicelebri.it\/news\/#\/schema\/person\/712303166008dc510236daeaf8087292\",\"name\":\"Romina Cardia\",\"image\":{\"@type\":\"ImageObject\",\"inLanguage\":\"it-IT\",\"@id\":\"https:\/\/www.frasicelebri.it\/news\/#\/schema\/person\/image\/\",\"url\":\"https:\/\/secure.gravatar.com\/avatar\/7e155e0e5584fd17310efae2dc94f61e?s=96&d=mm&r=g\",\"contentUrl\":\"https:\/\/secure.gravatar.com\/avatar\/7e155e0e5584fd17310efae2dc94f61e?s=96&d=mm&r=g\",\"caption\":\"Romina Cardia\"},\"url\":\"https:\/\/www.frasicelebri.it\/news\/author\/romina\/\"}]}<\/script>\n<!-- \/ Yoast SEO plugin. -->","yoast_head_json":{"title":"Frasi di Isabel Allende sul tempo, ti serviranno per sbarazzarti di chi ti mette sempre fretta e ti godrai il tuo tempo - Frasicelebri.it","description":"Isabel Allende ci insegna che il tempo non va inseguito, ma gustato. E che a volte la cosa pi\u00f9 saggia da fare \u00e8 fermarsi","robots":{"index":"index","follow":"follow","max-snippet":"max-snippet:-1","max-image-preview":"max-image-preview:large","max-video-preview":"max-video-preview:-1"},"canonical":"https:\/\/www.frasicelebri.it\/news\/frasi-di-isabel-allende-sul-tempo\/","og_locale":"it_IT","og_type":"article","og_title":"Frasi di Isabel Allende sul tempo, ti serviranno per sbarazzarti di chi ti mette sempre fretta e ti godrai il tuo tempo - Frasicelebri.it","og_description":"Isabel Allende ci insegna che il tempo non va inseguito, ma gustato. E che a volte la cosa pi\u00f9 saggia da fare \u00e8 fermarsi","og_url":"https:\/\/www.frasicelebri.it\/news\/frasi-di-isabel-allende-sul-tempo\/","og_site_name":"Frasicelebri.it","article_published_time":"2025-10-14T09:00:44+00:00","og_image":[{"width":1200,"height":800,"url":"https:\/\/i0.wp.com\/www.frasicelebri.it\/news\/wp-content\/uploads\/2025\/10\/tempo-Foto-di-Vitaly-Gariev-su-Unsplash.jpg?fit=1200%2C800&ssl=1","type":"image\/jpeg"}],"author":"Romina Cardia","twitter_card":"summary_large_image","twitter_misc":{"Scritto da":"Romina Cardia","Tempo di lettura stimato":"6 minuti"},"schema":{"@context":"https:\/\/schema.org","@graph":[{"@type":"Article","@id":"https:\/\/www.frasicelebri.it\/news\/frasi-di-isabel-allende-sul-tempo\/#article","isPartOf":{"@id":"https:\/\/www.frasicelebri.it\/news\/frasi-di-isabel-allende-sul-tempo\/"},"author":{"name":"Romina Cardia","@id":"https:\/\/www.frasicelebri.it\/news\/#\/schema\/person\/712303166008dc510236daeaf8087292"},"headline":"Frasi di Isabel Allende sul tempo, ti serviranno per sbarazzarti di chi ti mette sempre fretta e ti godrai il tuo tempo","datePublished":"2025-10-14T09:00:44+00:00","mainEntityOfPage":{"@id":"https:\/\/www.frasicelebri.it\/news\/frasi-di-isabel-allende-sul-tempo\/"},"wordCount":1018,"publisher":{"@id":"https:\/\/www.frasicelebri.it\/news\/#organization"},"image":{"@id":"https:\/\/www.frasicelebri.it\/news\/frasi-di-isabel-allende-sul-tempo\/#primaryimage"},"thumbnailUrl":"https:\/\/i0.wp.com\/www.frasicelebri.it\/news\/wp-content\/uploads\/2025\/10\/tempo-Foto-di-Vitaly-Gariev-su-Unsplash.jpg?fit=1200%2C800&ssl=1","keywords":["frasi sul tempo","Isabel Allende"],"articleSection":["LifeStyle"],"inLanguage":"it-IT"},{"@type":"WebPage","@id":"https:\/\/www.frasicelebri.it\/news\/frasi-di-isabel-allende-sul-tempo\/","url":"https:\/\/www.frasicelebri.it\/news\/frasi-di-isabel-allende-sul-tempo\/","name":"Frasi di Isabel Allende sul tempo, ti serviranno per sbarazzarti di chi ti mette sempre fretta e ti godrai il tuo tempo - Frasicelebri.it","isPartOf":{"@id":"https:\/\/www.frasicelebri.it\/news\/#website"},"primaryImageOfPage":{"@id":"https:\/\/www.frasicelebri.it\/news\/frasi-di-isabel-allende-sul-tempo\/#primaryimage"},"image":{"@id":"https:\/\/www.frasicelebri.it\/news\/frasi-di-isabel-allende-sul-tempo\/#primaryimage"},"thumbnailUrl":"https:\/\/i0.wp.com\/www.frasicelebri.it\/news\/wp-content\/uploads\/2025\/10\/tempo-Foto-di-Vitaly-Gariev-su-Unsplash.jpg?fit=1200%2C800&ssl=1","datePublished":"2025-10-14T09:00:44+00:00","description":"Isabel Allende ci insegna che il tempo non va inseguito, ma gustato. E che a volte la cosa pi\u00f9 saggia da fare \u00e8 fermarsi","breadcrumb":{"@id":"https:\/\/www.frasicelebri.it\/news\/frasi-di-isabel-allende-sul-tempo\/#breadcrumb"},"inLanguage":"it-IT","potentialAction":[{"@type":"ReadAction","target":["https:\/\/www.frasicelebri.it\/news\/frasi-di-isabel-allende-sul-tempo\/"]}]},{"@type":"ImageObject","inLanguage":"it-IT","@id":"https:\/\/www.frasicelebri.it\/news\/frasi-di-isabel-allende-sul-tempo\/#primaryimage","url":"https:\/\/i0.wp.com\/www.frasicelebri.it\/news\/wp-content\/uploads\/2025\/10\/tempo-Foto-di-Vitaly-Gariev-su-Unsplash.jpg?fit=1200%2C800&ssl=1","contentUrl":"https:\/\/i0.wp.com\/www.frasicelebri.it\/news\/wp-content\/uploads\/2025\/10\/tempo-Foto-di-Vitaly-Gariev-su-Unsplash.jpg?fit=1200%2C800&ssl=1","width":1200,"height":800,"caption":"Foto di Vitalym Gariev su Unsplash"},{"@type":"BreadcrumbList","@id":"https:\/\/www.frasicelebri.it\/news\/frasi-di-isabel-allende-sul-tempo\/#breadcrumb","itemListElement":[{"@type":"ListItem","position":1,"name":"Home","item":"https:\/\/www.frasicelebri.it\/news\/"},{"@type":"ListItem","position":2,"name":"Frasi di Isabel Allende sul tempo, ti serviranno per sbarazzarti di chi ti mette sempre fretta e ti godrai il tuo tempo"}]},{"@type":"WebSite","@id":"https:\/\/www.frasicelebri.it\/news\/#website","url":"https:\/\/www.frasicelebri.it\/news\/","name":"Frasicelebri.it","description":"News Frasicelebri.it","publisher":{"@id":"https:\/\/www.frasicelebri.it\/news\/#organization"},"potentialAction":[{"@type":"SearchAction","target":{"@type":"EntryPoint","urlTemplate":"https:\/\/www.frasicelebri.it\/news\/?s={search_term_string}"},"query-input":{"@type":"PropertyValueSpecification","valueRequired":true,"valueName":"search_term_string"}}],"inLanguage":"it-IT"},{"@type":"Organization","@id":"https:\/\/www.frasicelebri.it\/news\/#organization","name":"Frasicelebri.it","url":"https:\/\/www.frasicelebri.it\/news\/","logo":{"@type":"ImageObject","inLanguage":"it-IT","@id":"https:\/\/www.frasicelebri.it\/news\/#\/schema\/logo\/image\/","url":"https:\/\/i0.wp.com\/www.frasicelebri.it\/news\/wp-content\/uploads\/2024\/07\/logo-quadrato-drasicelebri.it_.jpg?fit=696%2C696&ssl=1","contentUrl":"https:\/\/i0.wp.com\/www.frasicelebri.it\/news\/wp-content\/uploads\/2024\/07\/logo-quadrato-drasicelebri.it_.jpg?fit=696%2C696&ssl=1","width":696,"height":696,"caption":"Frasicelebri.it"},"image":{"@id":"https:\/\/www.frasicelebri.it\/news\/#\/schema\/logo\/image\/"}},{"@type":"Person","@id":"https:\/\/www.frasicelebri.it\/news\/#\/schema\/person\/712303166008dc510236daeaf8087292","name":"Romina Cardia","image":{"@type":"ImageObject","inLanguage":"it-IT","@id":"https:\/\/www.frasicelebri.it\/news\/#\/schema\/person\/image\/","url":"https:\/\/secure.gravatar.com\/avatar\/7e155e0e5584fd17310efae2dc94f61e?s=96&d=mm&r=g","contentUrl":"https:\/\/secure.gravatar.com\/avatar\/7e155e0e5584fd17310efae2dc94f61e?s=96&d=mm&r=g","caption":"Romina Cardia"},"url":"https:\/\/www.frasicelebri.it\/news\/author\/romina\/"}]}},"_links":{"self":[{"href":"https:\/\/www.frasicelebri.it\/news\/wp-json\/wp\/v2\/posts\/40895","targetHints":{"allow":["GET"]}}],"collection":[{"href":"https:\/\/www.frasicelebri.it\/news\/wp-json\/wp\/v2\/posts"}],"about":[{"href":"https:\/\/www.frasicelebri.it\/news\/wp-json\/wp\/v2\/types\/post"}],"author":[{"embeddable":true,"href":"https:\/\/www.frasicelebri.it\/news\/wp-json\/wp\/v2\/users\/12"}],"replies":[{"embeddable":true,"href":"https:\/\/www.frasicelebri.it\/news\/wp-json\/wp\/v2\/comments?post=40895"}],"version-history":[{"count":1,"href":"https:\/\/www.frasicelebri.it\/news\/wp-json\/wp\/v2\/posts\/40895\/revisions"}],"predecessor-version":[{"id":40897,"href":"https:\/\/www.frasicelebri.it\/news\/wp-json\/wp\/v2\/posts\/40895\/revisions\/40897"}],"wp:featuredmedia":[{"embeddable":true,"href":"https:\/\/www.frasicelebri.it\/news\/wp-json\/wp\/v2\/media\/40896"}],"wp:attachment":[{"href":"https:\/\/www.frasicelebri.it\/news\/wp-json\/wp\/v2\/media?parent=40895"}],"wp:term":[{"taxonomy":"category","embeddable":true,"href":"https:\/\/www.frasicelebri.it\/news\/wp-json\/wp\/v2\/categories?post=40895"},{"taxonomy":"post_tag","embeddable":true,"href":"https:\/\/www.frasicelebri.it\/news\/wp-json\/wp\/v2\/tags?post=40895"}],"curies":[{"name":"wp","href":"https:\/\/api.w.org\/{rel}","templated":true}]}}