{"id":40908,"date":"2025-10-15T11:00:15","date_gmt":"2025-10-15T09:00:15","guid":{"rendered":"https:\/\/www.frasicelebri.it\/news\/?p=40908"},"modified":"2025-10-14T13:12:07","modified_gmt":"2025-10-14T11:12:07","slug":"frasi-di-primo-levi-sui-ricordi","status":"publish","type":"post","link":"https:\/\/www.frasicelebri.it\/news\/frasi-di-primo-levi-sui-ricordi\/","title":{"rendered":"Frasi di Primo Levi sui ricordi, ti aiuteranno a convincere chi ami che deve liberarsi dal passato e vivrete meglio"},"content":{"rendered":"<p><strong>Primo Levi<\/strong> non \u00e8 stato solo uno scrittore, ma una coscienza lucida e scomoda del Novecento. Chimico di formazione, sopravvissuto al campo di concentramento di <strong>Auschwitz<\/strong>, Levi ha dedicato tutta la sua vita &#8211; e la sua penna &#8211; a un compito titanico: <strong>ricordare<\/strong>. Ma non per autocommiserazione o per fare la morale al mondo. Ricordare, per lui, era un atto di igiene mentale, una forma di resistenza contro l\u2019idiozia collettiva e l\u2019autodistruzione individuale. In <em>Se questo \u00e8 un uomo<\/em> e <em>I sommersi e i salvati<\/em>, Levi ci parla della <strong>memoria<\/strong> come di una bussola morale. Non un archivio polveroso di date e fatti, ma un muscolo vivo che va allenato ogni giorno. Perch\u00e9 se smetti di esercitarlo, rischi di perdere l\u2019equilibrio, e magari anche la dignit\u00e0.<\/p>\n<figure id=\"attachment_40909\" aria-describedby=\"caption-attachment-40909\" style=\"width: 1190px\" class=\"wp-caption alignnone\"><img data-recalc-dims=\"1\" loading=\"lazy\" decoding=\"async\" class=\"size-full wp-image-40909\" src=\"https:\/\/i0.wp.com\/www.frasicelebri.it\/news\/wp-content\/uploads\/2025\/10\/ricordi-Foto-di-Alfonso-Scarpa-su-Unsplash.jpg?resize=1200%2C800&#038;ssl=1\" alt=\"Frasi di Primo Levi sui ricordi\" width=\"1200\" height=\"800\" srcset=\"https:\/\/i0.wp.com\/www.frasicelebri.it\/news\/wp-content\/uploads\/2025\/10\/ricordi-Foto-di-Alfonso-Scarpa-su-Unsplash.jpg?w=1200&amp;ssl=1 1200w, https:\/\/i0.wp.com\/www.frasicelebri.it\/news\/wp-content\/uploads\/2025\/10\/ricordi-Foto-di-Alfonso-Scarpa-su-Unsplash.jpg?resize=300%2C200&amp;ssl=1 300w, https:\/\/i0.wp.com\/www.frasicelebri.it\/news\/wp-content\/uploads\/2025\/10\/ricordi-Foto-di-Alfonso-Scarpa-su-Unsplash.jpg?resize=150%2C100&amp;ssl=1 150w, https:\/\/i0.wp.com\/www.frasicelebri.it\/news\/wp-content\/uploads\/2025\/10\/ricordi-Foto-di-Alfonso-Scarpa-su-Unsplash.jpg?resize=768%2C512&amp;ssl=1 768w\" sizes=\"auto, (max-width: 1200px) 100vw, 1200px\" \/><figcaption id=\"caption-attachment-40909\" class=\"wp-caption-text\">Foto di Alfonso Scarpa su Unsplash<\/figcaption><\/figure>\n<h2>I ricordi secondo Primo Levi: n\u00e9 maledizione n\u00e9 nostalgia<\/h2>\n<p>Primo Levi aveva un rapporto complicato con i <strong>ricordi<\/strong>. Da un lato, erano ferite sempre aperte; dall\u2019altro, erano ci\u00f2 che gli permetteva di restare umano. Scriveva che la memoria \u00e8 uno \u201c<em>strumento meraviglioso ma fallace<\/em>\u201d, qualcosa che non si pu\u00f2 scolpire nella pietra ma che, se curata, ci tiene vivi.<\/p>\n<p>Per lui ricordare non era un atto malinconico, ma un dovere. Un modo per dare un senso alla sofferenza, per trasformarla in insegnamento. E se pensi che sia solo roba da filosofi o sopravvissuti ai campi di sterminio, ti sbagli di grosso<strong>: la memoria \u00e8 la base di ogni relazione umana<\/strong>. Anche di quelle pi\u00f9 fragili, come le nostre relazioni sentimentali.<\/p>\n<h3>&#8220;Chi dimentica il passato \u00e8 condannato a riviverlo&#8221;: la frase che dovremmo incorniciare sul comodino<\/h3>\n<p>Quando Primo Levi diceva:<\/p>\n<blockquote><p>\u201c<em>Tutti coloro che dimenticano il loro passato sono condannati a riviverlo<\/em>\u201d<\/p><\/blockquote>\n<p>non stava solo parlando dell\u2019Olocausto. Parlava della natura umana, della nostra abitudine a inciampare sempre nello stesso sasso, come se la vita fosse un videogioco e noi continuassimo a ripetere lo stesso livello senza imparare la lezione.<\/p>\n<p>Tradotto in termini pi\u00f9 casalinghi: se ogni volta che litighi con il tuo partner finisci per tirare fuori la lista dei torti del 2018, e poi giuri che \u201cquesta volta sar\u00e0 diverso\u201d, stai solo facendo quello che Levi cercava di evitarci. <strong>Dimenticare serve a sopravvivere, certo, ma ricordare serve a non fare sempre gli stessi danni<\/strong>.<\/p>\n<h3>La memoria come atto d\u2019amore (e di sopravvivenza)<\/h3>\n<p><strong>Ricordare non vuol dire restare prigionieri del passato, ma imparare da esso<\/strong>. Primo Levi ce lo insegna con un rigore quasi scientifico: ogni esperienza, anche la pi\u00f9 dolorosa, contiene un messaggio da non sprecare. E vale anche per chi cerca di salvare una storia d\u2019amore dopo l\u2019ennesima crisi.<\/p>\n<p>Non serve rivangare ogni litigio, ma nemmeno fingere che non sia mai successo. <strong>La memoria, se usata bene, diventa uno strumento di crescita<\/strong>. Ci aiuta a dire: \u201cOk, quella volta ho esagerato. Stavolta provo a non ripetere lo stesso errore.\u201d In fondo, Levi non chiedeva altro al genere umano: un po\u2019 di attenzione, un po\u2019 di umilt\u00e0 e la capacit\u00e0 di imparare dalle proprie catastrofi.<\/p>\n<h3>Ricordare per restare umani (e magari anche felici)<\/h3>\n<p>Primo Levi non scriveva per spaventare, ma per svegliare. Il suo messaggio sulla memoria non riguarda solo i grandi drammi della Storia, ma anche le piccole tragedie quotidiane che ci rendono fragili e, per questo, autenticamente umani.<\/p>\n<p>In fondo, <strong>la memoria \u00e8 la nostra forma pi\u00f9 potente di amore<\/strong>: verso chi eravamo, verso chi non c\u2019\u00e8 pi\u00f9, e verso chi ci accompagna oggi. Perch\u00e9 se \u00e8 vero che \u201c<em>chi dimentica il passato \u00e8 condannato a riviverlo<\/em>\u201d, allora ricordare \u00e8 l\u2019unico modo per non rifare gli stessi errori, n\u00e9 nella Storia, n\u00e9 nel cuore.<\/p>\n<h3>Frasi di Primo Levi sui ricordi<\/h3>\n<ol>\n<li><strong>&#8220;<em>La memoria umana \u00e8 uno strumento meraviglioso ma fallace. I ricordi che giacciono dentro di noi non sono scolpiti nella pietra: non solo tendono a cancellarsi col passare degli anni, ma spesso cambiano, o addirittura si accrescono incorporando elementi estranei<\/em>.&#8221;<\/strong><\/li>\n<li><strong>&#8220;<em>Forse la memoria \u00e8 come un secchio: se vuoi riempirlo con pi\u00f9 frutti di quanti ne possa contenere, i frutti si schiacciano<\/em>.&#8221;<\/strong><\/li>\n<li><strong>&#8220;<em>Pensava a una cosa che non aveva pensata da molto tempo, poich\u00e9 aveva sofferto assai: che il dolore non si pu\u00f2 togliere, non si deve, perch\u00e9 \u00e8 il nostro guardiano. Spesso \u00e8 un guardiano sciocco, perch\u00e9 \u00e8 inflessibile, \u00e8 fedele alla sua consegna con ostinazione maniaca, e non si stanca mai, mentre tutte le altre sensazioni si stancano, si logorano, specialmente quelle piacevoli. Ma non si pu\u00f2 sopprimerlo, farlo tacere, perch\u00e9 \u00e8 tutt\u2019uno con la vita, ne \u00e8 il custode<\/em>.&#8221;<\/strong><\/li>\n<li><strong>&#8220;<em>Se \u00e8 vero che non c\u2019\u00e8 maggior dolore che ricordarsi del tempo felice nella miseria, \u00e8 altrettanto vero che rievocare un\u2019angoscia ad animo tranquillo, seduti quieti alla scrivania, \u00e8 fonte di soddisfazione profonda<\/em>.&#8221;<\/strong><\/li>\n<li><strong>&#8220;<em>Se comprendere \u00e8 impossibile, conoscere \u00e8 necessario, perch\u00e9 ci\u00f2 che \u00e8 accaduto pu\u00f2 ritornare, le coscienze possono nuovamente essere sedotte ed oscurate: anche le nostre<\/em>.&#8221;<\/strong><\/li>\n<li><strong>&#8220;<em>Accade facilmente, a chi ha perso tutto, di perdere se stesso<\/em>.&#8221;<\/strong><\/li>\n<li><strong>&#8220;<em>La memoria \u00e8 come il mare: pu\u00f2 restituire brandelli di rottami a distanza di anni<\/em>.&#8221;<\/strong><\/li>\n<li><strong>&#8220;<em>L\u2019Olocausto \u00e8 una pagina del libro dell\u2019Umanit\u00e0 da cui non dovremo mai togliere il segnalibro della memoria<\/em>.&#8221;<\/strong><\/li>\n<li><strong>&#8220;<em>Tutti coloro che dimenticano il loro passato sono condannati a riviverlo<\/em>.&#8221;<\/strong><\/li>\n<li><strong> &#8220;<em>Si immagini ora un uomo a cui, insieme con le persone amate, vengano tolti la sua casa, le sue abitudini, i suoi abiti, tutto infine, letteralmente tutto quanto possiede: sar\u00e0 un uomo vuoto, ridotto a sofferenza e bisogno, dimentico di dignit\u00e0 e discernimento, poich\u00e9 accade facilmente, a chi ha perso tutto, di perdere se stesso<\/em>.&#8221;<\/strong><\/li>\n<\/ol>\n<p>Leggi altre <a href=\"https:\/\/www.frasicelebri.it\/ricerca-frasi\/?q=primo+levi\">frasi celebri di Primo Levi<\/a> e le <a href=\"https:\/\/www.frasicelebri.it\/ricerca-frasi\/?q=ricordi\">frasi celebri sui ricordi<\/a><\/p>\n","protected":false},"excerpt":{"rendered":"<p>Primo Levi non \u00e8 stato solo uno scrittore, ma una coscienza lucida e scomoda del Novecento. Chimico di formazione, sopravvissuto al campo di concentramento di &#8230; <a title=\"Frasi di Primo Levi sui ricordi, ti aiuteranno a convincere chi ami che deve liberarsi dal passato e vivrete meglio\" class=\"read-more\" href=\"https:\/\/www.frasicelebri.it\/news\/frasi-di-primo-levi-sui-ricordi\/\" aria-label=\"More on Frasi di Primo Levi sui ricordi, ti aiuteranno a convincere chi ami che deve liberarsi dal passato e vivrete meglio\">Leggi tutto<\/a><\/p>\n","protected":false},"author":12,"featured_media":40909,"comment_status":"closed","ping_status":"closed","sticky":false,"template":"","format":"standard","meta":{"footnotes":""},"categories":[42],"tags":[1221,1159],"class_list":["post-40908","post","type-post","status-publish","format-standard","has-post-thumbnail","hentry","category-lifestyle","tag-frasi-sui-ricordi","tag-primo-levi"],"yoast_head":"<!-- This site is optimized with the Yoast SEO plugin v25.2 - https:\/\/yoast.com\/wordpress\/plugins\/seo\/ -->\n<title>Frasi di Primo Levi sui ricordi, ti aiuteranno a convincere chi ami che deve liberarsi dal passato e vivrete meglio - Frasicelebri.it<\/title>\n<meta name=\"description\" content=\"Primo Levi ci insegna che dimenticare il passato non \u00e8 mai una buona idea, n\u00e9 per l\u2019umanit\u00e0 n\u00e9 per le coppie che litigano\" \/>\n<meta name=\"robots\" content=\"index, follow, max-snippet:-1, max-image-preview:large, max-video-preview:-1\" \/>\n<link rel=\"canonical\" href=\"https:\/\/www.frasicelebri.it\/news\/frasi-di-primo-levi-sui-ricordi\/\" \/>\n<meta property=\"og:locale\" content=\"it_IT\" \/>\n<meta property=\"og:type\" content=\"article\" \/>\n<meta property=\"og:title\" content=\"Frasi di Primo Levi sui ricordi, ti aiuteranno a convincere chi ami che deve liberarsi dal passato e vivrete meglio - Frasicelebri.it\" \/>\n<meta property=\"og:description\" content=\"Primo Levi ci insegna che dimenticare il passato non \u00e8 mai una buona idea, n\u00e9 per l\u2019umanit\u00e0 n\u00e9 per le coppie che litigano\" \/>\n<meta property=\"og:url\" content=\"https:\/\/www.frasicelebri.it\/news\/frasi-di-primo-levi-sui-ricordi\/\" \/>\n<meta property=\"og:site_name\" content=\"Frasicelebri.it\" \/>\n<meta property=\"article:published_time\" content=\"2025-10-15T09:00:15+00:00\" \/>\n<meta property=\"og:image\" content=\"https:\/\/i0.wp.com\/www.frasicelebri.it\/news\/wp-content\/uploads\/2025\/10\/ricordi-Foto-di-Alfonso-Scarpa-su-Unsplash.jpg?fit=1200%2C800&ssl=1\" \/>\n\t<meta property=\"og:image:width\" content=\"1200\" \/>\n\t<meta property=\"og:image:height\" content=\"800\" \/>\n\t<meta property=\"og:image:type\" content=\"image\/jpeg\" \/>\n<meta name=\"author\" content=\"Romina Cardia\" \/>\n<meta name=\"twitter:card\" content=\"summary_large_image\" \/>\n<meta name=\"twitter:label1\" content=\"Scritto da\" \/>\n\t<meta name=\"twitter:data1\" content=\"Romina Cardia\" \/>\n\t<meta name=\"twitter:label2\" content=\"Tempo di lettura stimato\" \/>\n\t<meta name=\"twitter:data2\" content=\"6 minuti\" \/>\n<script type=\"application\/ld+json\" class=\"yoast-schema-graph\">{\"@context\":\"https:\/\/schema.org\",\"@graph\":[{\"@type\":\"Article\",\"@id\":\"https:\/\/www.frasicelebri.it\/news\/frasi-di-primo-levi-sui-ricordi\/#article\",\"isPartOf\":{\"@id\":\"https:\/\/www.frasicelebri.it\/news\/frasi-di-primo-levi-sui-ricordi\/\"},\"author\":{\"name\":\"Romina Cardia\",\"@id\":\"https:\/\/www.frasicelebri.it\/news\/#\/schema\/person\/712303166008dc510236daeaf8087292\"},\"headline\":\"Frasi di Primo Levi sui ricordi, ti aiuteranno a convincere chi ami che deve liberarsi dal passato e vivrete meglio\",\"datePublished\":\"2025-10-15T09:00:15+00:00\",\"mainEntityOfPage\":{\"@id\":\"https:\/\/www.frasicelebri.it\/news\/frasi-di-primo-levi-sui-ricordi\/\"},\"wordCount\":940,\"publisher\":{\"@id\":\"https:\/\/www.frasicelebri.it\/news\/#organization\"},\"image\":{\"@id\":\"https:\/\/www.frasicelebri.it\/news\/frasi-di-primo-levi-sui-ricordi\/#primaryimage\"},\"thumbnailUrl\":\"https:\/\/i0.wp.com\/www.frasicelebri.it\/news\/wp-content\/uploads\/2025\/10\/ricordi-Foto-di-Alfonso-Scarpa-su-Unsplash.jpg?fit=1200%2C800&ssl=1\",\"keywords\":[\"frasi sui ricordi\",\"Primo Levi\"],\"articleSection\":[\"LifeStyle\"],\"inLanguage\":\"it-IT\"},{\"@type\":\"WebPage\",\"@id\":\"https:\/\/www.frasicelebri.it\/news\/frasi-di-primo-levi-sui-ricordi\/\",\"url\":\"https:\/\/www.frasicelebri.it\/news\/frasi-di-primo-levi-sui-ricordi\/\",\"name\":\"Frasi di Primo Levi sui ricordi, ti aiuteranno a convincere chi ami che deve liberarsi dal passato e vivrete meglio - Frasicelebri.it\",\"isPartOf\":{\"@id\":\"https:\/\/www.frasicelebri.it\/news\/#website\"},\"primaryImageOfPage\":{\"@id\":\"https:\/\/www.frasicelebri.it\/news\/frasi-di-primo-levi-sui-ricordi\/#primaryimage\"},\"image\":{\"@id\":\"https:\/\/www.frasicelebri.it\/news\/frasi-di-primo-levi-sui-ricordi\/#primaryimage\"},\"thumbnailUrl\":\"https:\/\/i0.wp.com\/www.frasicelebri.it\/news\/wp-content\/uploads\/2025\/10\/ricordi-Foto-di-Alfonso-Scarpa-su-Unsplash.jpg?fit=1200%2C800&ssl=1\",\"datePublished\":\"2025-10-15T09:00:15+00:00\",\"description\":\"Primo Levi ci insegna che dimenticare il passato non \u00e8 mai una buona idea, n\u00e9 per l\u2019umanit\u00e0 n\u00e9 per le coppie che litigano\",\"breadcrumb\":{\"@id\":\"https:\/\/www.frasicelebri.it\/news\/frasi-di-primo-levi-sui-ricordi\/#breadcrumb\"},\"inLanguage\":\"it-IT\",\"potentialAction\":[{\"@type\":\"ReadAction\",\"target\":[\"https:\/\/www.frasicelebri.it\/news\/frasi-di-primo-levi-sui-ricordi\/\"]}]},{\"@type\":\"ImageObject\",\"inLanguage\":\"it-IT\",\"@id\":\"https:\/\/www.frasicelebri.it\/news\/frasi-di-primo-levi-sui-ricordi\/#primaryimage\",\"url\":\"https:\/\/i0.wp.com\/www.frasicelebri.it\/news\/wp-content\/uploads\/2025\/10\/ricordi-Foto-di-Alfonso-Scarpa-su-Unsplash.jpg?fit=1200%2C800&ssl=1\",\"contentUrl\":\"https:\/\/i0.wp.com\/www.frasicelebri.it\/news\/wp-content\/uploads\/2025\/10\/ricordi-Foto-di-Alfonso-Scarpa-su-Unsplash.jpg?fit=1200%2C800&ssl=1\",\"width\":1200,\"height\":800,\"caption\":\"Foto di Alfonso Scarpa su Unsplash\"},{\"@type\":\"BreadcrumbList\",\"@id\":\"https:\/\/www.frasicelebri.it\/news\/frasi-di-primo-levi-sui-ricordi\/#breadcrumb\",\"itemListElement\":[{\"@type\":\"ListItem\",\"position\":1,\"name\":\"Home\",\"item\":\"https:\/\/www.frasicelebri.it\/news\/\"},{\"@type\":\"ListItem\",\"position\":2,\"name\":\"Frasi di Primo Levi sui ricordi, ti aiuteranno a convincere chi ami che deve liberarsi dal passato e vivrete meglio\"}]},{\"@type\":\"WebSite\",\"@id\":\"https:\/\/www.frasicelebri.it\/news\/#website\",\"url\":\"https:\/\/www.frasicelebri.it\/news\/\",\"name\":\"Frasicelebri.it\",\"description\":\"News Frasicelebri.it\",\"publisher\":{\"@id\":\"https:\/\/www.frasicelebri.it\/news\/#organization\"},\"potentialAction\":[{\"@type\":\"SearchAction\",\"target\":{\"@type\":\"EntryPoint\",\"urlTemplate\":\"https:\/\/www.frasicelebri.it\/news\/?s={search_term_string}\"},\"query-input\":{\"@type\":\"PropertyValueSpecification\",\"valueRequired\":true,\"valueName\":\"search_term_string\"}}],\"inLanguage\":\"it-IT\"},{\"@type\":\"Organization\",\"@id\":\"https:\/\/www.frasicelebri.it\/news\/#organization\",\"name\":\"Frasicelebri.it\",\"url\":\"https:\/\/www.frasicelebri.it\/news\/\",\"logo\":{\"@type\":\"ImageObject\",\"inLanguage\":\"it-IT\",\"@id\":\"https:\/\/www.frasicelebri.it\/news\/#\/schema\/logo\/image\/\",\"url\":\"https:\/\/i0.wp.com\/www.frasicelebri.it\/news\/wp-content\/uploads\/2024\/07\/logo-quadrato-drasicelebri.it_.jpg?fit=696%2C696&ssl=1\",\"contentUrl\":\"https:\/\/i0.wp.com\/www.frasicelebri.it\/news\/wp-content\/uploads\/2024\/07\/logo-quadrato-drasicelebri.it_.jpg?fit=696%2C696&ssl=1\",\"width\":696,\"height\":696,\"caption\":\"Frasicelebri.it\"},\"image\":{\"@id\":\"https:\/\/www.frasicelebri.it\/news\/#\/schema\/logo\/image\/\"}},{\"@type\":\"Person\",\"@id\":\"https:\/\/www.frasicelebri.it\/news\/#\/schema\/person\/712303166008dc510236daeaf8087292\",\"name\":\"Romina Cardia\",\"image\":{\"@type\":\"ImageObject\",\"inLanguage\":\"it-IT\",\"@id\":\"https:\/\/www.frasicelebri.it\/news\/#\/schema\/person\/image\/\",\"url\":\"https:\/\/secure.gravatar.com\/avatar\/7e155e0e5584fd17310efae2dc94f61e?s=96&d=mm&r=g\",\"contentUrl\":\"https:\/\/secure.gravatar.com\/avatar\/7e155e0e5584fd17310efae2dc94f61e?s=96&d=mm&r=g\",\"caption\":\"Romina Cardia\"},\"url\":\"https:\/\/www.frasicelebri.it\/news\/author\/romina\/\"}]}<\/script>\n<!-- \/ Yoast SEO plugin. -->","yoast_head_json":{"title":"Frasi di Primo Levi sui ricordi, ti aiuteranno a convincere chi ami che deve liberarsi dal passato e vivrete meglio - Frasicelebri.it","description":"Primo Levi ci insegna che dimenticare il passato non \u00e8 mai una buona idea, n\u00e9 per l\u2019umanit\u00e0 n\u00e9 per le coppie che litigano","robots":{"index":"index","follow":"follow","max-snippet":"max-snippet:-1","max-image-preview":"max-image-preview:large","max-video-preview":"max-video-preview:-1"},"canonical":"https:\/\/www.frasicelebri.it\/news\/frasi-di-primo-levi-sui-ricordi\/","og_locale":"it_IT","og_type":"article","og_title":"Frasi di Primo Levi sui ricordi, ti aiuteranno a convincere chi ami che deve liberarsi dal passato e vivrete meglio - Frasicelebri.it","og_description":"Primo Levi ci insegna che dimenticare il passato non \u00e8 mai una buona idea, n\u00e9 per l\u2019umanit\u00e0 n\u00e9 per le coppie che litigano","og_url":"https:\/\/www.frasicelebri.it\/news\/frasi-di-primo-levi-sui-ricordi\/","og_site_name":"Frasicelebri.it","article_published_time":"2025-10-15T09:00:15+00:00","og_image":[{"width":1200,"height":800,"url":"https:\/\/i0.wp.com\/www.frasicelebri.it\/news\/wp-content\/uploads\/2025\/10\/ricordi-Foto-di-Alfonso-Scarpa-su-Unsplash.jpg?fit=1200%2C800&ssl=1","type":"image\/jpeg"}],"author":"Romina Cardia","twitter_card":"summary_large_image","twitter_misc":{"Scritto da":"Romina Cardia","Tempo di lettura stimato":"6 minuti"},"schema":{"@context":"https:\/\/schema.org","@graph":[{"@type":"Article","@id":"https:\/\/www.frasicelebri.it\/news\/frasi-di-primo-levi-sui-ricordi\/#article","isPartOf":{"@id":"https:\/\/www.frasicelebri.it\/news\/frasi-di-primo-levi-sui-ricordi\/"},"author":{"name":"Romina Cardia","@id":"https:\/\/www.frasicelebri.it\/news\/#\/schema\/person\/712303166008dc510236daeaf8087292"},"headline":"Frasi di Primo Levi sui ricordi, ti aiuteranno a convincere chi ami che deve liberarsi dal passato e vivrete meglio","datePublished":"2025-10-15T09:00:15+00:00","mainEntityOfPage":{"@id":"https:\/\/www.frasicelebri.it\/news\/frasi-di-primo-levi-sui-ricordi\/"},"wordCount":940,"publisher":{"@id":"https:\/\/www.frasicelebri.it\/news\/#organization"},"image":{"@id":"https:\/\/www.frasicelebri.it\/news\/frasi-di-primo-levi-sui-ricordi\/#primaryimage"},"thumbnailUrl":"https:\/\/i0.wp.com\/www.frasicelebri.it\/news\/wp-content\/uploads\/2025\/10\/ricordi-Foto-di-Alfonso-Scarpa-su-Unsplash.jpg?fit=1200%2C800&ssl=1","keywords":["frasi sui ricordi","Primo Levi"],"articleSection":["LifeStyle"],"inLanguage":"it-IT"},{"@type":"WebPage","@id":"https:\/\/www.frasicelebri.it\/news\/frasi-di-primo-levi-sui-ricordi\/","url":"https:\/\/www.frasicelebri.it\/news\/frasi-di-primo-levi-sui-ricordi\/","name":"Frasi di Primo Levi sui ricordi, ti aiuteranno a convincere chi ami che deve liberarsi dal passato e vivrete meglio - Frasicelebri.it","isPartOf":{"@id":"https:\/\/www.frasicelebri.it\/news\/#website"},"primaryImageOfPage":{"@id":"https:\/\/www.frasicelebri.it\/news\/frasi-di-primo-levi-sui-ricordi\/#primaryimage"},"image":{"@id":"https:\/\/www.frasicelebri.it\/news\/frasi-di-primo-levi-sui-ricordi\/#primaryimage"},"thumbnailUrl":"https:\/\/i0.wp.com\/www.frasicelebri.it\/news\/wp-content\/uploads\/2025\/10\/ricordi-Foto-di-Alfonso-Scarpa-su-Unsplash.jpg?fit=1200%2C800&ssl=1","datePublished":"2025-10-15T09:00:15+00:00","description":"Primo Levi ci insegna che dimenticare il passato non \u00e8 mai una buona idea, n\u00e9 per l\u2019umanit\u00e0 n\u00e9 per le coppie che litigano","breadcrumb":{"@id":"https:\/\/www.frasicelebri.it\/news\/frasi-di-primo-levi-sui-ricordi\/#breadcrumb"},"inLanguage":"it-IT","potentialAction":[{"@type":"ReadAction","target":["https:\/\/www.frasicelebri.it\/news\/frasi-di-primo-levi-sui-ricordi\/"]}]},{"@type":"ImageObject","inLanguage":"it-IT","@id":"https:\/\/www.frasicelebri.it\/news\/frasi-di-primo-levi-sui-ricordi\/#primaryimage","url":"https:\/\/i0.wp.com\/www.frasicelebri.it\/news\/wp-content\/uploads\/2025\/10\/ricordi-Foto-di-Alfonso-Scarpa-su-Unsplash.jpg?fit=1200%2C800&ssl=1","contentUrl":"https:\/\/i0.wp.com\/www.frasicelebri.it\/news\/wp-content\/uploads\/2025\/10\/ricordi-Foto-di-Alfonso-Scarpa-su-Unsplash.jpg?fit=1200%2C800&ssl=1","width":1200,"height":800,"caption":"Foto di Alfonso Scarpa su Unsplash"},{"@type":"BreadcrumbList","@id":"https:\/\/www.frasicelebri.it\/news\/frasi-di-primo-levi-sui-ricordi\/#breadcrumb","itemListElement":[{"@type":"ListItem","position":1,"name":"Home","item":"https:\/\/www.frasicelebri.it\/news\/"},{"@type":"ListItem","position":2,"name":"Frasi di Primo Levi sui ricordi, ti aiuteranno a convincere chi ami che deve liberarsi dal passato e vivrete meglio"}]},{"@type":"WebSite","@id":"https:\/\/www.frasicelebri.it\/news\/#website","url":"https:\/\/www.frasicelebri.it\/news\/","name":"Frasicelebri.it","description":"News Frasicelebri.it","publisher":{"@id":"https:\/\/www.frasicelebri.it\/news\/#organization"},"potentialAction":[{"@type":"SearchAction","target":{"@type":"EntryPoint","urlTemplate":"https:\/\/www.frasicelebri.it\/news\/?s={search_term_string}"},"query-input":{"@type":"PropertyValueSpecification","valueRequired":true,"valueName":"search_term_string"}}],"inLanguage":"it-IT"},{"@type":"Organization","@id":"https:\/\/www.frasicelebri.it\/news\/#organization","name":"Frasicelebri.it","url":"https:\/\/www.frasicelebri.it\/news\/","logo":{"@type":"ImageObject","inLanguage":"it-IT","@id":"https:\/\/www.frasicelebri.it\/news\/#\/schema\/logo\/image\/","url":"https:\/\/i0.wp.com\/www.frasicelebri.it\/news\/wp-content\/uploads\/2024\/07\/logo-quadrato-drasicelebri.it_.jpg?fit=696%2C696&ssl=1","contentUrl":"https:\/\/i0.wp.com\/www.frasicelebri.it\/news\/wp-content\/uploads\/2024\/07\/logo-quadrato-drasicelebri.it_.jpg?fit=696%2C696&ssl=1","width":696,"height":696,"caption":"Frasicelebri.it"},"image":{"@id":"https:\/\/www.frasicelebri.it\/news\/#\/schema\/logo\/image\/"}},{"@type":"Person","@id":"https:\/\/www.frasicelebri.it\/news\/#\/schema\/person\/712303166008dc510236daeaf8087292","name":"Romina Cardia","image":{"@type":"ImageObject","inLanguage":"it-IT","@id":"https:\/\/www.frasicelebri.it\/news\/#\/schema\/person\/image\/","url":"https:\/\/secure.gravatar.com\/avatar\/7e155e0e5584fd17310efae2dc94f61e?s=96&d=mm&r=g","contentUrl":"https:\/\/secure.gravatar.com\/avatar\/7e155e0e5584fd17310efae2dc94f61e?s=96&d=mm&r=g","caption":"Romina Cardia"},"url":"https:\/\/www.frasicelebri.it\/news\/author\/romina\/"}]}},"_links":{"self":[{"href":"https:\/\/www.frasicelebri.it\/news\/wp-json\/wp\/v2\/posts\/40908","targetHints":{"allow":["GET"]}}],"collection":[{"href":"https:\/\/www.frasicelebri.it\/news\/wp-json\/wp\/v2\/posts"}],"about":[{"href":"https:\/\/www.frasicelebri.it\/news\/wp-json\/wp\/v2\/types\/post"}],"author":[{"embeddable":true,"href":"https:\/\/www.frasicelebri.it\/news\/wp-json\/wp\/v2\/users\/12"}],"replies":[{"embeddable":true,"href":"https:\/\/www.frasicelebri.it\/news\/wp-json\/wp\/v2\/comments?post=40908"}],"version-history":[{"count":1,"href":"https:\/\/www.frasicelebri.it\/news\/wp-json\/wp\/v2\/posts\/40908\/revisions"}],"predecessor-version":[{"id":40910,"href":"https:\/\/www.frasicelebri.it\/news\/wp-json\/wp\/v2\/posts\/40908\/revisions\/40910"}],"wp:featuredmedia":[{"embeddable":true,"href":"https:\/\/www.frasicelebri.it\/news\/wp-json\/wp\/v2\/media\/40909"}],"wp:attachment":[{"href":"https:\/\/www.frasicelebri.it\/news\/wp-json\/wp\/v2\/media?parent=40908"}],"wp:term":[{"taxonomy":"category","embeddable":true,"href":"https:\/\/www.frasicelebri.it\/news\/wp-json\/wp\/v2\/categories?post=40908"},{"taxonomy":"post_tag","embeddable":true,"href":"https:\/\/www.frasicelebri.it\/news\/wp-json\/wp\/v2\/tags?post=40908"}],"curies":[{"name":"wp","href":"https:\/\/api.w.org\/{rel}","templated":true}]}}