{"id":41381,"date":"2025-11-18T11:00:28","date_gmt":"2025-11-18T10:00:28","guid":{"rendered":"https:\/\/www.frasicelebri.it\/news\/?p=41381"},"modified":"2025-11-17T11:24:08","modified_gmt":"2025-11-17T10:24:08","slug":"frasi-di-massimo-recalcati-sulle-catene","status":"publish","type":"post","link":"https:\/\/www.frasicelebri.it\/news\/frasi-di-massimo-recalcati-sulle-catene\/","title":{"rendered":"Frasi di Massimo Recalcati sulle catene, ti sproneranno a liberarti per sempre dalle persone che ti tarpano le ali"},"content":{"rendered":"<p><strong>Massimo Recalcati<\/strong> non \u00e8 solo uno dei pi\u00f9 famosi psicoanalisti italiani, ma anche un osservatore della vita e dei meccanismi che ci tengono intrappolati. Nei suoi libri e interventi, spesso parla di \u201c<strong>catene<\/strong>\u201d, metafora potente della sicurezza illusoria che ci impedisce di vivere davvero liberi. Ma attenzione: non \u00e8 un invito a buttare tutto alle ortiche, \u00e8 una lezione per capire chi e cosa ci limita e come possiamo liberarci senza paura di cadere.<\/p>\n<figure id=\"attachment_41382\" aria-describedby=\"caption-attachment-41382\" style=\"width: 1668px\" class=\"wp-caption alignnone\"><img data-recalc-dims=\"1\" loading=\"lazy\" decoding=\"async\" class=\"size-full wp-image-41382\" src=\"https:\/\/i0.wp.com\/www.frasicelebri.it\/news\/wp-content\/uploads\/2025\/11\/catene-Foto-di-Miltiadis-Fragkidis-su-Unsplash.jpg?resize=1200%2C800&#038;ssl=1\" alt=\"Frasi di Massimo Recalcati sulle catene\" width=\"1200\" height=\"800\" srcset=\"https:\/\/i0.wp.com\/www.frasicelebri.it\/news\/wp-content\/uploads\/2025\/11\/catene-Foto-di-Miltiadis-Fragkidis-su-Unsplash.jpg?w=1678&amp;ssl=1 1678w, https:\/\/i0.wp.com\/www.frasicelebri.it\/news\/wp-content\/uploads\/2025\/11\/catene-Foto-di-Miltiadis-Fragkidis-su-Unsplash.jpg?resize=300%2C200&amp;ssl=1 300w, https:\/\/i0.wp.com\/www.frasicelebri.it\/news\/wp-content\/uploads\/2025\/11\/catene-Foto-di-Miltiadis-Fragkidis-su-Unsplash.jpg?resize=1200%2C800&amp;ssl=1 1200w, https:\/\/i0.wp.com\/www.frasicelebri.it\/news\/wp-content\/uploads\/2025\/11\/catene-Foto-di-Miltiadis-Fragkidis-su-Unsplash.jpg?resize=150%2C100&amp;ssl=1 150w, https:\/\/i0.wp.com\/www.frasicelebri.it\/news\/wp-content\/uploads\/2025\/11\/catene-Foto-di-Miltiadis-Fragkidis-su-Unsplash.jpg?resize=768%2C512&amp;ssl=1 768w, https:\/\/i0.wp.com\/www.frasicelebri.it\/news\/wp-content\/uploads\/2025\/11\/catene-Foto-di-Miltiadis-Fragkidis-su-Unsplash.jpg?resize=1536%2C1023&amp;ssl=1 1536w\" sizes=\"auto, (max-width: 1200px) 100vw, 1200px\" \/><figcaption id=\"caption-attachment-41382\" class=\"wp-caption-text\">Foto di Miltiadis Fragkidis su Unsplash<\/figcaption><\/figure>\n<h2>Chi \u00e8 Massimo Recalcati<\/h2>\n<p>Psicoanalista, scrittore e divulgatore, <strong>Massimo Recalcati<\/strong> ha portato il linguaggio della psicoanalisi fuori dai laboratori e dai libri specialistici, rendendolo accessibile a chiunque voglia riflettere sulla propria vita. Autore di saggi famosi come <em>Il complesso di Telemaco<\/em> o <em>La notte e il silenzio<\/em>, \u00e8 noto per uno stile diretto, a volte ironico, che mette in luce contraddizioni e verit\u00e0 scomode della natura umana.<\/p>\n<h3>Le catene secondo Recalcati<\/h3>\n<p>Per Massimo Recalcati, <strong>le \u201ccatene\u201d<\/strong> non sono solo simboli astratti di limitazioni, ma <strong>rappresentano ci\u00f2 che ci lega: abitudini, dipendenze affettive, ruoli sociali, relazioni che ci proteggono ma ci soffocano<\/strong>. La sua frase pi\u00f9 famosa \u00e8 illuminante:<\/p>\n<blockquote><p>\u201c<em>Le persone amano le catene pi\u00f9 della libert\u00e0, perch\u00e9 le catene proteggono, perch\u00e9 la schiavit\u00f9 annienta la libert\u00e0 ma garantisce la protezione<\/em>.\u201d<\/p><\/blockquote>\n<p>In altre parole, <strong>scegliamo spesso il noto e il sicuro, anche se ci imprigiona<\/strong>, perch\u00e9 la paura del vuoto, dell\u2019ignoto e della responsabilit\u00e0 ci spaventa pi\u00f9 della nostra stessa prigione. \u00c8 la comodit\u00e0 della gabbia dorata: s\u00ec, sei intrappolato, ma almeno non devi lottare contro la vita da solo.<\/p>\n<h3>La psicologia dietro la scelta della catena<\/h3>\n<p>Massimo Recalcati richiama Freud quando parla di questa tendenza umana:<\/p>\n<blockquote><p>\u201c<em>Freud diceva che gli esseri umani sono assetati di obbedienza. Cerchiamo la bussola infallibile del padrone e pi\u00f9 siamo in momenti di disorientamento, di sbandamento, di difficolt\u00e0, di disagio, pi\u00f9 la spinta a cercare il padrone si identifica<\/em>.\u201d<\/p><\/blockquote>\n<p>In pratica, quando ci sentiamo persi, fragili o confusi, cerchiamo chi ci dica cosa fare, anche a costo di rinunciare alla nostra libert\u00e0. Le catene diventano un rifugio, un modo per sentirsi protetti. Ma attenzione: la protezione \u00e8 solo illusoria.<\/p>\n<h3>Perch\u00e9 queste parole ci aiutano a liberarci<\/h3>\n<p>Ascoltare Massimo Recalcati pu\u00f2 essere come ricevere uno schiaffo amichevole: s\u00ec, ci sono persone e situazioni che ci tarpano le ali, ma riconoscerle \u00e8 il primo passo per <strong>spezzare le catene<\/strong>. La frase sulle catene ci insegna che la sicurezza pu\u00f2 essere una trappola e che a volte dobbiamo rischiare un po\u2019 di libert\u00e0 per guadagnare la nostra vita autentica.<\/p>\n<p>Non parliamo di rivoluzioni traumatiche: liberarsi dalle catene pu\u00f2 significare dire \u201cno\u201d a chi ci limita, smettere di compiacere tutti o abbandonare relazioni tossiche. \u00c8 un invito a camminare sulle proprie gambe, senza dimenticare che <strong>la libert\u00e0 richiede coraggio, ma regala una protezione che le catene non possono offrire: la fiducia in se stessi<\/strong>.<\/p>\n<h3>Senza catene si \u00e8 pi\u00f9 vivi<\/h3>\n<p>Massimo Recalcati ci ricorda che la vita senza catene \u00e8 spaventosa, ma infinitamente pi\u00f9 viva. Le catene proteggono, certo, ma <strong>chi vuole volare davvero sa che le ali si rafforzano solo quando smettiamo di indossare il peso della schiavit\u00f9 comoda<\/strong>. E allora, ogni tanto, spezzale: \u00e8 l\u2019inizio della vera libert\u00e0.<\/p>\n<h3>Frasi di Massimo Recalcati sulle catene<\/h3>\n<ol>\n<li><strong>\u201c<em>Le persone amano le catene pi\u00f9 della libert\u00e0, perch\u00e9 le catene proteggono, perch\u00e9 la schiavit\u00f9 annienta la libert\u00e0 ma garantisce la protezione<\/em>.\u201d<\/strong><\/li>\n<li><strong>\u201c<em>Freud diceva che gli esseri umani sono assetati di obbedienza. Cerchiamo la bussola infallibile del padrone e pi\u00f9 siamo in momenti di disorientamento, di sbandamento, di difficolt\u00e0, di disagio, pi\u00f9 la spinta a cercare il padrone si identifica<\/em>.\u201d<\/strong><\/li>\n<\/ol>\n<p>Leggi altre <a href=\"https:\/\/www.frasicelebri.it\/ricerca-frasi\/?q=massimo+recalcati\">frasi celebri di Massimo Recalcati<\/a> e le <a href=\"https:\/\/www.frasicelebri.it\/ricerca-frasi\/?q=catene\">frasi celebri sulle catene<\/a><\/p>\n","protected":false},"excerpt":{"rendered":"<p>Massimo Recalcati non \u00e8 solo uno dei pi\u00f9 famosi psicoanalisti italiani, ma anche un osservatore della vita e dei meccanismi che ci tengono intrappolati. Nei &#8230; <a title=\"Frasi di Massimo Recalcati sulle catene, ti sproneranno a liberarti per sempre dalle persone che ti tarpano le ali\" class=\"read-more\" href=\"https:\/\/www.frasicelebri.it\/news\/frasi-di-massimo-recalcati-sulle-catene\/\" aria-label=\"More on Frasi di Massimo Recalcati sulle catene, ti sproneranno a liberarti per sempre dalle persone che ti tarpano le ali\">Leggi tutto<\/a><\/p>\n","protected":false},"author":12,"featured_media":41382,"comment_status":"closed","ping_status":"closed","sticky":false,"template":"","format":"standard","meta":{"footnotes":""},"categories":[676],"tags":[1616,1617],"class_list":["post-41381","post","type-post","status-publish","format-standard","has-post-thumbnail","hentry","category-spettacolo","tag-frasi-sulle-catene","tag-massimo-reacalcati"],"yoast_head":"<!-- This site is optimized with the Yoast SEO plugin v25.2 - https:\/\/yoast.com\/wordpress\/plugins\/seo\/ -->\n<title>Frasi di Massimo Recalcati sulle catene, ti sproneranno a liberarti per sempre dalle persone che ti tarpano le ali - Frasicelebri.it<\/title>\n<meta name=\"description\" content=\"Massimo Recalcati ci spiega perch\u00e9 spesso scegliamo la sicurezza delle catene invece della libert\u00e0 e come liberarci senza paura\" \/>\n<meta name=\"robots\" content=\"index, follow, max-snippet:-1, max-image-preview:large, max-video-preview:-1\" \/>\n<link rel=\"canonical\" href=\"https:\/\/www.frasicelebri.it\/news\/frasi-di-massimo-recalcati-sulle-catene\/\" \/>\n<meta property=\"og:locale\" content=\"it_IT\" \/>\n<meta property=\"og:type\" content=\"article\" \/>\n<meta property=\"og:title\" content=\"Frasi di Massimo Recalcati sulle catene, ti sproneranno a liberarti per sempre dalle persone che ti tarpano le ali - Frasicelebri.it\" \/>\n<meta property=\"og:description\" content=\"Massimo Recalcati ci spiega perch\u00e9 spesso scegliamo la sicurezza delle catene invece della libert\u00e0 e come liberarci senza paura\" \/>\n<meta property=\"og:url\" content=\"https:\/\/www.frasicelebri.it\/news\/frasi-di-massimo-recalcati-sulle-catene\/\" \/>\n<meta property=\"og:site_name\" content=\"Frasicelebri.it\" \/>\n<meta property=\"article:published_time\" content=\"2025-11-18T10:00:28+00:00\" \/>\n<meta property=\"og:image\" content=\"https:\/\/i0.wp.com\/www.frasicelebri.it\/news\/wp-content\/uploads\/2025\/11\/catene-Foto-di-Miltiadis-Fragkidis-su-Unsplash.jpg?fit=1678%2C1118&ssl=1\" \/>\n\t<meta property=\"og:image:width\" content=\"1678\" \/>\n\t<meta property=\"og:image:height\" content=\"1118\" \/>\n\t<meta property=\"og:image:type\" content=\"image\/jpeg\" \/>\n<meta name=\"author\" content=\"Romina Cardia\" \/>\n<meta name=\"twitter:card\" content=\"summary_large_image\" \/>\n<meta name=\"twitter:label1\" content=\"Scritto da\" \/>\n\t<meta name=\"twitter:data1\" content=\"Romina Cardia\" \/>\n\t<meta name=\"twitter:label2\" content=\"Tempo di lettura stimato\" \/>\n\t<meta name=\"twitter:data2\" content=\"4 minuti\" \/>\n<script type=\"application\/ld+json\" class=\"yoast-schema-graph\">{\"@context\":\"https:\/\/schema.org\",\"@graph\":[{\"@type\":\"Article\",\"@id\":\"https:\/\/www.frasicelebri.it\/news\/frasi-di-massimo-recalcati-sulle-catene\/#article\",\"isPartOf\":{\"@id\":\"https:\/\/www.frasicelebri.it\/news\/frasi-di-massimo-recalcati-sulle-catene\/\"},\"author\":{\"name\":\"Romina Cardia\",\"@id\":\"https:\/\/www.frasicelebri.it\/news\/#\/schema\/person\/712303166008dc510236daeaf8087292\"},\"headline\":\"Frasi di Massimo Recalcati sulle catene, ti sproneranno a liberarti per sempre dalle persone che ti tarpano le ali\",\"datePublished\":\"2025-11-18T10:00:28+00:00\",\"mainEntityOfPage\":{\"@id\":\"https:\/\/www.frasicelebri.it\/news\/frasi-di-massimo-recalcati-sulle-catene\/\"},\"wordCount\":625,\"publisher\":{\"@id\":\"https:\/\/www.frasicelebri.it\/news\/#organization\"},\"image\":{\"@id\":\"https:\/\/www.frasicelebri.it\/news\/frasi-di-massimo-recalcati-sulle-catene\/#primaryimage\"},\"thumbnailUrl\":\"https:\/\/i0.wp.com\/www.frasicelebri.it\/news\/wp-content\/uploads\/2025\/11\/catene-Foto-di-Miltiadis-Fragkidis-su-Unsplash.jpg?fit=1678%2C1118&ssl=1\",\"keywords\":[\"frasi sulle catene\",\"Massimo Reacalcati\"],\"articleSection\":[\"Spettacolo\"],\"inLanguage\":\"it-IT\"},{\"@type\":\"WebPage\",\"@id\":\"https:\/\/www.frasicelebri.it\/news\/frasi-di-massimo-recalcati-sulle-catene\/\",\"url\":\"https:\/\/www.frasicelebri.it\/news\/frasi-di-massimo-recalcati-sulle-catene\/\",\"name\":\"Frasi di Massimo Recalcati sulle catene, ti sproneranno a liberarti per sempre dalle persone che ti tarpano le ali - Frasicelebri.it\",\"isPartOf\":{\"@id\":\"https:\/\/www.frasicelebri.it\/news\/#website\"},\"primaryImageOfPage\":{\"@id\":\"https:\/\/www.frasicelebri.it\/news\/frasi-di-massimo-recalcati-sulle-catene\/#primaryimage\"},\"image\":{\"@id\":\"https:\/\/www.frasicelebri.it\/news\/frasi-di-massimo-recalcati-sulle-catene\/#primaryimage\"},\"thumbnailUrl\":\"https:\/\/i0.wp.com\/www.frasicelebri.it\/news\/wp-content\/uploads\/2025\/11\/catene-Foto-di-Miltiadis-Fragkidis-su-Unsplash.jpg?fit=1678%2C1118&ssl=1\",\"datePublished\":\"2025-11-18T10:00:28+00:00\",\"description\":\"Massimo Recalcati ci spiega perch\u00e9 spesso scegliamo la sicurezza delle catene invece della libert\u00e0 e come liberarci senza paura\",\"breadcrumb\":{\"@id\":\"https:\/\/www.frasicelebri.it\/news\/frasi-di-massimo-recalcati-sulle-catene\/#breadcrumb\"},\"inLanguage\":\"it-IT\",\"potentialAction\":[{\"@type\":\"ReadAction\",\"target\":[\"https:\/\/www.frasicelebri.it\/news\/frasi-di-massimo-recalcati-sulle-catene\/\"]}]},{\"@type\":\"ImageObject\",\"inLanguage\":\"it-IT\",\"@id\":\"https:\/\/www.frasicelebri.it\/news\/frasi-di-massimo-recalcati-sulle-catene\/#primaryimage\",\"url\":\"https:\/\/i0.wp.com\/www.frasicelebri.it\/news\/wp-content\/uploads\/2025\/11\/catene-Foto-di-Miltiadis-Fragkidis-su-Unsplash.jpg?fit=1678%2C1118&ssl=1\",\"contentUrl\":\"https:\/\/i0.wp.com\/www.frasicelebri.it\/news\/wp-content\/uploads\/2025\/11\/catene-Foto-di-Miltiadis-Fragkidis-su-Unsplash.jpg?fit=1678%2C1118&ssl=1\",\"width\":1678,\"height\":1118,\"caption\":\"Foto di Miltiadis Fragkidis su Unsplash\"},{\"@type\":\"BreadcrumbList\",\"@id\":\"https:\/\/www.frasicelebri.it\/news\/frasi-di-massimo-recalcati-sulle-catene\/#breadcrumb\",\"itemListElement\":[{\"@type\":\"ListItem\",\"position\":1,\"name\":\"Home\",\"item\":\"https:\/\/www.frasicelebri.it\/news\/\"},{\"@type\":\"ListItem\",\"position\":2,\"name\":\"Frasi di Massimo Recalcati sulle catene, ti sproneranno a liberarti per sempre dalle persone che ti tarpano le ali\"}]},{\"@type\":\"WebSite\",\"@id\":\"https:\/\/www.frasicelebri.it\/news\/#website\",\"url\":\"https:\/\/www.frasicelebri.it\/news\/\",\"name\":\"Frasicelebri.it\",\"description\":\"News Frasicelebri.it\",\"publisher\":{\"@id\":\"https:\/\/www.frasicelebri.it\/news\/#organization\"},\"potentialAction\":[{\"@type\":\"SearchAction\",\"target\":{\"@type\":\"EntryPoint\",\"urlTemplate\":\"https:\/\/www.frasicelebri.it\/news\/?s={search_term_string}\"},\"query-input\":{\"@type\":\"PropertyValueSpecification\",\"valueRequired\":true,\"valueName\":\"search_term_string\"}}],\"inLanguage\":\"it-IT\"},{\"@type\":\"Organization\",\"@id\":\"https:\/\/www.frasicelebri.it\/news\/#organization\",\"name\":\"Frasicelebri.it\",\"url\":\"https:\/\/www.frasicelebri.it\/news\/\",\"logo\":{\"@type\":\"ImageObject\",\"inLanguage\":\"it-IT\",\"@id\":\"https:\/\/www.frasicelebri.it\/news\/#\/schema\/logo\/image\/\",\"url\":\"https:\/\/i0.wp.com\/www.frasicelebri.it\/news\/wp-content\/uploads\/2024\/07\/logo-quadrato-drasicelebri.it_.jpg?fit=696%2C696&ssl=1\",\"contentUrl\":\"https:\/\/i0.wp.com\/www.frasicelebri.it\/news\/wp-content\/uploads\/2024\/07\/logo-quadrato-drasicelebri.it_.jpg?fit=696%2C696&ssl=1\",\"width\":696,\"height\":696,\"caption\":\"Frasicelebri.it\"},\"image\":{\"@id\":\"https:\/\/www.frasicelebri.it\/news\/#\/schema\/logo\/image\/\"}},{\"@type\":\"Person\",\"@id\":\"https:\/\/www.frasicelebri.it\/news\/#\/schema\/person\/712303166008dc510236daeaf8087292\",\"name\":\"Romina Cardia\",\"image\":{\"@type\":\"ImageObject\",\"inLanguage\":\"it-IT\",\"@id\":\"https:\/\/www.frasicelebri.it\/news\/#\/schema\/person\/image\/\",\"url\":\"https:\/\/secure.gravatar.com\/avatar\/7e155e0e5584fd17310efae2dc94f61e?s=96&d=mm&r=g\",\"contentUrl\":\"https:\/\/secure.gravatar.com\/avatar\/7e155e0e5584fd17310efae2dc94f61e?s=96&d=mm&r=g\",\"caption\":\"Romina Cardia\"},\"url\":\"https:\/\/www.frasicelebri.it\/news\/author\/romina\/\"}]}<\/script>\n<!-- \/ Yoast SEO plugin. -->","yoast_head_json":{"title":"Frasi di Massimo Recalcati sulle catene, ti sproneranno a liberarti per sempre dalle persone che ti tarpano le ali - Frasicelebri.it","description":"Massimo Recalcati ci spiega perch\u00e9 spesso scegliamo la sicurezza delle catene invece della libert\u00e0 e come liberarci senza paura","robots":{"index":"index","follow":"follow","max-snippet":"max-snippet:-1","max-image-preview":"max-image-preview:large","max-video-preview":"max-video-preview:-1"},"canonical":"https:\/\/www.frasicelebri.it\/news\/frasi-di-massimo-recalcati-sulle-catene\/","og_locale":"it_IT","og_type":"article","og_title":"Frasi di Massimo Recalcati sulle catene, ti sproneranno a liberarti per sempre dalle persone che ti tarpano le ali - Frasicelebri.it","og_description":"Massimo Recalcati ci spiega perch\u00e9 spesso scegliamo la sicurezza delle catene invece della libert\u00e0 e come liberarci senza paura","og_url":"https:\/\/www.frasicelebri.it\/news\/frasi-di-massimo-recalcati-sulle-catene\/","og_site_name":"Frasicelebri.it","article_published_time":"2025-11-18T10:00:28+00:00","og_image":[{"width":1678,"height":1118,"url":"https:\/\/i0.wp.com\/www.frasicelebri.it\/news\/wp-content\/uploads\/2025\/11\/catene-Foto-di-Miltiadis-Fragkidis-su-Unsplash.jpg?fit=1678%2C1118&ssl=1","type":"image\/jpeg"}],"author":"Romina Cardia","twitter_card":"summary_large_image","twitter_misc":{"Scritto da":"Romina Cardia","Tempo di lettura stimato":"4 minuti"},"schema":{"@context":"https:\/\/schema.org","@graph":[{"@type":"Article","@id":"https:\/\/www.frasicelebri.it\/news\/frasi-di-massimo-recalcati-sulle-catene\/#article","isPartOf":{"@id":"https:\/\/www.frasicelebri.it\/news\/frasi-di-massimo-recalcati-sulle-catene\/"},"author":{"name":"Romina Cardia","@id":"https:\/\/www.frasicelebri.it\/news\/#\/schema\/person\/712303166008dc510236daeaf8087292"},"headline":"Frasi di Massimo Recalcati sulle catene, ti sproneranno a liberarti per sempre dalle persone che ti tarpano le ali","datePublished":"2025-11-18T10:00:28+00:00","mainEntityOfPage":{"@id":"https:\/\/www.frasicelebri.it\/news\/frasi-di-massimo-recalcati-sulle-catene\/"},"wordCount":625,"publisher":{"@id":"https:\/\/www.frasicelebri.it\/news\/#organization"},"image":{"@id":"https:\/\/www.frasicelebri.it\/news\/frasi-di-massimo-recalcati-sulle-catene\/#primaryimage"},"thumbnailUrl":"https:\/\/i0.wp.com\/www.frasicelebri.it\/news\/wp-content\/uploads\/2025\/11\/catene-Foto-di-Miltiadis-Fragkidis-su-Unsplash.jpg?fit=1678%2C1118&ssl=1","keywords":["frasi sulle catene","Massimo Reacalcati"],"articleSection":["Spettacolo"],"inLanguage":"it-IT"},{"@type":"WebPage","@id":"https:\/\/www.frasicelebri.it\/news\/frasi-di-massimo-recalcati-sulle-catene\/","url":"https:\/\/www.frasicelebri.it\/news\/frasi-di-massimo-recalcati-sulle-catene\/","name":"Frasi di Massimo Recalcati sulle catene, ti sproneranno a liberarti per sempre dalle persone che ti tarpano le ali - Frasicelebri.it","isPartOf":{"@id":"https:\/\/www.frasicelebri.it\/news\/#website"},"primaryImageOfPage":{"@id":"https:\/\/www.frasicelebri.it\/news\/frasi-di-massimo-recalcati-sulle-catene\/#primaryimage"},"image":{"@id":"https:\/\/www.frasicelebri.it\/news\/frasi-di-massimo-recalcati-sulle-catene\/#primaryimage"},"thumbnailUrl":"https:\/\/i0.wp.com\/www.frasicelebri.it\/news\/wp-content\/uploads\/2025\/11\/catene-Foto-di-Miltiadis-Fragkidis-su-Unsplash.jpg?fit=1678%2C1118&ssl=1","datePublished":"2025-11-18T10:00:28+00:00","description":"Massimo Recalcati ci spiega perch\u00e9 spesso scegliamo la sicurezza delle catene invece della libert\u00e0 e come liberarci senza paura","breadcrumb":{"@id":"https:\/\/www.frasicelebri.it\/news\/frasi-di-massimo-recalcati-sulle-catene\/#breadcrumb"},"inLanguage":"it-IT","potentialAction":[{"@type":"ReadAction","target":["https:\/\/www.frasicelebri.it\/news\/frasi-di-massimo-recalcati-sulle-catene\/"]}]},{"@type":"ImageObject","inLanguage":"it-IT","@id":"https:\/\/www.frasicelebri.it\/news\/frasi-di-massimo-recalcati-sulle-catene\/#primaryimage","url":"https:\/\/i0.wp.com\/www.frasicelebri.it\/news\/wp-content\/uploads\/2025\/11\/catene-Foto-di-Miltiadis-Fragkidis-su-Unsplash.jpg?fit=1678%2C1118&ssl=1","contentUrl":"https:\/\/i0.wp.com\/www.frasicelebri.it\/news\/wp-content\/uploads\/2025\/11\/catene-Foto-di-Miltiadis-Fragkidis-su-Unsplash.jpg?fit=1678%2C1118&ssl=1","width":1678,"height":1118,"caption":"Foto di Miltiadis Fragkidis su Unsplash"},{"@type":"BreadcrumbList","@id":"https:\/\/www.frasicelebri.it\/news\/frasi-di-massimo-recalcati-sulle-catene\/#breadcrumb","itemListElement":[{"@type":"ListItem","position":1,"name":"Home","item":"https:\/\/www.frasicelebri.it\/news\/"},{"@type":"ListItem","position":2,"name":"Frasi di Massimo Recalcati sulle catene, ti sproneranno a liberarti per sempre dalle persone che ti tarpano le ali"}]},{"@type":"WebSite","@id":"https:\/\/www.frasicelebri.it\/news\/#website","url":"https:\/\/www.frasicelebri.it\/news\/","name":"Frasicelebri.it","description":"News Frasicelebri.it","publisher":{"@id":"https:\/\/www.frasicelebri.it\/news\/#organization"},"potentialAction":[{"@type":"SearchAction","target":{"@type":"EntryPoint","urlTemplate":"https:\/\/www.frasicelebri.it\/news\/?s={search_term_string}"},"query-input":{"@type":"PropertyValueSpecification","valueRequired":true,"valueName":"search_term_string"}}],"inLanguage":"it-IT"},{"@type":"Organization","@id":"https:\/\/www.frasicelebri.it\/news\/#organization","name":"Frasicelebri.it","url":"https:\/\/www.frasicelebri.it\/news\/","logo":{"@type":"ImageObject","inLanguage":"it-IT","@id":"https:\/\/www.frasicelebri.it\/news\/#\/schema\/logo\/image\/","url":"https:\/\/i0.wp.com\/www.frasicelebri.it\/news\/wp-content\/uploads\/2024\/07\/logo-quadrato-drasicelebri.it_.jpg?fit=696%2C696&ssl=1","contentUrl":"https:\/\/i0.wp.com\/www.frasicelebri.it\/news\/wp-content\/uploads\/2024\/07\/logo-quadrato-drasicelebri.it_.jpg?fit=696%2C696&ssl=1","width":696,"height":696,"caption":"Frasicelebri.it"},"image":{"@id":"https:\/\/www.frasicelebri.it\/news\/#\/schema\/logo\/image\/"}},{"@type":"Person","@id":"https:\/\/www.frasicelebri.it\/news\/#\/schema\/person\/712303166008dc510236daeaf8087292","name":"Romina Cardia","image":{"@type":"ImageObject","inLanguage":"it-IT","@id":"https:\/\/www.frasicelebri.it\/news\/#\/schema\/person\/image\/","url":"https:\/\/secure.gravatar.com\/avatar\/7e155e0e5584fd17310efae2dc94f61e?s=96&d=mm&r=g","contentUrl":"https:\/\/secure.gravatar.com\/avatar\/7e155e0e5584fd17310efae2dc94f61e?s=96&d=mm&r=g","caption":"Romina Cardia"},"url":"https:\/\/www.frasicelebri.it\/news\/author\/romina\/"}]}},"_links":{"self":[{"href":"https:\/\/www.frasicelebri.it\/news\/wp-json\/wp\/v2\/posts\/41381","targetHints":{"allow":["GET"]}}],"collection":[{"href":"https:\/\/www.frasicelebri.it\/news\/wp-json\/wp\/v2\/posts"}],"about":[{"href":"https:\/\/www.frasicelebri.it\/news\/wp-json\/wp\/v2\/types\/post"}],"author":[{"embeddable":true,"href":"https:\/\/www.frasicelebri.it\/news\/wp-json\/wp\/v2\/users\/12"}],"replies":[{"embeddable":true,"href":"https:\/\/www.frasicelebri.it\/news\/wp-json\/wp\/v2\/comments?post=41381"}],"version-history":[{"count":1,"href":"https:\/\/www.frasicelebri.it\/news\/wp-json\/wp\/v2\/posts\/41381\/revisions"}],"predecessor-version":[{"id":41383,"href":"https:\/\/www.frasicelebri.it\/news\/wp-json\/wp\/v2\/posts\/41381\/revisions\/41383"}],"wp:featuredmedia":[{"embeddable":true,"href":"https:\/\/www.frasicelebri.it\/news\/wp-json\/wp\/v2\/media\/41382"}],"wp:attachment":[{"href":"https:\/\/www.frasicelebri.it\/news\/wp-json\/wp\/v2\/media?parent=41381"}],"wp:term":[{"taxonomy":"category","embeddable":true,"href":"https:\/\/www.frasicelebri.it\/news\/wp-json\/wp\/v2\/categories?post=41381"},{"taxonomy":"post_tag","embeddable":true,"href":"https:\/\/www.frasicelebri.it\/news\/wp-json\/wp\/v2\/tags?post=41381"}],"curies":[{"name":"wp","href":"https:\/\/api.w.org\/{rel}","templated":true}]}}