{"id":41486,"date":"2025-11-24T08:00:52","date_gmt":"2025-11-24T07:00:52","guid":{"rendered":"https:\/\/www.frasicelebri.it\/news\/?p=41486"},"modified":"2025-11-21T13:35:24","modified_gmt":"2025-11-21T12:35:24","slug":"frasi-di-jorge-l-borges-sul-tempo","status":"publish","type":"post","link":"https:\/\/www.frasicelebri.it\/news\/frasi-di-jorge-l-borges-sul-tempo\/","title":{"rendered":"Frasi di Jorge L. Borges sul tempo, ti aiutano a gestire le tue giornate senza che tu sia soffocato dal tempo che manca"},"content":{"rendered":"<p><strong>Jorge Luis Borges<\/strong> non \u00e8 stato solo uno scrittore. \u00c8 stato un genere letterario a s\u00e9: met\u00e0 uomo, met\u00e0 biblioteca ambulante, con una passione smodata per i paradossi, i labirinti, l\u2019infinito e &#8211; soprattutto &#8211; <strong>il tempo<\/strong>. Per lui il tempo non era una cosa da cronometrare ma una creatura viva, sfuggente, quasi un animale selvatico da studiare con la pazienza di un naturalista e l\u2019ironia di chi sa che tanto, alla fine, perderemo sempre qualche minuto da qualche parte. Eppure, dentro i suoi libri, Borges ci lascia una bussola: non per fermare il tempo, ma per smettere di esserne schiavi.<\/p>\n<figure id=\"attachment_41487\" aria-describedby=\"caption-attachment-41487\" style=\"width: 1190px\" class=\"wp-caption alignnone\"><img data-recalc-dims=\"1\" loading=\"lazy\" decoding=\"async\" class=\"size-full wp-image-41487\" src=\"https:\/\/i0.wp.com\/www.frasicelebri.it\/news\/wp-content\/uploads\/2025\/11\/tempo-Foto-di-Valerie-Blanchett-su-Unsplash.jpg?resize=1200%2C800&#038;ssl=1\" alt=\"Frasi di Jorge L. Borges sul tempo\" width=\"1200\" height=\"800\" srcset=\"https:\/\/i0.wp.com\/www.frasicelebri.it\/news\/wp-content\/uploads\/2025\/11\/tempo-Foto-di-Valerie-Blanchett-su-Unsplash.jpg?w=1200&amp;ssl=1 1200w, https:\/\/i0.wp.com\/www.frasicelebri.it\/news\/wp-content\/uploads\/2025\/11\/tempo-Foto-di-Valerie-Blanchett-su-Unsplash.jpg?resize=300%2C200&amp;ssl=1 300w, https:\/\/i0.wp.com\/www.frasicelebri.it\/news\/wp-content\/uploads\/2025\/11\/tempo-Foto-di-Valerie-Blanchett-su-Unsplash.jpg?resize=150%2C100&amp;ssl=1 150w, https:\/\/i0.wp.com\/www.frasicelebri.it\/news\/wp-content\/uploads\/2025\/11\/tempo-Foto-di-Valerie-Blanchett-su-Unsplash.jpg?resize=768%2C512&amp;ssl=1 768w\" sizes=\"auto, (max-width: 1200px) 100vw, 1200px\" \/><figcaption id=\"caption-attachment-41487\" class=\"wp-caption-text\">Foto di Valerie Blanchett su Unsplash<\/figcaption><\/figure>\n<h2>Chi era Jorge Luis Borges<\/h2>\n<p>Dietro il grande intellettuale c\u2019era una persona timida, riservata, con una memoria smisurata e una curiosit\u00e0 quasi infantile. Amava le biblioteche pi\u00f9 delle feste e preferiva i libri alle persone (e spesso aveva ragione, diciamolo). La sua biografia potrebbe sembrare quella di un professore un po\u2019 strano, se non fosse che ogni frase che gli usciva di bocca aveva il potere di farci dubitare del mondo intero: del passato, del futuro, dell\u2019identit\u00e0 e persino della realt\u00e0.<\/p>\n<p><strong>Il tempo<\/strong> lo affascinava pi\u00f9 di ogni altra cosa. Forse perch\u00e9, diventando progressivamente cieco, impar\u00f2 a \u201cvedere\u201d il mondo non pi\u00f9 con gli occhi, ma con la memoria e l\u2019immaginazione. E cos\u2019\u00e8 la memoria, se non un modo molto creativo di organizzare il tempo?<\/p>\n<h3>Il tempo nei suoi libri: un labirinto senza uscita<\/h3>\n<p><strong>Borges<\/strong> ha parlato del tempo ovunque: nei racconti, nelle poesie, nei saggi.<br \/>\nIn <em>Finzioni<\/em>, in <em>Il giardino dei sentieri che si biforcano<\/em>, in <em>Una nuova confutazione del tempo<\/em>, ha messo in scena mondi in cui il tempo non scorre, ma si moltiplica, si congela, si avvita su s\u00e9 stesso.<\/p>\n<p>Non era un vezzo filosofico: era la sua maniera di dire che <strong>il tempo non \u00e8 una linea retta<\/strong>, anche se gli orologi continuano a raccontarci questa bugia. <strong>\u00c8 un insieme di possibilit\u00e0, un groviglio di scelte, un labirinto senza Minotauro ma pieno di noi stessi<\/strong>.<\/p>\n<h3>La frase pi\u00f9 famosa: perch\u00e9 Borges diceva di essere tigre, fiume e fuoco<\/h3>\n<p>A un certo punto, in <em>Una nuova confutazione del tempo<\/em>, Borges scrive una delle sue frasi pi\u00f9 celebri:<\/p>\n<blockquote><p>\u201c<em>Il tempo \u00e8 la sostanza di cui sono fatto. Il tempo \u00e8 un fiume che mi trascina, ma io sono il fiume; \u00e8 una tigre che mi sbrana, ma io sono la tigre; \u00e8 un fuoco che mi consuma, ma io sono il fuoco<\/em>.\u201d<\/p><\/blockquote>\n<p>Detta cos\u00ec, sembrerebbe la tagline perfetta per un film fantasy: met\u00e0 uomo, met\u00e0 puma, met\u00e0 idraulico. Ma in realt\u00e0 \u00e8 una delle riflessioni pi\u00f9 profonde che ci abbia lasciato. Borges ci sta dicendo che <strong>il tempo non \u00e8 qualcosa che ci accade dall\u2019esterno.<\/strong><br \/>\n<strong>Siamo noi.<\/strong> Siamo fatti dei nostri giorni, dei nostri errori, delle nostre ore spese bene e di quelle buttate. <strong>Il fiume<\/strong> che ci trascina \u00e8 lo stesso fiume che costruiamo vivendo. <strong>La tigre<\/strong> che ci \u201csbrana\u201d \u00e8 il passare del tempo\u2026 ma siamo anche noi che scegliamo cosa farne. <strong>Non esiste un tempo \u201ccontro\u201d di noi: esiste solo il tempo che decidiamo come interpretare<\/strong>.<\/p>\n<h3>Cosa possiamo imparare: il trucco per non farci divorare dall\u2019orologio<\/h3>\n<p>Questa frase, bellissima e un po\u2019 inquietante, in realt\u00e0 \u00e8 un consiglio mascherato.<br \/>\nCi dice che <strong>il tempo non va \u201cgestito\u201d come si gestisce un\u2019agenda; va abitato<\/strong>.<br \/>\nE soprattutto va vissuto con consapevolezza, perch\u00e9 ogni minuto non \u00e8 un nemico da rincorrere, ma un pezzo di noi. In pratica, Borges ci suggerisce tre cose molto utili per la nostra vita quotidiana:<\/p>\n<ol>\n<li><strong> Non confondere il tempo con la fretta<\/strong><\/li>\n<\/ol>\n<p>La societ\u00e0 ci ripete che \u201cnon c\u2019\u00e8 tempo\u201d. Borges risponderebbe: \u201cIl tempo sei tu. Il problema semmai \u00e8 come ti muovi dentro di lui.\u201d<\/p>\n<ol start=\"2\">\n<li><strong> Non perdere tempo a combattere il tempo<\/strong><\/li>\n<\/ol>\n<p>Possiamo litigare contro gli orologi, ma loro vincono sempre. Meglio accettare il flusso e decidere cosa farne, un po\u2019 come si fa con le correnti in mare: se non puoi fermarle, almeno nuota nella direzione giusta.<\/p>\n<ol start=\"3\">\n<li><strong> Ricorda che il tempo non consuma tutto allo stesso modo<\/strong><\/li>\n<\/ol>\n<p>Divora ci\u00f2 che non ci appartiene, ci\u00f2 che facciamo per obbligo, ci\u00f2 che non amiamo.<br \/>\nMa arricchisce &#8211; come dice Borges altrove -\u201ci versi\u201d, cio\u00e8 tutto ci\u00f2 che facciamo con passione.<\/p>\n<h3>Diventare un po\u2019 Borges ogni giorno<\/h3>\n<p>Jorge Luis Borges non ci chiede di diventare filosofi o di perdere pomeriggi a pensare all\u2019eternit\u00e0 (anche se, detta cos\u00ec, non sembra male). Ci chiede qualcosa di pi\u00f9 semplice e allo stesso tempo pi\u00f9 difficile: <strong>smettere di pensare al tempo come un qualcosa che ci sfugge e iniziare a vederlo come un materiale prezioso che possiamo modellare<\/strong>.<\/p>\n<p><strong>Siamo noi il fiume, la tigre, il fuoco<\/strong>: il tempo non ci schiaccia, ci definisce.<br \/>\nE una volta capito questo, improvvisamente, il giorno smette di sembrarci troppo corto.<\/p>\n<h3>Frasi di Jorge L. Borges sul tempo<\/h3>\n<ol>\n<li><strong>\u201c<em>Il tempo \u00e8 la sostanza di cui sono fatto. Il tempo \u00e8 un fiume che mi trascina, ma io sono il fiume; \u00e8 una tigre che mi divora, ma io sono la tigre; \u00e8 un fuoco che mi consuma, ma io sono il fuoco<\/em>.\u201d<\/strong><\/li>\n<li><strong>\u201c<em>Il tempo si biforca continuamente verso innumerevoli futuri. In uno di essi io sono il tuo nemico<\/em>.\u201d<\/strong><\/li>\n<li><strong>\u201c<em>Stare con te e non stare con te \u00e8 l\u2019unico modo che ho per misurare il tempo<\/em>.\u201d<\/strong><\/li>\n<li><strong>\u201c<em>Il tempo non pu\u00f2 essere misurato in giorni come il denaro in pesos e centavos, perch\u00e9 tutti i pesos sono uguali, mentre ogni giorno, forse ogni ora, \u00e8 differente<\/em>.\u201d<\/strong><\/li>\n<li><strong>\u201c<em>Un labirinto di simboli\u2026 un invisibile labirinto di tempo<\/em>.\u201d<\/strong><\/li>\n<li><strong>\u201c<em>Il tempo, che devasta i castelli, arricchisce i versi<\/em>.\u201d<\/strong><\/li>\n<li><strong>\u201c<em>L\u2019unico enigma \u00e8 il tempo, quell\u2019infinita trama di ieri, oggi e domani, del sempre e del mai<\/em>.\u201d<\/strong><\/li>\n<li><strong>\u201c<em>L\u2019uomo vive nel tempo, nella successione del tempo, e il magico animale nell\u2019attualit\u00e0, nell\u2019eternit\u00e0 costante<\/em>.\u201d<\/strong><\/li>\n<li><strong>\u201c<em>La verit\u00e0 \u00e8 che viviamo la nostra vita rimandando tutto ci\u00f2 che pu\u00f2 essere rimandato; forse tutti sappiamo, in fondo, di essere immortali\u2026<\/em>\u201d<\/strong><\/li>\n<li><strong> \u201c<em>Il tempo \u00e8 la sostanza di cui sono fatto\u2026 Il mondo, purtroppo, \u00e8 reale; io, purtroppo, sono Borges<\/em>.\u201d<\/strong><\/li>\n<\/ol>\n<p>Leggi altre <a href=\"https:\/\/www.frasicelebri.it\/ricerca-frasi\/?q=Jorge+Luis+Borges+\">frasi celebri di Jorge Luis Borges<\/a> e le <a href=\"https:\/\/www.frasicelebri.it\/ricerca-frasi\/?q=tempo\">frasi celebri sul tempo<\/a><\/p>\n","protected":false},"excerpt":{"rendered":"<p>Jorge Luis Borges non \u00e8 stato solo uno scrittore. \u00c8 stato un genere letterario a s\u00e9: met\u00e0 uomo, met\u00e0 biblioteca ambulante, con una passione smodata &#8230; <a title=\"Frasi di Jorge L. Borges sul tempo, ti aiutano a gestire le tue giornate senza che tu sia soffocato dal tempo che manca\" class=\"read-more\" href=\"https:\/\/www.frasicelebri.it\/news\/frasi-di-jorge-l-borges-sul-tempo\/\" aria-label=\"More on Frasi di Jorge L. Borges sul tempo, ti aiutano a gestire le tue giornate senza che tu sia soffocato dal tempo che manca\">Leggi tutto<\/a><\/p>\n","protected":false},"author":12,"featured_media":41487,"comment_status":"closed","ping_status":"closed","sticky":false,"template":"","format":"standard","meta":{"footnotes":""},"categories":[42],"tags":[1090,1631],"class_list":["post-41486","post","type-post","status-publish","format-standard","has-post-thumbnail","hentry","category-lifestyle","tag-frasi-sul-tempo","tag-jorge-luis-borges"],"yoast_head":"<!-- This site is optimized with the Yoast SEO plugin v25.2 - https:\/\/yoast.com\/wordpress\/plugins\/seo\/ -->\n<title>Frasi di Jorge L. Borges sul tempo, ti aiutano a gestire le tue giornate senza che tu sia soffocato dal tempo che manca - Frasicelebri.it<\/title>\n<meta name=\"description\" content=\"Jorge Luis Borges parlava del tempo come fosse una bestia feroce, ma in realt\u00e0 voleva aiutarci a domarla nel modo migliore\" \/>\n<meta name=\"robots\" content=\"index, follow, max-snippet:-1, max-image-preview:large, max-video-preview:-1\" \/>\n<link rel=\"canonical\" href=\"https:\/\/www.frasicelebri.it\/news\/frasi-di-jorge-l-borges-sul-tempo\/\" \/>\n<meta property=\"og:locale\" content=\"it_IT\" \/>\n<meta property=\"og:type\" content=\"article\" \/>\n<meta property=\"og:title\" content=\"Frasi di Jorge L. Borges sul tempo, ti aiutano a gestire le tue giornate senza che tu sia soffocato dal tempo che manca - Frasicelebri.it\" \/>\n<meta property=\"og:description\" content=\"Jorge Luis Borges parlava del tempo come fosse una bestia feroce, ma in realt\u00e0 voleva aiutarci a domarla nel modo migliore\" \/>\n<meta property=\"og:url\" content=\"https:\/\/www.frasicelebri.it\/news\/frasi-di-jorge-l-borges-sul-tempo\/\" \/>\n<meta property=\"og:site_name\" content=\"Frasicelebri.it\" \/>\n<meta property=\"article:published_time\" content=\"2025-11-24T07:00:52+00:00\" \/>\n<meta property=\"og:image\" content=\"https:\/\/i0.wp.com\/www.frasicelebri.it\/news\/wp-content\/uploads\/2025\/11\/tempo-Foto-di-Valerie-Blanchett-su-Unsplash.jpg?fit=1200%2C800&ssl=1\" \/>\n\t<meta property=\"og:image:width\" content=\"1200\" \/>\n\t<meta property=\"og:image:height\" content=\"800\" \/>\n\t<meta property=\"og:image:type\" content=\"image\/jpeg\" \/>\n<meta name=\"author\" content=\"Romina Cardia\" \/>\n<meta name=\"twitter:card\" content=\"summary_large_image\" \/>\n<meta name=\"twitter:label1\" content=\"Scritto da\" \/>\n\t<meta name=\"twitter:data1\" content=\"Romina Cardia\" \/>\n\t<meta name=\"twitter:label2\" content=\"Tempo di lettura stimato\" \/>\n\t<meta name=\"twitter:data2\" content=\"6 minuti\" \/>\n<script type=\"application\/ld+json\" class=\"yoast-schema-graph\">{\"@context\":\"https:\/\/schema.org\",\"@graph\":[{\"@type\":\"Article\",\"@id\":\"https:\/\/www.frasicelebri.it\/news\/frasi-di-jorge-l-borges-sul-tempo\/#article\",\"isPartOf\":{\"@id\":\"https:\/\/www.frasicelebri.it\/news\/frasi-di-jorge-l-borges-sul-tempo\/\"},\"author\":{\"name\":\"Romina Cardia\",\"@id\":\"https:\/\/www.frasicelebri.it\/news\/#\/schema\/person\/712303166008dc510236daeaf8087292\"},\"headline\":\"Frasi di Jorge L. Borges sul tempo, ti aiutano a gestire le tue giornate senza che tu sia soffocato dal tempo che manca\",\"datePublished\":\"2025-11-24T07:00:52+00:00\",\"mainEntityOfPage\":{\"@id\":\"https:\/\/www.frasicelebri.it\/news\/frasi-di-jorge-l-borges-sul-tempo\/\"},\"wordCount\":1035,\"publisher\":{\"@id\":\"https:\/\/www.frasicelebri.it\/news\/#organization\"},\"image\":{\"@id\":\"https:\/\/www.frasicelebri.it\/news\/frasi-di-jorge-l-borges-sul-tempo\/#primaryimage\"},\"thumbnailUrl\":\"https:\/\/i0.wp.com\/www.frasicelebri.it\/news\/wp-content\/uploads\/2025\/11\/tempo-Foto-di-Valerie-Blanchett-su-Unsplash.jpg?fit=1200%2C800&ssl=1\",\"keywords\":[\"frasi sul tempo\",\"Jorge Luis Borges\"],\"articleSection\":[\"LifeStyle\"],\"inLanguage\":\"it-IT\"},{\"@type\":\"WebPage\",\"@id\":\"https:\/\/www.frasicelebri.it\/news\/frasi-di-jorge-l-borges-sul-tempo\/\",\"url\":\"https:\/\/www.frasicelebri.it\/news\/frasi-di-jorge-l-borges-sul-tempo\/\",\"name\":\"Frasi di Jorge L. Borges sul tempo, ti aiutano a gestire le tue giornate senza che tu sia soffocato dal tempo che manca - Frasicelebri.it\",\"isPartOf\":{\"@id\":\"https:\/\/www.frasicelebri.it\/news\/#website\"},\"primaryImageOfPage\":{\"@id\":\"https:\/\/www.frasicelebri.it\/news\/frasi-di-jorge-l-borges-sul-tempo\/#primaryimage\"},\"image\":{\"@id\":\"https:\/\/www.frasicelebri.it\/news\/frasi-di-jorge-l-borges-sul-tempo\/#primaryimage\"},\"thumbnailUrl\":\"https:\/\/i0.wp.com\/www.frasicelebri.it\/news\/wp-content\/uploads\/2025\/11\/tempo-Foto-di-Valerie-Blanchett-su-Unsplash.jpg?fit=1200%2C800&ssl=1\",\"datePublished\":\"2025-11-24T07:00:52+00:00\",\"description\":\"Jorge Luis Borges parlava del tempo come fosse una bestia feroce, ma in realt\u00e0 voleva aiutarci a domarla nel modo migliore\",\"breadcrumb\":{\"@id\":\"https:\/\/www.frasicelebri.it\/news\/frasi-di-jorge-l-borges-sul-tempo\/#breadcrumb\"},\"inLanguage\":\"it-IT\",\"potentialAction\":[{\"@type\":\"ReadAction\",\"target\":[\"https:\/\/www.frasicelebri.it\/news\/frasi-di-jorge-l-borges-sul-tempo\/\"]}]},{\"@type\":\"ImageObject\",\"inLanguage\":\"it-IT\",\"@id\":\"https:\/\/www.frasicelebri.it\/news\/frasi-di-jorge-l-borges-sul-tempo\/#primaryimage\",\"url\":\"https:\/\/i0.wp.com\/www.frasicelebri.it\/news\/wp-content\/uploads\/2025\/11\/tempo-Foto-di-Valerie-Blanchett-su-Unsplash.jpg?fit=1200%2C800&ssl=1\",\"contentUrl\":\"https:\/\/i0.wp.com\/www.frasicelebri.it\/news\/wp-content\/uploads\/2025\/11\/tempo-Foto-di-Valerie-Blanchett-su-Unsplash.jpg?fit=1200%2C800&ssl=1\",\"width\":1200,\"height\":800,\"caption\":\"Foto di Valerie Blanchett su Unsplash\"},{\"@type\":\"BreadcrumbList\",\"@id\":\"https:\/\/www.frasicelebri.it\/news\/frasi-di-jorge-l-borges-sul-tempo\/#breadcrumb\",\"itemListElement\":[{\"@type\":\"ListItem\",\"position\":1,\"name\":\"Home\",\"item\":\"https:\/\/www.frasicelebri.it\/news\/\"},{\"@type\":\"ListItem\",\"position\":2,\"name\":\"Frasi di Jorge L. Borges sul tempo, ti aiutano a gestire le tue giornate senza che tu sia soffocato dal tempo che manca\"}]},{\"@type\":\"WebSite\",\"@id\":\"https:\/\/www.frasicelebri.it\/news\/#website\",\"url\":\"https:\/\/www.frasicelebri.it\/news\/\",\"name\":\"Frasicelebri.it\",\"description\":\"News Frasicelebri.it\",\"publisher\":{\"@id\":\"https:\/\/www.frasicelebri.it\/news\/#organization\"},\"potentialAction\":[{\"@type\":\"SearchAction\",\"target\":{\"@type\":\"EntryPoint\",\"urlTemplate\":\"https:\/\/www.frasicelebri.it\/news\/?s={search_term_string}\"},\"query-input\":{\"@type\":\"PropertyValueSpecification\",\"valueRequired\":true,\"valueName\":\"search_term_string\"}}],\"inLanguage\":\"it-IT\"},{\"@type\":\"Organization\",\"@id\":\"https:\/\/www.frasicelebri.it\/news\/#organization\",\"name\":\"Frasicelebri.it\",\"url\":\"https:\/\/www.frasicelebri.it\/news\/\",\"logo\":{\"@type\":\"ImageObject\",\"inLanguage\":\"it-IT\",\"@id\":\"https:\/\/www.frasicelebri.it\/news\/#\/schema\/logo\/image\/\",\"url\":\"https:\/\/i0.wp.com\/www.frasicelebri.it\/news\/wp-content\/uploads\/2024\/07\/logo-quadrato-drasicelebri.it_.jpg?fit=696%2C696&ssl=1\",\"contentUrl\":\"https:\/\/i0.wp.com\/www.frasicelebri.it\/news\/wp-content\/uploads\/2024\/07\/logo-quadrato-drasicelebri.it_.jpg?fit=696%2C696&ssl=1\",\"width\":696,\"height\":696,\"caption\":\"Frasicelebri.it\"},\"image\":{\"@id\":\"https:\/\/www.frasicelebri.it\/news\/#\/schema\/logo\/image\/\"}},{\"@type\":\"Person\",\"@id\":\"https:\/\/www.frasicelebri.it\/news\/#\/schema\/person\/712303166008dc510236daeaf8087292\",\"name\":\"Romina Cardia\",\"image\":{\"@type\":\"ImageObject\",\"inLanguage\":\"it-IT\",\"@id\":\"https:\/\/www.frasicelebri.it\/news\/#\/schema\/person\/image\/\",\"url\":\"https:\/\/secure.gravatar.com\/avatar\/7e155e0e5584fd17310efae2dc94f61e?s=96&d=mm&r=g\",\"contentUrl\":\"https:\/\/secure.gravatar.com\/avatar\/7e155e0e5584fd17310efae2dc94f61e?s=96&d=mm&r=g\",\"caption\":\"Romina Cardia\"},\"url\":\"https:\/\/www.frasicelebri.it\/news\/author\/romina\/\"}]}<\/script>\n<!-- \/ Yoast SEO plugin. -->","yoast_head_json":{"title":"Frasi di Jorge L. Borges sul tempo, ti aiutano a gestire le tue giornate senza che tu sia soffocato dal tempo che manca - Frasicelebri.it","description":"Jorge Luis Borges parlava del tempo come fosse una bestia feroce, ma in realt\u00e0 voleva aiutarci a domarla nel modo migliore","robots":{"index":"index","follow":"follow","max-snippet":"max-snippet:-1","max-image-preview":"max-image-preview:large","max-video-preview":"max-video-preview:-1"},"canonical":"https:\/\/www.frasicelebri.it\/news\/frasi-di-jorge-l-borges-sul-tempo\/","og_locale":"it_IT","og_type":"article","og_title":"Frasi di Jorge L. Borges sul tempo, ti aiutano a gestire le tue giornate senza che tu sia soffocato dal tempo che manca - Frasicelebri.it","og_description":"Jorge Luis Borges parlava del tempo come fosse una bestia feroce, ma in realt\u00e0 voleva aiutarci a domarla nel modo migliore","og_url":"https:\/\/www.frasicelebri.it\/news\/frasi-di-jorge-l-borges-sul-tempo\/","og_site_name":"Frasicelebri.it","article_published_time":"2025-11-24T07:00:52+00:00","og_image":[{"width":1200,"height":800,"url":"https:\/\/i0.wp.com\/www.frasicelebri.it\/news\/wp-content\/uploads\/2025\/11\/tempo-Foto-di-Valerie-Blanchett-su-Unsplash.jpg?fit=1200%2C800&ssl=1","type":"image\/jpeg"}],"author":"Romina Cardia","twitter_card":"summary_large_image","twitter_misc":{"Scritto da":"Romina Cardia","Tempo di lettura stimato":"6 minuti"},"schema":{"@context":"https:\/\/schema.org","@graph":[{"@type":"Article","@id":"https:\/\/www.frasicelebri.it\/news\/frasi-di-jorge-l-borges-sul-tempo\/#article","isPartOf":{"@id":"https:\/\/www.frasicelebri.it\/news\/frasi-di-jorge-l-borges-sul-tempo\/"},"author":{"name":"Romina Cardia","@id":"https:\/\/www.frasicelebri.it\/news\/#\/schema\/person\/712303166008dc510236daeaf8087292"},"headline":"Frasi di Jorge L. Borges sul tempo, ti aiutano a gestire le tue giornate senza che tu sia soffocato dal tempo che manca","datePublished":"2025-11-24T07:00:52+00:00","mainEntityOfPage":{"@id":"https:\/\/www.frasicelebri.it\/news\/frasi-di-jorge-l-borges-sul-tempo\/"},"wordCount":1035,"publisher":{"@id":"https:\/\/www.frasicelebri.it\/news\/#organization"},"image":{"@id":"https:\/\/www.frasicelebri.it\/news\/frasi-di-jorge-l-borges-sul-tempo\/#primaryimage"},"thumbnailUrl":"https:\/\/i0.wp.com\/www.frasicelebri.it\/news\/wp-content\/uploads\/2025\/11\/tempo-Foto-di-Valerie-Blanchett-su-Unsplash.jpg?fit=1200%2C800&ssl=1","keywords":["frasi sul tempo","Jorge Luis Borges"],"articleSection":["LifeStyle"],"inLanguage":"it-IT"},{"@type":"WebPage","@id":"https:\/\/www.frasicelebri.it\/news\/frasi-di-jorge-l-borges-sul-tempo\/","url":"https:\/\/www.frasicelebri.it\/news\/frasi-di-jorge-l-borges-sul-tempo\/","name":"Frasi di Jorge L. Borges sul tempo, ti aiutano a gestire le tue giornate senza che tu sia soffocato dal tempo che manca - Frasicelebri.it","isPartOf":{"@id":"https:\/\/www.frasicelebri.it\/news\/#website"},"primaryImageOfPage":{"@id":"https:\/\/www.frasicelebri.it\/news\/frasi-di-jorge-l-borges-sul-tempo\/#primaryimage"},"image":{"@id":"https:\/\/www.frasicelebri.it\/news\/frasi-di-jorge-l-borges-sul-tempo\/#primaryimage"},"thumbnailUrl":"https:\/\/i0.wp.com\/www.frasicelebri.it\/news\/wp-content\/uploads\/2025\/11\/tempo-Foto-di-Valerie-Blanchett-su-Unsplash.jpg?fit=1200%2C800&ssl=1","datePublished":"2025-11-24T07:00:52+00:00","description":"Jorge Luis Borges parlava del tempo come fosse una bestia feroce, ma in realt\u00e0 voleva aiutarci a domarla nel modo migliore","breadcrumb":{"@id":"https:\/\/www.frasicelebri.it\/news\/frasi-di-jorge-l-borges-sul-tempo\/#breadcrumb"},"inLanguage":"it-IT","potentialAction":[{"@type":"ReadAction","target":["https:\/\/www.frasicelebri.it\/news\/frasi-di-jorge-l-borges-sul-tempo\/"]}]},{"@type":"ImageObject","inLanguage":"it-IT","@id":"https:\/\/www.frasicelebri.it\/news\/frasi-di-jorge-l-borges-sul-tempo\/#primaryimage","url":"https:\/\/i0.wp.com\/www.frasicelebri.it\/news\/wp-content\/uploads\/2025\/11\/tempo-Foto-di-Valerie-Blanchett-su-Unsplash.jpg?fit=1200%2C800&ssl=1","contentUrl":"https:\/\/i0.wp.com\/www.frasicelebri.it\/news\/wp-content\/uploads\/2025\/11\/tempo-Foto-di-Valerie-Blanchett-su-Unsplash.jpg?fit=1200%2C800&ssl=1","width":1200,"height":800,"caption":"Foto di Valerie Blanchett su Unsplash"},{"@type":"BreadcrumbList","@id":"https:\/\/www.frasicelebri.it\/news\/frasi-di-jorge-l-borges-sul-tempo\/#breadcrumb","itemListElement":[{"@type":"ListItem","position":1,"name":"Home","item":"https:\/\/www.frasicelebri.it\/news\/"},{"@type":"ListItem","position":2,"name":"Frasi di Jorge L. Borges sul tempo, ti aiutano a gestire le tue giornate senza che tu sia soffocato dal tempo che manca"}]},{"@type":"WebSite","@id":"https:\/\/www.frasicelebri.it\/news\/#website","url":"https:\/\/www.frasicelebri.it\/news\/","name":"Frasicelebri.it","description":"News Frasicelebri.it","publisher":{"@id":"https:\/\/www.frasicelebri.it\/news\/#organization"},"potentialAction":[{"@type":"SearchAction","target":{"@type":"EntryPoint","urlTemplate":"https:\/\/www.frasicelebri.it\/news\/?s={search_term_string}"},"query-input":{"@type":"PropertyValueSpecification","valueRequired":true,"valueName":"search_term_string"}}],"inLanguage":"it-IT"},{"@type":"Organization","@id":"https:\/\/www.frasicelebri.it\/news\/#organization","name":"Frasicelebri.it","url":"https:\/\/www.frasicelebri.it\/news\/","logo":{"@type":"ImageObject","inLanguage":"it-IT","@id":"https:\/\/www.frasicelebri.it\/news\/#\/schema\/logo\/image\/","url":"https:\/\/i0.wp.com\/www.frasicelebri.it\/news\/wp-content\/uploads\/2024\/07\/logo-quadrato-drasicelebri.it_.jpg?fit=696%2C696&ssl=1","contentUrl":"https:\/\/i0.wp.com\/www.frasicelebri.it\/news\/wp-content\/uploads\/2024\/07\/logo-quadrato-drasicelebri.it_.jpg?fit=696%2C696&ssl=1","width":696,"height":696,"caption":"Frasicelebri.it"},"image":{"@id":"https:\/\/www.frasicelebri.it\/news\/#\/schema\/logo\/image\/"}},{"@type":"Person","@id":"https:\/\/www.frasicelebri.it\/news\/#\/schema\/person\/712303166008dc510236daeaf8087292","name":"Romina Cardia","image":{"@type":"ImageObject","inLanguage":"it-IT","@id":"https:\/\/www.frasicelebri.it\/news\/#\/schema\/person\/image\/","url":"https:\/\/secure.gravatar.com\/avatar\/7e155e0e5584fd17310efae2dc94f61e?s=96&d=mm&r=g","contentUrl":"https:\/\/secure.gravatar.com\/avatar\/7e155e0e5584fd17310efae2dc94f61e?s=96&d=mm&r=g","caption":"Romina Cardia"},"url":"https:\/\/www.frasicelebri.it\/news\/author\/romina\/"}]}},"_links":{"self":[{"href":"https:\/\/www.frasicelebri.it\/news\/wp-json\/wp\/v2\/posts\/41486","targetHints":{"allow":["GET"]}}],"collection":[{"href":"https:\/\/www.frasicelebri.it\/news\/wp-json\/wp\/v2\/posts"}],"about":[{"href":"https:\/\/www.frasicelebri.it\/news\/wp-json\/wp\/v2\/types\/post"}],"author":[{"embeddable":true,"href":"https:\/\/www.frasicelebri.it\/news\/wp-json\/wp\/v2\/users\/12"}],"replies":[{"embeddable":true,"href":"https:\/\/www.frasicelebri.it\/news\/wp-json\/wp\/v2\/comments?post=41486"}],"version-history":[{"count":1,"href":"https:\/\/www.frasicelebri.it\/news\/wp-json\/wp\/v2\/posts\/41486\/revisions"}],"predecessor-version":[{"id":41488,"href":"https:\/\/www.frasicelebri.it\/news\/wp-json\/wp\/v2\/posts\/41486\/revisions\/41488"}],"wp:featuredmedia":[{"embeddable":true,"href":"https:\/\/www.frasicelebri.it\/news\/wp-json\/wp\/v2\/media\/41487"}],"wp:attachment":[{"href":"https:\/\/www.frasicelebri.it\/news\/wp-json\/wp\/v2\/media?parent=41486"}],"wp:term":[{"taxonomy":"category","embeddable":true,"href":"https:\/\/www.frasicelebri.it\/news\/wp-json\/wp\/v2\/categories?post=41486"},{"taxonomy":"post_tag","embeddable":true,"href":"https:\/\/www.frasicelebri.it\/news\/wp-json\/wp\/v2\/tags?post=41486"}],"curies":[{"name":"wp","href":"https:\/\/api.w.org\/{rel}","templated":true}]}}