{"id":41489,"date":"2025-11-24T11:00:50","date_gmt":"2025-11-24T10:00:50","guid":{"rendered":"https:\/\/www.frasicelebri.it\/news\/?p=41489"},"modified":"2025-11-21T13:38:46","modified_gmt":"2025-11-21T12:38:46","slug":"frasi-di-crepet-sui-ricordi","status":"publish","type":"post","link":"https:\/\/www.frasicelebri.it\/news\/frasi-di-crepet-sui-ricordi\/","title":{"rendered":"Frasi di Crepet sui ricordi, ti svelano il modo per essere ricordato per sempre con amore da chi ami perdutamente"},"content":{"rendered":"<p><strong>Paolo Crepet<\/strong> non \u00e8 solo lo psichiatra che in TV parla chiaro, senza paura di dire cose scomode. \u00c8 anche un uomo che ha fatto della memoria un laboratorio di emozioni, dove <strong>i ricordi<\/strong> non sono <em>file<\/em> ordinati in cartelle ben nominate, ma scintille che scattano quando meno te l\u2019aspetti. Per lui ricordare non significa \u201cripassare la cronologia degli eventi\u201d, ma ritrovare una vibrazione. Un odore. Una sensazione. E Crepet lo ripete spesso, con quella sua calma che sembra dire: \u201cNon ti sto giudicando\u2026 o forse s\u00ec, ma solo un po\u2019.\u201d I ricordi, per lui, <strong>non si archiviano: si sentono<\/strong>. E oggi proviamo a capire perch\u00e9, secondo lui, la nostra memoria \u00e8 molto pi\u00f9 romantica (e molto pi\u00f9 disordinata) di quello che pensiamo.<\/p>\n<p><img data-recalc-dims=\"1\" loading=\"lazy\" decoding=\"async\" class=\"alignnone size-full wp-image-41490\" src=\"https:\/\/i0.wp.com\/www.frasicelebri.it\/news\/wp-content\/uploads\/2025\/11\/Paolo-Crepet-7-1.jpeg?resize=1200%2C675&#038;ssl=1\" alt=\"Frasi di Crepet sui ricordi\" width=\"1200\" height=\"675\" srcset=\"https:\/\/i0.wp.com\/www.frasicelebri.it\/news\/wp-content\/uploads\/2025\/11\/Paolo-Crepet-7-1.jpeg?w=1280&amp;ssl=1 1280w, https:\/\/i0.wp.com\/www.frasicelebri.it\/news\/wp-content\/uploads\/2025\/11\/Paolo-Crepet-7-1.jpeg?resize=300%2C169&amp;ssl=1 300w, https:\/\/i0.wp.com\/www.frasicelebri.it\/news\/wp-content\/uploads\/2025\/11\/Paolo-Crepet-7-1.jpeg?resize=1200%2C675&amp;ssl=1 1200w, https:\/\/i0.wp.com\/www.frasicelebri.it\/news\/wp-content\/uploads\/2025\/11\/Paolo-Crepet-7-1.jpeg?resize=150%2C84&amp;ssl=1 150w, https:\/\/i0.wp.com\/www.frasicelebri.it\/news\/wp-content\/uploads\/2025\/11\/Paolo-Crepet-7-1.jpeg?resize=768%2C432&amp;ssl=1 768w\" sizes=\"auto, (max-width: 1200px) 100vw, 1200px\" \/><\/p>\n<h2>Chi \u00e8 Paolo Crepet<\/h2>\n<p><strong>Crepet<\/strong> \u00e8 uno che osserva. Guarda la vita mentre scorre e la racconta con un linguaggio diretto, a volte pungente, sempre umano. Nei suoi libri e nelle sue conferenze parla di fragilit\u00e0, coraggio, libert\u00e0 e, spesso, di memoria.<\/p>\n<p>\u00c8 convinto che i ricordi siano zucchero e spine insieme, e che il modo in cui li raccontiamo riveli pi\u00f9 di noi che del passato stesso. Non ama la nostalgia da collezionisti di cimeli emozionali. Preferisce l\u2019istante che ritorna, quel lampo che improvvisamente ti riporta a ci\u00f2 che hai provato. Non al fatto, non alla data, ma al brivido.<\/p>\n<h3>I ricordi secondo Crepet: emozioni prima, dettagli dopo<\/h3>\n<p>Per Crepet, la memoria non \u00e8 un archivio: \u00e8 un jukebox emotivo. Lui lo dice cos\u00ec:<\/p>\n<ul>\n<li><strong>\u201c<em>Tutto si scorda nella vita fuorch\u00e9 ci\u00f2 che hai ballato<\/em>.\u201d<\/strong> E gi\u00e0 qui capisci che per Crepet il corpo ricorda pi\u00f9 della testa.<\/li>\n<li><strong>\u201c<em>Non ricordi con chi hai vissuto un momento, ma l\u2019emozione che provavi mentre lo vivevi<\/em>.\u201d<\/strong> Che \u00e8 un modo elegante per dire che la memoria \u00e8 infedele\u2026 ma sempre sincera.<\/li>\n<li><strong>\u201c<em>C\u2019\u00e8 sempre un\u2019emozione che ti ricorda un momento vissuto nella tua vita\u2026 che si stampa nella tua testa per sempre<\/em>.\u201d<\/strong> Nel bene e nel male, aggiungerebbe lui, senza tanti giri di parole.<\/li>\n<li><strong>\u201c<em>Ma voi davvero vi ricordate il giorno della settimana in cui mor\u00ec una persona a cui volete bene?<\/em>\u201d<\/strong> La risposta \u00e8 no. Quello che ti rimane in testa \u00e8 se faceva caldo, freddo, se c\u2019era quella luce strana che ti \u00e8 rimasta incollata al cuore.<\/li>\n<\/ul>\n<p>Secondo Crepet, <strong>la memoria \u00e8 una specie di artista capricciosa: conserva non ci\u00f2 che \u00e8 utile, ma ci\u00f2 che vibra<\/strong>.<\/p>\n<h3>&#8220;Non ricordi con chi hai vissuto un momento\u2026&#8221;: perch\u00e9 questa frase ci riguarda<\/h3>\n<p>Questa frase \u00e8 una delle pi\u00f9 poetiche e, allo stesso tempo, pi\u00f9 spietate di Crepet.<br \/>\nPerch\u00e9 dice una verit\u00e0 che preferiremmo ignorare: <strong>nella memoria degli altri non resteremo per ci\u00f2 che abbiamo fatto, ma per ci\u00f2 che abbiamo fatto provare.<\/strong> E qui la cosa inizia a far male, vero? Perch\u00e9 ci sbattiamo per essere presenti, corretti, impeccabili, ma la verit\u00e0 \u00e8 che <strong>la nostra \u201ceredit\u00e0 emotiva\u201d \u00e8 l\u2019unica davvero indelebile<\/strong>. Possiamo essere stati perfetti\u2026 e non lasciare niente. Oppure imperfetti, pasticcioni, un po\u2019 folli\u2026 e indimenticabili.<\/p>\n<h3>Come essere ricordati davvero da chi amiamo<\/h3>\n<p>La frase di Crepet ci consegna un piccolo manuale di vita sentimentale, anche se lui non lo chiama cos\u00ec. Ma il messaggio \u00e8 chiarissimo: <strong>vuoi essere ricordato con amore?<br \/>\nAllora smetti di regalare cose e inizia a regalare emozioni.<\/strong> Non servono gesti eroici, n\u00e9 parole perfette, n\u00e9 collezioni di buone intenzioni. <strong>Bastano momenti vivi<\/strong>: una risata scema, un abbraccio che arriva al momento giusto, un silenzio condiviso che non fa paura, un ballo improvvisato in cucina, un errore che diventa complicit\u00e0. \u00c8 questo che resta. Sempre. Crepet lo spiega benissimo anche quando racconta:<\/p>\n<blockquote><p>\u201c<em>32518 era il numero di mia madre\u2026 non \u00e8 un numero: \u00e8 un\u2019emozione. Dietro ci sono risate, silenzi, qualche momento di disperazione<\/em>.\u201d<\/p><\/blockquote>\n<p>Non si ricorda il numero. Si ricorda ci\u00f2 che quel numero portava con s\u00e9. E cos\u00ec accade con noi, ogni giorno, nelle vite degli altri.<\/p>\n<h3>La verit\u00e0 finale, che libera e spaventa allo stesso tempo<\/h3>\n<p>La memoria, secondo Crepet, \u00e8 anarchica: fa come vuole. Ma ha un criterio infallibile: <strong>conserva ci\u00f2 che ha scosso il cuore.<\/strong> Questo significa che <strong>se vogliamo essere ricordati con amore<\/strong> &#8211; da un partner, un figlio, un amico, chiunque &#8211; <strong>dobbiamo abbandonare l\u2019ossessione per le prestazioni e tornare alla semplicit\u00e0 disarmante dei sentimenti veri<\/strong>. Non verr\u00e0 ricordato chi c\u2019era sempre, ma chi c\u2019era nel modo giusto. E se ci pensi, \u00e8 una bellissima notizia: <strong>non serve essere perfetti. Serve solo essere vivi<\/strong>.<\/p>\n<h3>Frasi di Paolo Crepet sui ricordi<\/h3>\n<ol>\n<li><strong>\u201c<em>Tutto si scorda nella vita fuorch\u00e9 ci\u00f2 che hai ballato<\/em>.\u201d<\/strong><\/li>\n<li><strong>\u201c<em>Non ricordi con chi hai vissuto un momento, ma l\u2019emozione che hai provavi mentre lo vivevi<\/em>.\u201d<\/strong><\/li>\n<li><strong>\u201c<em>C\u2019\u00e8 sempre un\u2019emozione che ti ricorda un momento vissuto nella tua vita e che si stampa nella tua testa per sempre, che sia amore, un lutto<\/em>.\u201d<\/strong><\/li>\n<li><strong>\u201c<em>Ma voi davvero vi ricordate il giorno della settimana in cui mor\u00ec una persona a cui avete volete bene? Il primo ricordo non \u00e8 il giorno, ma il tempo che faceva, per esempio\u2026 se c\u2019era freddo o caldo<\/em>.\u201d<\/strong><\/li>\n<li><strong>\u201c<em>32518 era il numero di mia madre. Perch\u00e9 me lo ricordo? Perch\u00e9 non avevo il telefonino e quindi ovunque fossi nel mondo dovevo fare quel numero, che non \u00e8 un numero: \u00e8 un\u2019emozione. Dietro quel numero ci sono risate, silenzi, qualche momento di disperazione\u2026<\/em>\u201d<\/strong><\/li>\n<\/ol>\n<p>Leggi altre <a href=\"https:\/\/www.frasicelebri.it\/ricerca-frasi\/?q=paolo+crepet\">frasi celebri di Paolo Crepet<\/a> e le <a href=\"https:\/\/www.frasicelebri.it\/ricerca-frasi\/?q=ricordi\">frasi celebri sui ricordi<\/a><\/p>\n","protected":false},"excerpt":{"rendered":"<p>Paolo Crepet non \u00e8 solo lo psichiatra che in TV parla chiaro, senza paura di dire cose scomode. \u00c8 anche un uomo che ha fatto &#8230; <a title=\"Frasi di Crepet sui ricordi, ti svelano il modo per essere ricordato per sempre con amore da chi ami perdutamente\" class=\"read-more\" href=\"https:\/\/www.frasicelebri.it\/news\/frasi-di-crepet-sui-ricordi\/\" aria-label=\"More on Frasi di Crepet sui ricordi, ti svelano il modo per essere ricordato per sempre con amore da chi ami perdutamente\">Leggi tutto<\/a><\/p>\n","protected":false},"author":12,"featured_media":41490,"comment_status":"closed","ping_status":"closed","sticky":false,"template":"","format":"standard","meta":{"footnotes":""},"categories":[676],"tags":[1221,1194],"class_list":["post-41489","post","type-post","status-publish","format-standard","has-post-thumbnail","hentry","category-spettacolo","tag-frasi-sui-ricordi","tag-paolo-crepet"],"yoast_head":"<!-- This site is optimized with the Yoast SEO plugin v25.2 - https:\/\/yoast.com\/wordpress\/plugins\/seo\/ -->\n<title>Frasi di Crepet sui ricordi, ti svelano il modo per essere ricordato per sempre con amore da chi ami perdutamente - Frasicelebri.it<\/title>\n<meta name=\"description\" content=\"Un viaggio dentro la memoria secondo Crepet, tra intuizioni brillanti, stoccate gentili e qualche verit\u00e0 che fa un po\u2019 male ma ci libera\" \/>\n<meta name=\"robots\" content=\"index, follow, max-snippet:-1, max-image-preview:large, max-video-preview:-1\" \/>\n<link rel=\"canonical\" href=\"https:\/\/www.frasicelebri.it\/news\/frasi-di-crepet-sui-ricordi\/\" \/>\n<meta property=\"og:locale\" content=\"it_IT\" \/>\n<meta property=\"og:type\" content=\"article\" \/>\n<meta property=\"og:title\" content=\"Frasi di Crepet sui ricordi, ti svelano il modo per essere ricordato per sempre con amore da chi ami perdutamente - Frasicelebri.it\" \/>\n<meta property=\"og:description\" content=\"Un viaggio dentro la memoria secondo Crepet, tra intuizioni brillanti, stoccate gentili e qualche verit\u00e0 che fa un po\u2019 male ma ci libera\" \/>\n<meta property=\"og:url\" content=\"https:\/\/www.frasicelebri.it\/news\/frasi-di-crepet-sui-ricordi\/\" \/>\n<meta property=\"og:site_name\" content=\"Frasicelebri.it\" \/>\n<meta property=\"article:published_time\" content=\"2025-11-24T10:00:50+00:00\" \/>\n<meta property=\"og:image\" content=\"https:\/\/i0.wp.com\/www.frasicelebri.it\/news\/wp-content\/uploads\/2025\/11\/Paolo-Crepet-7-1.jpeg?fit=1280%2C720&ssl=1\" \/>\n\t<meta property=\"og:image:width\" content=\"1280\" \/>\n\t<meta property=\"og:image:height\" content=\"720\" \/>\n\t<meta property=\"og:image:type\" content=\"image\/jpeg\" \/>\n<meta name=\"author\" content=\"Romina Cardia\" \/>\n<meta name=\"twitter:card\" content=\"summary_large_image\" \/>\n<meta name=\"twitter:label1\" content=\"Scritto da\" \/>\n\t<meta name=\"twitter:data1\" content=\"Romina Cardia\" \/>\n\t<meta name=\"twitter:label2\" content=\"Tempo di lettura stimato\" \/>\n\t<meta name=\"twitter:data2\" content=\"6 minuti\" \/>\n<script type=\"application\/ld+json\" class=\"yoast-schema-graph\">{\"@context\":\"https:\/\/schema.org\",\"@graph\":[{\"@type\":\"Article\",\"@id\":\"https:\/\/www.frasicelebri.it\/news\/frasi-di-crepet-sui-ricordi\/#article\",\"isPartOf\":{\"@id\":\"https:\/\/www.frasicelebri.it\/news\/frasi-di-crepet-sui-ricordi\/\"},\"author\":{\"name\":\"Romina Cardia\",\"@id\":\"https:\/\/www.frasicelebri.it\/news\/#\/schema\/person\/712303166008dc510236daeaf8087292\"},\"headline\":\"Frasi di Crepet sui ricordi, ti svelano il modo per essere ricordato per sempre con amore da chi ami perdutamente\",\"datePublished\":\"2025-11-24T10:00:50+00:00\",\"mainEntityOfPage\":{\"@id\":\"https:\/\/www.frasicelebri.it\/news\/frasi-di-crepet-sui-ricordi\/\"},\"wordCount\":894,\"publisher\":{\"@id\":\"https:\/\/www.frasicelebri.it\/news\/#organization\"},\"image\":{\"@id\":\"https:\/\/www.frasicelebri.it\/news\/frasi-di-crepet-sui-ricordi\/#primaryimage\"},\"thumbnailUrl\":\"https:\/\/i0.wp.com\/www.frasicelebri.it\/news\/wp-content\/uploads\/2025\/11\/Paolo-Crepet-7-1.jpeg?fit=1280%2C720&ssl=1\",\"keywords\":[\"frasi sui ricordi\",\"Paolo Crepet\"],\"articleSection\":[\"Spettacolo\"],\"inLanguage\":\"it-IT\"},{\"@type\":\"WebPage\",\"@id\":\"https:\/\/www.frasicelebri.it\/news\/frasi-di-crepet-sui-ricordi\/\",\"url\":\"https:\/\/www.frasicelebri.it\/news\/frasi-di-crepet-sui-ricordi\/\",\"name\":\"Frasi di Crepet sui ricordi, ti svelano il modo per essere ricordato per sempre con amore da chi ami perdutamente - Frasicelebri.it\",\"isPartOf\":{\"@id\":\"https:\/\/www.frasicelebri.it\/news\/#website\"},\"primaryImageOfPage\":{\"@id\":\"https:\/\/www.frasicelebri.it\/news\/frasi-di-crepet-sui-ricordi\/#primaryimage\"},\"image\":{\"@id\":\"https:\/\/www.frasicelebri.it\/news\/frasi-di-crepet-sui-ricordi\/#primaryimage\"},\"thumbnailUrl\":\"https:\/\/i0.wp.com\/www.frasicelebri.it\/news\/wp-content\/uploads\/2025\/11\/Paolo-Crepet-7-1.jpeg?fit=1280%2C720&ssl=1\",\"datePublished\":\"2025-11-24T10:00:50+00:00\",\"description\":\"Un viaggio dentro la memoria secondo Crepet, tra intuizioni brillanti, stoccate gentili e qualche verit\u00e0 che fa un po\u2019 male ma ci libera\",\"breadcrumb\":{\"@id\":\"https:\/\/www.frasicelebri.it\/news\/frasi-di-crepet-sui-ricordi\/#breadcrumb\"},\"inLanguage\":\"it-IT\",\"potentialAction\":[{\"@type\":\"ReadAction\",\"target\":[\"https:\/\/www.frasicelebri.it\/news\/frasi-di-crepet-sui-ricordi\/\"]}]},{\"@type\":\"ImageObject\",\"inLanguage\":\"it-IT\",\"@id\":\"https:\/\/www.frasicelebri.it\/news\/frasi-di-crepet-sui-ricordi\/#primaryimage\",\"url\":\"https:\/\/i0.wp.com\/www.frasicelebri.it\/news\/wp-content\/uploads\/2025\/11\/Paolo-Crepet-7-1.jpeg?fit=1280%2C720&ssl=1\",\"contentUrl\":\"https:\/\/i0.wp.com\/www.frasicelebri.it\/news\/wp-content\/uploads\/2025\/11\/Paolo-Crepet-7-1.jpeg?fit=1280%2C720&ssl=1\",\"width\":1280,\"height\":720,\"caption\":\"Frasi di Crepet sui ricordi\"},{\"@type\":\"BreadcrumbList\",\"@id\":\"https:\/\/www.frasicelebri.it\/news\/frasi-di-crepet-sui-ricordi\/#breadcrumb\",\"itemListElement\":[{\"@type\":\"ListItem\",\"position\":1,\"name\":\"Home\",\"item\":\"https:\/\/www.frasicelebri.it\/news\/\"},{\"@type\":\"ListItem\",\"position\":2,\"name\":\"Frasi di Crepet sui ricordi, ti svelano il modo per essere ricordato per sempre con amore da chi ami perdutamente\"}]},{\"@type\":\"WebSite\",\"@id\":\"https:\/\/www.frasicelebri.it\/news\/#website\",\"url\":\"https:\/\/www.frasicelebri.it\/news\/\",\"name\":\"Frasicelebri.it\",\"description\":\"News Frasicelebri.it\",\"publisher\":{\"@id\":\"https:\/\/www.frasicelebri.it\/news\/#organization\"},\"potentialAction\":[{\"@type\":\"SearchAction\",\"target\":{\"@type\":\"EntryPoint\",\"urlTemplate\":\"https:\/\/www.frasicelebri.it\/news\/?s={search_term_string}\"},\"query-input\":{\"@type\":\"PropertyValueSpecification\",\"valueRequired\":true,\"valueName\":\"search_term_string\"}}],\"inLanguage\":\"it-IT\"},{\"@type\":\"Organization\",\"@id\":\"https:\/\/www.frasicelebri.it\/news\/#organization\",\"name\":\"Frasicelebri.it\",\"url\":\"https:\/\/www.frasicelebri.it\/news\/\",\"logo\":{\"@type\":\"ImageObject\",\"inLanguage\":\"it-IT\",\"@id\":\"https:\/\/www.frasicelebri.it\/news\/#\/schema\/logo\/image\/\",\"url\":\"https:\/\/i0.wp.com\/www.frasicelebri.it\/news\/wp-content\/uploads\/2024\/07\/logo-quadrato-drasicelebri.it_.jpg?fit=696%2C696&ssl=1\",\"contentUrl\":\"https:\/\/i0.wp.com\/www.frasicelebri.it\/news\/wp-content\/uploads\/2024\/07\/logo-quadrato-drasicelebri.it_.jpg?fit=696%2C696&ssl=1\",\"width\":696,\"height\":696,\"caption\":\"Frasicelebri.it\"},\"image\":{\"@id\":\"https:\/\/www.frasicelebri.it\/news\/#\/schema\/logo\/image\/\"}},{\"@type\":\"Person\",\"@id\":\"https:\/\/www.frasicelebri.it\/news\/#\/schema\/person\/712303166008dc510236daeaf8087292\",\"name\":\"Romina Cardia\",\"image\":{\"@type\":\"ImageObject\",\"inLanguage\":\"it-IT\",\"@id\":\"https:\/\/www.frasicelebri.it\/news\/#\/schema\/person\/image\/\",\"url\":\"https:\/\/secure.gravatar.com\/avatar\/7e155e0e5584fd17310efae2dc94f61e?s=96&d=mm&r=g\",\"contentUrl\":\"https:\/\/secure.gravatar.com\/avatar\/7e155e0e5584fd17310efae2dc94f61e?s=96&d=mm&r=g\",\"caption\":\"Romina Cardia\"},\"url\":\"https:\/\/www.frasicelebri.it\/news\/author\/romina\/\"}]}<\/script>\n<!-- \/ Yoast SEO plugin. -->","yoast_head_json":{"title":"Frasi di Crepet sui ricordi, ti svelano il modo per essere ricordato per sempre con amore da chi ami perdutamente - Frasicelebri.it","description":"Un viaggio dentro la memoria secondo Crepet, tra intuizioni brillanti, stoccate gentili e qualche verit\u00e0 che fa un po\u2019 male ma ci libera","robots":{"index":"index","follow":"follow","max-snippet":"max-snippet:-1","max-image-preview":"max-image-preview:large","max-video-preview":"max-video-preview:-1"},"canonical":"https:\/\/www.frasicelebri.it\/news\/frasi-di-crepet-sui-ricordi\/","og_locale":"it_IT","og_type":"article","og_title":"Frasi di Crepet sui ricordi, ti svelano il modo per essere ricordato per sempre con amore da chi ami perdutamente - Frasicelebri.it","og_description":"Un viaggio dentro la memoria secondo Crepet, tra intuizioni brillanti, stoccate gentili e qualche verit\u00e0 che fa un po\u2019 male ma ci libera","og_url":"https:\/\/www.frasicelebri.it\/news\/frasi-di-crepet-sui-ricordi\/","og_site_name":"Frasicelebri.it","article_published_time":"2025-11-24T10:00:50+00:00","og_image":[{"width":1280,"height":720,"url":"https:\/\/i0.wp.com\/www.frasicelebri.it\/news\/wp-content\/uploads\/2025\/11\/Paolo-Crepet-7-1.jpeg?fit=1280%2C720&ssl=1","type":"image\/jpeg"}],"author":"Romina Cardia","twitter_card":"summary_large_image","twitter_misc":{"Scritto da":"Romina Cardia","Tempo di lettura stimato":"6 minuti"},"schema":{"@context":"https:\/\/schema.org","@graph":[{"@type":"Article","@id":"https:\/\/www.frasicelebri.it\/news\/frasi-di-crepet-sui-ricordi\/#article","isPartOf":{"@id":"https:\/\/www.frasicelebri.it\/news\/frasi-di-crepet-sui-ricordi\/"},"author":{"name":"Romina Cardia","@id":"https:\/\/www.frasicelebri.it\/news\/#\/schema\/person\/712303166008dc510236daeaf8087292"},"headline":"Frasi di Crepet sui ricordi, ti svelano il modo per essere ricordato per sempre con amore da chi ami perdutamente","datePublished":"2025-11-24T10:00:50+00:00","mainEntityOfPage":{"@id":"https:\/\/www.frasicelebri.it\/news\/frasi-di-crepet-sui-ricordi\/"},"wordCount":894,"publisher":{"@id":"https:\/\/www.frasicelebri.it\/news\/#organization"},"image":{"@id":"https:\/\/www.frasicelebri.it\/news\/frasi-di-crepet-sui-ricordi\/#primaryimage"},"thumbnailUrl":"https:\/\/i0.wp.com\/www.frasicelebri.it\/news\/wp-content\/uploads\/2025\/11\/Paolo-Crepet-7-1.jpeg?fit=1280%2C720&ssl=1","keywords":["frasi sui ricordi","Paolo Crepet"],"articleSection":["Spettacolo"],"inLanguage":"it-IT"},{"@type":"WebPage","@id":"https:\/\/www.frasicelebri.it\/news\/frasi-di-crepet-sui-ricordi\/","url":"https:\/\/www.frasicelebri.it\/news\/frasi-di-crepet-sui-ricordi\/","name":"Frasi di Crepet sui ricordi, ti svelano il modo per essere ricordato per sempre con amore da chi ami perdutamente - Frasicelebri.it","isPartOf":{"@id":"https:\/\/www.frasicelebri.it\/news\/#website"},"primaryImageOfPage":{"@id":"https:\/\/www.frasicelebri.it\/news\/frasi-di-crepet-sui-ricordi\/#primaryimage"},"image":{"@id":"https:\/\/www.frasicelebri.it\/news\/frasi-di-crepet-sui-ricordi\/#primaryimage"},"thumbnailUrl":"https:\/\/i0.wp.com\/www.frasicelebri.it\/news\/wp-content\/uploads\/2025\/11\/Paolo-Crepet-7-1.jpeg?fit=1280%2C720&ssl=1","datePublished":"2025-11-24T10:00:50+00:00","description":"Un viaggio dentro la memoria secondo Crepet, tra intuizioni brillanti, stoccate gentili e qualche verit\u00e0 che fa un po\u2019 male ma ci libera","breadcrumb":{"@id":"https:\/\/www.frasicelebri.it\/news\/frasi-di-crepet-sui-ricordi\/#breadcrumb"},"inLanguage":"it-IT","potentialAction":[{"@type":"ReadAction","target":["https:\/\/www.frasicelebri.it\/news\/frasi-di-crepet-sui-ricordi\/"]}]},{"@type":"ImageObject","inLanguage":"it-IT","@id":"https:\/\/www.frasicelebri.it\/news\/frasi-di-crepet-sui-ricordi\/#primaryimage","url":"https:\/\/i0.wp.com\/www.frasicelebri.it\/news\/wp-content\/uploads\/2025\/11\/Paolo-Crepet-7-1.jpeg?fit=1280%2C720&ssl=1","contentUrl":"https:\/\/i0.wp.com\/www.frasicelebri.it\/news\/wp-content\/uploads\/2025\/11\/Paolo-Crepet-7-1.jpeg?fit=1280%2C720&ssl=1","width":1280,"height":720,"caption":"Frasi di Crepet sui ricordi"},{"@type":"BreadcrumbList","@id":"https:\/\/www.frasicelebri.it\/news\/frasi-di-crepet-sui-ricordi\/#breadcrumb","itemListElement":[{"@type":"ListItem","position":1,"name":"Home","item":"https:\/\/www.frasicelebri.it\/news\/"},{"@type":"ListItem","position":2,"name":"Frasi di Crepet sui ricordi, ti svelano il modo per essere ricordato per sempre con amore da chi ami perdutamente"}]},{"@type":"WebSite","@id":"https:\/\/www.frasicelebri.it\/news\/#website","url":"https:\/\/www.frasicelebri.it\/news\/","name":"Frasicelebri.it","description":"News Frasicelebri.it","publisher":{"@id":"https:\/\/www.frasicelebri.it\/news\/#organization"},"potentialAction":[{"@type":"SearchAction","target":{"@type":"EntryPoint","urlTemplate":"https:\/\/www.frasicelebri.it\/news\/?s={search_term_string}"},"query-input":{"@type":"PropertyValueSpecification","valueRequired":true,"valueName":"search_term_string"}}],"inLanguage":"it-IT"},{"@type":"Organization","@id":"https:\/\/www.frasicelebri.it\/news\/#organization","name":"Frasicelebri.it","url":"https:\/\/www.frasicelebri.it\/news\/","logo":{"@type":"ImageObject","inLanguage":"it-IT","@id":"https:\/\/www.frasicelebri.it\/news\/#\/schema\/logo\/image\/","url":"https:\/\/i0.wp.com\/www.frasicelebri.it\/news\/wp-content\/uploads\/2024\/07\/logo-quadrato-drasicelebri.it_.jpg?fit=696%2C696&ssl=1","contentUrl":"https:\/\/i0.wp.com\/www.frasicelebri.it\/news\/wp-content\/uploads\/2024\/07\/logo-quadrato-drasicelebri.it_.jpg?fit=696%2C696&ssl=1","width":696,"height":696,"caption":"Frasicelebri.it"},"image":{"@id":"https:\/\/www.frasicelebri.it\/news\/#\/schema\/logo\/image\/"}},{"@type":"Person","@id":"https:\/\/www.frasicelebri.it\/news\/#\/schema\/person\/712303166008dc510236daeaf8087292","name":"Romina Cardia","image":{"@type":"ImageObject","inLanguage":"it-IT","@id":"https:\/\/www.frasicelebri.it\/news\/#\/schema\/person\/image\/","url":"https:\/\/secure.gravatar.com\/avatar\/7e155e0e5584fd17310efae2dc94f61e?s=96&d=mm&r=g","contentUrl":"https:\/\/secure.gravatar.com\/avatar\/7e155e0e5584fd17310efae2dc94f61e?s=96&d=mm&r=g","caption":"Romina Cardia"},"url":"https:\/\/www.frasicelebri.it\/news\/author\/romina\/"}]}},"_links":{"self":[{"href":"https:\/\/www.frasicelebri.it\/news\/wp-json\/wp\/v2\/posts\/41489","targetHints":{"allow":["GET"]}}],"collection":[{"href":"https:\/\/www.frasicelebri.it\/news\/wp-json\/wp\/v2\/posts"}],"about":[{"href":"https:\/\/www.frasicelebri.it\/news\/wp-json\/wp\/v2\/types\/post"}],"author":[{"embeddable":true,"href":"https:\/\/www.frasicelebri.it\/news\/wp-json\/wp\/v2\/users\/12"}],"replies":[{"embeddable":true,"href":"https:\/\/www.frasicelebri.it\/news\/wp-json\/wp\/v2\/comments?post=41489"}],"version-history":[{"count":1,"href":"https:\/\/www.frasicelebri.it\/news\/wp-json\/wp\/v2\/posts\/41489\/revisions"}],"predecessor-version":[{"id":41491,"href":"https:\/\/www.frasicelebri.it\/news\/wp-json\/wp\/v2\/posts\/41489\/revisions\/41491"}],"wp:featuredmedia":[{"embeddable":true,"href":"https:\/\/www.frasicelebri.it\/news\/wp-json\/wp\/v2\/media\/41490"}],"wp:attachment":[{"href":"https:\/\/www.frasicelebri.it\/news\/wp-json\/wp\/v2\/media?parent=41489"}],"wp:term":[{"taxonomy":"category","embeddable":true,"href":"https:\/\/www.frasicelebri.it\/news\/wp-json\/wp\/v2\/categories?post=41489"},{"taxonomy":"post_tag","embeddable":true,"href":"https:\/\/www.frasicelebri.it\/news\/wp-json\/wp\/v2\/tags?post=41489"}],"curies":[{"name":"wp","href":"https:\/\/api.w.org\/{rel}","templated":true}]}}