{"id":41499,"date":"2025-11-22T11:00:41","date_gmt":"2025-11-22T10:00:41","guid":{"rendered":"https:\/\/www.frasicelebri.it\/news\/?p=41499"},"modified":"2025-11-22T08:55:27","modified_gmt":"2025-11-22T07:55:27","slug":"la-frase-profonda-con-cui-ci-saluta-ornella-vanoni","status":"publish","type":"post","link":"https:\/\/www.frasicelebri.it\/news\/la-frase-profonda-con-cui-ci-saluta-ornella-vanoni\/","title":{"rendered":"La frase profonda con cui ci saluta Ornella Vanoni: &#8220;La morte fa parte della vita e devo guardarla senza paura&#8221;"},"content":{"rendered":"<p><strong>Ornella Vanoni<\/strong> era soltanto una cantante: era un modo di stare al mondo. Una miscela rara di eleganza, carattere, sarcasmo e una sincerit\u00e0 talmente limpida da risultare a volte spiazzante, a volte irresistibile. Il <strong>21 novembre 2025<\/strong> ha lasciato questa terra, ma non certo il cuore del suo pubblico, che l\u2019ha amata fino all\u2019ultimo sorriso, fino all\u2019ultima battuta consegnata alla televisione di <strong>Fabio Fazio<\/strong>, dove era diventata di casa. Se n\u2019\u00e8 andata come viveva: con lucidit\u00e0, ironia e quella consapevolezza profonda che \u201c<em>la morte fa parte della vita e devo guardarla senza paura<\/em>\u201d. E la guardava davvero cos\u00ec: dritta negli occhi, senza tremare.<\/p>\n<p><img data-recalc-dims=\"1\" loading=\"lazy\" decoding=\"async\" class=\"alignnone size-full wp-image-41500\" src=\"https:\/\/i0.wp.com\/www.frasicelebri.it\/news\/wp-content\/uploads\/2025\/11\/ornella-vanoni-5.jpg?resize=1200%2C800&#038;ssl=1\" alt=\"La frase profonda con cui ci saluta Ornella Vanoni\" width=\"1200\" height=\"800\" srcset=\"https:\/\/i0.wp.com\/www.frasicelebri.it\/news\/wp-content\/uploads\/2025\/11\/ornella-vanoni-5.jpg?w=1200&amp;ssl=1 1200w, https:\/\/i0.wp.com\/www.frasicelebri.it\/news\/wp-content\/uploads\/2025\/11\/ornella-vanoni-5.jpg?resize=300%2C200&amp;ssl=1 300w, https:\/\/i0.wp.com\/www.frasicelebri.it\/news\/wp-content\/uploads\/2025\/11\/ornella-vanoni-5.jpg?resize=150%2C100&amp;ssl=1 150w, https:\/\/i0.wp.com\/www.frasicelebri.it\/news\/wp-content\/uploads\/2025\/11\/ornella-vanoni-5.jpg?resize=768%2C512&amp;ssl=1 768w\" sizes=\"auto, (max-width: 1200px) 100vw, 1200px\" \/><\/p>\n<h2>Una carriera lunga una vita, e una vita senza mezze misure<\/h2>\n<p>Per capire <strong>Ornella Vanoni<\/strong> bisogna partire da qui: dalla sua voce. Una voce vellutata, scura, riconoscibile da una sola nota e capace di passare dalla tenerezza alla tragedia con la naturalezza di chi ha davvero vissuto. Dalle canzoni della mala ai capolavori d\u2019autore, dai teatri agli studi televisivi, <strong>Ornella Vanoni ha attraversato settant\u2019anni di musica italiana<\/strong> senza mai smettere di sperimentare, cambiare, rischiare.<\/p>\n<p>Era moderna prima ancora che la modernit\u00e0 diventasse una moda. Era libera quando \u201cessere liberi\u201d non era uno slogan Instagram. Era unica perch\u00e9 non ha mai provato a essere altro. Una carriera cos\u00ec non si costruisce con la tecnica: si costruisce con il coraggio.<\/p>\n<h3>Il personaggio: ironica, irresistibile, sempre se stessa<\/h3>\n<p>Negli ultimi anni, il pubblico si era innamorato di un\u2019altra Ornella, quella pi\u00f9 spontanea, luminosa, energica. Una donna anziana, s\u00ec, ma con una vitalit\u00e0 che molti trentenni avrebbero potuto solo invidiare. La sua <strong>ironia fulminante<\/strong>, la capacit\u00e0 di dire tutto &#8211; anche l\u2019indicibile &#8211; con classe e humour, l\u2019hanno trasformata in un\u2019icona pop inattesa.<\/p>\n<p>A <strong>Che Tempo Che Fa<\/strong>, con <strong>Fabio Fazio<\/strong>, era diventata una presenza fissa e amatissima. Arrivava, scuoteva la puntata, regalava una battuta memorabile, poi magari una riflessione profonda, poi di nuovo un colpo di ironia. Era imprevedibile, e proprio per questo irresistibile. Ornella Vanoni non recitava un ruolo: era lei. E questo, oggi, \u00e8 la cosa pi\u00f9 rivoluzionaria che un personaggio pubblico possa fare.<\/p>\n<h3>Una donna dal carattere forte, dalla dolcezza segreta<\/h3>\n<p>Dietro il sarcasmo, per\u00f2, c\u2019era <strong>una donna che ha amato tantissimo<\/strong>. Ha amato gli uomini, ha amato il palco, ha amato la vita, anche quando la vita le \u00e8 sembrata ingiusta, faticosa o terribilmente pesante. Chi l\u2019ha conosciuta davvero parla di una donna sensibile, generosa, spesso fragile, capace per\u00f2 di rialzarsi sempre, di reinventarsi, di trasformare ogni ferita in una nuova forma d\u2019arte. La sua forza stava proprio l\u00ec: nel non nascondere mai la vulnerabilit\u00e0.<\/p>\n<h3>Il suo sguardo sul tempo che passa<\/h3>\n<p>Ornella Vanoni parlava della morte come pochi sanno fare. Non con fatalismo. Non con disperazione. Ma con una lucidit\u00e0 serena, quasi affettuosa. Diceva:<\/p>\n<blockquote><p>\u201c<em>La morte fa parte della vita e devo guardarla senza paura<\/em>.\u201d<\/p><\/blockquote>\n<p>Non era una frase costruita. Era una verit\u00e0 che si era conquistata vivendo. Per lei il tempo non era un nemico. Era un compagno. Un po\u2019 indiscreto, un po\u2019 crudele, ma pur sempre un compagno. Sapeva che <strong>ogni stagione della vita porta qualcosa e toglie qualcos\u2019altro<\/strong>, e che <strong>l\u2019unico modo per non soffrire \u00e8 accogliere il cambiamento invece di combatterlo<\/strong>. Ornella Vanoni non voleva \u201crestare giovane\u201d: voleva restare vera.<br \/>\nE ci \u00e8 riuscita fino all\u2019ultimo giorno.<\/p>\n<h3>L\u2019eredit\u00e0: pi\u00f9 di una voce, pi\u00f9 di un\u2019icona<\/h3>\n<p>Il 21 novembre 2025 si \u00e8 spenta una presenza enorme, ma non si \u00e8 spenta la sua luce. <strong>L\u2019Italia perde una grande artista, certo, ma anche una grande donna: onesta, coraggiosa, ironica, senza filtri e senza maschere<\/strong>. Una che non si prendeva troppo sul serio, ma che ha preso terribilmente sul serio il suo lavoro, il suo pubblico, la musica.<\/p>\n<p>Resta il ricordo di una vita vissuta intensamente. Resta l\u2019esempio di una donna che ha saputo ridere di s\u00e9 e del mondo. <strong>Resta una voce che non assomiglia a nessun\u2019altra<\/strong>. E resta, soprattutto, quella sensazione di vicinanza: come se Ornella fosse entrata nelle nostre case e avesse deciso di restarci.<\/p>\n<h3>Ornella ci sar\u00e0 sempre<\/h3>\n<p>La morte l\u2019ha colta mentre guardava la vita negli occhi, senza paura, proprio come aveva promesso. Ma <strong>Ornella Vanoni non \u00e8 davvero andata via<\/strong>: \u00e8 l\u00ec, in ogni suo disco, in ogni intervista, in ogni battuta che ancora ci fa sorridere, in ogni canzone che continua a toccare l\u2019anima.<\/p>\n<p><strong>Se esiste una forma di immortalit\u00e0, lei l\u2019ha trovata<\/strong>. E, ne siamo certi, ci sta guardando dall\u2019alto scuotendo la testa e dicendo, con il suo tono inconfondibile: \u201cMa dai, non fate troppo rumore\u2026\u201d.<\/p>\n<p>Ciao, Ornella.<\/p>\n<h3>Frasi sulla vita di Ornella Vanoni<\/h3>\n<ol>\n<li><strong>&#8220;<em>La morte fa parte della vita, succeder\u00e0 e devo guardarla senza paura<\/em>.&#8221;<\/strong><\/li>\n<li><strong>&#8220;<em>La morte \u00e8 vicina, per me \u00e8 facile pensarci. Ho praticamente 91 anni\u2026 non voglio morire troppo vecchia<\/em>.&#8221;<\/strong><\/li>\n<li><strong>&#8220;<em>Voglio vivere finch\u00e9 do qualcosa alla vita e la vita ha qualcosa da darmi<\/em>.&#8221;<\/strong><\/li>\n<li><strong>&#8220;<em>Non ho paura della morte. Capir\u00f2 quando sar\u00e0 il momento di andarmene, quando sar\u00f2 inutile alla vita e la vita sar\u00e0 inutile a me<\/em>.&#8221;<\/strong><\/li>\n<li><strong>&#8220;<em>Quando si ha la mia et\u00e0 si deve pensare la morte come vicina, senza ansia<\/em>.&#8221;<\/strong><\/li>\n<li><strong>&#8220;<em>Non so se arrivo a Natale \u2026 non amo fare bilanci, sono stata triste e felice, fortunata e sfortunata<\/em>.&#8221;<\/strong><\/li>\n<li><strong>&#8220;<em>Guai a non prendere gli psicofarmaci, se li usate e state bene: non smettete, terminate la cura, senn\u00f2 non guarirete<\/em>.&#8221;<\/strong><\/li>\n<\/ol>\n<p>Leggi altre <a href=\"https:\/\/www.frasicelebri.it\/ricerca-frasi\/?q=ornella+vanoni\">frasi celebri di Ornella Vanoni<\/a> e le <a href=\"https:\/\/www.frasicelebri.it\/ricerca-frasi\/?q=vita\">frasi celebri sulla vita<\/a><\/p>\n","protected":false},"excerpt":{"rendered":"<p>Ornella Vanoni era soltanto una cantante: era un modo di stare al mondo. Una miscela rara di eleganza, carattere, sarcasmo e una sincerit\u00e0 talmente limpida &#8230; <a title=\"La frase profonda con cui ci saluta Ornella Vanoni: &#8220;La morte fa parte della vita e devo guardarla senza paura&#8221;\" class=\"read-more\" href=\"https:\/\/www.frasicelebri.it\/news\/la-frase-profonda-con-cui-ci-saluta-ornella-vanoni\/\" aria-label=\"More on La frase profonda con cui ci saluta Ornella Vanoni: &#8220;La morte fa parte della vita e devo guardarla senza paura&#8221;\">Leggi tutto<\/a><\/p>\n","protected":false},"author":12,"featured_media":41500,"comment_status":"closed","ping_status":"closed","sticky":false,"template":"","format":"standard","meta":{"footnotes":""},"categories":[676],"tags":[1633,1536],"class_list":["post-41499","post","type-post","status-publish","format-standard","has-post-thumbnail","hentry","category-spettacolo","tag-frasi-di-commiato","tag-ornella-vanoni"],"yoast_head":"<!-- This site is optimized with the Yoast SEO plugin v25.2 - https:\/\/yoast.com\/wordpress\/plugins\/seo\/ -->\n<title>La frase profonda con cui ci saluta Ornella Vanoni: &quot;La morte fa parte della vita e devo guardarla senza paura&quot; - Frasicelebri.it<\/title>\n<meta name=\"description\" content=\"Ornella Vanoni se n\u2019\u00e8 andata, lasciandoci la sua ironia, la sua voce inconfondibile e quella sincerit\u00e0 disarmante che l\u2019ha resa immortale\" \/>\n<meta name=\"robots\" content=\"index, follow, max-snippet:-1, max-image-preview:large, max-video-preview:-1\" \/>\n<link rel=\"canonical\" href=\"https:\/\/www.frasicelebri.it\/news\/la-frase-profonda-con-cui-ci-saluta-ornella-vanoni\/\" \/>\n<meta property=\"og:locale\" content=\"it_IT\" \/>\n<meta property=\"og:type\" content=\"article\" \/>\n<meta property=\"og:title\" content=\"La frase profonda con cui ci saluta Ornella Vanoni: &quot;La morte fa parte della vita e devo guardarla senza paura&quot; - Frasicelebri.it\" \/>\n<meta property=\"og:description\" content=\"Ornella Vanoni se n\u2019\u00e8 andata, lasciandoci la sua ironia, la sua voce inconfondibile e quella sincerit\u00e0 disarmante che l\u2019ha resa immortale\" \/>\n<meta property=\"og:url\" content=\"https:\/\/www.frasicelebri.it\/news\/la-frase-profonda-con-cui-ci-saluta-ornella-vanoni\/\" \/>\n<meta property=\"og:site_name\" content=\"Frasicelebri.it\" \/>\n<meta property=\"article:published_time\" content=\"2025-11-22T10:00:41+00:00\" \/>\n<meta property=\"og:image\" content=\"https:\/\/i0.wp.com\/www.frasicelebri.it\/news\/wp-content\/uploads\/2025\/11\/ornella-vanoni-5.jpg?fit=1200%2C800&ssl=1\" \/>\n\t<meta property=\"og:image:width\" content=\"1200\" \/>\n\t<meta property=\"og:image:height\" content=\"800\" \/>\n\t<meta property=\"og:image:type\" content=\"image\/jpeg\" \/>\n<meta name=\"author\" content=\"Romina Cardia\" \/>\n<meta name=\"twitter:card\" content=\"summary_large_image\" \/>\n<meta name=\"twitter:label1\" content=\"Scritto da\" \/>\n\t<meta name=\"twitter:data1\" content=\"Romina Cardia\" \/>\n\t<meta name=\"twitter:label2\" content=\"Tempo di lettura stimato\" \/>\n\t<meta name=\"twitter:data2\" content=\"6 minuti\" \/>\n<script type=\"application\/ld+json\" class=\"yoast-schema-graph\">{\"@context\":\"https:\/\/schema.org\",\"@graph\":[{\"@type\":\"Article\",\"@id\":\"https:\/\/www.frasicelebri.it\/news\/la-frase-profonda-con-cui-ci-saluta-ornella-vanoni\/#article\",\"isPartOf\":{\"@id\":\"https:\/\/www.frasicelebri.it\/news\/la-frase-profonda-con-cui-ci-saluta-ornella-vanoni\/\"},\"author\":{\"name\":\"Romina Cardia\",\"@id\":\"https:\/\/www.frasicelebri.it\/news\/#\/schema\/person\/712303166008dc510236daeaf8087292\"},\"headline\":\"La frase profonda con cui ci saluta Ornella Vanoni: &#8220;La morte fa parte della vita e devo guardarla senza paura&#8221;\",\"datePublished\":\"2025-11-22T10:00:41+00:00\",\"mainEntityOfPage\":{\"@id\":\"https:\/\/www.frasicelebri.it\/news\/la-frase-profonda-con-cui-ci-saluta-ornella-vanoni\/\"},\"wordCount\":921,\"publisher\":{\"@id\":\"https:\/\/www.frasicelebri.it\/news\/#organization\"},\"image\":{\"@id\":\"https:\/\/www.frasicelebri.it\/news\/la-frase-profonda-con-cui-ci-saluta-ornella-vanoni\/#primaryimage\"},\"thumbnailUrl\":\"https:\/\/i0.wp.com\/www.frasicelebri.it\/news\/wp-content\/uploads\/2025\/11\/ornella-vanoni-5.jpg?fit=1200%2C800&ssl=1\",\"keywords\":[\"frasi di commiato\",\"Ornella Vanoni\"],\"articleSection\":[\"Spettacolo\"],\"inLanguage\":\"it-IT\"},{\"@type\":\"WebPage\",\"@id\":\"https:\/\/www.frasicelebri.it\/news\/la-frase-profonda-con-cui-ci-saluta-ornella-vanoni\/\",\"url\":\"https:\/\/www.frasicelebri.it\/news\/la-frase-profonda-con-cui-ci-saluta-ornella-vanoni\/\",\"name\":\"La frase profonda con cui ci saluta Ornella Vanoni: \\\"La morte fa parte della vita e devo guardarla senza paura\\\" - Frasicelebri.it\",\"isPartOf\":{\"@id\":\"https:\/\/www.frasicelebri.it\/news\/#website\"},\"primaryImageOfPage\":{\"@id\":\"https:\/\/www.frasicelebri.it\/news\/la-frase-profonda-con-cui-ci-saluta-ornella-vanoni\/#primaryimage\"},\"image\":{\"@id\":\"https:\/\/www.frasicelebri.it\/news\/la-frase-profonda-con-cui-ci-saluta-ornella-vanoni\/#primaryimage\"},\"thumbnailUrl\":\"https:\/\/i0.wp.com\/www.frasicelebri.it\/news\/wp-content\/uploads\/2025\/11\/ornella-vanoni-5.jpg?fit=1200%2C800&ssl=1\",\"datePublished\":\"2025-11-22T10:00:41+00:00\",\"description\":\"Ornella Vanoni se n\u2019\u00e8 andata, lasciandoci la sua ironia, la sua voce inconfondibile e quella sincerit\u00e0 disarmante che l\u2019ha resa immortale\",\"breadcrumb\":{\"@id\":\"https:\/\/www.frasicelebri.it\/news\/la-frase-profonda-con-cui-ci-saluta-ornella-vanoni\/#breadcrumb\"},\"inLanguage\":\"it-IT\",\"potentialAction\":[{\"@type\":\"ReadAction\",\"target\":[\"https:\/\/www.frasicelebri.it\/news\/la-frase-profonda-con-cui-ci-saluta-ornella-vanoni\/\"]}]},{\"@type\":\"ImageObject\",\"inLanguage\":\"it-IT\",\"@id\":\"https:\/\/www.frasicelebri.it\/news\/la-frase-profonda-con-cui-ci-saluta-ornella-vanoni\/#primaryimage\",\"url\":\"https:\/\/i0.wp.com\/www.frasicelebri.it\/news\/wp-content\/uploads\/2025\/11\/ornella-vanoni-5.jpg?fit=1200%2C800&ssl=1\",\"contentUrl\":\"https:\/\/i0.wp.com\/www.frasicelebri.it\/news\/wp-content\/uploads\/2025\/11\/ornella-vanoni-5.jpg?fit=1200%2C800&ssl=1\",\"width\":1200,\"height\":800,\"caption\":\"La frase profonda con cui ci saluta Ornella Vanoni\"},{\"@type\":\"BreadcrumbList\",\"@id\":\"https:\/\/www.frasicelebri.it\/news\/la-frase-profonda-con-cui-ci-saluta-ornella-vanoni\/#breadcrumb\",\"itemListElement\":[{\"@type\":\"ListItem\",\"position\":1,\"name\":\"Home\",\"item\":\"https:\/\/www.frasicelebri.it\/news\/\"},{\"@type\":\"ListItem\",\"position\":2,\"name\":\"La frase profonda con cui ci saluta Ornella Vanoni: &#8220;La morte fa parte della vita e devo guardarla senza paura&#8221;\"}]},{\"@type\":\"WebSite\",\"@id\":\"https:\/\/www.frasicelebri.it\/news\/#website\",\"url\":\"https:\/\/www.frasicelebri.it\/news\/\",\"name\":\"Frasicelebri.it\",\"description\":\"News Frasicelebri.it\",\"publisher\":{\"@id\":\"https:\/\/www.frasicelebri.it\/news\/#organization\"},\"potentialAction\":[{\"@type\":\"SearchAction\",\"target\":{\"@type\":\"EntryPoint\",\"urlTemplate\":\"https:\/\/www.frasicelebri.it\/news\/?s={search_term_string}\"},\"query-input\":{\"@type\":\"PropertyValueSpecification\",\"valueRequired\":true,\"valueName\":\"search_term_string\"}}],\"inLanguage\":\"it-IT\"},{\"@type\":\"Organization\",\"@id\":\"https:\/\/www.frasicelebri.it\/news\/#organization\",\"name\":\"Frasicelebri.it\",\"url\":\"https:\/\/www.frasicelebri.it\/news\/\",\"logo\":{\"@type\":\"ImageObject\",\"inLanguage\":\"it-IT\",\"@id\":\"https:\/\/www.frasicelebri.it\/news\/#\/schema\/logo\/image\/\",\"url\":\"https:\/\/i0.wp.com\/www.frasicelebri.it\/news\/wp-content\/uploads\/2024\/07\/logo-quadrato-drasicelebri.it_.jpg?fit=696%2C696&ssl=1\",\"contentUrl\":\"https:\/\/i0.wp.com\/www.frasicelebri.it\/news\/wp-content\/uploads\/2024\/07\/logo-quadrato-drasicelebri.it_.jpg?fit=696%2C696&ssl=1\",\"width\":696,\"height\":696,\"caption\":\"Frasicelebri.it\"},\"image\":{\"@id\":\"https:\/\/www.frasicelebri.it\/news\/#\/schema\/logo\/image\/\"}},{\"@type\":\"Person\",\"@id\":\"https:\/\/www.frasicelebri.it\/news\/#\/schema\/person\/712303166008dc510236daeaf8087292\",\"name\":\"Romina Cardia\",\"image\":{\"@type\":\"ImageObject\",\"inLanguage\":\"it-IT\",\"@id\":\"https:\/\/www.frasicelebri.it\/news\/#\/schema\/person\/image\/\",\"url\":\"https:\/\/secure.gravatar.com\/avatar\/7e155e0e5584fd17310efae2dc94f61e?s=96&d=mm&r=g\",\"contentUrl\":\"https:\/\/secure.gravatar.com\/avatar\/7e155e0e5584fd17310efae2dc94f61e?s=96&d=mm&r=g\",\"caption\":\"Romina Cardia\"},\"url\":\"https:\/\/www.frasicelebri.it\/news\/author\/romina\/\"}]}<\/script>\n<!-- \/ Yoast SEO plugin. -->","yoast_head_json":{"title":"La frase profonda con cui ci saluta Ornella Vanoni: \"La morte fa parte della vita e devo guardarla senza paura\" - Frasicelebri.it","description":"Ornella Vanoni se n\u2019\u00e8 andata, lasciandoci la sua ironia, la sua voce inconfondibile e quella sincerit\u00e0 disarmante che l\u2019ha resa immortale","robots":{"index":"index","follow":"follow","max-snippet":"max-snippet:-1","max-image-preview":"max-image-preview:large","max-video-preview":"max-video-preview:-1"},"canonical":"https:\/\/www.frasicelebri.it\/news\/la-frase-profonda-con-cui-ci-saluta-ornella-vanoni\/","og_locale":"it_IT","og_type":"article","og_title":"La frase profonda con cui ci saluta Ornella Vanoni: \"La morte fa parte della vita e devo guardarla senza paura\" - Frasicelebri.it","og_description":"Ornella Vanoni se n\u2019\u00e8 andata, lasciandoci la sua ironia, la sua voce inconfondibile e quella sincerit\u00e0 disarmante che l\u2019ha resa immortale","og_url":"https:\/\/www.frasicelebri.it\/news\/la-frase-profonda-con-cui-ci-saluta-ornella-vanoni\/","og_site_name":"Frasicelebri.it","article_published_time":"2025-11-22T10:00:41+00:00","og_image":[{"width":1200,"height":800,"url":"https:\/\/i0.wp.com\/www.frasicelebri.it\/news\/wp-content\/uploads\/2025\/11\/ornella-vanoni-5.jpg?fit=1200%2C800&ssl=1","type":"image\/jpeg"}],"author":"Romina Cardia","twitter_card":"summary_large_image","twitter_misc":{"Scritto da":"Romina Cardia","Tempo di lettura stimato":"6 minuti"},"schema":{"@context":"https:\/\/schema.org","@graph":[{"@type":"Article","@id":"https:\/\/www.frasicelebri.it\/news\/la-frase-profonda-con-cui-ci-saluta-ornella-vanoni\/#article","isPartOf":{"@id":"https:\/\/www.frasicelebri.it\/news\/la-frase-profonda-con-cui-ci-saluta-ornella-vanoni\/"},"author":{"name":"Romina Cardia","@id":"https:\/\/www.frasicelebri.it\/news\/#\/schema\/person\/712303166008dc510236daeaf8087292"},"headline":"La frase profonda con cui ci saluta Ornella Vanoni: &#8220;La morte fa parte della vita e devo guardarla senza paura&#8221;","datePublished":"2025-11-22T10:00:41+00:00","mainEntityOfPage":{"@id":"https:\/\/www.frasicelebri.it\/news\/la-frase-profonda-con-cui-ci-saluta-ornella-vanoni\/"},"wordCount":921,"publisher":{"@id":"https:\/\/www.frasicelebri.it\/news\/#organization"},"image":{"@id":"https:\/\/www.frasicelebri.it\/news\/la-frase-profonda-con-cui-ci-saluta-ornella-vanoni\/#primaryimage"},"thumbnailUrl":"https:\/\/i0.wp.com\/www.frasicelebri.it\/news\/wp-content\/uploads\/2025\/11\/ornella-vanoni-5.jpg?fit=1200%2C800&ssl=1","keywords":["frasi di commiato","Ornella Vanoni"],"articleSection":["Spettacolo"],"inLanguage":"it-IT"},{"@type":"WebPage","@id":"https:\/\/www.frasicelebri.it\/news\/la-frase-profonda-con-cui-ci-saluta-ornella-vanoni\/","url":"https:\/\/www.frasicelebri.it\/news\/la-frase-profonda-con-cui-ci-saluta-ornella-vanoni\/","name":"La frase profonda con cui ci saluta Ornella Vanoni: \"La morte fa parte della vita e devo guardarla senza paura\" - Frasicelebri.it","isPartOf":{"@id":"https:\/\/www.frasicelebri.it\/news\/#website"},"primaryImageOfPage":{"@id":"https:\/\/www.frasicelebri.it\/news\/la-frase-profonda-con-cui-ci-saluta-ornella-vanoni\/#primaryimage"},"image":{"@id":"https:\/\/www.frasicelebri.it\/news\/la-frase-profonda-con-cui-ci-saluta-ornella-vanoni\/#primaryimage"},"thumbnailUrl":"https:\/\/i0.wp.com\/www.frasicelebri.it\/news\/wp-content\/uploads\/2025\/11\/ornella-vanoni-5.jpg?fit=1200%2C800&ssl=1","datePublished":"2025-11-22T10:00:41+00:00","description":"Ornella Vanoni se n\u2019\u00e8 andata, lasciandoci la sua ironia, la sua voce inconfondibile e quella sincerit\u00e0 disarmante che l\u2019ha resa immortale","breadcrumb":{"@id":"https:\/\/www.frasicelebri.it\/news\/la-frase-profonda-con-cui-ci-saluta-ornella-vanoni\/#breadcrumb"},"inLanguage":"it-IT","potentialAction":[{"@type":"ReadAction","target":["https:\/\/www.frasicelebri.it\/news\/la-frase-profonda-con-cui-ci-saluta-ornella-vanoni\/"]}]},{"@type":"ImageObject","inLanguage":"it-IT","@id":"https:\/\/www.frasicelebri.it\/news\/la-frase-profonda-con-cui-ci-saluta-ornella-vanoni\/#primaryimage","url":"https:\/\/i0.wp.com\/www.frasicelebri.it\/news\/wp-content\/uploads\/2025\/11\/ornella-vanoni-5.jpg?fit=1200%2C800&ssl=1","contentUrl":"https:\/\/i0.wp.com\/www.frasicelebri.it\/news\/wp-content\/uploads\/2025\/11\/ornella-vanoni-5.jpg?fit=1200%2C800&ssl=1","width":1200,"height":800,"caption":"La frase profonda con cui ci saluta Ornella Vanoni"},{"@type":"BreadcrumbList","@id":"https:\/\/www.frasicelebri.it\/news\/la-frase-profonda-con-cui-ci-saluta-ornella-vanoni\/#breadcrumb","itemListElement":[{"@type":"ListItem","position":1,"name":"Home","item":"https:\/\/www.frasicelebri.it\/news\/"},{"@type":"ListItem","position":2,"name":"La frase profonda con cui ci saluta Ornella Vanoni: &#8220;La morte fa parte della vita e devo guardarla senza paura&#8221;"}]},{"@type":"WebSite","@id":"https:\/\/www.frasicelebri.it\/news\/#website","url":"https:\/\/www.frasicelebri.it\/news\/","name":"Frasicelebri.it","description":"News Frasicelebri.it","publisher":{"@id":"https:\/\/www.frasicelebri.it\/news\/#organization"},"potentialAction":[{"@type":"SearchAction","target":{"@type":"EntryPoint","urlTemplate":"https:\/\/www.frasicelebri.it\/news\/?s={search_term_string}"},"query-input":{"@type":"PropertyValueSpecification","valueRequired":true,"valueName":"search_term_string"}}],"inLanguage":"it-IT"},{"@type":"Organization","@id":"https:\/\/www.frasicelebri.it\/news\/#organization","name":"Frasicelebri.it","url":"https:\/\/www.frasicelebri.it\/news\/","logo":{"@type":"ImageObject","inLanguage":"it-IT","@id":"https:\/\/www.frasicelebri.it\/news\/#\/schema\/logo\/image\/","url":"https:\/\/i0.wp.com\/www.frasicelebri.it\/news\/wp-content\/uploads\/2024\/07\/logo-quadrato-drasicelebri.it_.jpg?fit=696%2C696&ssl=1","contentUrl":"https:\/\/i0.wp.com\/www.frasicelebri.it\/news\/wp-content\/uploads\/2024\/07\/logo-quadrato-drasicelebri.it_.jpg?fit=696%2C696&ssl=1","width":696,"height":696,"caption":"Frasicelebri.it"},"image":{"@id":"https:\/\/www.frasicelebri.it\/news\/#\/schema\/logo\/image\/"}},{"@type":"Person","@id":"https:\/\/www.frasicelebri.it\/news\/#\/schema\/person\/712303166008dc510236daeaf8087292","name":"Romina Cardia","image":{"@type":"ImageObject","inLanguage":"it-IT","@id":"https:\/\/www.frasicelebri.it\/news\/#\/schema\/person\/image\/","url":"https:\/\/secure.gravatar.com\/avatar\/7e155e0e5584fd17310efae2dc94f61e?s=96&d=mm&r=g","contentUrl":"https:\/\/secure.gravatar.com\/avatar\/7e155e0e5584fd17310efae2dc94f61e?s=96&d=mm&r=g","caption":"Romina Cardia"},"url":"https:\/\/www.frasicelebri.it\/news\/author\/romina\/"}]}},"_links":{"self":[{"href":"https:\/\/www.frasicelebri.it\/news\/wp-json\/wp\/v2\/posts\/41499","targetHints":{"allow":["GET"]}}],"collection":[{"href":"https:\/\/www.frasicelebri.it\/news\/wp-json\/wp\/v2\/posts"}],"about":[{"href":"https:\/\/www.frasicelebri.it\/news\/wp-json\/wp\/v2\/types\/post"}],"author":[{"embeddable":true,"href":"https:\/\/www.frasicelebri.it\/news\/wp-json\/wp\/v2\/users\/12"}],"replies":[{"embeddable":true,"href":"https:\/\/www.frasicelebri.it\/news\/wp-json\/wp\/v2\/comments?post=41499"}],"version-history":[{"count":1,"href":"https:\/\/www.frasicelebri.it\/news\/wp-json\/wp\/v2\/posts\/41499\/revisions"}],"predecessor-version":[{"id":41501,"href":"https:\/\/www.frasicelebri.it\/news\/wp-json\/wp\/v2\/posts\/41499\/revisions\/41501"}],"wp:featuredmedia":[{"embeddable":true,"href":"https:\/\/www.frasicelebri.it\/news\/wp-json\/wp\/v2\/media\/41500"}],"wp:attachment":[{"href":"https:\/\/www.frasicelebri.it\/news\/wp-json\/wp\/v2\/media?parent=41499"}],"wp:term":[{"taxonomy":"category","embeddable":true,"href":"https:\/\/www.frasicelebri.it\/news\/wp-json\/wp\/v2\/categories?post=41499"},{"taxonomy":"post_tag","embeddable":true,"href":"https:\/\/www.frasicelebri.it\/news\/wp-json\/wp\/v2\/tags?post=41499"}],"curies":[{"name":"wp","href":"https:\/\/api.w.org\/{rel}","templated":true}]}}