{"id":41550,"date":"2025-12-01T17:00:03","date_gmt":"2025-12-01T16:00:03","guid":{"rendered":"https:\/\/www.frasicelebri.it\/news\/?p=41550"},"modified":"2025-11-28T15:34:41","modified_gmt":"2025-11-28T14:34:41","slug":"frasi-di-massimo-recalcati-sulla-depressione","status":"publish","type":"post","link":"https:\/\/www.frasicelebri.it\/news\/frasi-di-massimo-recalcati-sulla-depressione\/","title":{"rendered":"Frasi di Massimo Recalcati sulla depressione, ti aiutano a liberarti da tutta la mer#da che c\u2019\u00e8 nella tua vita"},"content":{"rendered":"<p>Le <strong>frasi di Massimo Recalcati sulla depressione<\/strong> hanno la forza di scuotere l\u2019anima, perch\u00e9 non indorano la sofferenza ma la guardano dritta negli occhi. Recalcati non offre formule magiche, ma un invito radicale: per sollevarsi davvero dalla depressione, \u00e8 necessario fare \u201camicizia con la propria merda\u201d. La citazione <em>\u201cPer riuscire a sollevarsi dalla depressione, dalla caduta fuori dal mondo e dall\u2019odio per se stessi, bisogna fare amicizia con la propria merda<\/em>\u201d\u00a0 suggerisce che accettare il proprio lato oscuro non \u00e8 un atto di resa, ma il primo passo per costruire una vita pi\u00f9 autentica. Ma come tradurre queste parole forti in un percorso di liberazione concreto? Scopriamolo insieme<strong>.<\/strong><\/p>\n<p><img data-recalc-dims=\"1\" loading=\"lazy\" decoding=\"async\" class=\"alignnone size-full wp-image-41603\" src=\"https:\/\/i0.wp.com\/www.frasicelebri.it\/news\/wp-content\/uploads\/2025\/11\/recalcati-4-2.jpg?resize=1200%2C800&#038;ssl=1\" alt=\"Frasi di Massimo Recalcati sulla depressione\" width=\"1200\" height=\"800\" srcset=\"https:\/\/i0.wp.com\/www.frasicelebri.it\/news\/wp-content\/uploads\/2025\/11\/recalcati-4-2.jpg?w=1200&amp;ssl=1 1200w, https:\/\/i0.wp.com\/www.frasicelebri.it\/news\/wp-content\/uploads\/2025\/11\/recalcati-4-2.jpg?resize=300%2C200&amp;ssl=1 300w, https:\/\/i0.wp.com\/www.frasicelebri.it\/news\/wp-content\/uploads\/2025\/11\/recalcati-4-2.jpg?resize=150%2C100&amp;ssl=1 150w, https:\/\/i0.wp.com\/www.frasicelebri.it\/news\/wp-content\/uploads\/2025\/11\/recalcati-4-2.jpg?resize=768%2C512&amp;ssl=1 768w\" sizes=\"auto, (max-width: 1200px) 100vw, 1200px\" \/><\/p>\n<h2>Cos&#8217;\u00e8 la sofferenza per Massimo Recalcati<\/h2>\n<p>Secondo <strong>Massimo Recalcati<\/strong>, la nostra sofferenza pi\u00f9 profonda, quel vuoto oscuro che spesso chiamiamo \u201cdepressione\u201d, \u00e8 composta da parti che non vogliamo vedere. Quando parla di \u201cmerda\u201d, non usa un termine provocatorio per shock, ma per <strong>designare le ferite, le paure, i conflitti interiori<\/strong> che rifiutiamo. E spesso, proprio perch\u00e9 li rifiutiamo, diventano velenosi. Fare amicizia con essi significa riconoscere che quel dolore ha un senso simbolico: non \u00e8 solo un peso, ma un messaggio che va decifrato. <strong>Non si tratta di giustificare la sofferenza, ma di ascoltarla, accoglierla, integrarla<\/strong>. Recalcati afferma che, se la ignoriamo, pu\u00f2 distruggerci; se la guardiamo in faccia, pu\u00f2 diventare una risorsa per rinascere. Questo processo \u00e8 doloroso, perch\u00e9 implica un\u2019intimit\u00e0 non superficiale con il nostro peggio. Ma \u00e8 anche liberatorio: ci rende padroni di noi stessi, non schiavi della nostra oscurit\u00e0.<\/p>\n<h3>Come le frasi di Recalcati possono diventare uno strumento di guarigione<\/h3>\n<p>Quando una persona legge o ascolta queste parole, pu\u00f2 trovare un modo diverso di relazionarsi con la propria depressione. Non pi\u00f9 come nemica da eliminare, ma come compagna di viaggio: <strong>riconoscere il proprio dolore non significa abbracciare la disperazione, ma avviare un dialogo interiore<\/strong>. Questo messaggio pu\u00f2 essere usato in terapia, ma anche nella vita quotidiana: potresti dirti, nei momenti di scoraggiamento, che stai per un attimo \u201cabbracciando la tua merda\u201d per comprenderla e trasformarla. Invece di scappare, scegli di restare, di osservare, di interrogare quei pensieri oscuri: \u201cCosa mi sta dicendo questa parte di me? Perch\u00e9 mi fa cos\u00ec tanto male?\u201d<\/p>\n<p>Inoltre, la visione di Recalcati aiuta a normalizzare il fatto che <strong>la depressione non \u00e8 un segno di debolezza, ma un\u2019esperienza umana che richiede coraggio<\/strong>. E se riusciamo a <strong>fare amicizia con i nostri demoni interiori<\/strong>, possiamo imparare a vivere non non nonostante la sofferenza, ma con essa.<\/p>\n<h3>Perch\u00e9 il messaggio di Massimo Recalcati \u00e8 rivoluzionario<\/h3>\n<p>Viviamo in un tempo che esalta la produttivit\u00e0, il successo e l\u2019immagine perfetta: il dolore \u00e8 spesso taciuto o evitato, considerato un fallimento. Massimo Recalcati rompe questo schema proponendo il contrario: <strong>non \u00e8 un crimine sentire dolore, ma non ascoltarlo lo \u00e8. E la depressione non va nascosta: va compresa e attraversata<\/strong>.<\/p>\n<p>\u201c<em>Fare amicizia con la propria merda<\/em>\u201d \u00e8, in questo senso, un atto di ribellione. \u00c8 <strong>rifiutare la maschera della felicit\u00e0 finta e scegliere di vivere con autenticit\u00e0<\/strong>. \u00c8 <strong>costruire un rapporto maturo con se stessi<\/strong>, un rapporto che riconosca la fragilit\u00e0 ma non ne abbia paura. E se ci\u00f2 avviene, anche la rinascita diventa possibile, perch\u00e9 la libert\u00e0 psicologica nasce dal confronto sincero con ci\u00f2 che pi\u00f9 ci spaventa.<\/p>\n<h3>Frasi di Massimo Recalcati sulla depressione<\/h3>\n<ol>\n<li><strong><em>\u201cPer riuscire a sollevarsi dalla depressione, dalla caduta fuori dal mondo e dall\u2019odio per se stessi, bisogna fare amicizia con la propria merda.\u201d<\/em><\/strong><\/li>\n<li><strong><em>\u201cCon il dolore serve entrare in contatto, perch\u00e9 altrimenti ti uccide.\u201d<\/em><\/strong><\/li>\n<li><strong><em>\u201cIl segreto dell\u2019esistenza \u00e8 entrare in contatto con le cose che pi\u00f9 ti fanno soffrire.\u201d<\/em><\/strong><\/li>\n<li><strong><em>\u201cSolo chi si \u00e8 perduto, chi ha conosciuto l\u2019errore e lo sbandamento pu\u00f2, assumendo la propria vulnerabilit\u00e0, far fruttificare il suo desiderio.\u201d<\/em><\/strong><\/li>\n<li><strong><em>\u201cIl segreto dell\u2019esistenza \u00e8 entrare in contatto con le cose che pi\u00f9 ti fanno soffrire.\u201d<\/em><\/strong><\/li>\n<li><strong><em>\u201cLa depressione rivela traumaticamente: la vita non ha senso, siamo in una condizione marcata da una precariet\u00e0 inaggirabile. \u201c<\/em><\/strong><\/li>\n<li><strong><em>\u201cI giovani depressi non hanno pi\u00f9 desiderio. Questo fuoco che tiene accesa la vita \u00e8 spento o molto debole.\u201d<\/em><\/strong><\/li>\n<\/ol>\n<p>Leggi altre <a href=\"https:\/\/www.frasicelebri.it\/ricerca-frasi\/?q=recalcati\">frasi celebri di Massimo Recalcati<\/a> e le altre <a href=\"https:\/\/www.frasicelebri.it\/ricerca-frasi\/?q=depressione\">frasi celebri sulla depressione<\/a>.<\/p>\n","protected":false},"excerpt":{"rendered":"<p>Le frasi di Massimo Recalcati sulla depressione hanno la forza di scuotere l\u2019anima, perch\u00e9 non indorano la sofferenza ma la guardano dritta negli occhi. Recalcati &#8230; <a title=\"Frasi di Massimo Recalcati sulla depressione, ti aiutano a liberarti da tutta la mer#da che c\u2019\u00e8 nella tua vita\" class=\"read-more\" href=\"https:\/\/www.frasicelebri.it\/news\/frasi-di-massimo-recalcati-sulla-depressione\/\" aria-label=\"More on Frasi di Massimo Recalcati sulla depressione, ti aiutano a liberarti da tutta la mer#da che c\u2019\u00e8 nella tua vita\">Leggi tutto<\/a><\/p>\n","protected":false},"author":13,"featured_media":41603,"comment_status":"closed","ping_status":"closed","sticky":false,"template":"","format":"standard","meta":{"footnotes":""},"categories":[42],"tags":[1307],"class_list":["post-41550","post","type-post","status-publish","format-standard","has-post-thumbnail","hentry","category-lifestyle","tag-massimo-recalcati"],"yoast_head":"<!-- This site is optimized with the Yoast SEO plugin v25.2 - https:\/\/yoast.com\/wordpress\/plugins\/seo\/ -->\n<title>Frasi di Massimo Recalcati sulla depressione, ti aiutano a liberarti da tutta la mer#da che c\u2019\u00e8 nella tua vita - Frasicelebri.it<\/title>\n<meta name=\"description\" content=\"Scopri le frasi di Massimo Recalcati sulla depressione per fare i conti con il dolore, abbracciare il tuo peggio e rinascere con forza.\" \/>\n<meta name=\"robots\" content=\"index, follow, max-snippet:-1, max-image-preview:large, max-video-preview:-1\" \/>\n<link rel=\"canonical\" href=\"https:\/\/www.frasicelebri.it\/news\/frasi-di-massimo-recalcati-sulla-depressione\/\" \/>\n<meta property=\"og:locale\" content=\"it_IT\" \/>\n<meta property=\"og:type\" content=\"article\" \/>\n<meta property=\"og:title\" content=\"Frasi di Massimo Recalcati sulla depressione, ti aiutano a liberarti da tutta la mer#da che c\u2019\u00e8 nella tua vita - Frasicelebri.it\" \/>\n<meta property=\"og:description\" content=\"Scopri le frasi di Massimo Recalcati sulla depressione per fare i conti con il dolore, abbracciare il tuo peggio e rinascere con forza.\" \/>\n<meta property=\"og:url\" content=\"https:\/\/www.frasicelebri.it\/news\/frasi-di-massimo-recalcati-sulla-depressione\/\" \/>\n<meta property=\"og:site_name\" content=\"Frasicelebri.it\" \/>\n<meta property=\"article:published_time\" content=\"2025-12-01T16:00:03+00:00\" \/>\n<meta property=\"og:image\" content=\"https:\/\/i0.wp.com\/www.frasicelebri.it\/news\/wp-content\/uploads\/2025\/11\/recalcati-4-2.jpg?fit=1200%2C800&ssl=1\" \/>\n\t<meta property=\"og:image:width\" content=\"1200\" \/>\n\t<meta property=\"og:image:height\" content=\"800\" \/>\n\t<meta property=\"og:image:type\" content=\"image\/jpeg\" \/>\n<meta name=\"author\" content=\"Achiropita Cicala\" \/>\n<meta name=\"twitter:card\" content=\"summary_large_image\" \/>\n<meta name=\"twitter:label1\" content=\"Scritto da\" \/>\n\t<meta name=\"twitter:data1\" content=\"Achiropita Cicala\" \/>\n\t<meta name=\"twitter:label2\" content=\"Tempo di lettura stimato\" \/>\n\t<meta name=\"twitter:data2\" content=\"5 minuti\" \/>\n<script type=\"application\/ld+json\" class=\"yoast-schema-graph\">{\"@context\":\"https:\/\/schema.org\",\"@graph\":[{\"@type\":\"Article\",\"@id\":\"https:\/\/www.frasicelebri.it\/news\/frasi-di-massimo-recalcati-sulla-depressione\/#article\",\"isPartOf\":{\"@id\":\"https:\/\/www.frasicelebri.it\/news\/frasi-di-massimo-recalcati-sulla-depressione\/\"},\"author\":{\"name\":\"Achiropita Cicala\",\"@id\":\"https:\/\/www.frasicelebri.it\/news\/#\/schema\/person\/ea9712dd6f40c204c49f10bebc1b9aeb\"},\"headline\":\"Frasi di Massimo Recalcati sulla depressione, ti aiutano a liberarti da tutta la mer#da che c\u2019\u00e8 nella tua vita\",\"datePublished\":\"2025-12-01T16:00:03+00:00\",\"mainEntityOfPage\":{\"@id\":\"https:\/\/www.frasicelebri.it\/news\/frasi-di-massimo-recalcati-sulla-depressione\/\"},\"wordCount\":695,\"publisher\":{\"@id\":\"https:\/\/www.frasicelebri.it\/news\/#organization\"},\"image\":{\"@id\":\"https:\/\/www.frasicelebri.it\/news\/frasi-di-massimo-recalcati-sulla-depressione\/#primaryimage\"},\"thumbnailUrl\":\"https:\/\/i0.wp.com\/www.frasicelebri.it\/news\/wp-content\/uploads\/2025\/11\/recalcati-4-2.jpg?fit=1200%2C800&ssl=1\",\"keywords\":[\"Massimo Recalcati\"],\"articleSection\":[\"LifeStyle\"],\"inLanguage\":\"it-IT\"},{\"@type\":\"WebPage\",\"@id\":\"https:\/\/www.frasicelebri.it\/news\/frasi-di-massimo-recalcati-sulla-depressione\/\",\"url\":\"https:\/\/www.frasicelebri.it\/news\/frasi-di-massimo-recalcati-sulla-depressione\/\",\"name\":\"Frasi di Massimo Recalcati sulla depressione, ti aiutano a liberarti da tutta la mer#da che c\u2019\u00e8 nella tua vita - Frasicelebri.it\",\"isPartOf\":{\"@id\":\"https:\/\/www.frasicelebri.it\/news\/#website\"},\"primaryImageOfPage\":{\"@id\":\"https:\/\/www.frasicelebri.it\/news\/frasi-di-massimo-recalcati-sulla-depressione\/#primaryimage\"},\"image\":{\"@id\":\"https:\/\/www.frasicelebri.it\/news\/frasi-di-massimo-recalcati-sulla-depressione\/#primaryimage\"},\"thumbnailUrl\":\"https:\/\/i0.wp.com\/www.frasicelebri.it\/news\/wp-content\/uploads\/2025\/11\/recalcati-4-2.jpg?fit=1200%2C800&ssl=1\",\"datePublished\":\"2025-12-01T16:00:03+00:00\",\"description\":\"Scopri le frasi di Massimo Recalcati sulla depressione per fare i conti con il dolore, abbracciare il tuo peggio e rinascere con forza.\",\"breadcrumb\":{\"@id\":\"https:\/\/www.frasicelebri.it\/news\/frasi-di-massimo-recalcati-sulla-depressione\/#breadcrumb\"},\"inLanguage\":\"it-IT\",\"potentialAction\":[{\"@type\":\"ReadAction\",\"target\":[\"https:\/\/www.frasicelebri.it\/news\/frasi-di-massimo-recalcati-sulla-depressione\/\"]}]},{\"@type\":\"ImageObject\",\"inLanguage\":\"it-IT\",\"@id\":\"https:\/\/www.frasicelebri.it\/news\/frasi-di-massimo-recalcati-sulla-depressione\/#primaryimage\",\"url\":\"https:\/\/i0.wp.com\/www.frasicelebri.it\/news\/wp-content\/uploads\/2025\/11\/recalcati-4-2.jpg?fit=1200%2C800&ssl=1\",\"contentUrl\":\"https:\/\/i0.wp.com\/www.frasicelebri.it\/news\/wp-content\/uploads\/2025\/11\/recalcati-4-2.jpg?fit=1200%2C800&ssl=1\",\"width\":1200,\"height\":800,\"caption\":\"Frasi di Massimo Recalcati sulla depressione\"},{\"@type\":\"BreadcrumbList\",\"@id\":\"https:\/\/www.frasicelebri.it\/news\/frasi-di-massimo-recalcati-sulla-depressione\/#breadcrumb\",\"itemListElement\":[{\"@type\":\"ListItem\",\"position\":1,\"name\":\"Home\",\"item\":\"https:\/\/www.frasicelebri.it\/news\/\"},{\"@type\":\"ListItem\",\"position\":2,\"name\":\"Frasi di Massimo Recalcati sulla depressione, ti aiutano a liberarti da tutta la mer#da che c\u2019\u00e8 nella tua vita\"}]},{\"@type\":\"WebSite\",\"@id\":\"https:\/\/www.frasicelebri.it\/news\/#website\",\"url\":\"https:\/\/www.frasicelebri.it\/news\/\",\"name\":\"Frasicelebri.it\",\"description\":\"News Frasicelebri.it\",\"publisher\":{\"@id\":\"https:\/\/www.frasicelebri.it\/news\/#organization\"},\"potentialAction\":[{\"@type\":\"SearchAction\",\"target\":{\"@type\":\"EntryPoint\",\"urlTemplate\":\"https:\/\/www.frasicelebri.it\/news\/?s={search_term_string}\"},\"query-input\":{\"@type\":\"PropertyValueSpecification\",\"valueRequired\":true,\"valueName\":\"search_term_string\"}}],\"inLanguage\":\"it-IT\"},{\"@type\":\"Organization\",\"@id\":\"https:\/\/www.frasicelebri.it\/news\/#organization\",\"name\":\"Frasicelebri.it\",\"url\":\"https:\/\/www.frasicelebri.it\/news\/\",\"logo\":{\"@type\":\"ImageObject\",\"inLanguage\":\"it-IT\",\"@id\":\"https:\/\/www.frasicelebri.it\/news\/#\/schema\/logo\/image\/\",\"url\":\"https:\/\/i0.wp.com\/www.frasicelebri.it\/news\/wp-content\/uploads\/2024\/07\/logo-quadrato-drasicelebri.it_.jpg?fit=696%2C696&ssl=1\",\"contentUrl\":\"https:\/\/i0.wp.com\/www.frasicelebri.it\/news\/wp-content\/uploads\/2024\/07\/logo-quadrato-drasicelebri.it_.jpg?fit=696%2C696&ssl=1\",\"width\":696,\"height\":696,\"caption\":\"Frasicelebri.it\"},\"image\":{\"@id\":\"https:\/\/www.frasicelebri.it\/news\/#\/schema\/logo\/image\/\"}},{\"@type\":\"Person\",\"@id\":\"https:\/\/www.frasicelebri.it\/news\/#\/schema\/person\/ea9712dd6f40c204c49f10bebc1b9aeb\",\"name\":\"Achiropita Cicala\",\"image\":{\"@type\":\"ImageObject\",\"inLanguage\":\"it-IT\",\"@id\":\"https:\/\/www.frasicelebri.it\/news\/#\/schema\/person\/image\/\",\"url\":\"https:\/\/secure.gravatar.com\/avatar\/354c3efb81e069175fd323fc97de9090?s=96&d=mm&r=g\",\"contentUrl\":\"https:\/\/secure.gravatar.com\/avatar\/354c3efb81e069175fd323fc97de9090?s=96&d=mm&r=g\",\"caption\":\"Achiropita Cicala\"},\"url\":\"https:\/\/www.frasicelebri.it\/news\/author\/achiropita\/\"}]}<\/script>\n<!-- \/ Yoast SEO plugin. -->","yoast_head_json":{"title":"Frasi di Massimo Recalcati sulla depressione, ti aiutano a liberarti da tutta la mer#da che c\u2019\u00e8 nella tua vita - Frasicelebri.it","description":"Scopri le frasi di Massimo Recalcati sulla depressione per fare i conti con il dolore, abbracciare il tuo peggio e rinascere con forza.","robots":{"index":"index","follow":"follow","max-snippet":"max-snippet:-1","max-image-preview":"max-image-preview:large","max-video-preview":"max-video-preview:-1"},"canonical":"https:\/\/www.frasicelebri.it\/news\/frasi-di-massimo-recalcati-sulla-depressione\/","og_locale":"it_IT","og_type":"article","og_title":"Frasi di Massimo Recalcati sulla depressione, ti aiutano a liberarti da tutta la mer#da che c\u2019\u00e8 nella tua vita - Frasicelebri.it","og_description":"Scopri le frasi di Massimo Recalcati sulla depressione per fare i conti con il dolore, abbracciare il tuo peggio e rinascere con forza.","og_url":"https:\/\/www.frasicelebri.it\/news\/frasi-di-massimo-recalcati-sulla-depressione\/","og_site_name":"Frasicelebri.it","article_published_time":"2025-12-01T16:00:03+00:00","og_image":[{"width":1200,"height":800,"url":"https:\/\/i0.wp.com\/www.frasicelebri.it\/news\/wp-content\/uploads\/2025\/11\/recalcati-4-2.jpg?fit=1200%2C800&ssl=1","type":"image\/jpeg"}],"author":"Achiropita Cicala","twitter_card":"summary_large_image","twitter_misc":{"Scritto da":"Achiropita Cicala","Tempo di lettura stimato":"5 minuti"},"schema":{"@context":"https:\/\/schema.org","@graph":[{"@type":"Article","@id":"https:\/\/www.frasicelebri.it\/news\/frasi-di-massimo-recalcati-sulla-depressione\/#article","isPartOf":{"@id":"https:\/\/www.frasicelebri.it\/news\/frasi-di-massimo-recalcati-sulla-depressione\/"},"author":{"name":"Achiropita Cicala","@id":"https:\/\/www.frasicelebri.it\/news\/#\/schema\/person\/ea9712dd6f40c204c49f10bebc1b9aeb"},"headline":"Frasi di Massimo Recalcati sulla depressione, ti aiutano a liberarti da tutta la mer#da che c\u2019\u00e8 nella tua vita","datePublished":"2025-12-01T16:00:03+00:00","mainEntityOfPage":{"@id":"https:\/\/www.frasicelebri.it\/news\/frasi-di-massimo-recalcati-sulla-depressione\/"},"wordCount":695,"publisher":{"@id":"https:\/\/www.frasicelebri.it\/news\/#organization"},"image":{"@id":"https:\/\/www.frasicelebri.it\/news\/frasi-di-massimo-recalcati-sulla-depressione\/#primaryimage"},"thumbnailUrl":"https:\/\/i0.wp.com\/www.frasicelebri.it\/news\/wp-content\/uploads\/2025\/11\/recalcati-4-2.jpg?fit=1200%2C800&ssl=1","keywords":["Massimo Recalcati"],"articleSection":["LifeStyle"],"inLanguage":"it-IT"},{"@type":"WebPage","@id":"https:\/\/www.frasicelebri.it\/news\/frasi-di-massimo-recalcati-sulla-depressione\/","url":"https:\/\/www.frasicelebri.it\/news\/frasi-di-massimo-recalcati-sulla-depressione\/","name":"Frasi di Massimo Recalcati sulla depressione, ti aiutano a liberarti da tutta la mer#da che c\u2019\u00e8 nella tua vita - Frasicelebri.it","isPartOf":{"@id":"https:\/\/www.frasicelebri.it\/news\/#website"},"primaryImageOfPage":{"@id":"https:\/\/www.frasicelebri.it\/news\/frasi-di-massimo-recalcati-sulla-depressione\/#primaryimage"},"image":{"@id":"https:\/\/www.frasicelebri.it\/news\/frasi-di-massimo-recalcati-sulla-depressione\/#primaryimage"},"thumbnailUrl":"https:\/\/i0.wp.com\/www.frasicelebri.it\/news\/wp-content\/uploads\/2025\/11\/recalcati-4-2.jpg?fit=1200%2C800&ssl=1","datePublished":"2025-12-01T16:00:03+00:00","description":"Scopri le frasi di Massimo Recalcati sulla depressione per fare i conti con il dolore, abbracciare il tuo peggio e rinascere con forza.","breadcrumb":{"@id":"https:\/\/www.frasicelebri.it\/news\/frasi-di-massimo-recalcati-sulla-depressione\/#breadcrumb"},"inLanguage":"it-IT","potentialAction":[{"@type":"ReadAction","target":["https:\/\/www.frasicelebri.it\/news\/frasi-di-massimo-recalcati-sulla-depressione\/"]}]},{"@type":"ImageObject","inLanguage":"it-IT","@id":"https:\/\/www.frasicelebri.it\/news\/frasi-di-massimo-recalcati-sulla-depressione\/#primaryimage","url":"https:\/\/i0.wp.com\/www.frasicelebri.it\/news\/wp-content\/uploads\/2025\/11\/recalcati-4-2.jpg?fit=1200%2C800&ssl=1","contentUrl":"https:\/\/i0.wp.com\/www.frasicelebri.it\/news\/wp-content\/uploads\/2025\/11\/recalcati-4-2.jpg?fit=1200%2C800&ssl=1","width":1200,"height":800,"caption":"Frasi di Massimo Recalcati sulla depressione"},{"@type":"BreadcrumbList","@id":"https:\/\/www.frasicelebri.it\/news\/frasi-di-massimo-recalcati-sulla-depressione\/#breadcrumb","itemListElement":[{"@type":"ListItem","position":1,"name":"Home","item":"https:\/\/www.frasicelebri.it\/news\/"},{"@type":"ListItem","position":2,"name":"Frasi di Massimo Recalcati sulla depressione, ti aiutano a liberarti da tutta la mer#da che c\u2019\u00e8 nella tua vita"}]},{"@type":"WebSite","@id":"https:\/\/www.frasicelebri.it\/news\/#website","url":"https:\/\/www.frasicelebri.it\/news\/","name":"Frasicelebri.it","description":"News Frasicelebri.it","publisher":{"@id":"https:\/\/www.frasicelebri.it\/news\/#organization"},"potentialAction":[{"@type":"SearchAction","target":{"@type":"EntryPoint","urlTemplate":"https:\/\/www.frasicelebri.it\/news\/?s={search_term_string}"},"query-input":{"@type":"PropertyValueSpecification","valueRequired":true,"valueName":"search_term_string"}}],"inLanguage":"it-IT"},{"@type":"Organization","@id":"https:\/\/www.frasicelebri.it\/news\/#organization","name":"Frasicelebri.it","url":"https:\/\/www.frasicelebri.it\/news\/","logo":{"@type":"ImageObject","inLanguage":"it-IT","@id":"https:\/\/www.frasicelebri.it\/news\/#\/schema\/logo\/image\/","url":"https:\/\/i0.wp.com\/www.frasicelebri.it\/news\/wp-content\/uploads\/2024\/07\/logo-quadrato-drasicelebri.it_.jpg?fit=696%2C696&ssl=1","contentUrl":"https:\/\/i0.wp.com\/www.frasicelebri.it\/news\/wp-content\/uploads\/2024\/07\/logo-quadrato-drasicelebri.it_.jpg?fit=696%2C696&ssl=1","width":696,"height":696,"caption":"Frasicelebri.it"},"image":{"@id":"https:\/\/www.frasicelebri.it\/news\/#\/schema\/logo\/image\/"}},{"@type":"Person","@id":"https:\/\/www.frasicelebri.it\/news\/#\/schema\/person\/ea9712dd6f40c204c49f10bebc1b9aeb","name":"Achiropita Cicala","image":{"@type":"ImageObject","inLanguage":"it-IT","@id":"https:\/\/www.frasicelebri.it\/news\/#\/schema\/person\/image\/","url":"https:\/\/secure.gravatar.com\/avatar\/354c3efb81e069175fd323fc97de9090?s=96&d=mm&r=g","contentUrl":"https:\/\/secure.gravatar.com\/avatar\/354c3efb81e069175fd323fc97de9090?s=96&d=mm&r=g","caption":"Achiropita Cicala"},"url":"https:\/\/www.frasicelebri.it\/news\/author\/achiropita\/"}]}},"_links":{"self":[{"href":"https:\/\/www.frasicelebri.it\/news\/wp-json\/wp\/v2\/posts\/41550","targetHints":{"allow":["GET"]}}],"collection":[{"href":"https:\/\/www.frasicelebri.it\/news\/wp-json\/wp\/v2\/posts"}],"about":[{"href":"https:\/\/www.frasicelebri.it\/news\/wp-json\/wp\/v2\/types\/post"}],"author":[{"embeddable":true,"href":"https:\/\/www.frasicelebri.it\/news\/wp-json\/wp\/v2\/users\/13"}],"replies":[{"embeddable":true,"href":"https:\/\/www.frasicelebri.it\/news\/wp-json\/wp\/v2\/comments?post=41550"}],"version-history":[{"count":5,"href":"https:\/\/www.frasicelebri.it\/news\/wp-json\/wp\/v2\/posts\/41550\/revisions"}],"predecessor-version":[{"id":41601,"href":"https:\/\/www.frasicelebri.it\/news\/wp-json\/wp\/v2\/posts\/41550\/revisions\/41601"}],"wp:featuredmedia":[{"embeddable":true,"href":"https:\/\/www.frasicelebri.it\/news\/wp-json\/wp\/v2\/media\/41603"}],"wp:attachment":[{"href":"https:\/\/www.frasicelebri.it\/news\/wp-json\/wp\/v2\/media?parent=41550"}],"wp:term":[{"taxonomy":"category","embeddable":true,"href":"https:\/\/www.frasicelebri.it\/news\/wp-json\/wp\/v2\/categories?post=41550"},{"taxonomy":"post_tag","embeddable":true,"href":"https:\/\/www.frasicelebri.it\/news\/wp-json\/wp\/v2\/tags?post=41550"}],"curies":[{"name":"wp","href":"https:\/\/api.w.org\/{rel}","templated":true}]}}