{"id":41735,"date":"2025-12-06T11:00:30","date_gmt":"2025-12-06T10:00:30","guid":{"rendered":"https:\/\/www.frasicelebri.it\/news\/?p=41735"},"modified":"2025-12-05T10:06:21","modified_gmt":"2025-12-05T09:06:21","slug":"la-frase-di-crepet-sulla-nostalgia-dei-cinquantenni","status":"publish","type":"post","link":"https:\/\/www.frasicelebri.it\/news\/la-frase-di-crepet-sulla-nostalgia-dei-cinquantenni\/","title":{"rendered":"La frase di Crepet sulla nostalgia dei cinquantenni: &#8220;Il fascino del passato nasce dal bisogno di eliminare il dolore&#8221;"},"content":{"rendered":"<p>C\u2019\u00e8 chi dice che <strong>guardare al passato<\/strong> sia come sorseggiare una canna di vetro innocua: trasparente e senza conseguenze. Per altri, \u00e8 come un\u2019amara medicina: talvolta necessaria, talvolta tossica. <strong>Paolo Crepet<\/strong>, psichiatra e sociologo italiano, ci invita a riflettere su questo <strong>sguardo nostalgico verso gli anni \u201980 e \u201990<\/strong>: un\u2019epoca che oggi torna in voga come un evergreen, ma non per una voglia sincera di ri-vivere quei momenti. Piuttosto come un tentativo di \u201c<em>eliminare il dolore dalla vita per recuperare un\u2019esistenza piacevole<\/em>\u201d. \u00a0Nel suo ragionamento, la <strong>nostalgia<\/strong> non \u00e8 di per s\u00e9 \u201cmalata\u201d: pu\u00f2 aiutarci a capire chi siamo stati. Il rischio &#8211; secondo lui &#8211; \u00e8 rimanerne prigionieri. Scaviamo insieme nel suo pensiero, cercando di capire come (e se) questa malinconia possa, con un po\u2019 di intelligenza, insegnarci qualcosa.<\/p>\n<p><img data-recalc-dims=\"1\" loading=\"lazy\" decoding=\"async\" class=\"alignnone size-full wp-image-41736\" src=\"https:\/\/i0.wp.com\/www.frasicelebri.it\/news\/wp-content\/uploads\/2025\/12\/crepet-6.jpg?resize=1200%2C800&#038;ssl=1\" alt=\"La frase di Crepet sulla nostalgia dei cinquantenni\" width=\"1200\" height=\"800\" srcset=\"https:\/\/i0.wp.com\/www.frasicelebri.it\/news\/wp-content\/uploads\/2025\/12\/crepet-6.jpg?w=1200&amp;ssl=1 1200w, https:\/\/i0.wp.com\/www.frasicelebri.it\/news\/wp-content\/uploads\/2025\/12\/crepet-6.jpg?resize=300%2C200&amp;ssl=1 300w, https:\/\/i0.wp.com\/www.frasicelebri.it\/news\/wp-content\/uploads\/2025\/12\/crepet-6.jpg?resize=150%2C100&amp;ssl=1 150w, https:\/\/i0.wp.com\/www.frasicelebri.it\/news\/wp-content\/uploads\/2025\/12\/crepet-6.jpg?resize=768%2C512&amp;ssl=1 768w\" sizes=\"auto, (max-width: 1200px) 100vw, 1200px\" \/><\/p>\n<h2>Chi \u00e8 Paolo Crepet<\/h2>\n<p><strong>Paolo Crepet<\/strong> \u00e8 una figura che va oltre la definizione semplice di \u201cintellettuale\u201d: psichiatra, sociologo, educatore, saggista e &#8211; per alcuni &#8211; pure provocatore. Attraverso libri, interviste, conferenze e spettacoli &#8211; come quello dal titolo \u201cIl reato di pensare\u201d &#8211; non pretende di essere un comico, ma usa un linguaggio diretto, a volte brusco, per scuoterci.<\/p>\n<p>Il suo \u00e8 un lavoro costante: denunciare la \u201csociet\u00e0 anestetizzata\u201d, la perdita dell\u2019empatia, l\u2019uso superficiale della tecnologia, l\u2019abitudine a vivere passivamente piuttosto che costruire consapevolmente. Nel farlo, spesso abbraccia posizioni impopolari, ma non finge: cerca la verit\u00e0, anche se fa male. Il suo approccio &#8211; critico, talvolta tagliente &#8211; ha sempre un intento: far riflettere, scuotere, provocare consapevolezza.<\/p>\n<h3>Un nostalgico consapevole, non un nostalgico nostalgico<\/h3>\n<p>Quando parla di nostalgia e di ritorni dell\u2019\u201c<strong>evergreen<\/strong>\u201d &#8211; serie, canzoni, mode, programmi televisivi di \u201cuna volta\u201d &#8211; Crepet non si limita a chiederne il consumo acritico. Non dice \u201ctornate a quegli anni e sar\u00e0 tutto meglio\u201d. Al contrario: chiama in causa la memoria, la riflessione, la selezione. <strong>Il passato non pu\u00f2 e non deve essere un rifugio permanente<\/strong>.<\/p>\n<p>Crepet avverte: <strong>c\u2019\u00e8 differenza tra rivivere e ricordare. Tra interpretare e copiare<\/strong>. Tra usare il passato come \u201c<em>rifugio consolatorio<\/em>\u201d e farne una bussola per orientarsi, dentro se stessi e nel mondo.<\/p>\n<h3>&#8220;L\u2019idea dell\u2019evergreen nasce dal bisogno di eliminare il dolore\u2026&#8221;: cosa significa davvero<\/h3>\n<p>In un\u2019intervista rilasciata recentemente, Crepet afferma:<\/p>\n<blockquote><p>\u201c<em>L\u2019idea dell\u2019evergreen nasce dal bisogno di eliminare il dolore dalla vita per recuperare un\u2019esistenza piacevole<\/em>.\u201d<\/p><\/blockquote>\n<p>Che tradotto significa: quando la realt\u00e0 &#8211; sociale, culturale, personale &#8211; diventa dura, incerta, caotica<strong>, molti preferiscono rifugiarsi in ricordi rassicuranti<\/strong>: la canzone di un tempo, la sigla di un cartone, il telefilm di quando eravamo giovani. \u00c8 come se l\u2019\u201cevergreen\u201d &#8211; con la sua familiarit\u00e0 &#8211; fosse una scorciatoia verso il <strong>comfort emotivo<\/strong>: una fotografia di tranquillit\u00e0 in un presente scomodo.<\/p>\n<p>E infatti, secondo Crepet, <strong>questo tipo di nostalgia \u00e8 spesso una forma di illusione<\/strong>, una tentazione di tornare indietro per evitare la complessit\u00e0 del presente. <strong>A cinquanta anni, si finisce per \u201c<em>recitare la parte dei ventenni<\/em>\u201d, negando tutti i dolori, i limiti, le frustrazioni che fanno parte dell\u2019et\u00e0 adulta<\/strong>.<\/p>\n<p>Ma c\u2019\u00e8 un\u2019altra verit\u00e0: la nostalgia non \u00e8 sempre una trappola. Pu\u00f2 diventare una risorsa. <strong>I ricordi, se usati con intelligenza, possono insegnarci qualcosa<\/strong>.<\/p>\n<h3>Come la nostalgia &#8211; nel modo giusto &#8211; pu\u00f2 aiutarci<\/h3>\n<p>Secondo Crepet, <strong>il passato non va idealizzato n\u00e9 demonizzato<\/strong>. Non va vissuto come una seconda casa, n\u00e9 come un inferno legislato dalla malinconia. Il passato \u00e8 una cassetta degli attrezzi: da l\u00ec possiamo prendere quegli strumenti che ancora valgono, lasciando indietro ci\u00f2 che non serve pi\u00f9.<\/p>\n<p>Prendiamo un esempio concreto: <strong>la scuola di 50 anni fa<\/strong>. Crepet ha raccontato che, nonostante tutto, certi aspetti &#8211; la lentezza, il gioco, la conversazione, l\u2019attenzione &#8211; erano pi\u00f9 favorevoli allo sviluppo cognitivo ed emotivo dei bambini rispetto alla scuola moderna iper-tecnologica e disattenta. Non per nostalgici, ma per chi cerca un\u2019educazione pi\u00f9 vera.<\/p>\n<p>Oppure pensiamo <strong>all\u2019arte, ai grandi classici<\/strong>: leggere un romanzo passato, guardare un film o un filmato d\u2019altri tempi non significa volerci tornare, ma confrontarci con l\u2019umanit\u00e0 che resiste nel tempo. Come dice Crepet, non si tratta di nostalgia fine a s\u00e9 stessa, ma di \u201c<em>ripescare dal passato ci\u00f2 che serve<\/em>\u201d.<\/p>\n<p>In questo senso la frase \u201c<em>L\u2019idea dell\u2019evergreen nasce dal bisogno di eliminare il dolore dalla vita per recuperare un\u2019esistenza piacevole<\/em>\u201d non \u00e8 una condanna totale: \u00e8 un allarme. Ci avverte che <strong>se facciamo di quella ricerca di conforto il nostro stile di vita, rischiamo di perdere noi stessi<\/strong>. Al contrario, se accettiamo la nostalgia come memoria selettiva e critica &#8211; come un modo per restare umani &#8211; allora pu\u00f2 essere una guida.<\/p>\n<h3>Un invito provocatorio: non restare incollato allo schermo dei ricordi<\/h3>\n<p>Crepet non usa mezzi termini. Dice che spesso <strong>l\u2019eccesso di nostalgia \u00e8 una fuga codarda davanti alla complessit\u00e0<\/strong>. Viviamo immersi nelle novit\u00e0 tecnologiche che promettono di \u201csemplificare\u201d tutto: comunicazione, lavoro, relazioni. Ma &#8211; secondo lui &#8211; questo ha un prezzo: perdiamo profondit\u00e0, attenzione, empatia.<\/p>\n<p>E allora il suo invito \u00e8 chiaro: smettiamo di \u201c<em>collezionare evergreen<\/em>\u201d come figurine da album, e <strong>iniziamo a collezionare pensieri, relazioni, esperienze autentiche<\/strong>. Non come replica di un passato \u201cperfetto\u201d, ma come costruzione quotidiana. Perch\u00e9 <strong>la vita non \u00e8 un grande reboot nostalgico: \u00e8 un continuo atto creativo<\/strong>.<\/p>\n<h3>La nostalgia non \u00e8 un peccato, ma nemmeno una comodit\u00e0<\/h3>\n<p>Paolo Crepet ci dice che la nostalgia non \u00e8 un peccato, ma nemmeno una comodit\u00e0 neutra. \u00c8 uno strumento ambivalente: pu\u00f2 consolarti, ma anche imprigionarti. Pu\u00f2 aiutarti, ma anche anestetizzarti. Sta a te decidere come usarla.<\/p>\n<p>Alla fine, come suggerisce lui, <strong>il passato non \u00e8 un posto dove andare a vivere<\/strong>. \u00c8 una biblioteca da cui prendere, con giudizio, ci\u00f2 che merita di sopravvivere nel nostro presente. E magari farci da bussola per il futuro.<\/p>\n<h3>Frasi di Crepet sulla nostalgia<\/h3>\n<ol>\n<li><em>\u201c<strong>Fottiti della nostalgia, non cadere nel ricatto, non guardare indietro ragazzo: hai un progetto di riscatto!\u201d<\/strong><\/em><\/li>\n<li><strong>\u201c<em>Il riscatto fa parte del progetto. E quella cocciutaggine, quella voglia disperata di inventare qualche cosa ti fa essere disperatamente qualcuno.\u201d<\/em><\/strong><\/li>\n<li><strong><em>\u201cSono pi\u00f9 gli errori che dicono di te, del tuo coraggio, dicono della tua abnegazione, della\u00a0tua cocciutaggine, non sono mica brutte parole queste. \u201d<\/em><\/strong><\/li>\n<li><strong>\u201c<em>Ognuno di noi \u00e8 ci\u00f2 che ha lasciato ogni giorno.\u201d<\/em><\/strong><\/li>\n<li><strong><em>La nostalgia \u00e8 un sentimento da salutare, non da abitare.\u201d<\/em><\/strong><\/li>\n<li><em>\u201c<strong>Non puoi vivere voltandoti sempre indietro: la vita non ti aspetta.\u201d<\/strong><\/em><\/li>\n<li><em>\u201c<strong>I ricordi non sono souvenir da collezionare, ma pezzi di cuore che restano appesi a chi siamo stati, e a chi vogliamo essere.\u201d<\/strong><\/em><\/li>\n<\/ol>\n<p>Leggi altre\u00a0<a href=\"https:\/\/www.frasicelebri.it\/ricerca-frasi\/?q=paolo+crepet\">frasi celebri di Paolo Crepet<\/a>\u00a0e le altre\u00a0<a href=\"https:\/\/www.frasicelebri.it\/ricerca-frasi\/?q=nostalgia\">frasi celebri sulla nostalgia<\/a><\/p>\n<p>&nbsp;<\/p>\n","protected":false},"excerpt":{"rendered":"<p>C\u2019\u00e8 chi dice che guardare al passato sia come sorseggiare una canna di vetro innocua: trasparente e senza conseguenze. Per altri, \u00e8 come un\u2019amara medicina: &#8230; <a title=\"La frase di Crepet sulla nostalgia dei cinquantenni: &#8220;Il fascino del passato nasce dal bisogno di eliminare il dolore&#8221;\" class=\"read-more\" href=\"https:\/\/www.frasicelebri.it\/news\/la-frase-di-crepet-sulla-nostalgia-dei-cinquantenni\/\" aria-label=\"More on La frase di Crepet sulla nostalgia dei cinquantenni: &#8220;Il fascino del passato nasce dal bisogno di eliminare il dolore&#8221;\">Leggi tutto<\/a><\/p>\n","protected":false},"author":12,"featured_media":41736,"comment_status":"closed","ping_status":"closed","sticky":false,"template":"","format":"standard","meta":{"footnotes":""},"categories":[676],"tags":[1455,1194],"class_list":["post-41735","post","type-post","status-publish","format-standard","has-post-thumbnail","hentry","category-spettacolo","tag-frasi-sulla-nostalgia","tag-paolo-crepet"],"yoast_head":"<!-- This site is optimized with the Yoast SEO plugin v25.2 - https:\/\/yoast.com\/wordpress\/plugins\/seo\/ -->\n<title>La frase di Crepet sulla nostalgia dei cinquantenni: &quot;Il fascino del passato nasce dal bisogno di eliminare il dolore&quot; - Frasicelebri.it<\/title>\n<meta name=\"description\" content=\"Paolo Crepet ci spiega perch\u00e9 gli \u201cevergreen\u201d conquistano i 50enni e come non farsi catturare dal miraggio di un passato perfetto\" \/>\n<meta name=\"robots\" content=\"index, follow, max-snippet:-1, max-image-preview:large, max-video-preview:-1\" \/>\n<link rel=\"canonical\" href=\"https:\/\/www.frasicelebri.it\/news\/la-frase-di-crepet-sulla-nostalgia-dei-cinquantenni\/\" \/>\n<meta property=\"og:locale\" content=\"it_IT\" \/>\n<meta property=\"og:type\" content=\"article\" \/>\n<meta property=\"og:title\" content=\"La frase di Crepet sulla nostalgia dei cinquantenni: &quot;Il fascino del passato nasce dal bisogno di eliminare il dolore&quot; - Frasicelebri.it\" \/>\n<meta property=\"og:description\" content=\"Paolo Crepet ci spiega perch\u00e9 gli \u201cevergreen\u201d conquistano i 50enni e come non farsi catturare dal miraggio di un passato perfetto\" \/>\n<meta property=\"og:url\" content=\"https:\/\/www.frasicelebri.it\/news\/la-frase-di-crepet-sulla-nostalgia-dei-cinquantenni\/\" \/>\n<meta property=\"og:site_name\" content=\"Frasicelebri.it\" \/>\n<meta property=\"article:published_time\" content=\"2025-12-06T10:00:30+00:00\" \/>\n<meta property=\"og:image\" content=\"https:\/\/i0.wp.com\/www.frasicelebri.it\/news\/wp-content\/uploads\/2025\/12\/crepet-6.jpg?fit=1200%2C800&ssl=1\" \/>\n\t<meta property=\"og:image:width\" content=\"1200\" \/>\n\t<meta property=\"og:image:height\" content=\"800\" \/>\n\t<meta property=\"og:image:type\" content=\"image\/jpeg\" \/>\n<meta name=\"author\" content=\"Romina Cardia\" \/>\n<meta name=\"twitter:card\" content=\"summary_large_image\" \/>\n<meta name=\"twitter:label1\" content=\"Scritto da\" \/>\n\t<meta name=\"twitter:data1\" content=\"Romina Cardia\" \/>\n\t<meta name=\"twitter:label2\" content=\"Tempo di lettura stimato\" \/>\n\t<meta name=\"twitter:data2\" content=\"6 minuti\" \/>\n<script type=\"application\/ld+json\" class=\"yoast-schema-graph\">{\"@context\":\"https:\/\/schema.org\",\"@graph\":[{\"@type\":\"Article\",\"@id\":\"https:\/\/www.frasicelebri.it\/news\/la-frase-di-crepet-sulla-nostalgia-dei-cinquantenni\/#article\",\"isPartOf\":{\"@id\":\"https:\/\/www.frasicelebri.it\/news\/la-frase-di-crepet-sulla-nostalgia-dei-cinquantenni\/\"},\"author\":{\"name\":\"Romina Cardia\",\"@id\":\"https:\/\/www.frasicelebri.it\/news\/#\/schema\/person\/712303166008dc510236daeaf8087292\"},\"headline\":\"La frase di Crepet sulla nostalgia dei cinquantenni: &#8220;Il fascino del passato nasce dal bisogno di eliminare il dolore&#8221;\",\"datePublished\":\"2025-12-06T10:00:30+00:00\",\"mainEntityOfPage\":{\"@id\":\"https:\/\/www.frasicelebri.it\/news\/la-frase-di-crepet-sulla-nostalgia-dei-cinquantenni\/\"},\"wordCount\":1085,\"publisher\":{\"@id\":\"https:\/\/www.frasicelebri.it\/news\/#organization\"},\"image\":{\"@id\":\"https:\/\/www.frasicelebri.it\/news\/la-frase-di-crepet-sulla-nostalgia-dei-cinquantenni\/#primaryimage\"},\"thumbnailUrl\":\"https:\/\/i0.wp.com\/www.frasicelebri.it\/news\/wp-content\/uploads\/2025\/12\/crepet-6.jpg?fit=1200%2C800&ssl=1\",\"keywords\":[\"frasi sulla nostalgia\",\"Paolo Crepet\"],\"articleSection\":[\"Spettacolo\"],\"inLanguage\":\"it-IT\"},{\"@type\":\"WebPage\",\"@id\":\"https:\/\/www.frasicelebri.it\/news\/la-frase-di-crepet-sulla-nostalgia-dei-cinquantenni\/\",\"url\":\"https:\/\/www.frasicelebri.it\/news\/la-frase-di-crepet-sulla-nostalgia-dei-cinquantenni\/\",\"name\":\"La frase di Crepet sulla nostalgia dei cinquantenni: \\\"Il fascino del passato nasce dal bisogno di eliminare il dolore\\\" - Frasicelebri.it\",\"isPartOf\":{\"@id\":\"https:\/\/www.frasicelebri.it\/news\/#website\"},\"primaryImageOfPage\":{\"@id\":\"https:\/\/www.frasicelebri.it\/news\/la-frase-di-crepet-sulla-nostalgia-dei-cinquantenni\/#primaryimage\"},\"image\":{\"@id\":\"https:\/\/www.frasicelebri.it\/news\/la-frase-di-crepet-sulla-nostalgia-dei-cinquantenni\/#primaryimage\"},\"thumbnailUrl\":\"https:\/\/i0.wp.com\/www.frasicelebri.it\/news\/wp-content\/uploads\/2025\/12\/crepet-6.jpg?fit=1200%2C800&ssl=1\",\"datePublished\":\"2025-12-06T10:00:30+00:00\",\"description\":\"Paolo Crepet ci spiega perch\u00e9 gli \u201cevergreen\u201d conquistano i 50enni e come non farsi catturare dal miraggio di un passato perfetto\",\"breadcrumb\":{\"@id\":\"https:\/\/www.frasicelebri.it\/news\/la-frase-di-crepet-sulla-nostalgia-dei-cinquantenni\/#breadcrumb\"},\"inLanguage\":\"it-IT\",\"potentialAction\":[{\"@type\":\"ReadAction\",\"target\":[\"https:\/\/www.frasicelebri.it\/news\/la-frase-di-crepet-sulla-nostalgia-dei-cinquantenni\/\"]}]},{\"@type\":\"ImageObject\",\"inLanguage\":\"it-IT\",\"@id\":\"https:\/\/www.frasicelebri.it\/news\/la-frase-di-crepet-sulla-nostalgia-dei-cinquantenni\/#primaryimage\",\"url\":\"https:\/\/i0.wp.com\/www.frasicelebri.it\/news\/wp-content\/uploads\/2025\/12\/crepet-6.jpg?fit=1200%2C800&ssl=1\",\"contentUrl\":\"https:\/\/i0.wp.com\/www.frasicelebri.it\/news\/wp-content\/uploads\/2025\/12\/crepet-6.jpg?fit=1200%2C800&ssl=1\",\"width\":1200,\"height\":800,\"caption\":\"La frase di Crepet sulla nostalgia dei cinquantenni\"},{\"@type\":\"BreadcrumbList\",\"@id\":\"https:\/\/www.frasicelebri.it\/news\/la-frase-di-crepet-sulla-nostalgia-dei-cinquantenni\/#breadcrumb\",\"itemListElement\":[{\"@type\":\"ListItem\",\"position\":1,\"name\":\"Home\",\"item\":\"https:\/\/www.frasicelebri.it\/news\/\"},{\"@type\":\"ListItem\",\"position\":2,\"name\":\"La frase di Crepet sulla nostalgia dei cinquantenni: &#8220;Il fascino del passato nasce dal bisogno di eliminare il dolore&#8221;\"}]},{\"@type\":\"WebSite\",\"@id\":\"https:\/\/www.frasicelebri.it\/news\/#website\",\"url\":\"https:\/\/www.frasicelebri.it\/news\/\",\"name\":\"Frasicelebri.it\",\"description\":\"News Frasicelebri.it\",\"publisher\":{\"@id\":\"https:\/\/www.frasicelebri.it\/news\/#organization\"},\"potentialAction\":[{\"@type\":\"SearchAction\",\"target\":{\"@type\":\"EntryPoint\",\"urlTemplate\":\"https:\/\/www.frasicelebri.it\/news\/?s={search_term_string}\"},\"query-input\":{\"@type\":\"PropertyValueSpecification\",\"valueRequired\":true,\"valueName\":\"search_term_string\"}}],\"inLanguage\":\"it-IT\"},{\"@type\":\"Organization\",\"@id\":\"https:\/\/www.frasicelebri.it\/news\/#organization\",\"name\":\"Frasicelebri.it\",\"url\":\"https:\/\/www.frasicelebri.it\/news\/\",\"logo\":{\"@type\":\"ImageObject\",\"inLanguage\":\"it-IT\",\"@id\":\"https:\/\/www.frasicelebri.it\/news\/#\/schema\/logo\/image\/\",\"url\":\"https:\/\/i0.wp.com\/www.frasicelebri.it\/news\/wp-content\/uploads\/2024\/07\/logo-quadrato-drasicelebri.it_.jpg?fit=696%2C696&ssl=1\",\"contentUrl\":\"https:\/\/i0.wp.com\/www.frasicelebri.it\/news\/wp-content\/uploads\/2024\/07\/logo-quadrato-drasicelebri.it_.jpg?fit=696%2C696&ssl=1\",\"width\":696,\"height\":696,\"caption\":\"Frasicelebri.it\"},\"image\":{\"@id\":\"https:\/\/www.frasicelebri.it\/news\/#\/schema\/logo\/image\/\"}},{\"@type\":\"Person\",\"@id\":\"https:\/\/www.frasicelebri.it\/news\/#\/schema\/person\/712303166008dc510236daeaf8087292\",\"name\":\"Romina Cardia\",\"image\":{\"@type\":\"ImageObject\",\"inLanguage\":\"it-IT\",\"@id\":\"https:\/\/www.frasicelebri.it\/news\/#\/schema\/person\/image\/\",\"url\":\"https:\/\/secure.gravatar.com\/avatar\/7e155e0e5584fd17310efae2dc94f61e?s=96&d=mm&r=g\",\"contentUrl\":\"https:\/\/secure.gravatar.com\/avatar\/7e155e0e5584fd17310efae2dc94f61e?s=96&d=mm&r=g\",\"caption\":\"Romina Cardia\"},\"url\":\"https:\/\/www.frasicelebri.it\/news\/author\/romina\/\"}]}<\/script>\n<!-- \/ Yoast SEO plugin. -->","yoast_head_json":{"title":"La frase di Crepet sulla nostalgia dei cinquantenni: \"Il fascino del passato nasce dal bisogno di eliminare il dolore\" - Frasicelebri.it","description":"Paolo Crepet ci spiega perch\u00e9 gli \u201cevergreen\u201d conquistano i 50enni e come non farsi catturare dal miraggio di un passato perfetto","robots":{"index":"index","follow":"follow","max-snippet":"max-snippet:-1","max-image-preview":"max-image-preview:large","max-video-preview":"max-video-preview:-1"},"canonical":"https:\/\/www.frasicelebri.it\/news\/la-frase-di-crepet-sulla-nostalgia-dei-cinquantenni\/","og_locale":"it_IT","og_type":"article","og_title":"La frase di Crepet sulla nostalgia dei cinquantenni: \"Il fascino del passato nasce dal bisogno di eliminare il dolore\" - Frasicelebri.it","og_description":"Paolo Crepet ci spiega perch\u00e9 gli \u201cevergreen\u201d conquistano i 50enni e come non farsi catturare dal miraggio di un passato perfetto","og_url":"https:\/\/www.frasicelebri.it\/news\/la-frase-di-crepet-sulla-nostalgia-dei-cinquantenni\/","og_site_name":"Frasicelebri.it","article_published_time":"2025-12-06T10:00:30+00:00","og_image":[{"width":1200,"height":800,"url":"https:\/\/i0.wp.com\/www.frasicelebri.it\/news\/wp-content\/uploads\/2025\/12\/crepet-6.jpg?fit=1200%2C800&ssl=1","type":"image\/jpeg"}],"author":"Romina Cardia","twitter_card":"summary_large_image","twitter_misc":{"Scritto da":"Romina Cardia","Tempo di lettura stimato":"6 minuti"},"schema":{"@context":"https:\/\/schema.org","@graph":[{"@type":"Article","@id":"https:\/\/www.frasicelebri.it\/news\/la-frase-di-crepet-sulla-nostalgia-dei-cinquantenni\/#article","isPartOf":{"@id":"https:\/\/www.frasicelebri.it\/news\/la-frase-di-crepet-sulla-nostalgia-dei-cinquantenni\/"},"author":{"name":"Romina Cardia","@id":"https:\/\/www.frasicelebri.it\/news\/#\/schema\/person\/712303166008dc510236daeaf8087292"},"headline":"La frase di Crepet sulla nostalgia dei cinquantenni: &#8220;Il fascino del passato nasce dal bisogno di eliminare il dolore&#8221;","datePublished":"2025-12-06T10:00:30+00:00","mainEntityOfPage":{"@id":"https:\/\/www.frasicelebri.it\/news\/la-frase-di-crepet-sulla-nostalgia-dei-cinquantenni\/"},"wordCount":1085,"publisher":{"@id":"https:\/\/www.frasicelebri.it\/news\/#organization"},"image":{"@id":"https:\/\/www.frasicelebri.it\/news\/la-frase-di-crepet-sulla-nostalgia-dei-cinquantenni\/#primaryimage"},"thumbnailUrl":"https:\/\/i0.wp.com\/www.frasicelebri.it\/news\/wp-content\/uploads\/2025\/12\/crepet-6.jpg?fit=1200%2C800&ssl=1","keywords":["frasi sulla nostalgia","Paolo Crepet"],"articleSection":["Spettacolo"],"inLanguage":"it-IT"},{"@type":"WebPage","@id":"https:\/\/www.frasicelebri.it\/news\/la-frase-di-crepet-sulla-nostalgia-dei-cinquantenni\/","url":"https:\/\/www.frasicelebri.it\/news\/la-frase-di-crepet-sulla-nostalgia-dei-cinquantenni\/","name":"La frase di Crepet sulla nostalgia dei cinquantenni: \"Il fascino del passato nasce dal bisogno di eliminare il dolore\" - Frasicelebri.it","isPartOf":{"@id":"https:\/\/www.frasicelebri.it\/news\/#website"},"primaryImageOfPage":{"@id":"https:\/\/www.frasicelebri.it\/news\/la-frase-di-crepet-sulla-nostalgia-dei-cinquantenni\/#primaryimage"},"image":{"@id":"https:\/\/www.frasicelebri.it\/news\/la-frase-di-crepet-sulla-nostalgia-dei-cinquantenni\/#primaryimage"},"thumbnailUrl":"https:\/\/i0.wp.com\/www.frasicelebri.it\/news\/wp-content\/uploads\/2025\/12\/crepet-6.jpg?fit=1200%2C800&ssl=1","datePublished":"2025-12-06T10:00:30+00:00","description":"Paolo Crepet ci spiega perch\u00e9 gli \u201cevergreen\u201d conquistano i 50enni e come non farsi catturare dal miraggio di un passato perfetto","breadcrumb":{"@id":"https:\/\/www.frasicelebri.it\/news\/la-frase-di-crepet-sulla-nostalgia-dei-cinquantenni\/#breadcrumb"},"inLanguage":"it-IT","potentialAction":[{"@type":"ReadAction","target":["https:\/\/www.frasicelebri.it\/news\/la-frase-di-crepet-sulla-nostalgia-dei-cinquantenni\/"]}]},{"@type":"ImageObject","inLanguage":"it-IT","@id":"https:\/\/www.frasicelebri.it\/news\/la-frase-di-crepet-sulla-nostalgia-dei-cinquantenni\/#primaryimage","url":"https:\/\/i0.wp.com\/www.frasicelebri.it\/news\/wp-content\/uploads\/2025\/12\/crepet-6.jpg?fit=1200%2C800&ssl=1","contentUrl":"https:\/\/i0.wp.com\/www.frasicelebri.it\/news\/wp-content\/uploads\/2025\/12\/crepet-6.jpg?fit=1200%2C800&ssl=1","width":1200,"height":800,"caption":"La frase di Crepet sulla nostalgia dei cinquantenni"},{"@type":"BreadcrumbList","@id":"https:\/\/www.frasicelebri.it\/news\/la-frase-di-crepet-sulla-nostalgia-dei-cinquantenni\/#breadcrumb","itemListElement":[{"@type":"ListItem","position":1,"name":"Home","item":"https:\/\/www.frasicelebri.it\/news\/"},{"@type":"ListItem","position":2,"name":"La frase di Crepet sulla nostalgia dei cinquantenni: &#8220;Il fascino del passato nasce dal bisogno di eliminare il dolore&#8221;"}]},{"@type":"WebSite","@id":"https:\/\/www.frasicelebri.it\/news\/#website","url":"https:\/\/www.frasicelebri.it\/news\/","name":"Frasicelebri.it","description":"News Frasicelebri.it","publisher":{"@id":"https:\/\/www.frasicelebri.it\/news\/#organization"},"potentialAction":[{"@type":"SearchAction","target":{"@type":"EntryPoint","urlTemplate":"https:\/\/www.frasicelebri.it\/news\/?s={search_term_string}"},"query-input":{"@type":"PropertyValueSpecification","valueRequired":true,"valueName":"search_term_string"}}],"inLanguage":"it-IT"},{"@type":"Organization","@id":"https:\/\/www.frasicelebri.it\/news\/#organization","name":"Frasicelebri.it","url":"https:\/\/www.frasicelebri.it\/news\/","logo":{"@type":"ImageObject","inLanguage":"it-IT","@id":"https:\/\/www.frasicelebri.it\/news\/#\/schema\/logo\/image\/","url":"https:\/\/i0.wp.com\/www.frasicelebri.it\/news\/wp-content\/uploads\/2024\/07\/logo-quadrato-drasicelebri.it_.jpg?fit=696%2C696&ssl=1","contentUrl":"https:\/\/i0.wp.com\/www.frasicelebri.it\/news\/wp-content\/uploads\/2024\/07\/logo-quadrato-drasicelebri.it_.jpg?fit=696%2C696&ssl=1","width":696,"height":696,"caption":"Frasicelebri.it"},"image":{"@id":"https:\/\/www.frasicelebri.it\/news\/#\/schema\/logo\/image\/"}},{"@type":"Person","@id":"https:\/\/www.frasicelebri.it\/news\/#\/schema\/person\/712303166008dc510236daeaf8087292","name":"Romina Cardia","image":{"@type":"ImageObject","inLanguage":"it-IT","@id":"https:\/\/www.frasicelebri.it\/news\/#\/schema\/person\/image\/","url":"https:\/\/secure.gravatar.com\/avatar\/7e155e0e5584fd17310efae2dc94f61e?s=96&d=mm&r=g","contentUrl":"https:\/\/secure.gravatar.com\/avatar\/7e155e0e5584fd17310efae2dc94f61e?s=96&d=mm&r=g","caption":"Romina Cardia"},"url":"https:\/\/www.frasicelebri.it\/news\/author\/romina\/"}]}},"_links":{"self":[{"href":"https:\/\/www.frasicelebri.it\/news\/wp-json\/wp\/v2\/posts\/41735","targetHints":{"allow":["GET"]}}],"collection":[{"href":"https:\/\/www.frasicelebri.it\/news\/wp-json\/wp\/v2\/posts"}],"about":[{"href":"https:\/\/www.frasicelebri.it\/news\/wp-json\/wp\/v2\/types\/post"}],"author":[{"embeddable":true,"href":"https:\/\/www.frasicelebri.it\/news\/wp-json\/wp\/v2\/users\/12"}],"replies":[{"embeddable":true,"href":"https:\/\/www.frasicelebri.it\/news\/wp-json\/wp\/v2\/comments?post=41735"}],"version-history":[{"count":1,"href":"https:\/\/www.frasicelebri.it\/news\/wp-json\/wp\/v2\/posts\/41735\/revisions"}],"predecessor-version":[{"id":41737,"href":"https:\/\/www.frasicelebri.it\/news\/wp-json\/wp\/v2\/posts\/41735\/revisions\/41737"}],"wp:featuredmedia":[{"embeddable":true,"href":"https:\/\/www.frasicelebri.it\/news\/wp-json\/wp\/v2\/media\/41736"}],"wp:attachment":[{"href":"https:\/\/www.frasicelebri.it\/news\/wp-json\/wp\/v2\/media?parent=41735"}],"wp:term":[{"taxonomy":"category","embeddable":true,"href":"https:\/\/www.frasicelebri.it\/news\/wp-json\/wp\/v2\/categories?post=41735"},{"taxonomy":"post_tag","embeddable":true,"href":"https:\/\/www.frasicelebri.it\/news\/wp-json\/wp\/v2\/tags?post=41735"}],"curies":[{"name":"wp","href":"https:\/\/api.w.org\/{rel}","templated":true}]}}