{"id":41739,"date":"2025-12-06T17:00:55","date_gmt":"2025-12-06T16:00:55","guid":{"rendered":"https:\/\/www.frasicelebri.it\/news\/?p=41739"},"modified":"2025-12-05T10:12:16","modified_gmt":"2025-12-05T09:12:16","slug":"la-frase-di-andreoli-sulladolescenza-che-piace-ai-padri","status":"publish","type":"post","link":"https:\/\/www.frasicelebri.it\/news\/la-frase-di-andreoli-sulladolescenza-che-piace-ai-padri\/","title":{"rendered":"La frase di Andreoli sull&#8217;adolescenza che piace ai padri: &#8220;Nell&#8217;adolescenza il contrasto tra padre e figli \u00e8 necessario&#8221;"},"content":{"rendered":"<p>Parlare di <strong>Vittorino Andreoli<\/strong> significa parlare di qualcuno che l\u2019<strong>adolescenza<\/strong> l\u2019ha osservata, studiata, raccontata e perfino amata nelle sue contraddizioni peggiori. Un uomo che ha passato la vita a entrare nella mente umana e che, quando parla di ragazzi e genitori, sembra accendere una luce in un corridoio dove tutti noi camminiamo a tentoni. Con la sua ironia dolceamara, le metafore sempre azzeccate e quel pizzico di durezza che serve per farsi ascoltare, Andreoli riesce a dire a padri e madri ci\u00f2 che spesso nessuno ha il coraggio di dire: crescono anche grazie a voi\u2026 ma non come immaginate.<\/p>\n<p><img data-recalc-dims=\"1\" loading=\"lazy\" decoding=\"async\" class=\"alignnone size-full wp-image-41740\" src=\"https:\/\/i0.wp.com\/www.frasicelebri.it\/news\/wp-content\/uploads\/2025\/12\/vittorino-andreoli-4.jpg?resize=1200%2C800&#038;ssl=1\" alt=\"La frase di Andreoli sull'adolescenza\" width=\"1200\" height=\"800\" srcset=\"https:\/\/i0.wp.com\/www.frasicelebri.it\/news\/wp-content\/uploads\/2025\/12\/vittorino-andreoli-4.jpg?w=1200&amp;ssl=1 1200w, https:\/\/i0.wp.com\/www.frasicelebri.it\/news\/wp-content\/uploads\/2025\/12\/vittorino-andreoli-4.jpg?resize=300%2C200&amp;ssl=1 300w, https:\/\/i0.wp.com\/www.frasicelebri.it\/news\/wp-content\/uploads\/2025\/12\/vittorino-andreoli-4.jpg?resize=150%2C100&amp;ssl=1 150w, https:\/\/i0.wp.com\/www.frasicelebri.it\/news\/wp-content\/uploads\/2025\/12\/vittorino-andreoli-4.jpg?resize=768%2C512&amp;ssl=1 768w\" sizes=\"auto, (max-width: 1200px) 100vw, 1200px\" \/><\/p>\n<h2>Vittorino Andreoli, l\u2019uomo e il pensatore che non ha paura degli adolescenti<\/h2>\n<p><strong>Vittorino Andreoli<\/strong> \u00e8 uno dei pi\u00f9 noti psichiatri italiani, ma prima di tutto \u00e8 un osservatore appassionato dell\u2019umanit\u00e0. La sua cifra \u00e8 semplice e spietata insieme: dire ci\u00f2 che vede, senza addolcire. Per lui:<\/p>\n<blockquote><p>\u201c<em>L\u2019adolescenza non \u00e8 una malattia. \u00c8 una fase dell\u2019esistenza che ha delle caratteristiche precise<\/em>\u201d<\/p><\/blockquote>\n<p>e a quanto pare una di queste caratteristiche \u00e8 <strong>mettere a dura prova i genitori<\/strong>. Andreoli parla spesso di adolescenti nei suoi libri, negli incontri pubblici e nelle interviste. Racconta di quanto questa fase sia segnata dall\u2019incertezza sul futuro:<\/p>\n<blockquote><p>\u201c<em>Il periodo adolescenziale, in maniera particolare oggi, manca della percezione del futuro<\/em>.\u201d<\/p><\/blockquote>\n<p><strong>Una generazione che non sa esattamente dove andare, ma sente di dover correre<\/strong>. \u00c8 un\u2019et\u00e0 che esagera, amplifica, esplode, un po\u2019 come certi fuochi d\u2019artificio che fanno pi\u00f9 fumo che luce. E poi c\u2019\u00e8 il <strong>dramma dell\u2019immagine<\/strong>, un cruccio senza tempo:<\/p>\n<blockquote><p>\u201c<em>Non c\u2019\u00e8 un adolescente che si piaccia veramente<\/em>.\u201d<\/p><\/blockquote>\n<p>Parole che fanno sorridere amaramente: chi non ha mai odiato le proprie foto di quegli anni? Per Andreoli <strong>questa insoddisfazione \u00e8 parte del viaggio<\/strong>, una fase che non va demonizzata ma capita, perch\u00e9 dietro lo specchio c\u2019\u00e8 un ragazzo che cerca il proprio posto nel mondo.<\/p>\n<h3>Quando parla di genitori, Andreoli diventa chirurgico<\/h3>\n<p>Se con gli adolescenti \u00e8 comprensivo, con i genitori Vittorino Andreoli sa essere tagliente. Anche perch\u00e9, diciamocelo, gli adulti spesso si complicano la vita da soli. Una delle sue frasi pi\u00f9 famose \u00e8 diventata un mantra per molti educatori:<\/p>\n<blockquote><p>\u201c<em>Se durante l\u2019adolescenza non esiste contrasto tra padri e figli, significa che non si sta crescendo<\/em>.\u201d<\/p><\/blockquote>\n<p>Non \u00e8 un invito alla guerra civile familiare, n\u00e9 un incoraggiamento ai figli a sbattere le porte a caso. \u00c8 un modo diretto per dire ai padri che <strong>il conflitto non \u00e8 il sintomo di un fallimento, ma parte fisiologica del processo<\/strong>. E aggiunge:<\/p>\n<blockquote><p>\u201c<em>Il conflitto \u00e8 necessario alla crescita. Guai se non c\u2019\u00e8 conflitto tra figli e genitori<\/em>.\u201d<\/p><\/blockquote>\n<p>E qui Andreoli colpisce al cuore un problema molto comune: <strong>il senso di colpa dei genitori<\/strong>. Quella vocina interiore che sussurra: \u201cMagari ho esagerato&#8230; magari dovevo essere pi\u00f9 morbido\u2026 magari dovevo dirgli s\u00ec.\u201d Andreoli risponde chiaro: no, non dovevi. Non sempre almeno.<\/p>\n<h3>Il conflitto come termometro della crescita<\/h3>\n<p>La frase sul <strong>contrasto tra padri e figli<\/strong> \u00e8 illuminante perch\u00e9 ribalta la prospettiva: <strong>non \u00e8 il litigio il problema, ma la sua assenza<\/strong>. Una relazione totalmente pacifica con un adolescente \u00e8 sospetta, quasi quanto un frigorifero che non fa rumore: qualcosa non funziona.<\/p>\n<p>L\u2019adolescente, spiega Andreoli, vive \u201c<em>in vista del futuro<\/em>\u201d e ci\u00f2 che fa oggi non ha un senso immediato: \u00e8 un investimento su ci\u00f2 che verr\u00e0. In questo continuo slancio in avanti, ha bisogno di misurarsi, di opporsi, di capire chi \u00e8 <em>anche<\/em> rispetto ai genitori. <strong>Il conflitto, quindi, non \u00e8 contro il padre: \u00e8 un modo per diventare se stesso<\/strong>.<\/p>\n<h3>Perch\u00e9 questa frase aiuta i padri che si sentono &#8220;in colpa&#8221;<\/h3>\n<p>Molti padri vivono il contrasto coi figli come una sconfitta personale. Pensano di aver sbagliato educazione, tono, parole. Andreoli invece libera: <strong>un figlio che ti contesta non \u00e8 un figlio che non ti ama; \u00e8 un figlio che sta crescendo<\/strong>. Non solo: un padre che dice sempre s\u00ec non aiuta affatto. Lo conferma quando parla del rapporto tra adolescenti e benessere economico:<\/p>\n<blockquote><p>\u201c<em>\u00c8 una disgrazia per un bambino o per un adolescente sapere di essere ricco e poter soddisfare ogni desiderio dipendente dal denaro. In questi casi diventa impossibile misurare le proprie forze e le proprie capacit\u00e0<\/em>.\u201d<\/p><\/blockquote>\n<p>Sostituisci \u201cdenaro\u201d con \u201cs\u00ec\u201d e il concetto resta identico.<\/p>\n<p><strong>Dire no non \u00e8 un atto autoritario: \u00e8 un atto educativo<\/strong>. \u00c8 un argine, una protezione, un limite necessario a un\u2019et\u00e0 in cui tutto \u00e8 assoluto e drammatico, anche il voto scolastico. Non a caso Andreoli dice:<\/p>\n<blockquote><p>\u201c<em>Una scuola che costringa un adolescente a ricevere giudizi negativi, \u00e8 un sistema raffinato di tortura<\/em>.\u201d<\/p><\/blockquote>\n<p>Se gi\u00e0 la scuola li flagella, almeno un padre pu\u00f2 insegnargli a sopravvivere alla frustrazione con un po\u2019 di saggezza.<\/p>\n<h3>La societ\u00e0 che non li considera e il bisogno di adulti presenti<\/h3>\n<p>Vittorino Andreoli denuncia da anni che \u201c<em>bisogna dare dei ruoli sociali agli adolescenti, mentre purtroppo la societ\u00e0 non li tiene in considerazione<\/em>.\u201d <strong>Senza ruolo, senza futuro, senza certezze, i ragazzi cercano rifugio dove capita<\/strong>. Durante la pandemia si sono aggrappati alla socialit\u00e0 virtuale: \u201c<em>L\u2019adolescente \u00e8 la figura che ha pi\u00f9 sofferto durante la pandemia, si \u00e8 rifugiato nei mezzi di comunicazione di massa<\/em>.\u201d E oggi, senza punti fermi, possono scivolare in derive di gruppo: \u201c<em>Al di fuori del gruppo, l\u2019adolescente si sente solo, dentro il gruppo per\u00f2 pu\u00f2 trasformarsi in branco<\/em>.\u201d<\/p>\n<p>\u00c8 in questo contesto, non in un mondo ideale, che un padre deve dire \u201cno\u201d. Non perch\u00e9 ama il conflitto, ma perch\u00e9 \u00e8 l\u2019unico modo per offrire un orientamento. Chi ha paura di contraddire un figlio adolescente dovrebbe ricordare questo: <strong>non \u00e8 negandogli limiti che lo si protegge. Anzi. Lo si lascia solo<\/strong>, in balia di un\u2019et\u00e0 che \u00e8 gi\u00e0 complicata di suo.<\/p>\n<h3>Andreoli ci insegna a non avere paura del rumore della crescita<\/h3>\n<p>Vittorino Andreoli non ha mai detto che crescere sia semplice. N\u00e9 per chi ci passa, n\u00e9 per chi accompagna. Ha per\u00f2 sempre sostenuto una cosa fondamentale: <strong>la crescita fa rumore<\/strong>. E quel rumore, fatto di discussioni, contrasti, porte sbattute e \u201cnon capisci niente!\u201d, \u00e8 il sottofondo naturale dell\u2019adolescenza.<\/p>\n<p>Se un padre lo capisce, smette di sentirsi in colpa. E inizia a fare il suo mestiere: esserci, sostenere, dire no quando serve, accettare il conflitto come un prezzo giusto per un figlio che diventa adulto. Perch\u00e9, come dice Andreoli, <em>\u201cbisogna accettare e dire che non sappiamo chi sono gli adolescenti, solo cos\u00ec potremo conoscerli meglio.\u201d<\/em> Il trucco \u00e8 tutto l\u00ec: <strong>non capire tutto, ma restare. Anche quando loro ti dicono di andare via<\/strong>.<\/p>\n<h3>Frasi di Vittorio Andreoli sull\u2019adolescenza<\/h3>\n<ol>\n<li><strong>\u201c<em>Il periodo adolescenziale, in maniera particolare oggi, manca della percezione del futuro<\/em>.\u201d<\/strong><\/li>\n<li><strong>\u201c<em>\u00c8 una disgrazia per un bambino o per un adolescente sapere di essere ricco e poter soddisfare ogni desiderio dipendente dal denaro. In questi casi diventa impossibile misurare le proprie forze e le proprie capacit\u00e0<\/em>.\u201d<\/strong><\/li>\n<li><strong>\u201c<em>Una scuola che costringa un adolescente a ricevere giudizi negativi, \u00e8 un sistema raffinato di tortura<\/em>.\u201d<\/strong><\/li>\n<li><strong>\u201c<em>L\u2019adolescente vive in vista del futuro e ci\u00f2 che fa ora non ha un significato in s\u00e9, \u00e8 un investimento per ci\u00f2 che svolger\u00e0 in seguito<\/em>.\u201d<\/strong><\/li>\n<li><strong>\u201c<em>Se durante l\u2019adolescenza non esiste contrasto tra padri e figli, significa che non si sta crescendo<\/em>.\u201d<\/strong><\/li>\n<li><strong>\u201c<em>Bisogna accettare e dire che non sappiamo chi sono gli adolescenti, solo cos\u00ec potremo conoscerli meglio<\/em>.\u201d<\/strong><\/li>\n<li><strong>\u201c<em>L\u2019adolescenza non \u00e8 una malattia. \u00c8 una fase dell\u2019esistenza che ha delle caratteristiche precise<\/em>.\u201d<\/strong><\/li>\n<li><strong>\u201c<em>In alcuni adolescenti la bellezza \u00e8 diventata un trauma. Se non sei bello sei da buttare. Le droghe sono le maschere che gli adolescenti usano perch\u00e9 non si piacciono<\/em>.\u201d<\/strong><\/li>\n<li><strong>\u201c<em>L\u2019adolescente \u00e8 la figura che ha pi\u00f9 sofferto durante la pandemia, si \u00e8 rifugiato nei mezzi di comunicazione di massa, trasformando la socialit\u00e0 nella virtualit\u00e0<\/em>.\u201d<\/strong><\/li>\n<li><strong>\u201c<em>La socialit\u00e0 riversata su un mezzo che non \u00e8 in grado di soddisfare i bisogni del corpo si spegneva, con i problemi di depressione adolescenziale e aumento dei suicidi<\/em>.\u201d<\/strong><\/li>\n<li><strong>\u201c<em>Il conflitto \u00e8 necessario alla crescita. Guai se non c\u2019\u00e8 conflitto tra figli e genitori<\/em>.\u201d<\/strong><\/li>\n<li><strong>\u201c<em>C\u2019\u00e8 un dramma del corpo. Non c\u2019\u00e8 un adolescente che si piaccia veramente<\/em>.\u201d<\/strong><\/li>\n<li><strong>\u201c<em>Bisogna dare dei ruoli sociali agli adolescenti, mentre purtroppo la societ\u00e0 non li tiene in considerazione<\/em>.\u201d<\/strong><\/li>\n<li><strong>\u201c<em>Per molti giovanissimi la violenza \u00e8 un modo per vincere le proprie paure e insicurezze<\/em>.\u201d<\/strong><\/li>\n<li><strong>\u201c<em>Al di fuori del gruppo, l\u2019adolescente si sente solo, dentro il gruppo per\u00f2 pu\u00f2 trasformarsi in branco<\/em>.\u201d<\/strong><\/li>\n<\/ol>\n<p>Leggi le\u00a0<a href=\"https:\/\/www.frasicelebri.it\/ricerca-frasi\/?q=adolescenza\">frasi celebri sull\u2019adolescenza<\/a><\/p>\n<p>&nbsp;<\/p>\n","protected":false},"excerpt":{"rendered":"<p>Parlare di Vittorino Andreoli significa parlare di qualcuno che l\u2019adolescenza l\u2019ha osservata, studiata, raccontata e perfino amata nelle sue contraddizioni peggiori. Un uomo che ha &#8230; <a title=\"La frase di Andreoli sull&#8217;adolescenza che piace ai padri: &#8220;Nell&#8217;adolescenza il contrasto tra padre e figli \u00e8 necessario&#8221;\" class=\"read-more\" href=\"https:\/\/www.frasicelebri.it\/news\/la-frase-di-andreoli-sulladolescenza-che-piace-ai-padri\/\" aria-label=\"More on La frase di Andreoli sull&#8217;adolescenza che piace ai padri: &#8220;Nell&#8217;adolescenza il contrasto tra padre e figli \u00e8 necessario&#8221;\">Leggi tutto<\/a><\/p>\n","protected":false},"author":12,"featured_media":41740,"comment_status":"closed","ping_status":"closed","sticky":false,"template":"","format":"standard","meta":{"footnotes":""},"categories":[676],"tags":[1422,1452],"class_list":["post-41739","post","type-post","status-publish","format-standard","has-post-thumbnail","hentry","category-spettacolo","tag-frasi-sulladolescenza","tag-vittorino-andreoli"],"yoast_head":"<!-- This site is optimized with the Yoast SEO plugin v25.2 - https:\/\/yoast.com\/wordpress\/plugins\/seo\/ -->\n<title>La frase di Andreoli sull&#039;adolescenza che piace ai padri: &quot;Nell&#039;adolescenza il contrasto tra padre e figli \u00e8 necessario&quot; - Frasicelebri.it<\/title>\n<meta name=\"description\" content=\"Vittorino Andreoli ci ricorda che crescere fa rumore, e che il conflitto tra padri e figli non \u00e8 un disastro, ma un segnale di vita\" \/>\n<meta name=\"robots\" content=\"index, follow, max-snippet:-1, max-image-preview:large, max-video-preview:-1\" \/>\n<link rel=\"canonical\" href=\"https:\/\/www.frasicelebri.it\/news\/la-frase-di-andreoli-sulladolescenza-che-piace-ai-padri\/\" \/>\n<meta property=\"og:locale\" content=\"it_IT\" \/>\n<meta property=\"og:type\" content=\"article\" \/>\n<meta property=\"og:title\" content=\"La frase di Andreoli sull&#039;adolescenza che piace ai padri: &quot;Nell&#039;adolescenza il contrasto tra padre e figli \u00e8 necessario&quot; - Frasicelebri.it\" \/>\n<meta property=\"og:description\" content=\"Vittorino Andreoli ci ricorda che crescere fa rumore, e che il conflitto tra padri e figli non \u00e8 un disastro, ma un segnale di vita\" \/>\n<meta property=\"og:url\" content=\"https:\/\/www.frasicelebri.it\/news\/la-frase-di-andreoli-sulladolescenza-che-piace-ai-padri\/\" \/>\n<meta property=\"og:site_name\" content=\"Frasicelebri.it\" \/>\n<meta property=\"article:published_time\" content=\"2025-12-06T16:00:55+00:00\" \/>\n<meta property=\"og:image\" content=\"https:\/\/i0.wp.com\/www.frasicelebri.it\/news\/wp-content\/uploads\/2025\/12\/vittorino-andreoli-4.jpg?fit=1200%2C800&ssl=1\" \/>\n\t<meta property=\"og:image:width\" content=\"1200\" \/>\n\t<meta property=\"og:image:height\" content=\"800\" \/>\n\t<meta property=\"og:image:type\" content=\"image\/jpeg\" \/>\n<meta name=\"author\" content=\"Romina Cardia\" \/>\n<meta name=\"twitter:card\" content=\"summary_large_image\" \/>\n<meta name=\"twitter:label1\" content=\"Scritto da\" \/>\n\t<meta name=\"twitter:data1\" content=\"Romina Cardia\" \/>\n\t<meta name=\"twitter:label2\" content=\"Tempo di lettura stimato\" \/>\n\t<meta name=\"twitter:data2\" content=\"8 minuti\" \/>\n<script type=\"application\/ld+json\" class=\"yoast-schema-graph\">{\"@context\":\"https:\/\/schema.org\",\"@graph\":[{\"@type\":\"Article\",\"@id\":\"https:\/\/www.frasicelebri.it\/news\/la-frase-di-andreoli-sulladolescenza-che-piace-ai-padri\/#article\",\"isPartOf\":{\"@id\":\"https:\/\/www.frasicelebri.it\/news\/la-frase-di-andreoli-sulladolescenza-che-piace-ai-padri\/\"},\"author\":{\"name\":\"Romina Cardia\",\"@id\":\"https:\/\/www.frasicelebri.it\/news\/#\/schema\/person\/712303166008dc510236daeaf8087292\"},\"headline\":\"La frase di Andreoli sull&#8217;adolescenza che piace ai padri: &#8220;Nell&#8217;adolescenza il contrasto tra padre e figli \u00e8 necessario&#8221;\",\"datePublished\":\"2025-12-06T16:00:55+00:00\",\"mainEntityOfPage\":{\"@id\":\"https:\/\/www.frasicelebri.it\/news\/la-frase-di-andreoli-sulladolescenza-che-piace-ai-padri\/\"},\"wordCount\":1369,\"publisher\":{\"@id\":\"https:\/\/www.frasicelebri.it\/news\/#organization\"},\"image\":{\"@id\":\"https:\/\/www.frasicelebri.it\/news\/la-frase-di-andreoli-sulladolescenza-che-piace-ai-padri\/#primaryimage\"},\"thumbnailUrl\":\"https:\/\/i0.wp.com\/www.frasicelebri.it\/news\/wp-content\/uploads\/2025\/12\/vittorino-andreoli-4.jpg?fit=1200%2C800&ssl=1\",\"keywords\":[\"frasi sull'adolescenza\",\"Vittorino Andreoli\"],\"articleSection\":[\"Spettacolo\"],\"inLanguage\":\"it-IT\"},{\"@type\":\"WebPage\",\"@id\":\"https:\/\/www.frasicelebri.it\/news\/la-frase-di-andreoli-sulladolescenza-che-piace-ai-padri\/\",\"url\":\"https:\/\/www.frasicelebri.it\/news\/la-frase-di-andreoli-sulladolescenza-che-piace-ai-padri\/\",\"name\":\"La frase di Andreoli sull'adolescenza che piace ai padri: \\\"Nell'adolescenza il contrasto tra padre e figli \u00e8 necessario\\\" - Frasicelebri.it\",\"isPartOf\":{\"@id\":\"https:\/\/www.frasicelebri.it\/news\/#website\"},\"primaryImageOfPage\":{\"@id\":\"https:\/\/www.frasicelebri.it\/news\/la-frase-di-andreoli-sulladolescenza-che-piace-ai-padri\/#primaryimage\"},\"image\":{\"@id\":\"https:\/\/www.frasicelebri.it\/news\/la-frase-di-andreoli-sulladolescenza-che-piace-ai-padri\/#primaryimage\"},\"thumbnailUrl\":\"https:\/\/i0.wp.com\/www.frasicelebri.it\/news\/wp-content\/uploads\/2025\/12\/vittorino-andreoli-4.jpg?fit=1200%2C800&ssl=1\",\"datePublished\":\"2025-12-06T16:00:55+00:00\",\"description\":\"Vittorino Andreoli ci ricorda che crescere fa rumore, e che il conflitto tra padri e figli non \u00e8 un disastro, ma un segnale di vita\",\"breadcrumb\":{\"@id\":\"https:\/\/www.frasicelebri.it\/news\/la-frase-di-andreoli-sulladolescenza-che-piace-ai-padri\/#breadcrumb\"},\"inLanguage\":\"it-IT\",\"potentialAction\":[{\"@type\":\"ReadAction\",\"target\":[\"https:\/\/www.frasicelebri.it\/news\/la-frase-di-andreoli-sulladolescenza-che-piace-ai-padri\/\"]}]},{\"@type\":\"ImageObject\",\"inLanguage\":\"it-IT\",\"@id\":\"https:\/\/www.frasicelebri.it\/news\/la-frase-di-andreoli-sulladolescenza-che-piace-ai-padri\/#primaryimage\",\"url\":\"https:\/\/i0.wp.com\/www.frasicelebri.it\/news\/wp-content\/uploads\/2025\/12\/vittorino-andreoli-4.jpg?fit=1200%2C800&ssl=1\",\"contentUrl\":\"https:\/\/i0.wp.com\/www.frasicelebri.it\/news\/wp-content\/uploads\/2025\/12\/vittorino-andreoli-4.jpg?fit=1200%2C800&ssl=1\",\"width\":1200,\"height\":800,\"caption\":\"La frase di Andreoli sull'adolescenza\"},{\"@type\":\"BreadcrumbList\",\"@id\":\"https:\/\/www.frasicelebri.it\/news\/la-frase-di-andreoli-sulladolescenza-che-piace-ai-padri\/#breadcrumb\",\"itemListElement\":[{\"@type\":\"ListItem\",\"position\":1,\"name\":\"Home\",\"item\":\"https:\/\/www.frasicelebri.it\/news\/\"},{\"@type\":\"ListItem\",\"position\":2,\"name\":\"La frase di Andreoli sull&#8217;adolescenza che piace ai padri: &#8220;Nell&#8217;adolescenza il contrasto tra padre e figli \u00e8 necessario&#8221;\"}]},{\"@type\":\"WebSite\",\"@id\":\"https:\/\/www.frasicelebri.it\/news\/#website\",\"url\":\"https:\/\/www.frasicelebri.it\/news\/\",\"name\":\"Frasicelebri.it\",\"description\":\"News Frasicelebri.it\",\"publisher\":{\"@id\":\"https:\/\/www.frasicelebri.it\/news\/#organization\"},\"potentialAction\":[{\"@type\":\"SearchAction\",\"target\":{\"@type\":\"EntryPoint\",\"urlTemplate\":\"https:\/\/www.frasicelebri.it\/news\/?s={search_term_string}\"},\"query-input\":{\"@type\":\"PropertyValueSpecification\",\"valueRequired\":true,\"valueName\":\"search_term_string\"}}],\"inLanguage\":\"it-IT\"},{\"@type\":\"Organization\",\"@id\":\"https:\/\/www.frasicelebri.it\/news\/#organization\",\"name\":\"Frasicelebri.it\",\"url\":\"https:\/\/www.frasicelebri.it\/news\/\",\"logo\":{\"@type\":\"ImageObject\",\"inLanguage\":\"it-IT\",\"@id\":\"https:\/\/www.frasicelebri.it\/news\/#\/schema\/logo\/image\/\",\"url\":\"https:\/\/i0.wp.com\/www.frasicelebri.it\/news\/wp-content\/uploads\/2024\/07\/logo-quadrato-drasicelebri.it_.jpg?fit=696%2C696&ssl=1\",\"contentUrl\":\"https:\/\/i0.wp.com\/www.frasicelebri.it\/news\/wp-content\/uploads\/2024\/07\/logo-quadrato-drasicelebri.it_.jpg?fit=696%2C696&ssl=1\",\"width\":696,\"height\":696,\"caption\":\"Frasicelebri.it\"},\"image\":{\"@id\":\"https:\/\/www.frasicelebri.it\/news\/#\/schema\/logo\/image\/\"}},{\"@type\":\"Person\",\"@id\":\"https:\/\/www.frasicelebri.it\/news\/#\/schema\/person\/712303166008dc510236daeaf8087292\",\"name\":\"Romina Cardia\",\"image\":{\"@type\":\"ImageObject\",\"inLanguage\":\"it-IT\",\"@id\":\"https:\/\/www.frasicelebri.it\/news\/#\/schema\/person\/image\/\",\"url\":\"https:\/\/secure.gravatar.com\/avatar\/7e155e0e5584fd17310efae2dc94f61e?s=96&d=mm&r=g\",\"contentUrl\":\"https:\/\/secure.gravatar.com\/avatar\/7e155e0e5584fd17310efae2dc94f61e?s=96&d=mm&r=g\",\"caption\":\"Romina Cardia\"},\"url\":\"https:\/\/www.frasicelebri.it\/news\/author\/romina\/\"}]}<\/script>\n<!-- \/ Yoast SEO plugin. -->","yoast_head_json":{"title":"La frase di Andreoli sull'adolescenza che piace ai padri: \"Nell'adolescenza il contrasto tra padre e figli \u00e8 necessario\" - Frasicelebri.it","description":"Vittorino Andreoli ci ricorda che crescere fa rumore, e che il conflitto tra padri e figli non \u00e8 un disastro, ma un segnale di vita","robots":{"index":"index","follow":"follow","max-snippet":"max-snippet:-1","max-image-preview":"max-image-preview:large","max-video-preview":"max-video-preview:-1"},"canonical":"https:\/\/www.frasicelebri.it\/news\/la-frase-di-andreoli-sulladolescenza-che-piace-ai-padri\/","og_locale":"it_IT","og_type":"article","og_title":"La frase di Andreoli sull'adolescenza che piace ai padri: \"Nell'adolescenza il contrasto tra padre e figli \u00e8 necessario\" - Frasicelebri.it","og_description":"Vittorino Andreoli ci ricorda che crescere fa rumore, e che il conflitto tra padri e figli non \u00e8 un disastro, ma un segnale di vita","og_url":"https:\/\/www.frasicelebri.it\/news\/la-frase-di-andreoli-sulladolescenza-che-piace-ai-padri\/","og_site_name":"Frasicelebri.it","article_published_time":"2025-12-06T16:00:55+00:00","og_image":[{"width":1200,"height":800,"url":"https:\/\/i0.wp.com\/www.frasicelebri.it\/news\/wp-content\/uploads\/2025\/12\/vittorino-andreoli-4.jpg?fit=1200%2C800&ssl=1","type":"image\/jpeg"}],"author":"Romina Cardia","twitter_card":"summary_large_image","twitter_misc":{"Scritto da":"Romina Cardia","Tempo di lettura stimato":"8 minuti"},"schema":{"@context":"https:\/\/schema.org","@graph":[{"@type":"Article","@id":"https:\/\/www.frasicelebri.it\/news\/la-frase-di-andreoli-sulladolescenza-che-piace-ai-padri\/#article","isPartOf":{"@id":"https:\/\/www.frasicelebri.it\/news\/la-frase-di-andreoli-sulladolescenza-che-piace-ai-padri\/"},"author":{"name":"Romina Cardia","@id":"https:\/\/www.frasicelebri.it\/news\/#\/schema\/person\/712303166008dc510236daeaf8087292"},"headline":"La frase di Andreoli sull&#8217;adolescenza che piace ai padri: &#8220;Nell&#8217;adolescenza il contrasto tra padre e figli \u00e8 necessario&#8221;","datePublished":"2025-12-06T16:00:55+00:00","mainEntityOfPage":{"@id":"https:\/\/www.frasicelebri.it\/news\/la-frase-di-andreoli-sulladolescenza-che-piace-ai-padri\/"},"wordCount":1369,"publisher":{"@id":"https:\/\/www.frasicelebri.it\/news\/#organization"},"image":{"@id":"https:\/\/www.frasicelebri.it\/news\/la-frase-di-andreoli-sulladolescenza-che-piace-ai-padri\/#primaryimage"},"thumbnailUrl":"https:\/\/i0.wp.com\/www.frasicelebri.it\/news\/wp-content\/uploads\/2025\/12\/vittorino-andreoli-4.jpg?fit=1200%2C800&ssl=1","keywords":["frasi sull'adolescenza","Vittorino Andreoli"],"articleSection":["Spettacolo"],"inLanguage":"it-IT"},{"@type":"WebPage","@id":"https:\/\/www.frasicelebri.it\/news\/la-frase-di-andreoli-sulladolescenza-che-piace-ai-padri\/","url":"https:\/\/www.frasicelebri.it\/news\/la-frase-di-andreoli-sulladolescenza-che-piace-ai-padri\/","name":"La frase di Andreoli sull'adolescenza che piace ai padri: \"Nell'adolescenza il contrasto tra padre e figli \u00e8 necessario\" - Frasicelebri.it","isPartOf":{"@id":"https:\/\/www.frasicelebri.it\/news\/#website"},"primaryImageOfPage":{"@id":"https:\/\/www.frasicelebri.it\/news\/la-frase-di-andreoli-sulladolescenza-che-piace-ai-padri\/#primaryimage"},"image":{"@id":"https:\/\/www.frasicelebri.it\/news\/la-frase-di-andreoli-sulladolescenza-che-piace-ai-padri\/#primaryimage"},"thumbnailUrl":"https:\/\/i0.wp.com\/www.frasicelebri.it\/news\/wp-content\/uploads\/2025\/12\/vittorino-andreoli-4.jpg?fit=1200%2C800&ssl=1","datePublished":"2025-12-06T16:00:55+00:00","description":"Vittorino Andreoli ci ricorda che crescere fa rumore, e che il conflitto tra padri e figli non \u00e8 un disastro, ma un segnale di vita","breadcrumb":{"@id":"https:\/\/www.frasicelebri.it\/news\/la-frase-di-andreoli-sulladolescenza-che-piace-ai-padri\/#breadcrumb"},"inLanguage":"it-IT","potentialAction":[{"@type":"ReadAction","target":["https:\/\/www.frasicelebri.it\/news\/la-frase-di-andreoli-sulladolescenza-che-piace-ai-padri\/"]}]},{"@type":"ImageObject","inLanguage":"it-IT","@id":"https:\/\/www.frasicelebri.it\/news\/la-frase-di-andreoli-sulladolescenza-che-piace-ai-padri\/#primaryimage","url":"https:\/\/i0.wp.com\/www.frasicelebri.it\/news\/wp-content\/uploads\/2025\/12\/vittorino-andreoli-4.jpg?fit=1200%2C800&ssl=1","contentUrl":"https:\/\/i0.wp.com\/www.frasicelebri.it\/news\/wp-content\/uploads\/2025\/12\/vittorino-andreoli-4.jpg?fit=1200%2C800&ssl=1","width":1200,"height":800,"caption":"La frase di Andreoli sull'adolescenza"},{"@type":"BreadcrumbList","@id":"https:\/\/www.frasicelebri.it\/news\/la-frase-di-andreoli-sulladolescenza-che-piace-ai-padri\/#breadcrumb","itemListElement":[{"@type":"ListItem","position":1,"name":"Home","item":"https:\/\/www.frasicelebri.it\/news\/"},{"@type":"ListItem","position":2,"name":"La frase di Andreoli sull&#8217;adolescenza che piace ai padri: &#8220;Nell&#8217;adolescenza il contrasto tra padre e figli \u00e8 necessario&#8221;"}]},{"@type":"WebSite","@id":"https:\/\/www.frasicelebri.it\/news\/#website","url":"https:\/\/www.frasicelebri.it\/news\/","name":"Frasicelebri.it","description":"News Frasicelebri.it","publisher":{"@id":"https:\/\/www.frasicelebri.it\/news\/#organization"},"potentialAction":[{"@type":"SearchAction","target":{"@type":"EntryPoint","urlTemplate":"https:\/\/www.frasicelebri.it\/news\/?s={search_term_string}"},"query-input":{"@type":"PropertyValueSpecification","valueRequired":true,"valueName":"search_term_string"}}],"inLanguage":"it-IT"},{"@type":"Organization","@id":"https:\/\/www.frasicelebri.it\/news\/#organization","name":"Frasicelebri.it","url":"https:\/\/www.frasicelebri.it\/news\/","logo":{"@type":"ImageObject","inLanguage":"it-IT","@id":"https:\/\/www.frasicelebri.it\/news\/#\/schema\/logo\/image\/","url":"https:\/\/i0.wp.com\/www.frasicelebri.it\/news\/wp-content\/uploads\/2024\/07\/logo-quadrato-drasicelebri.it_.jpg?fit=696%2C696&ssl=1","contentUrl":"https:\/\/i0.wp.com\/www.frasicelebri.it\/news\/wp-content\/uploads\/2024\/07\/logo-quadrato-drasicelebri.it_.jpg?fit=696%2C696&ssl=1","width":696,"height":696,"caption":"Frasicelebri.it"},"image":{"@id":"https:\/\/www.frasicelebri.it\/news\/#\/schema\/logo\/image\/"}},{"@type":"Person","@id":"https:\/\/www.frasicelebri.it\/news\/#\/schema\/person\/712303166008dc510236daeaf8087292","name":"Romina Cardia","image":{"@type":"ImageObject","inLanguage":"it-IT","@id":"https:\/\/www.frasicelebri.it\/news\/#\/schema\/person\/image\/","url":"https:\/\/secure.gravatar.com\/avatar\/7e155e0e5584fd17310efae2dc94f61e?s=96&d=mm&r=g","contentUrl":"https:\/\/secure.gravatar.com\/avatar\/7e155e0e5584fd17310efae2dc94f61e?s=96&d=mm&r=g","caption":"Romina Cardia"},"url":"https:\/\/www.frasicelebri.it\/news\/author\/romina\/"}]}},"_links":{"self":[{"href":"https:\/\/www.frasicelebri.it\/news\/wp-json\/wp\/v2\/posts\/41739","targetHints":{"allow":["GET"]}}],"collection":[{"href":"https:\/\/www.frasicelebri.it\/news\/wp-json\/wp\/v2\/posts"}],"about":[{"href":"https:\/\/www.frasicelebri.it\/news\/wp-json\/wp\/v2\/types\/post"}],"author":[{"embeddable":true,"href":"https:\/\/www.frasicelebri.it\/news\/wp-json\/wp\/v2\/users\/12"}],"replies":[{"embeddable":true,"href":"https:\/\/www.frasicelebri.it\/news\/wp-json\/wp\/v2\/comments?post=41739"}],"version-history":[{"count":1,"href":"https:\/\/www.frasicelebri.it\/news\/wp-json\/wp\/v2\/posts\/41739\/revisions"}],"predecessor-version":[{"id":41741,"href":"https:\/\/www.frasicelebri.it\/news\/wp-json\/wp\/v2\/posts\/41739\/revisions\/41741"}],"wp:featuredmedia":[{"embeddable":true,"href":"https:\/\/www.frasicelebri.it\/news\/wp-json\/wp\/v2\/media\/41740"}],"wp:attachment":[{"href":"https:\/\/www.frasicelebri.it\/news\/wp-json\/wp\/v2\/media?parent=41739"}],"wp:term":[{"taxonomy":"category","embeddable":true,"href":"https:\/\/www.frasicelebri.it\/news\/wp-json\/wp\/v2\/categories?post=41739"},{"taxonomy":"post_tag","embeddable":true,"href":"https:\/\/www.frasicelebri.it\/news\/wp-json\/wp\/v2\/tags?post=41739"}],"curies":[{"name":"wp","href":"https:\/\/api.w.org\/{rel}","templated":true}]}}