{"id":42615,"date":"2026-01-23T11:00:31","date_gmt":"2026-01-23T10:00:31","guid":{"rendered":"https:\/\/www.frasicelebri.it\/news\/?p=42615"},"modified":"2026-03-04T16:43:39","modified_gmt":"2026-03-04T15:43:39","slug":"frasi-di-susanna-tamaro-sul-silenzio","status":"publish","type":"post","link":"https:\/\/www.frasicelebri.it\/news\/frasi-di-susanna-tamaro-sul-silenzio\/","title":{"rendered":"Frasi di Susanna Tamaro sul silenzio, ottime per far capire a chi ami che deve parlare meno e agire di pi\u00f9: sono magiche"},"content":{"rendered":"<p><strong>Susanna Tamaro<\/strong> \u00e8 una di quelle persone che vanno dritte al punto, senza zuccherare le proprie riflessioni per attenuare quello che, molto probabilmente, sar\u00e0 un colpo allo stomaco. Parla di molte cose, anche di <strong>amore e di innamoramento<\/strong>, e in certi momenti mette davanti a noi proprio ci\u00f2 che speriamo di sentirci dire e che, a nostra volta, vorremmo dire agli altri. A volte si parla troppo, per paura di non saper dire nulla o di non saper fare qualcosa. Ma in amore le parole non riescono a colmare ci\u00f2 che si prova e che, spesso, si ha semplicemente paura di dimostrare.<\/p>\n<p><img data-recalc-dims=\"1\" loading=\"lazy\" decoding=\"async\" class=\"alignnone size-full wp-image-42636\" src=\"https:\/\/i0.wp.com\/www.frasicelebri.it\/news\/wp-content\/uploads\/2026\/01\/susanna-tamaro-2.jpg?resize=1200%2C800&#038;ssl=1\" alt=\"Frasi di Susanna Tamaro sul silenzio\" width=\"1200\" height=\"800\" srcset=\"https:\/\/i0.wp.com\/www.frasicelebri.it\/news\/wp-content\/uploads\/2026\/01\/susanna-tamaro-2.jpg?w=1200&amp;ssl=1 1200w, https:\/\/i0.wp.com\/www.frasicelebri.it\/news\/wp-content\/uploads\/2026\/01\/susanna-tamaro-2.jpg?resize=300%2C200&amp;ssl=1 300w, https:\/\/i0.wp.com\/www.frasicelebri.it\/news\/wp-content\/uploads\/2026\/01\/susanna-tamaro-2.jpg?resize=150%2C100&amp;ssl=1 150w, https:\/\/i0.wp.com\/www.frasicelebri.it\/news\/wp-content\/uploads\/2026\/01\/susanna-tamaro-2.jpg?resize=768%2C512&amp;ssl=1 768w\" sizes=\"auto, (max-width: 1200px) 100vw, 1200px\" \/><\/p>\n<h2>Chi \u00e8 Susanna Tamaro<\/h2>\n<p>Scrittrice triestina, <strong>Susanna Tamaro<\/strong> \u00e8 una donna che ha compiuto una scelta di vita che oggi sorprenderebbe molti: ha preferito la lentezza alla velocit\u00e0, la calma all\u2019ansia di andare sempre avanti senza mai fermarsi a guardare ci\u00f2 che ci circonda. Spesso, nella corsa incessante con cui affrontiamo gli eventi, la vita e l\u2019amore, <strong>perdiamo di vista ci\u00f2 che conta davvero<\/strong> e dimentichiamo come guardare in faccia le nostre paure. Come lei stessa ci ricorda:<\/p>\n<blockquote><p>\u201c<em>La vita \u00e8 perfetta, ma abbiamo smesso di ascoltare il cuore, cos\u00ec ci siamo allontanati da ci\u00f2 che conta davvero<\/em>.\u201d<\/p><\/blockquote>\n<h3>Il silenzio che sa dire tutto<\/h3>\n<p>Proprio in quei continui momenti di fretta, forse non ci accorgiamo di parlare troppo, per paura che il <strong>silenzio<\/strong> diventi imbarazzante. Succede con gli amici, durante una passeggiata spensierata nel pomeriggio, e succede con il partner, quando si \u00e8 sul divano con un libro davanti. <strong>Si finisce per credere che le parole possano dire tutto<\/strong>, colmare anche quegli spazi in cui, invece, sarebbe necessario agire, o semplicemente tacere, perch\u00e9 <strong>il silenzio pu\u00f2 aiutare pi\u00f9 di mille frasi<\/strong>.<\/p>\n<blockquote><p>\u201c<em>Stai ferma, in silenzio, e ascolta il tuo cuore. Quando poi ti parla, alzati e va\u2019 dove lui ti porta<\/em>.\u201d<\/p><\/blockquote>\n<p>Susanna Tamaro ci invita a <strong>fermarci,<\/strong> a<strong> fare silenzio non solo con le parole, ma anche nella mente<\/strong>, e ad ascoltare senza ignorare i nostri sentimenti, anche quando ci spaventano.<\/p>\n<h3>Ascolta il tuo cuore e agisci<\/h3>\n<p>Dopo un attimo, breve o magari lungo, comincerai a sentire una sensazione nuova: quella da cui hai provato a scappare per tanto tempo, quella che nasce direttamente dal tuo cuore. Alzarsi significa esattamente questo: <strong>dopo l\u2019ascolto viene il momento dell\u2019azione<\/strong>, non pi\u00f9 quello di riempire il vuoto con parole su parole. Susanna Tamaro ci offre molto di pi\u00f9: ci invita, prima di tutto, <strong>a conoscerci, ad ascoltarci davvero e solo dopo a fare ci\u00f2 che il cuore ci dice<\/strong>:<\/p>\n<blockquote><p>\u201c<em>E quando poi ti parla, alzati e va\u2019 dove lui ti porta, va\u2019 dove ti porta il cuore<\/em>.\u201d<\/p><\/blockquote>\n<p>Perch\u00e9 amare richiede coraggio, autenticit\u00e0 e sincerit\u00e0, ma anche silenzio.<\/p>\n<h3>Frasi di Susanna Tamaro sul silenzio<\/h3>\n<ol>\n<li><em><strong>\u201cQuando poi davanti a te si apriranno tante strade e non saprai quale prendere, non imboccarne uno a caso, ma siediti e aspetta. Respira con la tua stessa profondit\u00e0 fiduciosa con cui hai respirato il giorno che sei venuta al mondo. Senza farti distrarre da nulla, aspetta, aspetta ancora, stai ferma in silenzio e ascolta il tuo cuore. E quando poi ti parla alzati e va&#8217; dove lui ti porta, va&#8217; dove ti porta il cuore.\u201d<\/strong><\/em><br \/>\n<em><strong>chiudi<\/strong><\/em><\/li>\n<li><em><strong>\u201cIl cammino interiore \u00e8 simile al lavoro che una volta facevano gli uomini per accendere il fuoco. Si batte e si ribatte una pietra contro l&#8217;altra, senza stancarsi, finch\u00e9 scocca la scintilla. Per nascere il fuoco ha bisogno del legno ma per divampare deve aspettare il vento. Cerca dunque sempre il fuoco nella tua vita, attendi il vento, perch\u00e9 senza fuoco e senza vento i nostri giorni non sono molto diversi da una mediocre prigionia.\u201d<\/strong><\/em><\/li>\n<li><em><strong>\u201cBisognava essere coraggiosi per amare.\u201d<\/strong><\/em><\/li>\n<\/ol>\n<p>Leggi altre <a href=\"https:\/\/www.frasicelebri.it\/ricerca-frasi\/?q=susanna+tamaro#google_vignette\" target=\"_blank\" rel=\"noopener\">frasi celebri di Susanna Tamaro<\/a> e le <a href=\"https:\/\/www.frasicelebri.it\/ricerca-frasi\/?q=silenzio\" target=\"_blank\" rel=\"noopener\">frasi celebri sul silenzio<\/a><\/p>\n","protected":false},"excerpt":{"rendered":"<p>Susanna Tamaro \u00e8 una di quelle persone che vanno dritte al punto, senza zuccherare le proprie riflessioni per attenuare quello che, molto probabilmente, sar\u00e0 un &#8230; <a title=\"Frasi di Susanna Tamaro sul silenzio, ottime per far capire a chi ami che deve parlare meno e agire di pi\u00f9: sono magiche\" class=\"read-more\" href=\"https:\/\/www.frasicelebri.it\/news\/frasi-di-susanna-tamaro-sul-silenzio\/\" aria-label=\"More on Frasi di Susanna Tamaro sul silenzio, ottime per far capire a chi ami che deve parlare meno e agire di pi\u00f9: sono magiche\">Leggi tutto<\/a><\/p>\n","protected":false},"author":14,"featured_media":42636,"comment_status":"closed","ping_status":"closed","sticky":false,"template":"","format":"standard","meta":{"footnotes":""},"categories":[42],"tags":[1244,1399],"class_list":["post-42615","post","type-post","status-publish","format-standard","has-post-thumbnail","hentry","category-lifestyle","tag-frasi-sul-silenzio","tag-susanna-tamaro"],"yoast_head":"<!-- This site is optimized with the Yoast SEO plugin v25.2 - https:\/\/yoast.com\/wordpress\/plugins\/seo\/ -->\n<title>Frasicelebri.itFrasi di Susanna Tamaro sul silenzio, ottime per far capire a chi ami che deve parlare meno e agire di pi\u00f9: sono magiche-<\/title>\n<meta name=\"description\" content=\"A volte, dobbiamo fermarci, fare silenzio non solo con le parole ma anche nella mente e ascoltare il nostro cuore\" \/>\n<meta name=\"robots\" content=\"index, follow, max-snippet:-1, max-image-preview:large, max-video-preview:-1\" \/>\n<link rel=\"canonical\" href=\"https:\/\/www.frasicelebri.it\/news\/frasi-di-susanna-tamaro-sul-silenzio\/\" \/>\n<meta property=\"og:locale\" content=\"it_IT\" \/>\n<meta property=\"og:type\" content=\"article\" \/>\n<meta property=\"og:title\" content=\"Frasicelebri.itFrasi di Susanna Tamaro sul silenzio, ottime per far capire a chi ami che deve parlare meno e agire di pi\u00f9: sono magiche-\" \/>\n<meta property=\"og:description\" content=\"A volte, dobbiamo fermarci, fare silenzio non solo con le parole ma anche nella mente e ascoltare il nostro cuore\" \/>\n<meta property=\"og:url\" content=\"https:\/\/www.frasicelebri.it\/news\/frasi-di-susanna-tamaro-sul-silenzio\/\" \/>\n<meta property=\"og:site_name\" content=\"Frasicelebri.it\" \/>\n<meta property=\"article:published_time\" content=\"2026-01-23T10:00:31+00:00\" \/>\n<meta property=\"article:modified_time\" content=\"2026-03-04T15:43:39+00:00\" \/>\n<meta property=\"og:image\" content=\"https:\/\/www.frasicelebri.it\/news\/wp-content\/uploads\/2026\/01\/susanna-tamaro-2.jpg\" \/>\n\t<meta property=\"og:image:width\" content=\"1200\" \/>\n\t<meta property=\"og:image:height\" content=\"800\" \/>\n\t<meta property=\"og:image:type\" content=\"image\/jpeg\" \/>\n<meta name=\"author\" content=\"Sara Bellanza\" \/>\n<meta name=\"twitter:card\" content=\"summary_large_image\" \/>\n<meta name=\"twitter:label1\" content=\"Scritto da\" \/>\n\t<meta name=\"twitter:data1\" content=\"Sara Bellanza\" \/>\n\t<meta name=\"twitter:label2\" content=\"Tempo di lettura stimato\" \/>\n\t<meta name=\"twitter:data2\" content=\"4 minuti\" \/>\n<script type=\"application\/ld+json\" class=\"yoast-schema-graph\">{\"@context\":\"https:\/\/schema.org\",\"@graph\":[{\"@type\":\"Article\",\"@id\":\"https:\/\/www.frasicelebri.it\/news\/frasi-di-susanna-tamaro-sul-silenzio\/#article\",\"isPartOf\":{\"@id\":\"https:\/\/www.frasicelebri.it\/news\/frasi-di-susanna-tamaro-sul-silenzio\/\"},\"author\":{\"name\":\"Sara Bellanza\",\"@id\":\"https:\/\/www.frasicelebri.it\/news\/#\/schema\/person\/87eed277b0405441e405668e9452c547\"},\"headline\":\"Frasi di Susanna Tamaro sul silenzio, ottime per far capire a chi ami che deve parlare meno e agire di pi\u00f9: sono magiche\",\"datePublished\":\"2026-01-23T10:00:31+00:00\",\"dateModified\":\"2026-03-04T15:43:39+00:00\",\"mainEntityOfPage\":{\"@id\":\"https:\/\/www.frasicelebri.it\/news\/frasi-di-susanna-tamaro-sul-silenzio\/\"},\"wordCount\":644,\"publisher\":{\"@id\":\"https:\/\/www.frasicelebri.it\/news\/#organization\"},\"image\":{\"@id\":\"https:\/\/www.frasicelebri.it\/news\/frasi-di-susanna-tamaro-sul-silenzio\/#primaryimage\"},\"thumbnailUrl\":\"https:\/\/i0.wp.com\/www.frasicelebri.it\/news\/wp-content\/uploads\/2026\/01\/susanna-tamaro-2.jpg?fit=1200%2C800&ssl=1\",\"keywords\":[\"frasi sul silenzio\",\"Susanna Tamaro\"],\"articleSection\":[\"LifeStyle\"],\"inLanguage\":\"it-IT\"},{\"@type\":\"WebPage\",\"@id\":\"https:\/\/www.frasicelebri.it\/news\/frasi-di-susanna-tamaro-sul-silenzio\/\",\"url\":\"https:\/\/www.frasicelebri.it\/news\/frasi-di-susanna-tamaro-sul-silenzio\/\",\"name\":\"Frasicelebri.itFrasi di Susanna Tamaro sul silenzio, ottime per far capire a chi ami che deve parlare meno e agire di pi\u00f9: sono magiche-\",\"isPartOf\":{\"@id\":\"https:\/\/www.frasicelebri.it\/news\/#website\"},\"primaryImageOfPage\":{\"@id\":\"https:\/\/www.frasicelebri.it\/news\/frasi-di-susanna-tamaro-sul-silenzio\/#primaryimage\"},\"image\":{\"@id\":\"https:\/\/www.frasicelebri.it\/news\/frasi-di-susanna-tamaro-sul-silenzio\/#primaryimage\"},\"thumbnailUrl\":\"https:\/\/i0.wp.com\/www.frasicelebri.it\/news\/wp-content\/uploads\/2026\/01\/susanna-tamaro-2.jpg?fit=1200%2C800&ssl=1\",\"datePublished\":\"2026-01-23T10:00:31+00:00\",\"dateModified\":\"2026-03-04T15:43:39+00:00\",\"description\":\"A volte, dobbiamo fermarci, fare silenzio non solo con le parole ma anche nella mente e ascoltare il nostro cuore\",\"breadcrumb\":{\"@id\":\"https:\/\/www.frasicelebri.it\/news\/frasi-di-susanna-tamaro-sul-silenzio\/#breadcrumb\"},\"inLanguage\":\"it-IT\",\"potentialAction\":[{\"@type\":\"ReadAction\",\"target\":[\"https:\/\/www.frasicelebri.it\/news\/frasi-di-susanna-tamaro-sul-silenzio\/\"]}]},{\"@type\":\"ImageObject\",\"inLanguage\":\"it-IT\",\"@id\":\"https:\/\/www.frasicelebri.it\/news\/frasi-di-susanna-tamaro-sul-silenzio\/#primaryimage\",\"url\":\"https:\/\/i0.wp.com\/www.frasicelebri.it\/news\/wp-content\/uploads\/2026\/01\/susanna-tamaro-2.jpg?fit=1200%2C800&ssl=1\",\"contentUrl\":\"https:\/\/i0.wp.com\/www.frasicelebri.it\/news\/wp-content\/uploads\/2026\/01\/susanna-tamaro-2.jpg?fit=1200%2C800&ssl=1\",\"width\":1200,\"height\":800,\"caption\":\"Frasi di Susanna Tamaro sul silenzio\"},{\"@type\":\"BreadcrumbList\",\"@id\":\"https:\/\/www.frasicelebri.it\/news\/frasi-di-susanna-tamaro-sul-silenzio\/#breadcrumb\",\"itemListElement\":[{\"@type\":\"ListItem\",\"position\":1,\"name\":\"Home\",\"item\":\"https:\/\/www.frasicelebri.it\/news\/\"},{\"@type\":\"ListItem\",\"position\":2,\"name\":\"Frasi di Susanna Tamaro sul silenzio, ottime per far capire a chi ami che deve parlare meno e agire di pi\u00f9: sono magiche\"}]},{\"@type\":\"WebSite\",\"@id\":\"https:\/\/www.frasicelebri.it\/news\/#website\",\"url\":\"https:\/\/www.frasicelebri.it\/news\/\",\"name\":\"Frasicelebri.it\",\"description\":\"News Frasicelebri.it\",\"publisher\":{\"@id\":\"https:\/\/www.frasicelebri.it\/news\/#organization\"},\"potentialAction\":[{\"@type\":\"SearchAction\",\"target\":{\"@type\":\"EntryPoint\",\"urlTemplate\":\"https:\/\/www.frasicelebri.it\/news\/?s={search_term_string}\"},\"query-input\":{\"@type\":\"PropertyValueSpecification\",\"valueRequired\":true,\"valueName\":\"search_term_string\"}}],\"inLanguage\":\"it-IT\"},{\"@type\":\"Organization\",\"@id\":\"https:\/\/www.frasicelebri.it\/news\/#organization\",\"name\":\"Frasicelebri.it\",\"url\":\"https:\/\/www.frasicelebri.it\/news\/\",\"logo\":{\"@type\":\"ImageObject\",\"inLanguage\":\"it-IT\",\"@id\":\"https:\/\/www.frasicelebri.it\/news\/#\/schema\/logo\/image\/\",\"url\":\"https:\/\/i0.wp.com\/www.frasicelebri.it\/news\/wp-content\/uploads\/2024\/07\/logo-quadrato-drasicelebri.it_.jpg?fit=696%2C696&ssl=1\",\"contentUrl\":\"https:\/\/i0.wp.com\/www.frasicelebri.it\/news\/wp-content\/uploads\/2024\/07\/logo-quadrato-drasicelebri.it_.jpg?fit=696%2C696&ssl=1\",\"width\":696,\"height\":696,\"caption\":\"Frasicelebri.it\"},\"image\":{\"@id\":\"https:\/\/www.frasicelebri.it\/news\/#\/schema\/logo\/image\/\"}},{\"@type\":\"Person\",\"@id\":\"https:\/\/www.frasicelebri.it\/news\/#\/schema\/person\/87eed277b0405441e405668e9452c547\",\"name\":\"Sara Bellanza\",\"image\":{\"@type\":\"ImageObject\",\"inLanguage\":\"it-IT\",\"@id\":\"https:\/\/www.frasicelebri.it\/news\/#\/schema\/person\/image\/\",\"url\":\"https:\/\/secure.gravatar.com\/avatar\/09a3eae84da984b800b521a167211390?s=96&d=mm&r=g\",\"contentUrl\":\"https:\/\/secure.gravatar.com\/avatar\/09a3eae84da984b800b521a167211390?s=96&d=mm&r=g\",\"caption\":\"Sara Bellanza\"},\"url\":\"https:\/\/www.frasicelebri.it\/news\/author\/sara\/\"}]}<\/script>\n<!-- \/ Yoast SEO plugin. -->","yoast_head_json":{"title":"Frasicelebri.itFrasi di Susanna Tamaro sul silenzio, ottime per far capire a chi ami che deve parlare meno e agire di pi\u00f9: sono magiche-","description":"A volte, dobbiamo fermarci, fare silenzio non solo con le parole ma anche nella mente e ascoltare il nostro cuore","robots":{"index":"index","follow":"follow","max-snippet":"max-snippet:-1","max-image-preview":"max-image-preview:large","max-video-preview":"max-video-preview:-1"},"canonical":"https:\/\/www.frasicelebri.it\/news\/frasi-di-susanna-tamaro-sul-silenzio\/","og_locale":"it_IT","og_type":"article","og_title":"Frasicelebri.itFrasi di Susanna Tamaro sul silenzio, ottime per far capire a chi ami che deve parlare meno e agire di pi\u00f9: sono magiche-","og_description":"A volte, dobbiamo fermarci, fare silenzio non solo con le parole ma anche nella mente e ascoltare il nostro cuore","og_url":"https:\/\/www.frasicelebri.it\/news\/frasi-di-susanna-tamaro-sul-silenzio\/","og_site_name":"Frasicelebri.it","article_published_time":"2026-01-23T10:00:31+00:00","article_modified_time":"2026-03-04T15:43:39+00:00","og_image":[{"width":1200,"height":800,"url":"https:\/\/www.frasicelebri.it\/news\/wp-content\/uploads\/2026\/01\/susanna-tamaro-2.jpg","type":"image\/jpeg"}],"author":"Sara Bellanza","twitter_card":"summary_large_image","twitter_misc":{"Scritto da":"Sara Bellanza","Tempo di lettura stimato":"4 minuti"},"schema":{"@context":"https:\/\/schema.org","@graph":[{"@type":"Article","@id":"https:\/\/www.frasicelebri.it\/news\/frasi-di-susanna-tamaro-sul-silenzio\/#article","isPartOf":{"@id":"https:\/\/www.frasicelebri.it\/news\/frasi-di-susanna-tamaro-sul-silenzio\/"},"author":{"name":"Sara Bellanza","@id":"https:\/\/www.frasicelebri.it\/news\/#\/schema\/person\/87eed277b0405441e405668e9452c547"},"headline":"Frasi di Susanna Tamaro sul silenzio, ottime per far capire a chi ami che deve parlare meno e agire di pi\u00f9: sono magiche","datePublished":"2026-01-23T10:00:31+00:00","dateModified":"2026-03-04T15:43:39+00:00","mainEntityOfPage":{"@id":"https:\/\/www.frasicelebri.it\/news\/frasi-di-susanna-tamaro-sul-silenzio\/"},"wordCount":644,"publisher":{"@id":"https:\/\/www.frasicelebri.it\/news\/#organization"},"image":{"@id":"https:\/\/www.frasicelebri.it\/news\/frasi-di-susanna-tamaro-sul-silenzio\/#primaryimage"},"thumbnailUrl":"https:\/\/i0.wp.com\/www.frasicelebri.it\/news\/wp-content\/uploads\/2026\/01\/susanna-tamaro-2.jpg?fit=1200%2C800&ssl=1","keywords":["frasi sul silenzio","Susanna Tamaro"],"articleSection":["LifeStyle"],"inLanguage":"it-IT"},{"@type":"WebPage","@id":"https:\/\/www.frasicelebri.it\/news\/frasi-di-susanna-tamaro-sul-silenzio\/","url":"https:\/\/www.frasicelebri.it\/news\/frasi-di-susanna-tamaro-sul-silenzio\/","name":"Frasicelebri.itFrasi di Susanna Tamaro sul silenzio, ottime per far capire a chi ami che deve parlare meno e agire di pi\u00f9: sono magiche-","isPartOf":{"@id":"https:\/\/www.frasicelebri.it\/news\/#website"},"primaryImageOfPage":{"@id":"https:\/\/www.frasicelebri.it\/news\/frasi-di-susanna-tamaro-sul-silenzio\/#primaryimage"},"image":{"@id":"https:\/\/www.frasicelebri.it\/news\/frasi-di-susanna-tamaro-sul-silenzio\/#primaryimage"},"thumbnailUrl":"https:\/\/i0.wp.com\/www.frasicelebri.it\/news\/wp-content\/uploads\/2026\/01\/susanna-tamaro-2.jpg?fit=1200%2C800&ssl=1","datePublished":"2026-01-23T10:00:31+00:00","dateModified":"2026-03-04T15:43:39+00:00","description":"A volte, dobbiamo fermarci, fare silenzio non solo con le parole ma anche nella mente e ascoltare il nostro cuore","breadcrumb":{"@id":"https:\/\/www.frasicelebri.it\/news\/frasi-di-susanna-tamaro-sul-silenzio\/#breadcrumb"},"inLanguage":"it-IT","potentialAction":[{"@type":"ReadAction","target":["https:\/\/www.frasicelebri.it\/news\/frasi-di-susanna-tamaro-sul-silenzio\/"]}]},{"@type":"ImageObject","inLanguage":"it-IT","@id":"https:\/\/www.frasicelebri.it\/news\/frasi-di-susanna-tamaro-sul-silenzio\/#primaryimage","url":"https:\/\/i0.wp.com\/www.frasicelebri.it\/news\/wp-content\/uploads\/2026\/01\/susanna-tamaro-2.jpg?fit=1200%2C800&ssl=1","contentUrl":"https:\/\/i0.wp.com\/www.frasicelebri.it\/news\/wp-content\/uploads\/2026\/01\/susanna-tamaro-2.jpg?fit=1200%2C800&ssl=1","width":1200,"height":800,"caption":"Frasi di Susanna Tamaro sul silenzio"},{"@type":"BreadcrumbList","@id":"https:\/\/www.frasicelebri.it\/news\/frasi-di-susanna-tamaro-sul-silenzio\/#breadcrumb","itemListElement":[{"@type":"ListItem","position":1,"name":"Home","item":"https:\/\/www.frasicelebri.it\/news\/"},{"@type":"ListItem","position":2,"name":"Frasi di Susanna Tamaro sul silenzio, ottime per far capire a chi ami che deve parlare meno e agire di pi\u00f9: sono magiche"}]},{"@type":"WebSite","@id":"https:\/\/www.frasicelebri.it\/news\/#website","url":"https:\/\/www.frasicelebri.it\/news\/","name":"Frasicelebri.it","description":"News Frasicelebri.it","publisher":{"@id":"https:\/\/www.frasicelebri.it\/news\/#organization"},"potentialAction":[{"@type":"SearchAction","target":{"@type":"EntryPoint","urlTemplate":"https:\/\/www.frasicelebri.it\/news\/?s={search_term_string}"},"query-input":{"@type":"PropertyValueSpecification","valueRequired":true,"valueName":"search_term_string"}}],"inLanguage":"it-IT"},{"@type":"Organization","@id":"https:\/\/www.frasicelebri.it\/news\/#organization","name":"Frasicelebri.it","url":"https:\/\/www.frasicelebri.it\/news\/","logo":{"@type":"ImageObject","inLanguage":"it-IT","@id":"https:\/\/www.frasicelebri.it\/news\/#\/schema\/logo\/image\/","url":"https:\/\/i0.wp.com\/www.frasicelebri.it\/news\/wp-content\/uploads\/2024\/07\/logo-quadrato-drasicelebri.it_.jpg?fit=696%2C696&ssl=1","contentUrl":"https:\/\/i0.wp.com\/www.frasicelebri.it\/news\/wp-content\/uploads\/2024\/07\/logo-quadrato-drasicelebri.it_.jpg?fit=696%2C696&ssl=1","width":696,"height":696,"caption":"Frasicelebri.it"},"image":{"@id":"https:\/\/www.frasicelebri.it\/news\/#\/schema\/logo\/image\/"}},{"@type":"Person","@id":"https:\/\/www.frasicelebri.it\/news\/#\/schema\/person\/87eed277b0405441e405668e9452c547","name":"Sara Bellanza","image":{"@type":"ImageObject","inLanguage":"it-IT","@id":"https:\/\/www.frasicelebri.it\/news\/#\/schema\/person\/image\/","url":"https:\/\/secure.gravatar.com\/avatar\/09a3eae84da984b800b521a167211390?s=96&d=mm&r=g","contentUrl":"https:\/\/secure.gravatar.com\/avatar\/09a3eae84da984b800b521a167211390?s=96&d=mm&r=g","caption":"Sara Bellanza"},"url":"https:\/\/www.frasicelebri.it\/news\/author\/sara\/"}]}},"_links":{"self":[{"href":"https:\/\/www.frasicelebri.it\/news\/wp-json\/wp\/v2\/posts\/42615","targetHints":{"allow":["GET"]}}],"collection":[{"href":"https:\/\/www.frasicelebri.it\/news\/wp-json\/wp\/v2\/posts"}],"about":[{"href":"https:\/\/www.frasicelebri.it\/news\/wp-json\/wp\/v2\/types\/post"}],"author":[{"embeddable":true,"href":"https:\/\/www.frasicelebri.it\/news\/wp-json\/wp\/v2\/users\/14"}],"replies":[{"embeddable":true,"href":"https:\/\/www.frasicelebri.it\/news\/wp-json\/wp\/v2\/comments?post=42615"}],"version-history":[{"count":4,"href":"https:\/\/www.frasicelebri.it\/news\/wp-json\/wp\/v2\/posts\/42615\/revisions"}],"predecessor-version":[{"id":42634,"href":"https:\/\/www.frasicelebri.it\/news\/wp-json\/wp\/v2\/posts\/42615\/revisions\/42634"}],"wp:featuredmedia":[{"embeddable":true,"href":"https:\/\/www.frasicelebri.it\/news\/wp-json\/wp\/v2\/media\/42636"}],"wp:attachment":[{"href":"https:\/\/www.frasicelebri.it\/news\/wp-json\/wp\/v2\/media?parent=42615"}],"wp:term":[{"taxonomy":"category","embeddable":true,"href":"https:\/\/www.frasicelebri.it\/news\/wp-json\/wp\/v2\/categories?post=42615"},{"taxonomy":"post_tag","embeddable":true,"href":"https:\/\/www.frasicelebri.it\/news\/wp-json\/wp\/v2\/tags?post=42615"}],"curies":[{"name":"wp","href":"https:\/\/api.w.org\/{rel}","templated":true}]}}