{"id":42624,"date":"2026-01-25T14:00:50","date_gmt":"2026-01-25T13:00:50","guid":{"rendered":"https:\/\/www.frasicelebri.it\/news\/?p=42624"},"modified":"2026-03-04T16:35:49","modified_gmt":"2026-03-04T15:35:49","slug":"frasi-di-liliana-segre-sui-campi-di-sterminio","status":"publish","type":"post","link":"https:\/\/www.frasicelebri.it\/news\/frasi-di-liliana-segre-sui-campi-di-sterminio\/","title":{"rendered":"Frasi di Liliana Segre sui campi di sterminio, ti faranno passare la voglia di lamentarti per tutto e rinascerai"},"content":{"rendered":"<p><strong>Liliana Segre<\/strong> non \u00e8 soltanto una Senatrice a vita della Repubblica Italiana: \u00e8 una <strong><em>donna sopravvissuta ai c<\/em>ampi di sterminio<\/strong> e, ogni giorno, ci ricorda con forza l\u2019importanza di non dimenticare. La sua vita fu stravolta dalle <strong>leggi razziali fasciste<\/strong> e, da allora, \u00e8 stata segnata da dure sofferenze. Eppure, oggi, a 95 anni, ci dimostra che la volont\u00e0 di andare avanti pu\u00f2 vincere ogni avversit\u00e0 e che, nonostante un passato cos\u00ec doloroso, \u00e8 possibile continuare a impegnarsi affinch\u00e9 tragedie simili non si ripetano mai pi\u00f9.<\/p>\n<figure id=\"attachment_42643\" aria-describedby=\"caption-attachment-42643\" style=\"width: 1190px\" class=\"wp-caption alignnone\"><img data-recalc-dims=\"1\" loading=\"lazy\" decoding=\"async\" class=\"size-full wp-image-42643\" src=\"https:\/\/i0.wp.com\/www.frasicelebri.it\/news\/wp-content\/uploads\/2026\/01\/CAMPI-DI-STERMINIO-AUSHWITZ-Foto-di-Colin-C-Murphy-su-Unsplash.jpg?resize=1200%2C800&#038;ssl=1\" alt=\"Frasi di Liliana Segre sui campi di sterminio\" width=\"1200\" height=\"800\" srcset=\"https:\/\/i0.wp.com\/www.frasicelebri.it\/news\/wp-content\/uploads\/2026\/01\/CAMPI-DI-STERMINIO-AUSHWITZ-Foto-di-Colin-C-Murphy-su-Unsplash.jpg?w=1200&amp;ssl=1 1200w, https:\/\/i0.wp.com\/www.frasicelebri.it\/news\/wp-content\/uploads\/2026\/01\/CAMPI-DI-STERMINIO-AUSHWITZ-Foto-di-Colin-C-Murphy-su-Unsplash.jpg?resize=300%2C200&amp;ssl=1 300w, https:\/\/i0.wp.com\/www.frasicelebri.it\/news\/wp-content\/uploads\/2026\/01\/CAMPI-DI-STERMINIO-AUSHWITZ-Foto-di-Colin-C-Murphy-su-Unsplash.jpg?resize=150%2C100&amp;ssl=1 150w, https:\/\/i0.wp.com\/www.frasicelebri.it\/news\/wp-content\/uploads\/2026\/01\/CAMPI-DI-STERMINIO-AUSHWITZ-Foto-di-Colin-C-Murphy-su-Unsplash.jpg?resize=768%2C512&amp;ssl=1 768w\" sizes=\"auto, (max-width: 1200px) 100vw, 1200px\" \/><figcaption id=\"caption-attachment-42643\" class=\"wp-caption-text\">Foto di Colin C Murphy su Unsplash<\/figcaption><\/figure>\n<h2>Chi \u00e8 Liliana Segre<\/h2>\n<p>Nata a Milano nel 1930, <strong>Liliana Segre<\/strong> era ancora una bambina quando le leggi razziali fasciste sconvolsero la sua vita e quella della sua famiglia. Venne espulsa da scuola semplicemente perch\u00e9 ebrea. Cerc\u00f2 di fuggire insieme al padre, ma entrambi furono arrestati e deportati nel <strong>campo di concentramento di Auschwitz-Birkenau<\/strong>: lei aveva appena tredici anni. Riusc\u00ec a tornare in Italia solo alla fine della <strong>Seconda Guerra Mondiale<\/strong>. Anche dopo la liberazione, la sua vita non fu facile: il ricordo amaro e doloroso di quegli anni continu\u00f2 a pesare su di lei. Solo negli anni Novanta inizi\u00f2 a raccontare la sua esperienza, spinta dalla speranza e dalla volont\u00e0 di<strong> sensibilizzare le nuove generazioni<\/strong>.<\/p>\n<h3>Perch\u00e9 \u00e8 importante coltivare la memoria<\/h3>\n<p>Raccontare l\u2019indicibile, ovvero l\u2019esperienza vissuta da Liliana Segre nel campo di sterminio nazista, \u00e8 fondamentale per <strong>preservare la memoria.\u00a0 <\/strong>Lei stessa racconta:<\/p>\n<blockquote><p>\u201c<em>Chi \u00e8 stato ad Auschwitz ha sentito per anni l\u2019odore di carne bruciata: non te lo togli pi\u00f9 di dosso. E poi rimani sempre quel numero<\/em>.\u201d<\/p><\/blockquote>\n<p>Tra il 1933 e il 1945 la <strong>Germania nazista<\/strong> istitu\u00ec decine di migliaia di <strong>campi di concentramento<\/strong>, dove furono rinchiuse milioni di persone. Non si trattava solo di luoghi di prigionia per nemici reali o presunti, ma di spazi di pura crudelt\u00e0: torture, privazioni, lavori forzati e violenza estrema, in cui <strong>ogni forma di dignit\u00e0 veniva negata<\/strong>. Con l\u2019avvento della \u201csoluzione finale\u201d, questi campi divennero strumenti di sterminio di massa.<\/p>\n<p>Il <strong>27 gennaio<\/strong> ricorre il <strong>Giorno della Memoria<\/strong>, data simbolica che commemora l\u2019abbattimento dei cancelli di Auschwitz nel 1945 da parte dell\u2019Armata Rossa. Eppure, spesso, <strong>rischiamo di dimenticare ci\u00f2 che \u00e8 accaduto<\/strong>. Come ricorda Liliana Segre:<\/p>\n<blockquote><p>\u201c<em>Temo di vivere abbastanza per vedere cose che pensavo la Storia avesse definitivamente bocciato, invece erano solo sopite<\/em>.\u201d<\/p><\/blockquote>\n<h3>E poi c\u2019\u00e8 chi si lamenta di tutto<\/h3>\n<p>Di fronte all\u2019orrore di ci\u00f2 che avvenne durante la Seconda Guerra Mondiale, una delle pagine pi\u00f9 oscure della storia contemporanea, <strong>c\u2019\u00e8 chi si lamenta per qualsiasi cosa<\/strong>, senza riconoscere davvero gli sforzi compiuti per costruire la democrazia in cui oggi viviamo. La senatrice Segre torna a parlare e ricorda con forza che:<\/p>\n<blockquote><p>\u201c<em>Ho paura della perdita della democrazia, perch\u00e9 io so cos\u2019\u00e8 la non democrazia. La democrazia si perde pian piano, nell\u2019indifferenza generale, perch\u00e9 fa comodo non schierarsi<\/em>.\u201d<\/p><\/blockquote>\n<p>Viviamo immersi nel consumismo e ci lamentiamo se non riusciamo a comprare in tempo l\u2019ultimo modello di smartphone, senza renderci conto di <strong>quanto siano effimere queste cose rispetto alla bellezza della libert\u00e0<\/strong>:<\/p>\n<blockquote><p>\u201c<em>La bellezza, il consumismo, il successo, l\u2019essere qualcuno sono diventati idoli. Poi gli idoli cadono e nel vuoto tornano parole antiche<\/em>.\u201d<\/p><\/blockquote>\n<h3>Frasi di Liliana Segre sui campi di sterminio<\/h3>\n<ol>\n<li><em><strong>\u201cNel 1944, quando fummo deportati a Birkenau, ero una ragazza di quattordici anni, stupita dall&#8217;orrore e dalla cattiveria. Sprofondata nella solitudine, nel freddo e nella fame. Non capivo neanche dove mi avessero portato: nessuno allora sapeva di Auschwitz.\u201d<\/strong><\/em><\/li>\n<li><em><strong>\u201cNon mandate i figli in gita ai campi di sterminio. L\u00ec si va in pellegrinaggio. Sono posti da visitare con gli occhi bassi, meglio in inverno con vestiti leggeri, senza mangiare il giorno prima, avendo fame per qualche ora.\u201d<\/strong><\/em><\/li>\n<\/ol>\n<p>Leggi altre <a href=\"https:\/\/www.frasicelebri.it\/frasi-di\/liliana-segre\/\" target=\"_blank\" rel=\"noopener\">frasi celebri di Liliana Segre<\/a> e le <a href=\"https:\/\/www.frasicelebri.it\/ricerca-frasi\/?q=campi+di+sterminio\" target=\"_blank\" rel=\"noopener\">frasi celebri sui campi di sterminio<\/a><\/p>\n","protected":false},"excerpt":{"rendered":"<p>Liliana Segre non \u00e8 soltanto una Senatrice a vita della Repubblica Italiana: \u00e8 una donna sopravvissuta ai campi di sterminio e, ogni giorno, ci ricorda &#8230; <a title=\"Frasi di Liliana Segre sui campi di sterminio, ti faranno passare la voglia di lamentarti per tutto e rinascerai\" class=\"read-more\" href=\"https:\/\/www.frasicelebri.it\/news\/frasi-di-liliana-segre-sui-campi-di-sterminio\/\" aria-label=\"More on Frasi di Liliana Segre sui campi di sterminio, ti faranno passare la voglia di lamentarti per tutto e rinascerai\">Leggi tutto<\/a><\/p>\n","protected":false},"author":14,"featured_media":42643,"comment_status":"closed","ping_status":"closed","sticky":false,"template":"","format":"standard","meta":{"footnotes":""},"categories":[42],"tags":[1704,1705],"class_list":["post-42624","post","type-post","status-publish","format-standard","has-post-thumbnail","hentry","category-lifestyle","tag-frasi-sui-campi-di-sterminio","tag-liliana-segre"],"yoast_head":"<!-- This site is optimized with the Yoast SEO plugin v25.2 - https:\/\/yoast.com\/wordpress\/plugins\/seo\/ -->\n<title>Frasi di Liliana Segre sui campi di sterminio, ti faranno passare la voglia di lamentarti per tutto e rinascerai-Frasicelebri.it<\/title>\n<meta name=\"description\" content=\"Oggi ci si lamenta di tutto, ignorando cosa si \u00e8 vissuto nella Seconda Guerra Mondiale e quanto sia prezioso ci\u00f2 che abbiamo\" \/>\n<meta name=\"robots\" content=\"index, follow, max-snippet:-1, max-image-preview:large, max-video-preview:-1\" \/>\n<link rel=\"canonical\" href=\"https:\/\/www.frasicelebri.it\/news\/frasi-di-liliana-segre-sui-campi-di-sterminio\/\" \/>\n<meta property=\"og:locale\" content=\"it_IT\" \/>\n<meta property=\"og:type\" content=\"article\" \/>\n<meta property=\"og:title\" content=\"Frasi di Liliana Segre sui campi di sterminio, ti faranno passare la voglia di lamentarti per tutto e rinascerai-Frasicelebri.it\" \/>\n<meta property=\"og:description\" content=\"Oggi ci si lamenta di tutto, ignorando cosa si \u00e8 vissuto nella Seconda Guerra Mondiale e quanto sia prezioso ci\u00f2 che abbiamo\" \/>\n<meta property=\"og:url\" content=\"https:\/\/www.frasicelebri.it\/news\/frasi-di-liliana-segre-sui-campi-di-sterminio\/\" \/>\n<meta property=\"og:site_name\" content=\"Frasicelebri.it\" \/>\n<meta property=\"article:published_time\" content=\"2026-01-25T13:00:50+00:00\" \/>\n<meta property=\"article:modified_time\" content=\"2026-03-04T15:35:49+00:00\" \/>\n<meta property=\"og:image\" content=\"https:\/\/www.frasicelebri.it\/news\/wp-content\/uploads\/2026\/01\/CAMPI-DI-STERMINIO-AUSHWITZ-Foto-di-Colin-C-Murphy-su-Unsplash.jpg\" \/>\n\t<meta property=\"og:image:width\" content=\"1200\" \/>\n\t<meta property=\"og:image:height\" content=\"800\" \/>\n\t<meta property=\"og:image:type\" content=\"image\/jpeg\" \/>\n<meta name=\"author\" content=\"Sara Bellanza\" \/>\n<meta name=\"twitter:card\" content=\"summary_large_image\" \/>\n<meta name=\"twitter:label1\" content=\"Scritto da\" \/>\n\t<meta name=\"twitter:data1\" content=\"Sara Bellanza\" \/>\n\t<meta name=\"twitter:label2\" content=\"Tempo di lettura stimato\" \/>\n\t<meta name=\"twitter:data2\" content=\"4 minuti\" \/>\n<script type=\"application\/ld+json\" class=\"yoast-schema-graph\">{\"@context\":\"https:\/\/schema.org\",\"@graph\":[{\"@type\":\"Article\",\"@id\":\"https:\/\/www.frasicelebri.it\/news\/frasi-di-liliana-segre-sui-campi-di-sterminio\/#article\",\"isPartOf\":{\"@id\":\"https:\/\/www.frasicelebri.it\/news\/frasi-di-liliana-segre-sui-campi-di-sterminio\/\"},\"author\":{\"name\":\"Sara Bellanza\",\"@id\":\"https:\/\/www.frasicelebri.it\/news\/#\/schema\/person\/87eed277b0405441e405668e9452c547\"},\"headline\":\"Frasi di Liliana Segre sui campi di sterminio, ti faranno passare la voglia di lamentarti per tutto e rinascerai\",\"datePublished\":\"2026-01-25T13:00:50+00:00\",\"dateModified\":\"2026-03-04T15:35:49+00:00\",\"mainEntityOfPage\":{\"@id\":\"https:\/\/www.frasicelebri.it\/news\/frasi-di-liliana-segre-sui-campi-di-sterminio\/\"},\"wordCount\":648,\"publisher\":{\"@id\":\"https:\/\/www.frasicelebri.it\/news\/#organization\"},\"image\":{\"@id\":\"https:\/\/www.frasicelebri.it\/news\/frasi-di-liliana-segre-sui-campi-di-sterminio\/#primaryimage\"},\"thumbnailUrl\":\"https:\/\/i0.wp.com\/www.frasicelebri.it\/news\/wp-content\/uploads\/2026\/01\/CAMPI-DI-STERMINIO-AUSHWITZ-Foto-di-Colin-C-Murphy-su-Unsplash.jpg?fit=1200%2C800&ssl=1\",\"keywords\":[\"Frasi sui campi di sterminio\",\"Liliana Segre\"],\"articleSection\":[\"LifeStyle\"],\"inLanguage\":\"it-IT\"},{\"@type\":\"WebPage\",\"@id\":\"https:\/\/www.frasicelebri.it\/news\/frasi-di-liliana-segre-sui-campi-di-sterminio\/\",\"url\":\"https:\/\/www.frasicelebri.it\/news\/frasi-di-liliana-segre-sui-campi-di-sterminio\/\",\"name\":\"Frasi di Liliana Segre sui campi di sterminio, ti faranno passare la voglia di lamentarti per tutto e rinascerai-Frasicelebri.it\",\"isPartOf\":{\"@id\":\"https:\/\/www.frasicelebri.it\/news\/#website\"},\"primaryImageOfPage\":{\"@id\":\"https:\/\/www.frasicelebri.it\/news\/frasi-di-liliana-segre-sui-campi-di-sterminio\/#primaryimage\"},\"image\":{\"@id\":\"https:\/\/www.frasicelebri.it\/news\/frasi-di-liliana-segre-sui-campi-di-sterminio\/#primaryimage\"},\"thumbnailUrl\":\"https:\/\/i0.wp.com\/www.frasicelebri.it\/news\/wp-content\/uploads\/2026\/01\/CAMPI-DI-STERMINIO-AUSHWITZ-Foto-di-Colin-C-Murphy-su-Unsplash.jpg?fit=1200%2C800&ssl=1\",\"datePublished\":\"2026-01-25T13:00:50+00:00\",\"dateModified\":\"2026-03-04T15:35:49+00:00\",\"description\":\"Oggi ci si lamenta di tutto, ignorando cosa si \u00e8 vissuto nella Seconda Guerra Mondiale e quanto sia prezioso ci\u00f2 che abbiamo\",\"breadcrumb\":{\"@id\":\"https:\/\/www.frasicelebri.it\/news\/frasi-di-liliana-segre-sui-campi-di-sterminio\/#breadcrumb\"},\"inLanguage\":\"it-IT\",\"potentialAction\":[{\"@type\":\"ReadAction\",\"target\":[\"https:\/\/www.frasicelebri.it\/news\/frasi-di-liliana-segre-sui-campi-di-sterminio\/\"]}]},{\"@type\":\"ImageObject\",\"inLanguage\":\"it-IT\",\"@id\":\"https:\/\/www.frasicelebri.it\/news\/frasi-di-liliana-segre-sui-campi-di-sterminio\/#primaryimage\",\"url\":\"https:\/\/i0.wp.com\/www.frasicelebri.it\/news\/wp-content\/uploads\/2026\/01\/CAMPI-DI-STERMINIO-AUSHWITZ-Foto-di-Colin-C-Murphy-su-Unsplash.jpg?fit=1200%2C800&ssl=1\",\"contentUrl\":\"https:\/\/i0.wp.com\/www.frasicelebri.it\/news\/wp-content\/uploads\/2026\/01\/CAMPI-DI-STERMINIO-AUSHWITZ-Foto-di-Colin-C-Murphy-su-Unsplash.jpg?fit=1200%2C800&ssl=1\",\"width\":1200,\"height\":800,\"caption\":\"Foto di Colin C Murphy su Unsplash\"},{\"@type\":\"BreadcrumbList\",\"@id\":\"https:\/\/www.frasicelebri.it\/news\/frasi-di-liliana-segre-sui-campi-di-sterminio\/#breadcrumb\",\"itemListElement\":[{\"@type\":\"ListItem\",\"position\":1,\"name\":\"Home\",\"item\":\"https:\/\/www.frasicelebri.it\/news\/\"},{\"@type\":\"ListItem\",\"position\":2,\"name\":\"Frasi di Liliana Segre sui campi di sterminio, ti faranno passare la voglia di lamentarti per tutto e rinascerai\"}]},{\"@type\":\"WebSite\",\"@id\":\"https:\/\/www.frasicelebri.it\/news\/#website\",\"url\":\"https:\/\/www.frasicelebri.it\/news\/\",\"name\":\"Frasicelebri.it\",\"description\":\"News Frasicelebri.it\",\"publisher\":{\"@id\":\"https:\/\/www.frasicelebri.it\/news\/#organization\"},\"potentialAction\":[{\"@type\":\"SearchAction\",\"target\":{\"@type\":\"EntryPoint\",\"urlTemplate\":\"https:\/\/www.frasicelebri.it\/news\/?s={search_term_string}\"},\"query-input\":{\"@type\":\"PropertyValueSpecification\",\"valueRequired\":true,\"valueName\":\"search_term_string\"}}],\"inLanguage\":\"it-IT\"},{\"@type\":\"Organization\",\"@id\":\"https:\/\/www.frasicelebri.it\/news\/#organization\",\"name\":\"Frasicelebri.it\",\"url\":\"https:\/\/www.frasicelebri.it\/news\/\",\"logo\":{\"@type\":\"ImageObject\",\"inLanguage\":\"it-IT\",\"@id\":\"https:\/\/www.frasicelebri.it\/news\/#\/schema\/logo\/image\/\",\"url\":\"https:\/\/i0.wp.com\/www.frasicelebri.it\/news\/wp-content\/uploads\/2024\/07\/logo-quadrato-drasicelebri.it_.jpg?fit=696%2C696&ssl=1\",\"contentUrl\":\"https:\/\/i0.wp.com\/www.frasicelebri.it\/news\/wp-content\/uploads\/2024\/07\/logo-quadrato-drasicelebri.it_.jpg?fit=696%2C696&ssl=1\",\"width\":696,\"height\":696,\"caption\":\"Frasicelebri.it\"},\"image\":{\"@id\":\"https:\/\/www.frasicelebri.it\/news\/#\/schema\/logo\/image\/\"}},{\"@type\":\"Person\",\"@id\":\"https:\/\/www.frasicelebri.it\/news\/#\/schema\/person\/87eed277b0405441e405668e9452c547\",\"name\":\"Sara Bellanza\",\"image\":{\"@type\":\"ImageObject\",\"inLanguage\":\"it-IT\",\"@id\":\"https:\/\/www.frasicelebri.it\/news\/#\/schema\/person\/image\/\",\"url\":\"https:\/\/secure.gravatar.com\/avatar\/09a3eae84da984b800b521a167211390?s=96&d=mm&r=g\",\"contentUrl\":\"https:\/\/secure.gravatar.com\/avatar\/09a3eae84da984b800b521a167211390?s=96&d=mm&r=g\",\"caption\":\"Sara Bellanza\"},\"url\":\"https:\/\/www.frasicelebri.it\/news\/author\/sara\/\"}]}<\/script>\n<!-- \/ Yoast SEO plugin. -->","yoast_head_json":{"title":"Frasi di Liliana Segre sui campi di sterminio, ti faranno passare la voglia di lamentarti per tutto e rinascerai-Frasicelebri.it","description":"Oggi ci si lamenta di tutto, ignorando cosa si \u00e8 vissuto nella Seconda Guerra Mondiale e quanto sia prezioso ci\u00f2 che abbiamo","robots":{"index":"index","follow":"follow","max-snippet":"max-snippet:-1","max-image-preview":"max-image-preview:large","max-video-preview":"max-video-preview:-1"},"canonical":"https:\/\/www.frasicelebri.it\/news\/frasi-di-liliana-segre-sui-campi-di-sterminio\/","og_locale":"it_IT","og_type":"article","og_title":"Frasi di Liliana Segre sui campi di sterminio, ti faranno passare la voglia di lamentarti per tutto e rinascerai-Frasicelebri.it","og_description":"Oggi ci si lamenta di tutto, ignorando cosa si \u00e8 vissuto nella Seconda Guerra Mondiale e quanto sia prezioso ci\u00f2 che abbiamo","og_url":"https:\/\/www.frasicelebri.it\/news\/frasi-di-liliana-segre-sui-campi-di-sterminio\/","og_site_name":"Frasicelebri.it","article_published_time":"2026-01-25T13:00:50+00:00","article_modified_time":"2026-03-04T15:35:49+00:00","og_image":[{"width":1200,"height":800,"url":"https:\/\/www.frasicelebri.it\/news\/wp-content\/uploads\/2026\/01\/CAMPI-DI-STERMINIO-AUSHWITZ-Foto-di-Colin-C-Murphy-su-Unsplash.jpg","type":"image\/jpeg"}],"author":"Sara Bellanza","twitter_card":"summary_large_image","twitter_misc":{"Scritto da":"Sara Bellanza","Tempo di lettura stimato":"4 minuti"},"schema":{"@context":"https:\/\/schema.org","@graph":[{"@type":"Article","@id":"https:\/\/www.frasicelebri.it\/news\/frasi-di-liliana-segre-sui-campi-di-sterminio\/#article","isPartOf":{"@id":"https:\/\/www.frasicelebri.it\/news\/frasi-di-liliana-segre-sui-campi-di-sterminio\/"},"author":{"name":"Sara Bellanza","@id":"https:\/\/www.frasicelebri.it\/news\/#\/schema\/person\/87eed277b0405441e405668e9452c547"},"headline":"Frasi di Liliana Segre sui campi di sterminio, ti faranno passare la voglia di lamentarti per tutto e rinascerai","datePublished":"2026-01-25T13:00:50+00:00","dateModified":"2026-03-04T15:35:49+00:00","mainEntityOfPage":{"@id":"https:\/\/www.frasicelebri.it\/news\/frasi-di-liliana-segre-sui-campi-di-sterminio\/"},"wordCount":648,"publisher":{"@id":"https:\/\/www.frasicelebri.it\/news\/#organization"},"image":{"@id":"https:\/\/www.frasicelebri.it\/news\/frasi-di-liliana-segre-sui-campi-di-sterminio\/#primaryimage"},"thumbnailUrl":"https:\/\/i0.wp.com\/www.frasicelebri.it\/news\/wp-content\/uploads\/2026\/01\/CAMPI-DI-STERMINIO-AUSHWITZ-Foto-di-Colin-C-Murphy-su-Unsplash.jpg?fit=1200%2C800&ssl=1","keywords":["Frasi sui campi di sterminio","Liliana Segre"],"articleSection":["LifeStyle"],"inLanguage":"it-IT"},{"@type":"WebPage","@id":"https:\/\/www.frasicelebri.it\/news\/frasi-di-liliana-segre-sui-campi-di-sterminio\/","url":"https:\/\/www.frasicelebri.it\/news\/frasi-di-liliana-segre-sui-campi-di-sterminio\/","name":"Frasi di Liliana Segre sui campi di sterminio, ti faranno passare la voglia di lamentarti per tutto e rinascerai-Frasicelebri.it","isPartOf":{"@id":"https:\/\/www.frasicelebri.it\/news\/#website"},"primaryImageOfPage":{"@id":"https:\/\/www.frasicelebri.it\/news\/frasi-di-liliana-segre-sui-campi-di-sterminio\/#primaryimage"},"image":{"@id":"https:\/\/www.frasicelebri.it\/news\/frasi-di-liliana-segre-sui-campi-di-sterminio\/#primaryimage"},"thumbnailUrl":"https:\/\/i0.wp.com\/www.frasicelebri.it\/news\/wp-content\/uploads\/2026\/01\/CAMPI-DI-STERMINIO-AUSHWITZ-Foto-di-Colin-C-Murphy-su-Unsplash.jpg?fit=1200%2C800&ssl=1","datePublished":"2026-01-25T13:00:50+00:00","dateModified":"2026-03-04T15:35:49+00:00","description":"Oggi ci si lamenta di tutto, ignorando cosa si \u00e8 vissuto nella Seconda Guerra Mondiale e quanto sia prezioso ci\u00f2 che abbiamo","breadcrumb":{"@id":"https:\/\/www.frasicelebri.it\/news\/frasi-di-liliana-segre-sui-campi-di-sterminio\/#breadcrumb"},"inLanguage":"it-IT","potentialAction":[{"@type":"ReadAction","target":["https:\/\/www.frasicelebri.it\/news\/frasi-di-liliana-segre-sui-campi-di-sterminio\/"]}]},{"@type":"ImageObject","inLanguage":"it-IT","@id":"https:\/\/www.frasicelebri.it\/news\/frasi-di-liliana-segre-sui-campi-di-sterminio\/#primaryimage","url":"https:\/\/i0.wp.com\/www.frasicelebri.it\/news\/wp-content\/uploads\/2026\/01\/CAMPI-DI-STERMINIO-AUSHWITZ-Foto-di-Colin-C-Murphy-su-Unsplash.jpg?fit=1200%2C800&ssl=1","contentUrl":"https:\/\/i0.wp.com\/www.frasicelebri.it\/news\/wp-content\/uploads\/2026\/01\/CAMPI-DI-STERMINIO-AUSHWITZ-Foto-di-Colin-C-Murphy-su-Unsplash.jpg?fit=1200%2C800&ssl=1","width":1200,"height":800,"caption":"Foto di Colin C Murphy su Unsplash"},{"@type":"BreadcrumbList","@id":"https:\/\/www.frasicelebri.it\/news\/frasi-di-liliana-segre-sui-campi-di-sterminio\/#breadcrumb","itemListElement":[{"@type":"ListItem","position":1,"name":"Home","item":"https:\/\/www.frasicelebri.it\/news\/"},{"@type":"ListItem","position":2,"name":"Frasi di Liliana Segre sui campi di sterminio, ti faranno passare la voglia di lamentarti per tutto e rinascerai"}]},{"@type":"WebSite","@id":"https:\/\/www.frasicelebri.it\/news\/#website","url":"https:\/\/www.frasicelebri.it\/news\/","name":"Frasicelebri.it","description":"News Frasicelebri.it","publisher":{"@id":"https:\/\/www.frasicelebri.it\/news\/#organization"},"potentialAction":[{"@type":"SearchAction","target":{"@type":"EntryPoint","urlTemplate":"https:\/\/www.frasicelebri.it\/news\/?s={search_term_string}"},"query-input":{"@type":"PropertyValueSpecification","valueRequired":true,"valueName":"search_term_string"}}],"inLanguage":"it-IT"},{"@type":"Organization","@id":"https:\/\/www.frasicelebri.it\/news\/#organization","name":"Frasicelebri.it","url":"https:\/\/www.frasicelebri.it\/news\/","logo":{"@type":"ImageObject","inLanguage":"it-IT","@id":"https:\/\/www.frasicelebri.it\/news\/#\/schema\/logo\/image\/","url":"https:\/\/i0.wp.com\/www.frasicelebri.it\/news\/wp-content\/uploads\/2024\/07\/logo-quadrato-drasicelebri.it_.jpg?fit=696%2C696&ssl=1","contentUrl":"https:\/\/i0.wp.com\/www.frasicelebri.it\/news\/wp-content\/uploads\/2024\/07\/logo-quadrato-drasicelebri.it_.jpg?fit=696%2C696&ssl=1","width":696,"height":696,"caption":"Frasicelebri.it"},"image":{"@id":"https:\/\/www.frasicelebri.it\/news\/#\/schema\/logo\/image\/"}},{"@type":"Person","@id":"https:\/\/www.frasicelebri.it\/news\/#\/schema\/person\/87eed277b0405441e405668e9452c547","name":"Sara Bellanza","image":{"@type":"ImageObject","inLanguage":"it-IT","@id":"https:\/\/www.frasicelebri.it\/news\/#\/schema\/person\/image\/","url":"https:\/\/secure.gravatar.com\/avatar\/09a3eae84da984b800b521a167211390?s=96&d=mm&r=g","contentUrl":"https:\/\/secure.gravatar.com\/avatar\/09a3eae84da984b800b521a167211390?s=96&d=mm&r=g","caption":"Sara Bellanza"},"url":"https:\/\/www.frasicelebri.it\/news\/author\/sara\/"}]}},"_links":{"self":[{"href":"https:\/\/www.frasicelebri.it\/news\/wp-json\/wp\/v2\/posts\/42624","targetHints":{"allow":["GET"]}}],"collection":[{"href":"https:\/\/www.frasicelebri.it\/news\/wp-json\/wp\/v2\/posts"}],"about":[{"href":"https:\/\/www.frasicelebri.it\/news\/wp-json\/wp\/v2\/types\/post"}],"author":[{"embeddable":true,"href":"https:\/\/www.frasicelebri.it\/news\/wp-json\/wp\/v2\/users\/14"}],"replies":[{"embeddable":true,"href":"https:\/\/www.frasicelebri.it\/news\/wp-json\/wp\/v2\/comments?post=42624"}],"version-history":[{"count":4,"href":"https:\/\/www.frasicelebri.it\/news\/wp-json\/wp\/v2\/posts\/42624\/revisions"}],"predecessor-version":[{"id":42642,"href":"https:\/\/www.frasicelebri.it\/news\/wp-json\/wp\/v2\/posts\/42624\/revisions\/42642"}],"wp:featuredmedia":[{"embeddable":true,"href":"https:\/\/www.frasicelebri.it\/news\/wp-json\/wp\/v2\/media\/42643"}],"wp:attachment":[{"href":"https:\/\/www.frasicelebri.it\/news\/wp-json\/wp\/v2\/media?parent=42624"}],"wp:term":[{"taxonomy":"category","embeddable":true,"href":"https:\/\/www.frasicelebri.it\/news\/wp-json\/wp\/v2\/categories?post=42624"},{"taxonomy":"post_tag","embeddable":true,"href":"https:\/\/www.frasicelebri.it\/news\/wp-json\/wp\/v2\/tags?post=42624"}],"curies":[{"name":"wp","href":"https:\/\/api.w.org\/{rel}","templated":true}]}}