{"id":42706,"date":"2026-01-23T06:00:29","date_gmt":"2026-01-23T05:00:29","guid":{"rendered":"https:\/\/www.frasicelebri.it\/news\/?p=42706"},"modified":"2026-01-21T11:21:18","modified_gmt":"2026-01-21T10:21:18","slug":"la-frase-di-pascal-che-ci-spiega-perche-ci-sentiamo-inquieti-e-infelici","status":"publish","type":"post","link":"https:\/\/www.frasicelebri.it\/news\/la-frase-di-pascal-che-ci-spiega-perche-ci-sentiamo-inquieti-e-infelici\/","title":{"rendered":"La frase di Pascal che ci spiega perch\u00e9 ci sentiamo inquieti e infelici: &#8220;Non sappiamo restare tranquilli in una stanza&#8221;"},"content":{"rendered":"<p>Se c\u2019\u00e8 qualcuno che poteva capire la nostra incapacit\u00e0 di fermarci, quello \u00e8 <strong>Blaise Pascal<\/strong>. Filosofo, matematico e pensatore del Seicento, Pascal aveva intuito un punto cruciale della nostra esistenza: il nodo che ancora oggi ci fa correre come criceti su una ruota. La frase con cui ci ha lasciato una lezione immortale \u00e8 questa:<\/p>\n<blockquote><p>&#8220;<em>Tutta l\u2019infelicit\u00e0 degli uomini viene da una sola cosa: non saper restare tranquilli in una stanza<\/em>.&#8221;<\/p><\/blockquote>\n<p>Ma cosa voleva dire davvero? E perch\u00e9, ancora oggi, ci parla cos\u00ec da vicino?<\/p>\n<figure id=\"attachment_42707\" aria-describedby=\"caption-attachment-42707\" style=\"width: 1190px\" class=\"wp-caption alignnone\"><img data-recalc-dims=\"1\" loading=\"lazy\" decoding=\"async\" class=\"size-full wp-image-42707\" src=\"https:\/\/i0.wp.com\/www.frasicelebri.it\/news\/wp-content\/uploads\/2026\/01\/tristezza-infelicita-Foto-di-Anthony-Tran-su-Unsplash.jpg?resize=1200%2C800&#038;ssl=1\" alt=\"frase di Pascal che ci spiega perch\u00e9 ci sentiamo inquieti\" width=\"1200\" height=\"800\" srcset=\"https:\/\/i0.wp.com\/www.frasicelebri.it\/news\/wp-content\/uploads\/2026\/01\/tristezza-infelicita-Foto-di-Anthony-Tran-su-Unsplash.jpg?w=1200&amp;ssl=1 1200w, https:\/\/i0.wp.com\/www.frasicelebri.it\/news\/wp-content\/uploads\/2026\/01\/tristezza-infelicita-Foto-di-Anthony-Tran-su-Unsplash.jpg?resize=300%2C200&amp;ssl=1 300w, https:\/\/i0.wp.com\/www.frasicelebri.it\/news\/wp-content\/uploads\/2026\/01\/tristezza-infelicita-Foto-di-Anthony-Tran-su-Unsplash.jpg?resize=150%2C100&amp;ssl=1 150w, https:\/\/i0.wp.com\/www.frasicelebri.it\/news\/wp-content\/uploads\/2026\/01\/tristezza-infelicita-Foto-di-Anthony-Tran-su-Unsplash.jpg?resize=768%2C512&amp;ssl=1 768w\" sizes=\"auto, (max-width: 1200px) 100vw, 1200px\" \/><figcaption id=\"caption-attachment-42707\" class=\"wp-caption-text\">Foto di Anthony Tran su Unsplash<\/figcaption><\/figure>\n<h2>L\u2019infelicit\u00e0 nascosta nel silenzio<\/h2>\n<p>Sembra semplice, ma se ci pensi, \u00e8 devastante: <strong>tutta la nostra infelicit\u00e0 concentrata in un solo piccolo gesto mancato. Stare tranquilli, fermi, senza distrazioni<\/strong>. Pascal non parlava solo di noia o solitudine. No, il punto \u00e8 pi\u00f9 profondo. <strong>L\u2019uomo ha paura del silenzio<\/strong>, e questa paura lo spinge a correre, a riempire ogni vuoto, a distrarsi con impegni, schermi e chiacchiere inutili, proprio per non incontrare ci\u00f2 che c\u2019\u00e8 dentro di lui.<\/p>\n<p>Il concetto di &#8220;<em>restare in una stanza<\/em>&#8221; \u00e8 simbolico. Non \u00e8 tanto il luogo fisico quanto lo spazio mentale dove emergono pensieri ed emozioni che di solito cerchiamo di ignorare. <strong>Fermarsi \u00e8 difficile perch\u00e9 ci costringe a guardare noi stessi negli occhi, senza filtri<\/strong>. Il silenzio diventa un\u2019occasione scomoda: ci costringe a fare i conti con l\u2019incertezza e con i limiti personali. E allora meglio correre, meglio muoversi, meglio non pensare.<\/p>\n<h3>Pascal e la fuga dall\u2019inquietudine<\/h3>\n<p>Pascal aveva gi\u00e0 capito quello che la psicologia moderna conferma: <strong>l\u2019inquietudine non nasce dal desiderio di attivit\u00e0, ma dalla fuga dal silenzio<\/strong>. L\u2019uomo si agita non perch\u00e9 ama muoversi, ma perch\u00e9 teme di affrontare se stesso. Quando ci fermiamo, emergono dubbi e paure, la consapevolezza di non avere sempre una risposta. Ed \u00e8 questo, secondo Pascal, il cuore della nostra infelicit\u00e0.<\/p>\n<p>In altre parole, <strong>la nostra corsa continua \u00e8 spesso una scusa per non ascoltare il vuoto dentro di noi<\/strong>. La frase sulla stanza diventa allora un faro: ci dice che il vero problema non \u00e8 il mondo esterno, ma <strong>la nostra incapacit\u00e0 di stare soli con noi stessi<\/strong>.<\/p>\n<h3>Perch\u00e9 il silenzio ci fa paura<\/h3>\n<p>Questa frase pu\u00f2 aiutarci oggi perch\u00e9 ci spiega esattamente cosa ci mette in difficolt\u00e0: il silenzio. In un mondo pieno di stimoli continui, fermarsi \u00e8 quasi un atto rivoluzionario. La maggior parte di noi riempie ogni momento libero di rumore, per non sentire quel piccolo vuoto dentro. Eppure, Pascal ci invita a fare il contrario. Restare tranquilli, anche solo per pochi minuti, non \u00e8 una punizione, ma un\u2019opportunit\u00e0. Ci insegna ad ascoltarci, a dare spazio ai nostri pensieri e, s\u00ec, a capire cosa ci rende infelici.<\/p>\n<h3>La lezione semplice e potente di Pascal<\/h3>\n<p>Pascal non propone ricette complicate, non ci d\u00e0 elenchi di esercizi di mindfulness o di strategie di produttivit\u00e0. Ci offre qualcosa di molto pi\u00f9 semplice e potente: <strong>la possibilit\u00e0 di stare fermi e ascoltare noi stessi<\/strong>. E ci fa capire che spesso l\u2019infelicit\u00e0 nasce proprio dal rifiuto di farlo. Restare immobili, osservare il silenzio, respirare: sembra banale, eppure \u00e8 rivoluzionario.<\/p>\n<p>Il filosofo ci regala una piccola libert\u00e0: imparare a stare soli con i propri pensieri non \u00e8 una condanna, \u00e8 un allenamento alla consapevolezza. \u00c8 un invito a scoprire che <strong>dentro di noi c\u2019\u00e8 spazio per la tranquillit\u00e0, per la riflessione, per la felicit\u00e0<\/strong>.<\/p>\n<h3>Fermarsi per trovare la felicit\u00e0<\/h3>\n<p>Se guardiamo al mondo moderno, l\u2019intuizione di Pascal sembra quasi profetica. Smartphone, notifiche, riunioni infinite: tutto serve a non sentire il vuoto dentro. Quando finalmente il silenzio arriva, ci sentiamo a disagio, ansiosi, persino infelici. La frase di Pascal diventa allora una lente per capire noi stessi: la nostra infelicit\u00e0 non \u00e8 tanto negli eventi esterni, quanto nella nostra incapacit\u00e0 di restare fermi e accettare ci\u00f2 che sentiamo.<\/p>\n<p>In fondo, Pascal ci insegna che <strong>il primo passo verso la felicit\u00e0 non \u00e8 cambiare il mondo, ma imparare a stare fermi e a conoscerci davvero<\/strong>. Perch\u00e9, a volte, tutto ci\u00f2 di cui abbiamo bisogno \u00e8 smettere di correre e respirare.<\/p>\n<h3>Frasi di Pascal sull\u2019infelicit\u00e0<\/h3>\n<ol>\n<li><strong>&#8220;<em>Tutta l\u2019infelicit\u00e0 degli uomini proviene da una sola cosa: dal non saper restare tranquilli in una stanza<\/em>.&#8221;<\/strong><\/li>\n<li><strong>&#8220;<em>L\u2019uomo \u00e8 visibilmente fatto per pensare: \u00e8 tutta la sua dignit\u00e0 e tutto il suo merito; e tutto il suo dovere \u00e8 pensare come si deve<\/em>.&#8221;<\/strong><\/li>\n<li><strong>&#8220;<em>Cerchiamo il riposo nella lotta e, se lo otteniamo, il riposo diventa insopportabile<\/em>.&#8221;<\/strong><\/li>\n<li><strong>&#8220;<em>L\u2019uomo non sa vivere nel presente, ma rimpiange il passato o anticipa il futuro<\/em>.&#8221;<\/strong><\/li>\n<li><strong>&#8220;<em>Non sapendo che cosa sia la vera felicit\u00e0, l\u2019uomo la cerca ovunque, e non la trova da nessuna parte<\/em>.&#8221;<\/strong><\/li>\n<\/ol>\n<p>leggi altre <a href=\"https:\/\/www.frasicelebri.it\/ricerca-frasi\/?q=blaise+pascal\">frasi celebri di Blaise Pascal<\/a> e le <a href=\"https:\/\/www.frasicelebri.it\/ricerca-frasi\/?q=infelicit%C3%A0\">frasi celebri sull\u2019infelicit\u00e0<\/a><\/p>\n","protected":false},"excerpt":{"rendered":"<p>Se c\u2019\u00e8 qualcuno che poteva capire la nostra incapacit\u00e0 di fermarci, quello \u00e8 Blaise Pascal. Filosofo, matematico e pensatore del Seicento, Pascal aveva intuito un &#8230; <a title=\"La frase di Pascal che ci spiega perch\u00e9 ci sentiamo inquieti e infelici: &#8220;Non sappiamo restare tranquilli in una stanza&#8221;\" class=\"read-more\" href=\"https:\/\/www.frasicelebri.it\/news\/la-frase-di-pascal-che-ci-spiega-perche-ci-sentiamo-inquieti-e-infelici\/\" aria-label=\"More on La frase di Pascal che ci spiega perch\u00e9 ci sentiamo inquieti e infelici: &#8220;Non sappiamo restare tranquilli in una stanza&#8221;\">Leggi tutto<\/a><\/p>\n","protected":false},"author":12,"featured_media":42707,"comment_status":"closed","ping_status":"closed","sticky":false,"template":"","format":"standard","meta":{"footnotes":""},"categories":[42],"tags":[1712,1311,1711,1081],"class_list":["post-42706","post","type-post","status-publish","format-standard","has-post-thumbnail","hentry","category-lifestyle","tag-blaise-pascal","tag-frasi-sullinfelicita","tag-frasi-sullinquetudine","tag-frasi-sulla-solitudine"],"yoast_head":"<!-- This site is optimized with the Yoast SEO plugin v25.2 - https:\/\/yoast.com\/wordpress\/plugins\/seo\/ -->\n<title>La frase di Pascal che ci spiega perch\u00e9 ci sentiamo inquieti e infelici: &quot;Non sappiamo restare tranquilli in una stanza&quot; - Frasicelebri.it<\/title>\n<meta name=\"description\" content=\"Scoprire perch\u00e9 restare fermi pu\u00f2 renderci pi\u00f9 felici secondo il filosofo che gi\u00e0 nel Seicento parlava di inquietudine\" \/>\n<meta name=\"robots\" content=\"index, follow, max-snippet:-1, max-image-preview:large, max-video-preview:-1\" \/>\n<link rel=\"canonical\" href=\"https:\/\/www.frasicelebri.it\/news\/la-frase-di-pascal-che-ci-spiega-perche-ci-sentiamo-inquieti-e-infelici\/\" \/>\n<meta property=\"og:locale\" content=\"it_IT\" \/>\n<meta property=\"og:type\" content=\"article\" \/>\n<meta property=\"og:title\" content=\"La frase di Pascal che ci spiega perch\u00e9 ci sentiamo inquieti e infelici: &quot;Non sappiamo restare tranquilli in una stanza&quot; - Frasicelebri.it\" \/>\n<meta property=\"og:description\" content=\"Scoprire perch\u00e9 restare fermi pu\u00f2 renderci pi\u00f9 felici secondo il filosofo che gi\u00e0 nel Seicento parlava di inquietudine\" \/>\n<meta property=\"og:url\" content=\"https:\/\/www.frasicelebri.it\/news\/la-frase-di-pascal-che-ci-spiega-perche-ci-sentiamo-inquieti-e-infelici\/\" \/>\n<meta property=\"og:site_name\" content=\"Frasicelebri.it\" \/>\n<meta property=\"article:published_time\" content=\"2026-01-23T05:00:29+00:00\" \/>\n<meta property=\"og:image\" content=\"https:\/\/i0.wp.com\/www.frasicelebri.it\/news\/wp-content\/uploads\/2026\/01\/tristezza-infelicita-Foto-di-Anthony-Tran-su-Unsplash.jpg?fit=1200%2C800&ssl=1\" \/>\n\t<meta property=\"og:image:width\" content=\"1200\" \/>\n\t<meta property=\"og:image:height\" content=\"800\" \/>\n\t<meta property=\"og:image:type\" content=\"image\/jpeg\" \/>\n<meta name=\"author\" content=\"Romina Cardia\" \/>\n<meta name=\"twitter:card\" content=\"summary_large_image\" \/>\n<meta name=\"twitter:label1\" content=\"Scritto da\" \/>\n\t<meta name=\"twitter:data1\" content=\"Romina Cardia\" \/>\n\t<meta name=\"twitter:label2\" content=\"Tempo di lettura stimato\" \/>\n\t<meta name=\"twitter:data2\" content=\"5 minuti\" \/>\n<script type=\"application\/ld+json\" class=\"yoast-schema-graph\">{\"@context\":\"https:\/\/schema.org\",\"@graph\":[{\"@type\":\"Article\",\"@id\":\"https:\/\/www.frasicelebri.it\/news\/la-frase-di-pascal-che-ci-spiega-perche-ci-sentiamo-inquieti-e-infelici\/#article\",\"isPartOf\":{\"@id\":\"https:\/\/www.frasicelebri.it\/news\/la-frase-di-pascal-che-ci-spiega-perche-ci-sentiamo-inquieti-e-infelici\/\"},\"author\":{\"name\":\"Romina Cardia\",\"@id\":\"https:\/\/www.frasicelebri.it\/news\/#\/schema\/person\/712303166008dc510236daeaf8087292\"},\"headline\":\"La frase di Pascal che ci spiega perch\u00e9 ci sentiamo inquieti e infelici: &#8220;Non sappiamo restare tranquilli in una stanza&#8221;\",\"datePublished\":\"2026-01-23T05:00:29+00:00\",\"mainEntityOfPage\":{\"@id\":\"https:\/\/www.frasicelebri.it\/news\/la-frase-di-pascal-che-ci-spiega-perche-ci-sentiamo-inquieti-e-infelici\/\"},\"wordCount\":796,\"publisher\":{\"@id\":\"https:\/\/www.frasicelebri.it\/news\/#organization\"},\"image\":{\"@id\":\"https:\/\/www.frasicelebri.it\/news\/la-frase-di-pascal-che-ci-spiega-perche-ci-sentiamo-inquieti-e-infelici\/#primaryimage\"},\"thumbnailUrl\":\"https:\/\/i0.wp.com\/www.frasicelebri.it\/news\/wp-content\/uploads\/2026\/01\/tristezza-infelicita-Foto-di-Anthony-Tran-su-Unsplash.jpg?fit=1200%2C800&ssl=1\",\"keywords\":[\"Blaise Pascal\",\"frasi sull'infelicit\u00e0\",\"frasi sull'inquetudine\",\"frasi sulla solitudine\"],\"articleSection\":[\"LifeStyle\"],\"inLanguage\":\"it-IT\"},{\"@type\":\"WebPage\",\"@id\":\"https:\/\/www.frasicelebri.it\/news\/la-frase-di-pascal-che-ci-spiega-perche-ci-sentiamo-inquieti-e-infelici\/\",\"url\":\"https:\/\/www.frasicelebri.it\/news\/la-frase-di-pascal-che-ci-spiega-perche-ci-sentiamo-inquieti-e-infelici\/\",\"name\":\"La frase di Pascal che ci spiega perch\u00e9 ci sentiamo inquieti e infelici: \\\"Non sappiamo restare tranquilli in una stanza\\\" - Frasicelebri.it\",\"isPartOf\":{\"@id\":\"https:\/\/www.frasicelebri.it\/news\/#website\"},\"primaryImageOfPage\":{\"@id\":\"https:\/\/www.frasicelebri.it\/news\/la-frase-di-pascal-che-ci-spiega-perche-ci-sentiamo-inquieti-e-infelici\/#primaryimage\"},\"image\":{\"@id\":\"https:\/\/www.frasicelebri.it\/news\/la-frase-di-pascal-che-ci-spiega-perche-ci-sentiamo-inquieti-e-infelici\/#primaryimage\"},\"thumbnailUrl\":\"https:\/\/i0.wp.com\/www.frasicelebri.it\/news\/wp-content\/uploads\/2026\/01\/tristezza-infelicita-Foto-di-Anthony-Tran-su-Unsplash.jpg?fit=1200%2C800&ssl=1\",\"datePublished\":\"2026-01-23T05:00:29+00:00\",\"description\":\"Scoprire perch\u00e9 restare fermi pu\u00f2 renderci pi\u00f9 felici secondo il filosofo che gi\u00e0 nel Seicento parlava di inquietudine\",\"breadcrumb\":{\"@id\":\"https:\/\/www.frasicelebri.it\/news\/la-frase-di-pascal-che-ci-spiega-perche-ci-sentiamo-inquieti-e-infelici\/#breadcrumb\"},\"inLanguage\":\"it-IT\",\"potentialAction\":[{\"@type\":\"ReadAction\",\"target\":[\"https:\/\/www.frasicelebri.it\/news\/la-frase-di-pascal-che-ci-spiega-perche-ci-sentiamo-inquieti-e-infelici\/\"]}]},{\"@type\":\"ImageObject\",\"inLanguage\":\"it-IT\",\"@id\":\"https:\/\/www.frasicelebri.it\/news\/la-frase-di-pascal-che-ci-spiega-perche-ci-sentiamo-inquieti-e-infelici\/#primaryimage\",\"url\":\"https:\/\/i0.wp.com\/www.frasicelebri.it\/news\/wp-content\/uploads\/2026\/01\/tristezza-infelicita-Foto-di-Anthony-Tran-su-Unsplash.jpg?fit=1200%2C800&ssl=1\",\"contentUrl\":\"https:\/\/i0.wp.com\/www.frasicelebri.it\/news\/wp-content\/uploads\/2026\/01\/tristezza-infelicita-Foto-di-Anthony-Tran-su-Unsplash.jpg?fit=1200%2C800&ssl=1\",\"width\":1200,\"height\":800,\"caption\":\"Foto di Anthony Tran su Unsplash\"},{\"@type\":\"BreadcrumbList\",\"@id\":\"https:\/\/www.frasicelebri.it\/news\/la-frase-di-pascal-che-ci-spiega-perche-ci-sentiamo-inquieti-e-infelici\/#breadcrumb\",\"itemListElement\":[{\"@type\":\"ListItem\",\"position\":1,\"name\":\"Home\",\"item\":\"https:\/\/www.frasicelebri.it\/news\/\"},{\"@type\":\"ListItem\",\"position\":2,\"name\":\"La frase di Pascal che ci spiega perch\u00e9 ci sentiamo inquieti e infelici: &#8220;Non sappiamo restare tranquilli in una stanza&#8221;\"}]},{\"@type\":\"WebSite\",\"@id\":\"https:\/\/www.frasicelebri.it\/news\/#website\",\"url\":\"https:\/\/www.frasicelebri.it\/news\/\",\"name\":\"Frasicelebri.it\",\"description\":\"News Frasicelebri.it\",\"publisher\":{\"@id\":\"https:\/\/www.frasicelebri.it\/news\/#organization\"},\"potentialAction\":[{\"@type\":\"SearchAction\",\"target\":{\"@type\":\"EntryPoint\",\"urlTemplate\":\"https:\/\/www.frasicelebri.it\/news\/?s={search_term_string}\"},\"query-input\":{\"@type\":\"PropertyValueSpecification\",\"valueRequired\":true,\"valueName\":\"search_term_string\"}}],\"inLanguage\":\"it-IT\"},{\"@type\":\"Organization\",\"@id\":\"https:\/\/www.frasicelebri.it\/news\/#organization\",\"name\":\"Frasicelebri.it\",\"url\":\"https:\/\/www.frasicelebri.it\/news\/\",\"logo\":{\"@type\":\"ImageObject\",\"inLanguage\":\"it-IT\",\"@id\":\"https:\/\/www.frasicelebri.it\/news\/#\/schema\/logo\/image\/\",\"url\":\"https:\/\/i0.wp.com\/www.frasicelebri.it\/news\/wp-content\/uploads\/2024\/07\/logo-quadrato-drasicelebri.it_.jpg?fit=696%2C696&ssl=1\",\"contentUrl\":\"https:\/\/i0.wp.com\/www.frasicelebri.it\/news\/wp-content\/uploads\/2024\/07\/logo-quadrato-drasicelebri.it_.jpg?fit=696%2C696&ssl=1\",\"width\":696,\"height\":696,\"caption\":\"Frasicelebri.it\"},\"image\":{\"@id\":\"https:\/\/www.frasicelebri.it\/news\/#\/schema\/logo\/image\/\"}},{\"@type\":\"Person\",\"@id\":\"https:\/\/www.frasicelebri.it\/news\/#\/schema\/person\/712303166008dc510236daeaf8087292\",\"name\":\"Romina Cardia\",\"image\":{\"@type\":\"ImageObject\",\"inLanguage\":\"it-IT\",\"@id\":\"https:\/\/www.frasicelebri.it\/news\/#\/schema\/person\/image\/\",\"url\":\"https:\/\/secure.gravatar.com\/avatar\/7e155e0e5584fd17310efae2dc94f61e?s=96&d=mm&r=g\",\"contentUrl\":\"https:\/\/secure.gravatar.com\/avatar\/7e155e0e5584fd17310efae2dc94f61e?s=96&d=mm&r=g\",\"caption\":\"Romina Cardia\"},\"url\":\"https:\/\/www.frasicelebri.it\/news\/author\/romina\/\"}]}<\/script>\n<!-- \/ Yoast SEO plugin. -->","yoast_head_json":{"title":"La frase di Pascal che ci spiega perch\u00e9 ci sentiamo inquieti e infelici: \"Non sappiamo restare tranquilli in una stanza\" - Frasicelebri.it","description":"Scoprire perch\u00e9 restare fermi pu\u00f2 renderci pi\u00f9 felici secondo il filosofo che gi\u00e0 nel Seicento parlava di inquietudine","robots":{"index":"index","follow":"follow","max-snippet":"max-snippet:-1","max-image-preview":"max-image-preview:large","max-video-preview":"max-video-preview:-1"},"canonical":"https:\/\/www.frasicelebri.it\/news\/la-frase-di-pascal-che-ci-spiega-perche-ci-sentiamo-inquieti-e-infelici\/","og_locale":"it_IT","og_type":"article","og_title":"La frase di Pascal che ci spiega perch\u00e9 ci sentiamo inquieti e infelici: \"Non sappiamo restare tranquilli in una stanza\" - Frasicelebri.it","og_description":"Scoprire perch\u00e9 restare fermi pu\u00f2 renderci pi\u00f9 felici secondo il filosofo che gi\u00e0 nel Seicento parlava di inquietudine","og_url":"https:\/\/www.frasicelebri.it\/news\/la-frase-di-pascal-che-ci-spiega-perche-ci-sentiamo-inquieti-e-infelici\/","og_site_name":"Frasicelebri.it","article_published_time":"2026-01-23T05:00:29+00:00","og_image":[{"width":1200,"height":800,"url":"https:\/\/i0.wp.com\/www.frasicelebri.it\/news\/wp-content\/uploads\/2026\/01\/tristezza-infelicita-Foto-di-Anthony-Tran-su-Unsplash.jpg?fit=1200%2C800&ssl=1","type":"image\/jpeg"}],"author":"Romina Cardia","twitter_card":"summary_large_image","twitter_misc":{"Scritto da":"Romina Cardia","Tempo di lettura stimato":"5 minuti"},"schema":{"@context":"https:\/\/schema.org","@graph":[{"@type":"Article","@id":"https:\/\/www.frasicelebri.it\/news\/la-frase-di-pascal-che-ci-spiega-perche-ci-sentiamo-inquieti-e-infelici\/#article","isPartOf":{"@id":"https:\/\/www.frasicelebri.it\/news\/la-frase-di-pascal-che-ci-spiega-perche-ci-sentiamo-inquieti-e-infelici\/"},"author":{"name":"Romina Cardia","@id":"https:\/\/www.frasicelebri.it\/news\/#\/schema\/person\/712303166008dc510236daeaf8087292"},"headline":"La frase di Pascal che ci spiega perch\u00e9 ci sentiamo inquieti e infelici: &#8220;Non sappiamo restare tranquilli in una stanza&#8221;","datePublished":"2026-01-23T05:00:29+00:00","mainEntityOfPage":{"@id":"https:\/\/www.frasicelebri.it\/news\/la-frase-di-pascal-che-ci-spiega-perche-ci-sentiamo-inquieti-e-infelici\/"},"wordCount":796,"publisher":{"@id":"https:\/\/www.frasicelebri.it\/news\/#organization"},"image":{"@id":"https:\/\/www.frasicelebri.it\/news\/la-frase-di-pascal-che-ci-spiega-perche-ci-sentiamo-inquieti-e-infelici\/#primaryimage"},"thumbnailUrl":"https:\/\/i0.wp.com\/www.frasicelebri.it\/news\/wp-content\/uploads\/2026\/01\/tristezza-infelicita-Foto-di-Anthony-Tran-su-Unsplash.jpg?fit=1200%2C800&ssl=1","keywords":["Blaise Pascal","frasi sull'infelicit\u00e0","frasi sull'inquetudine","frasi sulla solitudine"],"articleSection":["LifeStyle"],"inLanguage":"it-IT"},{"@type":"WebPage","@id":"https:\/\/www.frasicelebri.it\/news\/la-frase-di-pascal-che-ci-spiega-perche-ci-sentiamo-inquieti-e-infelici\/","url":"https:\/\/www.frasicelebri.it\/news\/la-frase-di-pascal-che-ci-spiega-perche-ci-sentiamo-inquieti-e-infelici\/","name":"La frase di Pascal che ci spiega perch\u00e9 ci sentiamo inquieti e infelici: \"Non sappiamo restare tranquilli in una stanza\" - Frasicelebri.it","isPartOf":{"@id":"https:\/\/www.frasicelebri.it\/news\/#website"},"primaryImageOfPage":{"@id":"https:\/\/www.frasicelebri.it\/news\/la-frase-di-pascal-che-ci-spiega-perche-ci-sentiamo-inquieti-e-infelici\/#primaryimage"},"image":{"@id":"https:\/\/www.frasicelebri.it\/news\/la-frase-di-pascal-che-ci-spiega-perche-ci-sentiamo-inquieti-e-infelici\/#primaryimage"},"thumbnailUrl":"https:\/\/i0.wp.com\/www.frasicelebri.it\/news\/wp-content\/uploads\/2026\/01\/tristezza-infelicita-Foto-di-Anthony-Tran-su-Unsplash.jpg?fit=1200%2C800&ssl=1","datePublished":"2026-01-23T05:00:29+00:00","description":"Scoprire perch\u00e9 restare fermi pu\u00f2 renderci pi\u00f9 felici secondo il filosofo che gi\u00e0 nel Seicento parlava di inquietudine","breadcrumb":{"@id":"https:\/\/www.frasicelebri.it\/news\/la-frase-di-pascal-che-ci-spiega-perche-ci-sentiamo-inquieti-e-infelici\/#breadcrumb"},"inLanguage":"it-IT","potentialAction":[{"@type":"ReadAction","target":["https:\/\/www.frasicelebri.it\/news\/la-frase-di-pascal-che-ci-spiega-perche-ci-sentiamo-inquieti-e-infelici\/"]}]},{"@type":"ImageObject","inLanguage":"it-IT","@id":"https:\/\/www.frasicelebri.it\/news\/la-frase-di-pascal-che-ci-spiega-perche-ci-sentiamo-inquieti-e-infelici\/#primaryimage","url":"https:\/\/i0.wp.com\/www.frasicelebri.it\/news\/wp-content\/uploads\/2026\/01\/tristezza-infelicita-Foto-di-Anthony-Tran-su-Unsplash.jpg?fit=1200%2C800&ssl=1","contentUrl":"https:\/\/i0.wp.com\/www.frasicelebri.it\/news\/wp-content\/uploads\/2026\/01\/tristezza-infelicita-Foto-di-Anthony-Tran-su-Unsplash.jpg?fit=1200%2C800&ssl=1","width":1200,"height":800,"caption":"Foto di Anthony Tran su Unsplash"},{"@type":"BreadcrumbList","@id":"https:\/\/www.frasicelebri.it\/news\/la-frase-di-pascal-che-ci-spiega-perche-ci-sentiamo-inquieti-e-infelici\/#breadcrumb","itemListElement":[{"@type":"ListItem","position":1,"name":"Home","item":"https:\/\/www.frasicelebri.it\/news\/"},{"@type":"ListItem","position":2,"name":"La frase di Pascal che ci spiega perch\u00e9 ci sentiamo inquieti e infelici: &#8220;Non sappiamo restare tranquilli in una stanza&#8221;"}]},{"@type":"WebSite","@id":"https:\/\/www.frasicelebri.it\/news\/#website","url":"https:\/\/www.frasicelebri.it\/news\/","name":"Frasicelebri.it","description":"News Frasicelebri.it","publisher":{"@id":"https:\/\/www.frasicelebri.it\/news\/#organization"},"potentialAction":[{"@type":"SearchAction","target":{"@type":"EntryPoint","urlTemplate":"https:\/\/www.frasicelebri.it\/news\/?s={search_term_string}"},"query-input":{"@type":"PropertyValueSpecification","valueRequired":true,"valueName":"search_term_string"}}],"inLanguage":"it-IT"},{"@type":"Organization","@id":"https:\/\/www.frasicelebri.it\/news\/#organization","name":"Frasicelebri.it","url":"https:\/\/www.frasicelebri.it\/news\/","logo":{"@type":"ImageObject","inLanguage":"it-IT","@id":"https:\/\/www.frasicelebri.it\/news\/#\/schema\/logo\/image\/","url":"https:\/\/i0.wp.com\/www.frasicelebri.it\/news\/wp-content\/uploads\/2024\/07\/logo-quadrato-drasicelebri.it_.jpg?fit=696%2C696&ssl=1","contentUrl":"https:\/\/i0.wp.com\/www.frasicelebri.it\/news\/wp-content\/uploads\/2024\/07\/logo-quadrato-drasicelebri.it_.jpg?fit=696%2C696&ssl=1","width":696,"height":696,"caption":"Frasicelebri.it"},"image":{"@id":"https:\/\/www.frasicelebri.it\/news\/#\/schema\/logo\/image\/"}},{"@type":"Person","@id":"https:\/\/www.frasicelebri.it\/news\/#\/schema\/person\/712303166008dc510236daeaf8087292","name":"Romina Cardia","image":{"@type":"ImageObject","inLanguage":"it-IT","@id":"https:\/\/www.frasicelebri.it\/news\/#\/schema\/person\/image\/","url":"https:\/\/secure.gravatar.com\/avatar\/7e155e0e5584fd17310efae2dc94f61e?s=96&d=mm&r=g","contentUrl":"https:\/\/secure.gravatar.com\/avatar\/7e155e0e5584fd17310efae2dc94f61e?s=96&d=mm&r=g","caption":"Romina Cardia"},"url":"https:\/\/www.frasicelebri.it\/news\/author\/romina\/"}]}},"_links":{"self":[{"href":"https:\/\/www.frasicelebri.it\/news\/wp-json\/wp\/v2\/posts\/42706","targetHints":{"allow":["GET"]}}],"collection":[{"href":"https:\/\/www.frasicelebri.it\/news\/wp-json\/wp\/v2\/posts"}],"about":[{"href":"https:\/\/www.frasicelebri.it\/news\/wp-json\/wp\/v2\/types\/post"}],"author":[{"embeddable":true,"href":"https:\/\/www.frasicelebri.it\/news\/wp-json\/wp\/v2\/users\/12"}],"replies":[{"embeddable":true,"href":"https:\/\/www.frasicelebri.it\/news\/wp-json\/wp\/v2\/comments?post=42706"}],"version-history":[{"count":1,"href":"https:\/\/www.frasicelebri.it\/news\/wp-json\/wp\/v2\/posts\/42706\/revisions"}],"predecessor-version":[{"id":42708,"href":"https:\/\/www.frasicelebri.it\/news\/wp-json\/wp\/v2\/posts\/42706\/revisions\/42708"}],"wp:featuredmedia":[{"embeddable":true,"href":"https:\/\/www.frasicelebri.it\/news\/wp-json\/wp\/v2\/media\/42707"}],"wp:attachment":[{"href":"https:\/\/www.frasicelebri.it\/news\/wp-json\/wp\/v2\/media?parent=42706"}],"wp:term":[{"taxonomy":"category","embeddable":true,"href":"https:\/\/www.frasicelebri.it\/news\/wp-json\/wp\/v2\/categories?post=42706"},{"taxonomy":"post_tag","embeddable":true,"href":"https:\/\/www.frasicelebri.it\/news\/wp-json\/wp\/v2\/tags?post=42706"}],"curies":[{"name":"wp","href":"https:\/\/api.w.org\/{rel}","templated":true}]}}