{"id":42727,"date":"2026-01-25T08:00:02","date_gmt":"2026-01-25T07:00:02","guid":{"rendered":"https:\/\/www.frasicelebri.it\/news\/?p=42727"},"modified":"2026-01-23T10:44:56","modified_gmt":"2026-01-23T09:44:56","slug":"frasi-di-primo-levi-sullolocausto","status":"publish","type":"post","link":"https:\/\/www.frasicelebri.it\/news\/frasi-di-primo-levi-sullolocausto\/","title":{"rendered":"Frasi di Primo Levi sull\u2019olocausto, perfette per spiegare ai figli quanto siano fortunati e perch\u00e9 non devono lamentarsi"},"content":{"rendered":"<p><strong>Primo Levi<\/strong> non \u00e8 stato solo uno scrittore, ma un uomo che ha vissuto e raccontato l\u2019inimmaginabile. Sopravvissuto ad <strong>Auschwitz,<\/strong> ha dedicato la sua vita a spiegare cosa significa l\u2019<strong>Olocausto<\/strong>, senza retorica, senza edulcorare il dolore, ma con una chiarezza che colpisce dritta al cuore. Le sue parole non servono solo a conoscere la storia: ci aiutano a capire quanto la vita di oggi, con tutte le sue frustrazioni, sia incredibilmente pi\u00f9 semplice di quanto spesso ci lamentiamo.<\/p>\n<figure id=\"attachment_42728\" aria-describedby=\"caption-attachment-42728\" style=\"width: 950px\" class=\"wp-caption alignnone\"><img data-recalc-dims=\"1\" loading=\"lazy\" decoding=\"async\" class=\"size-full wp-image-42728\" src=\"https:\/\/i0.wp.com\/www.frasicelebri.it\/news\/wp-content\/uploads\/2026\/01\/OLOCAUSTO-Foto-di-Edoardo-Bortoli-su-Unsplash.jpg?resize=960%2C640&#038;ssl=1\" alt=\"Frasi di Primo Levi sull\u2019olocausto\" width=\"960\" height=\"640\" srcset=\"https:\/\/i0.wp.com\/www.frasicelebri.it\/news\/wp-content\/uploads\/2026\/01\/OLOCAUSTO-Foto-di-Edoardo-Bortoli-su-Unsplash.jpg?w=960&amp;ssl=1 960w, https:\/\/i0.wp.com\/www.frasicelebri.it\/news\/wp-content\/uploads\/2026\/01\/OLOCAUSTO-Foto-di-Edoardo-Bortoli-su-Unsplash.jpg?resize=300%2C200&amp;ssl=1 300w, https:\/\/i0.wp.com\/www.frasicelebri.it\/news\/wp-content\/uploads\/2026\/01\/OLOCAUSTO-Foto-di-Edoardo-Bortoli-su-Unsplash.jpg?resize=150%2C100&amp;ssl=1 150w, https:\/\/i0.wp.com\/www.frasicelebri.it\/news\/wp-content\/uploads\/2026\/01\/OLOCAUSTO-Foto-di-Edoardo-Bortoli-su-Unsplash.jpg?resize=768%2C512&amp;ssl=1 768w\" sizes=\"auto, (max-width: 960px) 100vw, 960px\" \/><figcaption id=\"caption-attachment-42728\" class=\"wp-caption-text\">Foto di Edoardo Bortoli su Unsplash<\/figcaption><\/figure>\n<h2>Primo Levi: l\u2019uomo e il testimone<\/h2>\n<p><strong>Primo Levi<\/strong> era un chimico, un uomo della scienza, e allo stesso tempo un osservatore della natura umana. La sua intelligenza e la sua lucidit\u00e0 non lo hanno mai abbandonato, nemmeno nei momenti pi\u00f9 terribili del <strong>lager<\/strong>. Ci\u00f2 che rende Primo Levi unico \u00e8 la capacit\u00e0 di trasformare la sofferenza in insegnamento. Nei suoi libri, come <em>Se questo \u00e8 un uomo<\/em> e <em>I sommersi e i salvati<\/em>, non troviamo solo descrizioni dell\u2019orrore, ma riflessioni profonde su ci\u00f2 che significa essere umani. \u00c8 come se Levi ci dicesse: \u201cNon serve piangere per ci\u00f2 che \u00e8 stato, serve capire e ricordare.\u201d<\/p>\n<h3>L\u2019olocausto secondo Primo Levi<\/h3>\n<p>Per Primo Levi l\u2019Olocausto non \u00e8 un concetto astratto, non \u00e8 solo una pagina di storia. \u00c8 stato un\u2019esperienza concreta, vissuta sulla propria pelle, <strong>un\u2019esperienza capace di cancellare certezze e di mettere alla prova la dignit\u00e0 umana<\/strong>. Scriveva:<\/p>\n<blockquote><p>&#8220;<em>Se comprendere \u00e8 impossibile, conoscere \u00e8 necessario, perch\u00e9 ci\u00f2 che \u00e8 accaduto pu\u00f2 ritornare<\/em>.&#8221;<\/p><\/blockquote>\n<p>In poche parole, Levi ci avverte: <strong>non possiamo davvero capire fino in fondo l\u2019orrore di ci\u00f2 che \u00e8 successo, ma possiamo e dobbiamo imparare a conoscerlo, a studiarlo, a trasmetterlo<\/strong>. Non per spaventarci, ma per essere pi\u00f9 attenti, pi\u00f9 responsabili e pi\u00f9 consapevoli di quanto sia fragile la civilt\u00e0.<\/p>\n<h3>Perch\u00e9 questa frase ci riguarda ancora oggi<\/h3>\n<p>Questa frase, cos\u00ec potente e quasi lapidaria, ha una forza educativa che va ben oltre la storia dell\u2019Olocausto. Pensiamoci: Primo Levi dice che conoscere \u00e8 necessario perch\u00e9 il passato pu\u00f2 ripetersi. Tradotto in parole pi\u00f9 quotidiane, significa che <strong>se non sappiamo cosa pu\u00f2 succedere quando l\u2019odio e la crudelt\u00e0 prendono il sopravvento, rischiamo di ritrovarci nelle stesse situazioni<\/strong>. Ma c\u2019\u00e8 un altro insegnamento, pi\u00f9 leggero e un po\u2019 pungente: <strong>ci fa capire quanto siamo fortunati oggi<\/strong>. Se confrontiamo la nostra vita con quella di Levi ad Auschwitz, le nostre lamentele quotidiane &#8211; il traffico, il caldo, un collega antipatico, il capo che rompe le scatole &#8211; sembrano davvero piccole sciocchezze. E allora, per una volta, smettiamo di lamentarci e godiamoci il fatto di avere una vita sicura, libera e relativamente semplice.<\/p>\n<h3>Levi come guida per la memoria<\/h3>\n<p>Nei suoi scritti Levi non ci dice solo \u201c<em>ricordatevi<\/em>\u201d, ma ci mostra come farlo senza morire di paura o di tristezza. Con frasi come: &#8220;<em>Meditate che questo \u00e8 stato: vi comando queste parole<\/em>&#8220;, ci invita a riflettere, a immaginare, a insegnare agli altri ci\u00f2 che non dobbiamo mai dimenticare. Il suo messaggio \u00e8 chiaro: <strong>la memoria non \u00e8 un peso, ma uno strumento<\/strong>. \u00c8 un modo per capire il valore della libert\u00e0, della dignit\u00e0 e, perch\u00e9 no, anche delle piccole cose quotidiane che diamo per scontate.<\/p>\n<h3>Un insegnamento per le nuove generazioni<\/h3>\n<p>Primo Levi ci parla ancora oggi, soprattutto ai pi\u00f9 <strong>giovani<\/strong>, spesso inconsapevoli dei privilegi che hanno. I ragazzi di oggi non hanno vissuto la guerra, non hanno visto campi di concentramento, non hanno conosciuto la fame o la paura costante. Per Levi, <strong>conoscere il passato significa anche imparare a non sprecare il presente<\/strong>. Significa capire che la libert\u00e0, l\u2019istruzione, la sicurezza, perfino la possibilit\u00e0 di lamentarsi per un motivo banale, sono tesori preziosi. Primo Levi ci insegna il valore della vita raccontando l\u2019orrore pi\u00f9 grande, e noi possiamo applicare questa lezione per ricordarci di quanto siamo fortunati.<\/p>\n<h3>Siamo dei privilegiati<\/h3>\n<p>Primo Levi \u00e8 stato uno dei pi\u00f9 grandi testimoni del Novecento. Uomo e scrittore, scienziato e osservatore, ci ha lasciato parole che non si dimenticano, come monito e come guida. Ci ha insegnato che conoscere l\u2019orrore \u00e8 necessario, anche se comprenderlo completamente \u00e8 impossibile. E ci ha ricordato che, rispetto a certe esperienze, <strong>la nostra vita di oggi \u00e8 un privilegio da non sottovalutare<\/strong>. Dunque, quando pensiamo di avere una giornata storta, ricordiamoci di Primo Levi e della sua saggezza: conoscere il passato ci fa apprezzare il presente, ci rende pi\u00f9 fortunati e, perch\u00e9 no, un po\u2019 meno lamentosi.<\/p>\n<h3>Frasi di Primo Levi sull\u2019olocausto<\/h3>\n<ol>\n<li><strong>&#8220;<em>Se comprendere \u00e8 impossibile, conoscere \u00e8 necessario, perch\u00e9 ci\u00f2 che \u00e8 accaduto pu\u00f2 ritornare<\/em>.&#8221;<\/strong><\/li>\n<li><strong>&#8220;<em>Meditate che questo \u00e8 stato: vi comando queste parole<\/em>.&#8221;<\/strong><\/li>\n<li><strong>&#8220;<em>Considerate se questo \u00e8 un uomo: che lavora nel fango che non conosce pace<\/em>.&#8221;<\/strong><\/li>\n<li><strong>&#8220;<em>\u00c8 avvenuto, quindi pu\u00f2 accadere di nuovo: questo \u00e8 il nocciolo di quanto abbiamo da dire<\/em>.&#8221;<\/strong><\/li>\n<\/ol>\n<p>Leggi altre <a href=\"https:\/\/www.frasicelebri.it\/ricerca-frasi\/?q=primo+levi\">frasi celebri di Primo Levi<\/a> e le <a href=\"https:\/\/www.frasicelebri.it\/ricerca-frasi\/?q=olocausto\">frasi celebri sull\u2019olocausto<\/a><\/p>\n","protected":false},"excerpt":{"rendered":"<p>Primo Levi non \u00e8 stato solo uno scrittore, ma un uomo che ha vissuto e raccontato l\u2019inimmaginabile. Sopravvissuto ad Auschwitz, ha dedicato la sua vita &#8230; <a title=\"Frasi di Primo Levi sull\u2019olocausto, perfette per spiegare ai figli quanto siano fortunati e perch\u00e9 non devono lamentarsi\" class=\"read-more\" href=\"https:\/\/www.frasicelebri.it\/news\/frasi-di-primo-levi-sullolocausto\/\" aria-label=\"More on Frasi di Primo Levi sull\u2019olocausto, perfette per spiegare ai figli quanto siano fortunati e perch\u00e9 non devono lamentarsi\">Leggi tutto<\/a><\/p>\n","protected":false},"author":12,"featured_media":42728,"comment_status":"closed","ping_status":"closed","sticky":false,"template":"","format":"standard","meta":{"footnotes":""},"categories":[42],"tags":[1715,1159],"class_list":["post-42727","post","type-post","status-publish","format-standard","has-post-thumbnail","hentry","category-lifestyle","tag-frasi-sullolocausto","tag-primo-levi"],"yoast_head":"<!-- This site is optimized with the Yoast SEO plugin v25.2 - https:\/\/yoast.com\/wordpress\/plugins\/seo\/ -->\n<title>Frasi di Primo Levi sull\u2019olocausto, perfette per spiegare ai figli quanto siano fortunati e perch\u00e9 non devono lamentarsi - Frasicelebri.it<\/title>\n<meta name=\"description\" content=\"Primo Levi ci insegna a ricordare senza farsi sopraffare dalla tristezza, e a capire quanto siamo privilegiati\" \/>\n<meta name=\"robots\" content=\"index, follow, max-snippet:-1, max-image-preview:large, max-video-preview:-1\" \/>\n<link rel=\"canonical\" href=\"https:\/\/www.frasicelebri.it\/news\/frasi-di-primo-levi-sullolocausto\/\" \/>\n<meta property=\"og:locale\" content=\"it_IT\" \/>\n<meta property=\"og:type\" content=\"article\" \/>\n<meta property=\"og:title\" content=\"Frasi di Primo Levi sull\u2019olocausto, perfette per spiegare ai figli quanto siano fortunati e perch\u00e9 non devono lamentarsi - Frasicelebri.it\" \/>\n<meta property=\"og:description\" content=\"Primo Levi ci insegna a ricordare senza farsi sopraffare dalla tristezza, e a capire quanto siamo privilegiati\" \/>\n<meta property=\"og:url\" content=\"https:\/\/www.frasicelebri.it\/news\/frasi-di-primo-levi-sullolocausto\/\" \/>\n<meta property=\"og:site_name\" content=\"Frasicelebri.it\" \/>\n<meta property=\"article:published_time\" content=\"2026-01-25T07:00:02+00:00\" \/>\n<meta property=\"og:image\" content=\"https:\/\/i0.wp.com\/www.frasicelebri.it\/news\/wp-content\/uploads\/2026\/01\/OLOCAUSTO-Foto-di-Edoardo-Bortoli-su-Unsplash.jpg?fit=960%2C640&ssl=1\" \/>\n\t<meta property=\"og:image:width\" content=\"960\" \/>\n\t<meta property=\"og:image:height\" content=\"640\" \/>\n\t<meta property=\"og:image:type\" content=\"image\/jpeg\" \/>\n<meta name=\"author\" content=\"Romina Cardia\" \/>\n<meta name=\"twitter:card\" content=\"summary_large_image\" \/>\n<meta name=\"twitter:label1\" content=\"Scritto da\" \/>\n\t<meta name=\"twitter:data1\" content=\"Romina Cardia\" \/>\n\t<meta name=\"twitter:label2\" content=\"Tempo di lettura stimato\" \/>\n\t<meta name=\"twitter:data2\" content=\"5 minuti\" \/>\n<script type=\"application\/ld+json\" class=\"yoast-schema-graph\">{\"@context\":\"https:\/\/schema.org\",\"@graph\":[{\"@type\":\"Article\",\"@id\":\"https:\/\/www.frasicelebri.it\/news\/frasi-di-primo-levi-sullolocausto\/#article\",\"isPartOf\":{\"@id\":\"https:\/\/www.frasicelebri.it\/news\/frasi-di-primo-levi-sullolocausto\/\"},\"author\":{\"name\":\"Romina Cardia\",\"@id\":\"https:\/\/www.frasicelebri.it\/news\/#\/schema\/person\/712303166008dc510236daeaf8087292\"},\"headline\":\"Frasi di Primo Levi sull\u2019olocausto, perfette per spiegare ai figli quanto siano fortunati e perch\u00e9 non devono lamentarsi\",\"datePublished\":\"2026-01-25T07:00:02+00:00\",\"mainEntityOfPage\":{\"@id\":\"https:\/\/www.frasicelebri.it\/news\/frasi-di-primo-levi-sullolocausto\/\"},\"wordCount\":813,\"publisher\":{\"@id\":\"https:\/\/www.frasicelebri.it\/news\/#organization\"},\"image\":{\"@id\":\"https:\/\/www.frasicelebri.it\/news\/frasi-di-primo-levi-sullolocausto\/#primaryimage\"},\"thumbnailUrl\":\"https:\/\/i0.wp.com\/www.frasicelebri.it\/news\/wp-content\/uploads\/2026\/01\/OLOCAUSTO-Foto-di-Edoardo-Bortoli-su-Unsplash.jpg?fit=960%2C640&ssl=1\",\"keywords\":[\"frasi sull'olocausto\",\"Primo Levi\"],\"articleSection\":[\"LifeStyle\"],\"inLanguage\":\"it-IT\"},{\"@type\":\"WebPage\",\"@id\":\"https:\/\/www.frasicelebri.it\/news\/frasi-di-primo-levi-sullolocausto\/\",\"url\":\"https:\/\/www.frasicelebri.it\/news\/frasi-di-primo-levi-sullolocausto\/\",\"name\":\"Frasi di Primo Levi sull\u2019olocausto, perfette per spiegare ai figli quanto siano fortunati e perch\u00e9 non devono lamentarsi - Frasicelebri.it\",\"isPartOf\":{\"@id\":\"https:\/\/www.frasicelebri.it\/news\/#website\"},\"primaryImageOfPage\":{\"@id\":\"https:\/\/www.frasicelebri.it\/news\/frasi-di-primo-levi-sullolocausto\/#primaryimage\"},\"image\":{\"@id\":\"https:\/\/www.frasicelebri.it\/news\/frasi-di-primo-levi-sullolocausto\/#primaryimage\"},\"thumbnailUrl\":\"https:\/\/i0.wp.com\/www.frasicelebri.it\/news\/wp-content\/uploads\/2026\/01\/OLOCAUSTO-Foto-di-Edoardo-Bortoli-su-Unsplash.jpg?fit=960%2C640&ssl=1\",\"datePublished\":\"2026-01-25T07:00:02+00:00\",\"description\":\"Primo Levi ci insegna a ricordare senza farsi sopraffare dalla tristezza, e a capire quanto siamo privilegiati\",\"breadcrumb\":{\"@id\":\"https:\/\/www.frasicelebri.it\/news\/frasi-di-primo-levi-sullolocausto\/#breadcrumb\"},\"inLanguage\":\"it-IT\",\"potentialAction\":[{\"@type\":\"ReadAction\",\"target\":[\"https:\/\/www.frasicelebri.it\/news\/frasi-di-primo-levi-sullolocausto\/\"]}]},{\"@type\":\"ImageObject\",\"inLanguage\":\"it-IT\",\"@id\":\"https:\/\/www.frasicelebri.it\/news\/frasi-di-primo-levi-sullolocausto\/#primaryimage\",\"url\":\"https:\/\/i0.wp.com\/www.frasicelebri.it\/news\/wp-content\/uploads\/2026\/01\/OLOCAUSTO-Foto-di-Edoardo-Bortoli-su-Unsplash.jpg?fit=960%2C640&ssl=1\",\"contentUrl\":\"https:\/\/i0.wp.com\/www.frasicelebri.it\/news\/wp-content\/uploads\/2026\/01\/OLOCAUSTO-Foto-di-Edoardo-Bortoli-su-Unsplash.jpg?fit=960%2C640&ssl=1\",\"width\":960,\"height\":640,\"caption\":\"Foto di Edoardo Bortoli su Unsplash\"},{\"@type\":\"BreadcrumbList\",\"@id\":\"https:\/\/www.frasicelebri.it\/news\/frasi-di-primo-levi-sullolocausto\/#breadcrumb\",\"itemListElement\":[{\"@type\":\"ListItem\",\"position\":1,\"name\":\"Home\",\"item\":\"https:\/\/www.frasicelebri.it\/news\/\"},{\"@type\":\"ListItem\",\"position\":2,\"name\":\"Frasi di Primo Levi sull\u2019olocausto, perfette per spiegare ai figli quanto siano fortunati e perch\u00e9 non devono lamentarsi\"}]},{\"@type\":\"WebSite\",\"@id\":\"https:\/\/www.frasicelebri.it\/news\/#website\",\"url\":\"https:\/\/www.frasicelebri.it\/news\/\",\"name\":\"Frasicelebri.it\",\"description\":\"News Frasicelebri.it\",\"publisher\":{\"@id\":\"https:\/\/www.frasicelebri.it\/news\/#organization\"},\"potentialAction\":[{\"@type\":\"SearchAction\",\"target\":{\"@type\":\"EntryPoint\",\"urlTemplate\":\"https:\/\/www.frasicelebri.it\/news\/?s={search_term_string}\"},\"query-input\":{\"@type\":\"PropertyValueSpecification\",\"valueRequired\":true,\"valueName\":\"search_term_string\"}}],\"inLanguage\":\"it-IT\"},{\"@type\":\"Organization\",\"@id\":\"https:\/\/www.frasicelebri.it\/news\/#organization\",\"name\":\"Frasicelebri.it\",\"url\":\"https:\/\/www.frasicelebri.it\/news\/\",\"logo\":{\"@type\":\"ImageObject\",\"inLanguage\":\"it-IT\",\"@id\":\"https:\/\/www.frasicelebri.it\/news\/#\/schema\/logo\/image\/\",\"url\":\"https:\/\/i0.wp.com\/www.frasicelebri.it\/news\/wp-content\/uploads\/2024\/07\/logo-quadrato-drasicelebri.it_.jpg?fit=696%2C696&ssl=1\",\"contentUrl\":\"https:\/\/i0.wp.com\/www.frasicelebri.it\/news\/wp-content\/uploads\/2024\/07\/logo-quadrato-drasicelebri.it_.jpg?fit=696%2C696&ssl=1\",\"width\":696,\"height\":696,\"caption\":\"Frasicelebri.it\"},\"image\":{\"@id\":\"https:\/\/www.frasicelebri.it\/news\/#\/schema\/logo\/image\/\"}},{\"@type\":\"Person\",\"@id\":\"https:\/\/www.frasicelebri.it\/news\/#\/schema\/person\/712303166008dc510236daeaf8087292\",\"name\":\"Romina Cardia\",\"image\":{\"@type\":\"ImageObject\",\"inLanguage\":\"it-IT\",\"@id\":\"https:\/\/www.frasicelebri.it\/news\/#\/schema\/person\/image\/\",\"url\":\"https:\/\/secure.gravatar.com\/avatar\/7e155e0e5584fd17310efae2dc94f61e?s=96&d=mm&r=g\",\"contentUrl\":\"https:\/\/secure.gravatar.com\/avatar\/7e155e0e5584fd17310efae2dc94f61e?s=96&d=mm&r=g\",\"caption\":\"Romina Cardia\"},\"url\":\"https:\/\/www.frasicelebri.it\/news\/author\/romina\/\"}]}<\/script>\n<!-- \/ Yoast SEO plugin. -->","yoast_head_json":{"title":"Frasi di Primo Levi sull\u2019olocausto, perfette per spiegare ai figli quanto siano fortunati e perch\u00e9 non devono lamentarsi - Frasicelebri.it","description":"Primo Levi ci insegna a ricordare senza farsi sopraffare dalla tristezza, e a capire quanto siamo privilegiati","robots":{"index":"index","follow":"follow","max-snippet":"max-snippet:-1","max-image-preview":"max-image-preview:large","max-video-preview":"max-video-preview:-1"},"canonical":"https:\/\/www.frasicelebri.it\/news\/frasi-di-primo-levi-sullolocausto\/","og_locale":"it_IT","og_type":"article","og_title":"Frasi di Primo Levi sull\u2019olocausto, perfette per spiegare ai figli quanto siano fortunati e perch\u00e9 non devono lamentarsi - Frasicelebri.it","og_description":"Primo Levi ci insegna a ricordare senza farsi sopraffare dalla tristezza, e a capire quanto siamo privilegiati","og_url":"https:\/\/www.frasicelebri.it\/news\/frasi-di-primo-levi-sullolocausto\/","og_site_name":"Frasicelebri.it","article_published_time":"2026-01-25T07:00:02+00:00","og_image":[{"width":960,"height":640,"url":"https:\/\/i0.wp.com\/www.frasicelebri.it\/news\/wp-content\/uploads\/2026\/01\/OLOCAUSTO-Foto-di-Edoardo-Bortoli-su-Unsplash.jpg?fit=960%2C640&ssl=1","type":"image\/jpeg"}],"author":"Romina Cardia","twitter_card":"summary_large_image","twitter_misc":{"Scritto da":"Romina Cardia","Tempo di lettura stimato":"5 minuti"},"schema":{"@context":"https:\/\/schema.org","@graph":[{"@type":"Article","@id":"https:\/\/www.frasicelebri.it\/news\/frasi-di-primo-levi-sullolocausto\/#article","isPartOf":{"@id":"https:\/\/www.frasicelebri.it\/news\/frasi-di-primo-levi-sullolocausto\/"},"author":{"name":"Romina Cardia","@id":"https:\/\/www.frasicelebri.it\/news\/#\/schema\/person\/712303166008dc510236daeaf8087292"},"headline":"Frasi di Primo Levi sull\u2019olocausto, perfette per spiegare ai figli quanto siano fortunati e perch\u00e9 non devono lamentarsi","datePublished":"2026-01-25T07:00:02+00:00","mainEntityOfPage":{"@id":"https:\/\/www.frasicelebri.it\/news\/frasi-di-primo-levi-sullolocausto\/"},"wordCount":813,"publisher":{"@id":"https:\/\/www.frasicelebri.it\/news\/#organization"},"image":{"@id":"https:\/\/www.frasicelebri.it\/news\/frasi-di-primo-levi-sullolocausto\/#primaryimage"},"thumbnailUrl":"https:\/\/i0.wp.com\/www.frasicelebri.it\/news\/wp-content\/uploads\/2026\/01\/OLOCAUSTO-Foto-di-Edoardo-Bortoli-su-Unsplash.jpg?fit=960%2C640&ssl=1","keywords":["frasi sull'olocausto","Primo Levi"],"articleSection":["LifeStyle"],"inLanguage":"it-IT"},{"@type":"WebPage","@id":"https:\/\/www.frasicelebri.it\/news\/frasi-di-primo-levi-sullolocausto\/","url":"https:\/\/www.frasicelebri.it\/news\/frasi-di-primo-levi-sullolocausto\/","name":"Frasi di Primo Levi sull\u2019olocausto, perfette per spiegare ai figli quanto siano fortunati e perch\u00e9 non devono lamentarsi - Frasicelebri.it","isPartOf":{"@id":"https:\/\/www.frasicelebri.it\/news\/#website"},"primaryImageOfPage":{"@id":"https:\/\/www.frasicelebri.it\/news\/frasi-di-primo-levi-sullolocausto\/#primaryimage"},"image":{"@id":"https:\/\/www.frasicelebri.it\/news\/frasi-di-primo-levi-sullolocausto\/#primaryimage"},"thumbnailUrl":"https:\/\/i0.wp.com\/www.frasicelebri.it\/news\/wp-content\/uploads\/2026\/01\/OLOCAUSTO-Foto-di-Edoardo-Bortoli-su-Unsplash.jpg?fit=960%2C640&ssl=1","datePublished":"2026-01-25T07:00:02+00:00","description":"Primo Levi ci insegna a ricordare senza farsi sopraffare dalla tristezza, e a capire quanto siamo privilegiati","breadcrumb":{"@id":"https:\/\/www.frasicelebri.it\/news\/frasi-di-primo-levi-sullolocausto\/#breadcrumb"},"inLanguage":"it-IT","potentialAction":[{"@type":"ReadAction","target":["https:\/\/www.frasicelebri.it\/news\/frasi-di-primo-levi-sullolocausto\/"]}]},{"@type":"ImageObject","inLanguage":"it-IT","@id":"https:\/\/www.frasicelebri.it\/news\/frasi-di-primo-levi-sullolocausto\/#primaryimage","url":"https:\/\/i0.wp.com\/www.frasicelebri.it\/news\/wp-content\/uploads\/2026\/01\/OLOCAUSTO-Foto-di-Edoardo-Bortoli-su-Unsplash.jpg?fit=960%2C640&ssl=1","contentUrl":"https:\/\/i0.wp.com\/www.frasicelebri.it\/news\/wp-content\/uploads\/2026\/01\/OLOCAUSTO-Foto-di-Edoardo-Bortoli-su-Unsplash.jpg?fit=960%2C640&ssl=1","width":960,"height":640,"caption":"Foto di Edoardo Bortoli su Unsplash"},{"@type":"BreadcrumbList","@id":"https:\/\/www.frasicelebri.it\/news\/frasi-di-primo-levi-sullolocausto\/#breadcrumb","itemListElement":[{"@type":"ListItem","position":1,"name":"Home","item":"https:\/\/www.frasicelebri.it\/news\/"},{"@type":"ListItem","position":2,"name":"Frasi di Primo Levi sull\u2019olocausto, perfette per spiegare ai figli quanto siano fortunati e perch\u00e9 non devono lamentarsi"}]},{"@type":"WebSite","@id":"https:\/\/www.frasicelebri.it\/news\/#website","url":"https:\/\/www.frasicelebri.it\/news\/","name":"Frasicelebri.it","description":"News Frasicelebri.it","publisher":{"@id":"https:\/\/www.frasicelebri.it\/news\/#organization"},"potentialAction":[{"@type":"SearchAction","target":{"@type":"EntryPoint","urlTemplate":"https:\/\/www.frasicelebri.it\/news\/?s={search_term_string}"},"query-input":{"@type":"PropertyValueSpecification","valueRequired":true,"valueName":"search_term_string"}}],"inLanguage":"it-IT"},{"@type":"Organization","@id":"https:\/\/www.frasicelebri.it\/news\/#organization","name":"Frasicelebri.it","url":"https:\/\/www.frasicelebri.it\/news\/","logo":{"@type":"ImageObject","inLanguage":"it-IT","@id":"https:\/\/www.frasicelebri.it\/news\/#\/schema\/logo\/image\/","url":"https:\/\/i0.wp.com\/www.frasicelebri.it\/news\/wp-content\/uploads\/2024\/07\/logo-quadrato-drasicelebri.it_.jpg?fit=696%2C696&ssl=1","contentUrl":"https:\/\/i0.wp.com\/www.frasicelebri.it\/news\/wp-content\/uploads\/2024\/07\/logo-quadrato-drasicelebri.it_.jpg?fit=696%2C696&ssl=1","width":696,"height":696,"caption":"Frasicelebri.it"},"image":{"@id":"https:\/\/www.frasicelebri.it\/news\/#\/schema\/logo\/image\/"}},{"@type":"Person","@id":"https:\/\/www.frasicelebri.it\/news\/#\/schema\/person\/712303166008dc510236daeaf8087292","name":"Romina Cardia","image":{"@type":"ImageObject","inLanguage":"it-IT","@id":"https:\/\/www.frasicelebri.it\/news\/#\/schema\/person\/image\/","url":"https:\/\/secure.gravatar.com\/avatar\/7e155e0e5584fd17310efae2dc94f61e?s=96&d=mm&r=g","contentUrl":"https:\/\/secure.gravatar.com\/avatar\/7e155e0e5584fd17310efae2dc94f61e?s=96&d=mm&r=g","caption":"Romina Cardia"},"url":"https:\/\/www.frasicelebri.it\/news\/author\/romina\/"}]}},"_links":{"self":[{"href":"https:\/\/www.frasicelebri.it\/news\/wp-json\/wp\/v2\/posts\/42727","targetHints":{"allow":["GET"]}}],"collection":[{"href":"https:\/\/www.frasicelebri.it\/news\/wp-json\/wp\/v2\/posts"}],"about":[{"href":"https:\/\/www.frasicelebri.it\/news\/wp-json\/wp\/v2\/types\/post"}],"author":[{"embeddable":true,"href":"https:\/\/www.frasicelebri.it\/news\/wp-json\/wp\/v2\/users\/12"}],"replies":[{"embeddable":true,"href":"https:\/\/www.frasicelebri.it\/news\/wp-json\/wp\/v2\/comments?post=42727"}],"version-history":[{"count":1,"href":"https:\/\/www.frasicelebri.it\/news\/wp-json\/wp\/v2\/posts\/42727\/revisions"}],"predecessor-version":[{"id":42729,"href":"https:\/\/www.frasicelebri.it\/news\/wp-json\/wp\/v2\/posts\/42727\/revisions\/42729"}],"wp:featuredmedia":[{"embeddable":true,"href":"https:\/\/www.frasicelebri.it\/news\/wp-json\/wp\/v2\/media\/42728"}],"wp:attachment":[{"href":"https:\/\/www.frasicelebri.it\/news\/wp-json\/wp\/v2\/media?parent=42727"}],"wp:term":[{"taxonomy":"category","embeddable":true,"href":"https:\/\/www.frasicelebri.it\/news\/wp-json\/wp\/v2\/categories?post=42727"},{"taxonomy":"post_tag","embeddable":true,"href":"https:\/\/www.frasicelebri.it\/news\/wp-json\/wp\/v2\/tags?post=42727"}],"curies":[{"name":"wp","href":"https:\/\/api.w.org\/{rel}","templated":true}]}}