{"id":43726,"date":"2026-03-11T08:40:54","date_gmt":"2026-03-11T07:40:54","guid":{"rendered":"https:\/\/www.frasicelebri.it\/news\/?p=43726"},"modified":"2026-03-09T17:38:08","modified_gmt":"2026-03-09T16:38:08","slug":"la-citazione-di-camus-sulla-guerra","status":"publish","type":"post","link":"https:\/\/www.frasicelebri.it\/news\/la-citazione-di-camus-sulla-guerra\/","title":{"rendered":"La citazione di Camus sulla guerra che ti spiega perch\u00e9 nessuna causa al mondo giustifica la morte di un uomo innocente"},"content":{"rendered":"<p><strong>Albert Camus<\/strong>, con la sua penna, <strong>ci obbliga a fermarci davanti all\u2019inviolabile valore di ogni vita umana<\/strong>. Ci ricorda che nessuna ideologia, nessuna <a href=\"https:\/\/www.frasicelebri.it\/news\/le-frasi-di-oriana-fallaci-sulla-guerra\/\" target=\"_blank\" rel=\"noopener\">guerra<\/a>, nessun ideale politico o religioso pu\u00f2 avere il diritto di spegnere l\u2019esistenza di chi \u00e8 innocente.<\/p>\n<p>La vita \u00e8 sacra, ma non nel mero significato del termine. Per chi crede in Dio, la vita \u00e8 un dono prezioso; per chi non crede, \u00e8 un\u2019unicit\u00e0 irripetibile e insostituibile. Nessun rancore, nessun odio, nessuna battaglia pu\u00f2 renderla giustificabile. <strong>Non esistono guerre giuste<\/strong>: le vittime sono sempre, inevitabilmente, civili innocenti.<\/p>\n<p>Camus vuole mostrarci come confrontarci con le questioni pi\u00f9 complesse e dolorose della vita. Le sue parole diventano una guida per un cammino interiore fatto di consapevolezza, coraggio e rispetto della propria dignit\u00e0 e, soprattutto, di quella degli altri. In un mondo che spesso ci spinge a voltare lo sguardo, a distrarci da questioni secondarie o a pensare di essere al sicuro solo perch\u00e9 lontani dal campo di battaglia Camus ci esorta a <strong>restare vigili e consapevoli<\/strong>.<\/p>\n<p><img data-recalc-dims=\"1\" loading=\"lazy\" decoding=\"async\" class=\"alignnone size-full wp-image-43736\" src=\"https:\/\/i0.wp.com\/www.frasicelebri.it\/news\/wp-content\/uploads\/2026\/03\/img-citazione-camus-guerra-2026.jpg?resize=1084%2C610&#038;ssl=1\" alt=\"citazione di Camus sulla guerra\" width=\"1084\" height=\"610\" srcset=\"https:\/\/i0.wp.com\/www.frasicelebri.it\/news\/wp-content\/uploads\/2026\/03\/img-citazione-camus-guerra-2026.jpg?w=1084&amp;ssl=1 1084w, https:\/\/i0.wp.com\/www.frasicelebri.it\/news\/wp-content\/uploads\/2026\/03\/img-citazione-camus-guerra-2026.jpg?resize=300%2C169&amp;ssl=1 300w, https:\/\/i0.wp.com\/www.frasicelebri.it\/news\/wp-content\/uploads\/2026\/03\/img-citazione-camus-guerra-2026.jpg?resize=150%2C84&amp;ssl=1 150w, https:\/\/i0.wp.com\/www.frasicelebri.it\/news\/wp-content\/uploads\/2026\/03\/img-citazione-camus-guerra-2026.jpg?resize=768%2C432&amp;ssl=1 768w\" sizes=\"auto, (max-width: 1084px) 100vw, 1084px\" \/><\/p>\n<h2>Niente pu\u00f2 giustificare la morte di un innocente<\/h2>\n<p>Albert Camus ci lascia una citazione che sa di verit\u00e0:<\/p>\n<blockquote><p>&#8220;<em>Non c&#8217;\u00e8 causa che giustifichi la morte di un uomo innocente<\/em>.&#8221;<\/p><\/blockquote>\n<p>Queste parole possono attraversare le epoche storiche che leggiamo sui nostri libri. Ma soprattutto una deve farci riflettere e lasciare un attimo andare tutte le futili distrazione dei social media: l\u2019innocente. <strong>Togliere la vita a chi non ha fatto nulla di male non \u00e8 solo un\u2019ingiustizia:<\/strong> <strong>\u00e8 un tradimento della nostra stessa umanit\u00e0<\/strong>. Dovremmo sentirci chiamati con un megafono interiore a sentire quel silenzio che segue la morte, a percepire il vuoto che lascia dentro di noi, perch\u00e9 <strong>ogni vita spezzata senza colpa \u00e8 una ferita nell\u2019anima del mondo.<\/strong> Proprio cos\u00ec: nell&#8217;anima di tutti e non solo di chi sgancia le bombe.<\/p>\n<p><strong>La storia \u00e8 piena di violenze presentate come \u201cnecessarie\u201d per un fine pi\u00f9 grande<\/strong>. Ma questa logica \u00e8 vuota quando colpisce l\u2019innocente: nessuna causa, per quanto nobile possa sembrare, pu\u00f2 trasformare in giusto ci\u00f2 che \u00e8 profondamente sbagliato.<\/p>\n<p>Leggere queste parole significa <strong>imparare a resistere alla tentazione dell\u2019indifferenza<\/strong>. Significa aprire gli occhi davanti alle ingiustizie, sentire con il cuore il dolore degli altri, e scegliere di difendere la dignit\u00e0 umana anche quando il mondo sembra dire il contrario. In questo, Camus non ci offre scorciatoie: ci dona una guida morale, un invito a vivere con coscienza, coraggio e amore.<\/p>\n<h3>Come trattiamo chi \u00e8 vulnerabile?<\/h3>\n<p>A questa domanda se ne aggiunge un\u2019altra: <strong>come reagiamo alle ingiustizie che non ci toccano direttamente?<\/strong> La frase che abbiamo citato non parla soltanto di politica o di guerre lontane; ci parla di un principio universale che dovrebbe guidare ogni nostra scelta: <strong>la sacralit\u00e0 della vita innocente.<\/strong><\/p>\n<p>La forza e la bellezza di queste parole risiedono nel loro universalismo. <strong>Ogni uomo, donna o bambino innocente possiede un diritto inviolabile alla vita<\/strong>. Nessuna causa, per quanto nobile o urgente possa sembrare, ha il potere di annullare questo diritto senza macchiare per sempre la coscienza di chi lo compie. Uccidere, alla fine, \u00e8 un trauma morale che ferisce chi sopravvive, l\u2019intera comunit\u00e0 e l\u2019anima stessa della societ\u00e0.<\/p>\n<h3>Possiamo davvero chiamarci umani se accettiamo la morte dell\u2019innocente come un prezzo necessario per qualcosa?<\/h3>\n<p>Ammetterlo \u00e8 doloroso, ma \u00e8 anche il primo passo verso un mondo pi\u00f9 umano, dove nessuna causa, per quanto nobile o urgente possa sembrare, ha il diritto di spegnere una vita.<\/p>\n<p>Passo dopo passo, queste parole ci guidano verso una <a href=\"https:\/\/www.frasicelebri.it\/news\/frasi-di-albert-camus-sulla-verita\/\" target=\"_blank\" rel=\"noopener\">verit\u00e0<\/a> inoppugnabile: la vita \u00e8 sacra, e nessun ideale, nessuna ideologia, nessun conflitto pu\u00f2 mai valere il suo sacrificio. <strong>Camus ci invita a resistere all\u2019indifferenza<\/strong>, a non chiudere gli occhi davanti all\u2019ingiustizia, a sentire con tutto il cuore il dolore altrui. \u00c8 un richiamo alla nostra coscienza, alla dignit\u00e0 e al coraggio: <strong>un invito a difendere la vita, sempre, senza scuse.<\/strong><\/p>\n<h3>Chi \u00e8 Albert Camus<\/h3>\n<p>Albert Camus ha cercato fino alla fine di capire cosa significhi vivere con lucidit\u00e0, senza illusioni. Famoso per <a href=\"https:\/\/www.frasicelebri.it\/s-libro\/luomo-in-rivolta\/\" target=\"_blank\" rel=\"noopener\"><em>L&#8217;uomo in rivolta<\/em><\/a> e <a href=\"https:\/\/www.frasicelebri.it\/s-libro\/lo-straniero\/\" target=\"_blank\" rel=\"noopener\"><em>Lo Straniero<\/em><\/a>, \u00e8 nato in in Algeria nel 1913 in una famiglia modesta e vincitore del Premio Nobel per la Letteratura nel 1957, visse da vicino le tragedie del colonialismo, della guerra e della povert\u00e0.<\/p>\n<p>Rifiutando dogmi e totalitarismi, <strong>scelse un umanesimo profondo<\/strong>, fatto di gesti coraggiosi, etica quotidiana e silenziose ribellioni contro l\u2019ingiustizia.<\/p>\n<h3>Frasi di Albert Camus<\/h3>\n<ol>\n<li><strong><em>\u201cIl fine giustifica i mezzi? \u00c8 possibile. Ma chi giustificher\u00e0 il fine? A questa domanda che il pensiero lascia in sospeso, la rivolta risponde: i mezzi.\u201d<\/em><\/strong><\/li>\n<li><strong><em>\u201cOgni uomo \u00e8 un criminale senza saperlo.\u201d<\/em><\/strong><\/li>\n<li><strong><em>\u201cIl male che c&#8217;\u00e8 nel mondo viene quasi sempre dall&#8217;ignoranza, e le buone intenzioni possono fare altrettanto danno della cattiveria se mancano di comprensione.\u201d<\/em><\/strong><\/li>\n<li><strong><em>\u201cNon \u00e8 la lotta che ci obbliga a essere artisti, \u00e8 l&#8217;arte che ci obbliga a lottare.\u201d<\/em><\/strong><\/li>\n<li><strong><em>\u201cQualsiasi forma di disprezzo, se avviene in politica, prepara o instaura il fascismo.\u201d<\/em><\/strong><\/li>\n<\/ol>\n<p>Leggi altre <a href=\"https:\/\/www.frasicelebri.it\/ricerca-frasi\/?q=albert+camus\" target=\"_blank\" rel=\"noopener\">frasi celebri di Albert Camus<\/a> e le <a href=\"https:\/\/www.frasicelebri.it\/ricerca-frasi\/?q=guerra\" target=\"_blank\" rel=\"noopener\">frasi sulla guerra<\/a><\/p>\n","protected":false},"excerpt":{"rendered":"<p>Albert Camus, con la sua penna, ci obbliga a fermarci davanti all\u2019inviolabile valore di ogni vita umana. Ci ricorda che nessuna ideologia, nessuna guerra, nessun &#8230; <a title=\"La citazione di Camus sulla guerra che ti spiega perch\u00e9 nessuna causa al mondo giustifica la morte di un uomo innocente\" class=\"read-more\" href=\"https:\/\/www.frasicelebri.it\/news\/la-citazione-di-camus-sulla-guerra\/\" aria-label=\"More on La citazione di Camus sulla guerra che ti spiega perch\u00e9 nessuna causa al mondo giustifica la morte di un uomo innocente\">Leggi tutto<\/a><\/p>\n","protected":false},"author":14,"featured_media":43736,"comment_status":"closed","ping_status":"closed","sticky":false,"template":"","format":"standard","meta":{"footnotes":""},"categories":[42],"tags":[1467,1801],"class_list":["post-43726","post","type-post","status-publish","format-standard","has-post-thumbnail","hentry","category-lifestyle","tag-albert-camus","tag-frasi-sulla-guerra"],"yoast_head":"<!-- This site is optimized with the Yoast SEO plugin v25.2 - https:\/\/yoast.com\/wordpress\/plugins\/seo\/ -->\n<title>La citazione di Camus sulla guerra che ti spiega perch\u00e9 nessuna causa al mondo giustifica la morte di un uomo innocente - Frasicelebri.it<\/title>\n<meta name=\"description\" content=\"E se il vero male fosse chiamare \u201cnecessaria\u201d la morte di un innocente? Nessuna causa pu\u00f2 rendere giusto ci\u00f2 che tradisce la nostra umanit\u00e0\" \/>\n<meta name=\"robots\" content=\"index, follow, max-snippet:-1, max-image-preview:large, max-video-preview:-1\" \/>\n<link rel=\"canonical\" href=\"https:\/\/www.frasicelebri.it\/news\/la-citazione-di-camus-sulla-guerra\/\" \/>\n<meta property=\"og:locale\" content=\"it_IT\" \/>\n<meta property=\"og:type\" content=\"article\" \/>\n<meta property=\"og:title\" content=\"La citazione di Camus sulla guerra che ti spiega perch\u00e9 nessuna causa al mondo giustifica la morte di un uomo innocente - Frasicelebri.it\" \/>\n<meta property=\"og:description\" content=\"E se il vero male fosse chiamare \u201cnecessaria\u201d la morte di un innocente? Nessuna causa pu\u00f2 rendere giusto ci\u00f2 che tradisce la nostra umanit\u00e0\" \/>\n<meta property=\"og:url\" content=\"https:\/\/www.frasicelebri.it\/news\/la-citazione-di-camus-sulla-guerra\/\" \/>\n<meta property=\"og:site_name\" content=\"Frasicelebri.it\" \/>\n<meta property=\"article:published_time\" content=\"2026-03-11T07:40:54+00:00\" \/>\n<meta property=\"og:image\" content=\"https:\/\/i0.wp.com\/www.frasicelebri.it\/news\/wp-content\/uploads\/2026\/03\/img-citazione-camus-guerra-2026.jpg?fit=1084%2C610&ssl=1\" \/>\n\t<meta property=\"og:image:width\" content=\"1084\" \/>\n\t<meta property=\"og:image:height\" content=\"610\" \/>\n\t<meta property=\"og:image:type\" content=\"image\/jpeg\" \/>\n<meta name=\"author\" content=\"Sara Bellanza\" \/>\n<meta name=\"twitter:card\" content=\"summary_large_image\" \/>\n<meta name=\"twitter:label1\" content=\"Scritto da\" \/>\n\t<meta name=\"twitter:data1\" content=\"Sara Bellanza\" \/>\n\t<meta name=\"twitter:label2\" content=\"Tempo di lettura stimato\" \/>\n\t<meta name=\"twitter:data2\" content=\"5 minuti\" \/>\n<script type=\"application\/ld+json\" class=\"yoast-schema-graph\">{\"@context\":\"https:\/\/schema.org\",\"@graph\":[{\"@type\":\"Article\",\"@id\":\"https:\/\/www.frasicelebri.it\/news\/la-citazione-di-camus-sulla-guerra\/#article\",\"isPartOf\":{\"@id\":\"https:\/\/www.frasicelebri.it\/news\/la-citazione-di-camus-sulla-guerra\/\"},\"author\":{\"name\":\"Sara Bellanza\",\"@id\":\"https:\/\/www.frasicelebri.it\/news\/#\/schema\/person\/87eed277b0405441e405668e9452c547\"},\"headline\":\"La citazione di Camus sulla guerra che ti spiega perch\u00e9 nessuna causa al mondo giustifica la morte di un uomo innocente\",\"datePublished\":\"2026-03-11T07:40:54+00:00\",\"mainEntityOfPage\":{\"@id\":\"https:\/\/www.frasicelebri.it\/news\/la-citazione-di-camus-sulla-guerra\/\"},\"wordCount\":833,\"publisher\":{\"@id\":\"https:\/\/www.frasicelebri.it\/news\/#organization\"},\"image\":{\"@id\":\"https:\/\/www.frasicelebri.it\/news\/la-citazione-di-camus-sulla-guerra\/#primaryimage\"},\"thumbnailUrl\":\"https:\/\/i0.wp.com\/www.frasicelebri.it\/news\/wp-content\/uploads\/2026\/03\/img-citazione-camus-guerra-2026.jpg?fit=1084%2C610&ssl=1\",\"keywords\":[\"Albert Camus\",\"frasi sulla guerra\"],\"articleSection\":[\"LifeStyle\"],\"inLanguage\":\"it-IT\"},{\"@type\":\"WebPage\",\"@id\":\"https:\/\/www.frasicelebri.it\/news\/la-citazione-di-camus-sulla-guerra\/\",\"url\":\"https:\/\/www.frasicelebri.it\/news\/la-citazione-di-camus-sulla-guerra\/\",\"name\":\"La citazione di Camus sulla guerra che ti spiega perch\u00e9 nessuna causa al mondo giustifica la morte di un uomo innocente - Frasicelebri.it\",\"isPartOf\":{\"@id\":\"https:\/\/www.frasicelebri.it\/news\/#website\"},\"primaryImageOfPage\":{\"@id\":\"https:\/\/www.frasicelebri.it\/news\/la-citazione-di-camus-sulla-guerra\/#primaryimage\"},\"image\":{\"@id\":\"https:\/\/www.frasicelebri.it\/news\/la-citazione-di-camus-sulla-guerra\/#primaryimage\"},\"thumbnailUrl\":\"https:\/\/i0.wp.com\/www.frasicelebri.it\/news\/wp-content\/uploads\/2026\/03\/img-citazione-camus-guerra-2026.jpg?fit=1084%2C610&ssl=1\",\"datePublished\":\"2026-03-11T07:40:54+00:00\",\"description\":\"E se il vero male fosse chiamare \u201cnecessaria\u201d la morte di un innocente? Nessuna causa pu\u00f2 rendere giusto ci\u00f2 che tradisce la nostra umanit\u00e0\",\"breadcrumb\":{\"@id\":\"https:\/\/www.frasicelebri.it\/news\/la-citazione-di-camus-sulla-guerra\/#breadcrumb\"},\"inLanguage\":\"it-IT\",\"potentialAction\":[{\"@type\":\"ReadAction\",\"target\":[\"https:\/\/www.frasicelebri.it\/news\/la-citazione-di-camus-sulla-guerra\/\"]}]},{\"@type\":\"ImageObject\",\"inLanguage\":\"it-IT\",\"@id\":\"https:\/\/www.frasicelebri.it\/news\/la-citazione-di-camus-sulla-guerra\/#primaryimage\",\"url\":\"https:\/\/i0.wp.com\/www.frasicelebri.it\/news\/wp-content\/uploads\/2026\/03\/img-citazione-camus-guerra-2026.jpg?fit=1084%2C610&ssl=1\",\"contentUrl\":\"https:\/\/i0.wp.com\/www.frasicelebri.it\/news\/wp-content\/uploads\/2026\/03\/img-citazione-camus-guerra-2026.jpg?fit=1084%2C610&ssl=1\",\"width\":1084,\"height\":610,\"caption\":\"citazione di Camus sulla guerra\"},{\"@type\":\"BreadcrumbList\",\"@id\":\"https:\/\/www.frasicelebri.it\/news\/la-citazione-di-camus-sulla-guerra\/#breadcrumb\",\"itemListElement\":[{\"@type\":\"ListItem\",\"position\":1,\"name\":\"Home\",\"item\":\"https:\/\/www.frasicelebri.it\/news\/\"},{\"@type\":\"ListItem\",\"position\":2,\"name\":\"La citazione di Camus sulla guerra che ti spiega perch\u00e9 nessuna causa al mondo giustifica la morte di un uomo innocente\"}]},{\"@type\":\"WebSite\",\"@id\":\"https:\/\/www.frasicelebri.it\/news\/#website\",\"url\":\"https:\/\/www.frasicelebri.it\/news\/\",\"name\":\"Frasicelebri.it\",\"description\":\"News Frasicelebri.it\",\"publisher\":{\"@id\":\"https:\/\/www.frasicelebri.it\/news\/#organization\"},\"potentialAction\":[{\"@type\":\"SearchAction\",\"target\":{\"@type\":\"EntryPoint\",\"urlTemplate\":\"https:\/\/www.frasicelebri.it\/news\/?s={search_term_string}\"},\"query-input\":{\"@type\":\"PropertyValueSpecification\",\"valueRequired\":true,\"valueName\":\"search_term_string\"}}],\"inLanguage\":\"it-IT\"},{\"@type\":\"Organization\",\"@id\":\"https:\/\/www.frasicelebri.it\/news\/#organization\",\"name\":\"Frasicelebri.it\",\"url\":\"https:\/\/www.frasicelebri.it\/news\/\",\"logo\":{\"@type\":\"ImageObject\",\"inLanguage\":\"it-IT\",\"@id\":\"https:\/\/www.frasicelebri.it\/news\/#\/schema\/logo\/image\/\",\"url\":\"https:\/\/i0.wp.com\/www.frasicelebri.it\/news\/wp-content\/uploads\/2024\/07\/logo-quadrato-drasicelebri.it_.jpg?fit=696%2C696&ssl=1\",\"contentUrl\":\"https:\/\/i0.wp.com\/www.frasicelebri.it\/news\/wp-content\/uploads\/2024\/07\/logo-quadrato-drasicelebri.it_.jpg?fit=696%2C696&ssl=1\",\"width\":696,\"height\":696,\"caption\":\"Frasicelebri.it\"},\"image\":{\"@id\":\"https:\/\/www.frasicelebri.it\/news\/#\/schema\/logo\/image\/\"}},{\"@type\":\"Person\",\"@id\":\"https:\/\/www.frasicelebri.it\/news\/#\/schema\/person\/87eed277b0405441e405668e9452c547\",\"name\":\"Sara Bellanza\",\"image\":{\"@type\":\"ImageObject\",\"inLanguage\":\"it-IT\",\"@id\":\"https:\/\/www.frasicelebri.it\/news\/#\/schema\/person\/image\/\",\"url\":\"https:\/\/secure.gravatar.com\/avatar\/09a3eae84da984b800b521a167211390?s=96&d=mm&r=g\",\"contentUrl\":\"https:\/\/secure.gravatar.com\/avatar\/09a3eae84da984b800b521a167211390?s=96&d=mm&r=g\",\"caption\":\"Sara Bellanza\"},\"url\":\"https:\/\/www.frasicelebri.it\/news\/author\/sara\/\"}]}<\/script>\n<!-- \/ Yoast SEO plugin. -->","yoast_head_json":{"title":"La citazione di Camus sulla guerra che ti spiega perch\u00e9 nessuna causa al mondo giustifica la morte di un uomo innocente - Frasicelebri.it","description":"E se il vero male fosse chiamare \u201cnecessaria\u201d la morte di un innocente? Nessuna causa pu\u00f2 rendere giusto ci\u00f2 che tradisce la nostra umanit\u00e0","robots":{"index":"index","follow":"follow","max-snippet":"max-snippet:-1","max-image-preview":"max-image-preview:large","max-video-preview":"max-video-preview:-1"},"canonical":"https:\/\/www.frasicelebri.it\/news\/la-citazione-di-camus-sulla-guerra\/","og_locale":"it_IT","og_type":"article","og_title":"La citazione di Camus sulla guerra che ti spiega perch\u00e9 nessuna causa al mondo giustifica la morte di un uomo innocente - Frasicelebri.it","og_description":"E se il vero male fosse chiamare \u201cnecessaria\u201d la morte di un innocente? Nessuna causa pu\u00f2 rendere giusto ci\u00f2 che tradisce la nostra umanit\u00e0","og_url":"https:\/\/www.frasicelebri.it\/news\/la-citazione-di-camus-sulla-guerra\/","og_site_name":"Frasicelebri.it","article_published_time":"2026-03-11T07:40:54+00:00","og_image":[{"width":1084,"height":610,"url":"https:\/\/i0.wp.com\/www.frasicelebri.it\/news\/wp-content\/uploads\/2026\/03\/img-citazione-camus-guerra-2026.jpg?fit=1084%2C610&ssl=1","type":"image\/jpeg"}],"author":"Sara Bellanza","twitter_card":"summary_large_image","twitter_misc":{"Scritto da":"Sara Bellanza","Tempo di lettura stimato":"5 minuti"},"schema":{"@context":"https:\/\/schema.org","@graph":[{"@type":"Article","@id":"https:\/\/www.frasicelebri.it\/news\/la-citazione-di-camus-sulla-guerra\/#article","isPartOf":{"@id":"https:\/\/www.frasicelebri.it\/news\/la-citazione-di-camus-sulla-guerra\/"},"author":{"name":"Sara Bellanza","@id":"https:\/\/www.frasicelebri.it\/news\/#\/schema\/person\/87eed277b0405441e405668e9452c547"},"headline":"La citazione di Camus sulla guerra che ti spiega perch\u00e9 nessuna causa al mondo giustifica la morte di un uomo innocente","datePublished":"2026-03-11T07:40:54+00:00","mainEntityOfPage":{"@id":"https:\/\/www.frasicelebri.it\/news\/la-citazione-di-camus-sulla-guerra\/"},"wordCount":833,"publisher":{"@id":"https:\/\/www.frasicelebri.it\/news\/#organization"},"image":{"@id":"https:\/\/www.frasicelebri.it\/news\/la-citazione-di-camus-sulla-guerra\/#primaryimage"},"thumbnailUrl":"https:\/\/i0.wp.com\/www.frasicelebri.it\/news\/wp-content\/uploads\/2026\/03\/img-citazione-camus-guerra-2026.jpg?fit=1084%2C610&ssl=1","keywords":["Albert Camus","frasi sulla guerra"],"articleSection":["LifeStyle"],"inLanguage":"it-IT"},{"@type":"WebPage","@id":"https:\/\/www.frasicelebri.it\/news\/la-citazione-di-camus-sulla-guerra\/","url":"https:\/\/www.frasicelebri.it\/news\/la-citazione-di-camus-sulla-guerra\/","name":"La citazione di Camus sulla guerra che ti spiega perch\u00e9 nessuna causa al mondo giustifica la morte di un uomo innocente - Frasicelebri.it","isPartOf":{"@id":"https:\/\/www.frasicelebri.it\/news\/#website"},"primaryImageOfPage":{"@id":"https:\/\/www.frasicelebri.it\/news\/la-citazione-di-camus-sulla-guerra\/#primaryimage"},"image":{"@id":"https:\/\/www.frasicelebri.it\/news\/la-citazione-di-camus-sulla-guerra\/#primaryimage"},"thumbnailUrl":"https:\/\/i0.wp.com\/www.frasicelebri.it\/news\/wp-content\/uploads\/2026\/03\/img-citazione-camus-guerra-2026.jpg?fit=1084%2C610&ssl=1","datePublished":"2026-03-11T07:40:54+00:00","description":"E se il vero male fosse chiamare \u201cnecessaria\u201d la morte di un innocente? Nessuna causa pu\u00f2 rendere giusto ci\u00f2 che tradisce la nostra umanit\u00e0","breadcrumb":{"@id":"https:\/\/www.frasicelebri.it\/news\/la-citazione-di-camus-sulla-guerra\/#breadcrumb"},"inLanguage":"it-IT","potentialAction":[{"@type":"ReadAction","target":["https:\/\/www.frasicelebri.it\/news\/la-citazione-di-camus-sulla-guerra\/"]}]},{"@type":"ImageObject","inLanguage":"it-IT","@id":"https:\/\/www.frasicelebri.it\/news\/la-citazione-di-camus-sulla-guerra\/#primaryimage","url":"https:\/\/i0.wp.com\/www.frasicelebri.it\/news\/wp-content\/uploads\/2026\/03\/img-citazione-camus-guerra-2026.jpg?fit=1084%2C610&ssl=1","contentUrl":"https:\/\/i0.wp.com\/www.frasicelebri.it\/news\/wp-content\/uploads\/2026\/03\/img-citazione-camus-guerra-2026.jpg?fit=1084%2C610&ssl=1","width":1084,"height":610,"caption":"citazione di Camus sulla guerra"},{"@type":"BreadcrumbList","@id":"https:\/\/www.frasicelebri.it\/news\/la-citazione-di-camus-sulla-guerra\/#breadcrumb","itemListElement":[{"@type":"ListItem","position":1,"name":"Home","item":"https:\/\/www.frasicelebri.it\/news\/"},{"@type":"ListItem","position":2,"name":"La citazione di Camus sulla guerra che ti spiega perch\u00e9 nessuna causa al mondo giustifica la morte di un uomo innocente"}]},{"@type":"WebSite","@id":"https:\/\/www.frasicelebri.it\/news\/#website","url":"https:\/\/www.frasicelebri.it\/news\/","name":"Frasicelebri.it","description":"News Frasicelebri.it","publisher":{"@id":"https:\/\/www.frasicelebri.it\/news\/#organization"},"potentialAction":[{"@type":"SearchAction","target":{"@type":"EntryPoint","urlTemplate":"https:\/\/www.frasicelebri.it\/news\/?s={search_term_string}"},"query-input":{"@type":"PropertyValueSpecification","valueRequired":true,"valueName":"search_term_string"}}],"inLanguage":"it-IT"},{"@type":"Organization","@id":"https:\/\/www.frasicelebri.it\/news\/#organization","name":"Frasicelebri.it","url":"https:\/\/www.frasicelebri.it\/news\/","logo":{"@type":"ImageObject","inLanguage":"it-IT","@id":"https:\/\/www.frasicelebri.it\/news\/#\/schema\/logo\/image\/","url":"https:\/\/i0.wp.com\/www.frasicelebri.it\/news\/wp-content\/uploads\/2024\/07\/logo-quadrato-drasicelebri.it_.jpg?fit=696%2C696&ssl=1","contentUrl":"https:\/\/i0.wp.com\/www.frasicelebri.it\/news\/wp-content\/uploads\/2024\/07\/logo-quadrato-drasicelebri.it_.jpg?fit=696%2C696&ssl=1","width":696,"height":696,"caption":"Frasicelebri.it"},"image":{"@id":"https:\/\/www.frasicelebri.it\/news\/#\/schema\/logo\/image\/"}},{"@type":"Person","@id":"https:\/\/www.frasicelebri.it\/news\/#\/schema\/person\/87eed277b0405441e405668e9452c547","name":"Sara Bellanza","image":{"@type":"ImageObject","inLanguage":"it-IT","@id":"https:\/\/www.frasicelebri.it\/news\/#\/schema\/person\/image\/","url":"https:\/\/secure.gravatar.com\/avatar\/09a3eae84da984b800b521a167211390?s=96&d=mm&r=g","contentUrl":"https:\/\/secure.gravatar.com\/avatar\/09a3eae84da984b800b521a167211390?s=96&d=mm&r=g","caption":"Sara Bellanza"},"url":"https:\/\/www.frasicelebri.it\/news\/author\/sara\/"}]}},"_links":{"self":[{"href":"https:\/\/www.frasicelebri.it\/news\/wp-json\/wp\/v2\/posts\/43726","targetHints":{"allow":["GET"]}}],"collection":[{"href":"https:\/\/www.frasicelebri.it\/news\/wp-json\/wp\/v2\/posts"}],"about":[{"href":"https:\/\/www.frasicelebri.it\/news\/wp-json\/wp\/v2\/types\/post"}],"author":[{"embeddable":true,"href":"https:\/\/www.frasicelebri.it\/news\/wp-json\/wp\/v2\/users\/14"}],"replies":[{"embeddable":true,"href":"https:\/\/www.frasicelebri.it\/news\/wp-json\/wp\/v2\/comments?post=43726"}],"version-history":[{"count":10,"href":"https:\/\/www.frasicelebri.it\/news\/wp-json\/wp\/v2\/posts\/43726\/revisions"}],"predecessor-version":[{"id":43737,"href":"https:\/\/www.frasicelebri.it\/news\/wp-json\/wp\/v2\/posts\/43726\/revisions\/43737"}],"wp:featuredmedia":[{"embeddable":true,"href":"https:\/\/www.frasicelebri.it\/news\/wp-json\/wp\/v2\/media\/43736"}],"wp:attachment":[{"href":"https:\/\/www.frasicelebri.it\/news\/wp-json\/wp\/v2\/media?parent=43726"}],"wp:term":[{"taxonomy":"category","embeddable":true,"href":"https:\/\/www.frasicelebri.it\/news\/wp-json\/wp\/v2\/categories?post=43726"},{"taxonomy":"post_tag","embeddable":true,"href":"https:\/\/www.frasicelebri.it\/news\/wp-json\/wp\/v2\/tags?post=43726"}],"curies":[{"name":"wp","href":"https:\/\/api.w.org\/{rel}","templated":true}]}}