{"id":43757,"date":"2026-03-11T17:40:13","date_gmt":"2026-03-11T16:40:13","guid":{"rendered":"https:\/\/www.frasicelebri.it\/news\/?p=43757"},"modified":"2026-03-10T11:17:13","modified_gmt":"2026-03-10T10:17:13","slug":"una-citazione-di-pessoa-sul-tramonto","status":"publish","type":"post","link":"https:\/\/www.frasicelebri.it\/news\/una-citazione-di-pessoa-sul-tramonto\/","title":{"rendered":"Una citazione di Pessoa sul tramonto che ti fa capire perch\u00e9 se accetti la tua imperfezione riesci a vivere molto meglio"},"content":{"rendered":"<p><a href=\"https:\/\/www.frasicelebri.it\/frasi-di\/fernando-nogueira-pessoa\/\" target=\"_blank\" rel=\"noopener\">Fernando Pessoa<\/a> era uno scrittore che si moltiplicava. Non contento di una sola identit\u00e0, aveva creato decine di eteronimi &#8211; personalit\u00e0 letterarie complete, con biografie, stili e filosofie proprie &#8211; con cui popolava la sua <a href=\"https:\/\/www.frasicelebri.it\/news\/frasi-di-fernando-pessoa-sulla-solitudine\/\" target=\"_blank\" rel=\"noopener\">solitudine<\/a> a Lisbona. \u00a0Pessoa era molti. E tutti questi molti avevano in comune una cosa: la capacit\u00e0 di guardare le cose ordinarie con un&#8217;attenzione che le trasformava in qualcosa di straordinario.<\/p>\n<p>Il <strong>tramonto<\/strong> \u00e8 uno di questi oggetti ordinari. Lo vediamo ogni giorno, o potremmo, se ci fermassimo a guardare. E Pessoa ci ha lasciato su di esso una delle frasi pi\u00f9 brevi e pi\u00f9 fertili che siano mai state scritte sull&#8217;imperfezione: non come difetto da correggere, ma come condizione costitutiva di tutto ci\u00f2 che esiste. Anche del tramonto pi\u00f9 bello.<\/p>\n<p><img data-recalc-dims=\"1\" loading=\"lazy\" decoding=\"async\" class=\"alignnone size-full wp-image-43758\" src=\"https:\/\/i0.wp.com\/www.frasicelebri.it\/news\/wp-content\/uploads\/2026\/03\/img-citazione-pessoa-tramonto-2026.jpg?resize=1200%2C675&#038;ssl=1\" alt=\"citazione di Pessoa sul tramonto\" width=\"1200\" height=\"675\" srcset=\"https:\/\/i0.wp.com\/www.frasicelebri.it\/news\/wp-content\/uploads\/2026\/03\/img-citazione-pessoa-tramonto-2026.jpg?w=1200&amp;ssl=1 1200w, https:\/\/i0.wp.com\/www.frasicelebri.it\/news\/wp-content\/uploads\/2026\/03\/img-citazione-pessoa-tramonto-2026.jpg?resize=300%2C169&amp;ssl=1 300w, https:\/\/i0.wp.com\/www.frasicelebri.it\/news\/wp-content\/uploads\/2026\/03\/img-citazione-pessoa-tramonto-2026.jpg?resize=150%2C84&amp;ssl=1 150w, https:\/\/i0.wp.com\/www.frasicelebri.it\/news\/wp-content\/uploads\/2026\/03\/img-citazione-pessoa-tramonto-2026.jpg?resize=768%2C432&amp;ssl=1 768w\" sizes=\"auto, (max-width: 1200px) 100vw, 1200px\" \/><\/p>\n<h2>Tutto \u00e8 imperfetto<\/h2>\n<blockquote><p>&#8220;<em>Tutto \u00e8 imperfetto, non c&#8217;\u00e8 tramonto cos\u00ec bello da non poterlo essere di pi\u00f9<\/em>.&#8221;<\/p><\/blockquote>\n<p>Fermati un momento su questa frase. Non dice: il tramonto \u00e8 imperfetto, ma \u00e8 ugualmente bello. Dice qualcosa di pi\u00f9 radicale: il tramonto \u00e8 bello &#8211; uno dei fenomeni pi\u00f9 belli che la natura produca ogni giorno, senza eccezioni &#8211; e tuttavia non c&#8217;\u00e8 tramonto cos\u00ec bello da non poterlo essere di pi\u00f9. <strong>L&#8217;imperfezione non \u00e8 un&#8217;eccezione: \u00e8 la regola assoluta. Tutto ci\u00f2 che esiste avrebbe potuto essere migliore.<\/strong> \u00c8 legge dell&#8217;esistenza.<\/p>\n<p>Pessoa non sta dicendo che il tramonto sia mediocre. Sta dicendo che <strong>la perfezione assoluta \u00e8 un concetto vuoto<\/strong>, un fantasma che non abita nessuna cosa reale. Ogni tramonto \u00e8 il massimo di <a href=\"https:\/\/www.frasicelebri.it\/argomento\/bellezza\/\" target=\"_blank\" rel=\"noopener\">bellezza<\/a> possibile in quelle condizioni esatte, in quel momento esatto, con quell&#8217;atmosfera esatta. E al tempo stesso, in astratto, avrebbe potuto essere di pi\u00f9. Questa coesistenza &#8211; la bellezza massima e la possibilit\u00e0 teorica di ancora di pi\u00f9 &#8211; \u00e8 <strong>la condizione di tutto ci\u00f2 che esiste<\/strong>.<\/p>\n<h3>La trappola del confronto con il possibile<\/h3>\n<p>Il problema con cui la maggior parte delle persone vive non \u00e8 l&#8217;<a href=\"https:\/\/www.frasicelebri.it\/argomento\/imperfezione\/\" target=\"_blank\" rel=\"noopener\">imperfezione<\/a> in s\u00e9. \u00c8 <strong>il confronto tra ci\u00f2 che c&#8217;\u00e8 e ci\u00f2 che potrebbe esserci<\/strong>. Tra la vita reale e quella immaginata. Tra il corpo che si ha e quello che si vorrebbe. Tra la relazione che si vive e quella che si sogna. Tra il lavoro che si fa e quello che sarebbe perfetto.<\/p>\n<p>Pessoa sta dicendo che <strong>questo confronto \u00e8 strutturalmente impossibile da vincere<\/strong>, non perch\u00e9 tu sia insufficiente, ma perch\u00e9 <strong>l&#8217;imperfezione \u00e8 la condizione di tutto<\/strong>, nessun tramonto escluso. Il tramonto pi\u00f9 stupendo che tu abbia mai visto &#8211; quello che ti ha tolto il respiro, che hai fotografato e che ancora ti commuove &#8211; avrebbe potuto essere di pi\u00f9. Eppure era bellissimo. Eppure valeva la pena guardarlo. <strong>L&#8217;imperfezione non sminuisce la bellezza: la abita.<\/strong><\/p>\n<h3>Accettare l&#8217;imperfezione come condizione, non come fallimento<\/h3>\n<p>C&#8217;\u00e8 una differenza enorme tra <strong>l&#8217;imperfezione come fallimento personale<\/strong> e <strong>l&#8217;imperfezione come condizione universale<\/strong>. La prima \u00e8 una colpa, qualcosa che avresti potuto evitare, correggere, migliorare, e non hai fatto. La seconda \u00e8 semplicemente il modo in cui le cose stanno: nessun essere umano, nessun tramonto, nessuna opera d&#8217;arte, nessuna relazione \u00e8 mai stata perfetta. Mai. Non perch\u00e9 manchino di qualcosa di fondamentale, ma perch\u00e9 <strong>la perfezione assoluta non appartiene al mondo reale.<\/strong><\/p>\n<p>Quando Pessoa dice che non c&#8217;\u00e8 tramonto cos\u00ec bello da non poterlo essere di pi\u00f9, sta implicitamente dicendo anche: <strong>non c&#8217;\u00e8 persona cos\u00ec buona o cos\u00ec capace da non poterlo essere di pi\u00f9<\/strong>. <strong>Non c&#8217;\u00e8 vita cos\u00ec ben vissuta da non poterlo essere di pi\u00f9<\/strong>. <strong>Non c&#8217;\u00e8 amore cos\u00ec profondo da non poterlo essere di pi\u00f9<\/strong>. E questo non \u00e8 una condanna: \u00e8 una liberazione. Perch\u00e9 se l&#8217;imperfezione \u00e8 universale e strutturale, allora smette di essere una caratteristica tua personale da vergognartene. \u00c8 semplicemente la texture della realt\u00e0.<\/p>\n<h3>Il tramonto imperfetto come modello di vita<\/h3>\n<p>Torniamo al tramonto. Lo guardi. \u00c8 bello, magari straordinariamente bello, magari uno di quei tramonti che sembrano dipinti. E in qualche angolo della mente sai che avrebbe potuto essere ancora pi\u00f9 bello. Ma non lo stai criticando per questo. <strong>Non lo stai confrontando con un tramonto ideale che non esiste<\/strong>. Lo stai guardando, lo stai abitando, lo stai lasciando entrare per quello che \u00e8.<\/p>\n<p>Pessoa sta chiedendoci di fare con la nostra vita &#8211; con noi stessi, con le persone che amiamo, con il lavoro che facciamo &#8211; quello che facciamo istintivamente con il tramonto. <strong>Guardarlo per quello che \u00e8<\/strong>. Trovarlo bello per quello che \u00e8. <strong>Sapere che avrebbe potuto essere di pi\u00f9, e scegliere comunque di stare qui, presenti, a guardarlo. Non nonostante l&#8217;imperfezione. Con l&#8217;imperfezione<\/strong>, che \u00e8 parte di ci\u00f2 che lo rende reale.<\/p>\n<h3>Frasi di Fernando Pessoa<\/h3>\n<ol>\n<li><strong>&#8220;<em>Tutto \u00e8 imperfetto, non c&#8217;\u00e8 tramonto cos\u00ec bello da non poterlo essere di pi\u00f9<\/em>.&#8221;<\/strong><\/li>\n<li><strong>\u201c<em>Per me non esistono fiori in grado di reggere il confronto con la variet\u00e0 dei colori che assume Lisbona alla luce del sole<\/em>.\u201d<\/strong><\/li>\n<li><strong>\u201c<em>C\u2019\u00e8 un destino uguale, perch\u00e9 \u00e8 astratto, per gli uomini e per le cose, una designazione ugualmente indifferente nell\u2019algebra del mistero<\/em>.\u201d<\/strong><\/li>\n<li><strong>\u201c<em>Perch\u00e9 per essere felici \u00e8 necessario non saperlo?<\/em>\u201d<\/strong><\/li>\n<li><strong>\u201c<em>E se tutti noi fossimo sogni che qualcuno sogna, pensieri che qualcuno pensa?<\/em>\u201d<\/strong><\/li>\n<\/ol>\n<p><strong>BIO di Fernando Pessoa<\/strong><\/p>\n<p><strong>Fernando Pessoa<\/strong> (Lisbona, 1888 &#8211; Lisbona, 1935) \u00e8 considerato il pi\u00f9 grande poeta portoghese del Novecento e una delle figure pi\u00f9 singolari e originali della letteratura mondiale. Trascorse la maggior parte della vita a <strong>Lisbona<\/strong> lavorando come traduttore commerciale, scrivendo quasi in segreto una delle opere letterarie pi\u00f9 vaste e pi\u00f9 complesse del suo tempo. Cre\u00f2 oltre settanta eteronimi, tra cui i principali: <strong>Alberto Caeiro<\/strong> (poeta del paganismo), <strong>Ricardo Reis<\/strong> (poeta classicista), <strong>\u00c1lvaro de Campos<\/strong> (poeta modernista), e <strong>Fernando Pessoa<\/strong> stesso come semi-eteronimo. La maggior parte della sua opera fu scoperta e pubblicata postuma. Il <a href=\"https:\/\/www.frasicelebri.it\/s-libro\/il-libro-dellinquietudine\/\" target=\"_blank\" rel=\"noopener\"><em>Libro dell&#8217;Inquietudine<\/em><\/a>, attribuito all&#8217;eteronimo <strong>Bernardo Soares<\/strong>, \u00e8 considerato uno dei capolavori della prosa del Novecento.<\/p>\n<p><strong>Leggi anche:<\/strong><\/p>\n<p><a href=\"https:\/\/www.frasicelebri.it\/news\/frasi-di-fernando-pessoa-sulla-solitudine\/\" target=\"_blank\" rel=\"noopener\">Frasi di Fernando Pessoa sulla solitudine, stare da solo non sar\u00e0 pi\u00f9 una sofferenza, ma l\u2019inizio di una vita pi\u00f9 vera<\/a><\/p>\n","protected":false},"excerpt":{"rendered":"<p>Fernando Pessoa era uno scrittore che si moltiplicava. Non contento di una sola identit\u00e0, aveva creato decine di eteronimi &#8211; personalit\u00e0 letterarie complete, con biografie, &#8230; <a title=\"Una citazione di Pessoa sul tramonto che ti fa capire perch\u00e9 se accetti la tua imperfezione riesci a vivere molto meglio\" class=\"read-more\" href=\"https:\/\/www.frasicelebri.it\/news\/una-citazione-di-pessoa-sul-tramonto\/\" aria-label=\"More on Una citazione di Pessoa sul tramonto che ti fa capire perch\u00e9 se accetti la tua imperfezione riesci a vivere molto meglio\">Leggi tutto<\/a><\/p>\n","protected":false},"author":12,"featured_media":43758,"comment_status":"closed","ping_status":"closed","sticky":false,"template":"","format":"standard","meta":{"footnotes":""},"categories":[42],"tags":[1814,1361],"class_list":["post-43757","post","type-post","status-publish","format-standard","has-post-thumbnail","hentry","category-lifestyle","tag-citazione-sul-tramonto","tag-fernando-pessoa"],"yoast_head":"<!-- This site is optimized with the Yoast SEO plugin v25.2 - https:\/\/yoast.com\/wordpress\/plugins\/seo\/ -->\n<title>Una citazione di Pessoa sul tramonto che ti fa capire perch\u00e9 se accetti la tua imperfezione riesci a vivere molto meglio - Frasicelebri.it<\/title>\n<meta name=\"description\" content=\"Scopri perch\u00e9, secondo Fernando Pessoa, accettare che tutto sia imperfetto \u00e8 il primo passo per smettere di combattere contro la vita\" \/>\n<meta name=\"robots\" content=\"index, follow, max-snippet:-1, max-image-preview:large, max-video-preview:-1\" \/>\n<link rel=\"canonical\" href=\"https:\/\/www.frasicelebri.it\/news\/una-citazione-di-pessoa-sul-tramonto\/\" \/>\n<meta property=\"og:locale\" content=\"it_IT\" \/>\n<meta property=\"og:type\" content=\"article\" \/>\n<meta property=\"og:title\" content=\"Una citazione di Pessoa sul tramonto che ti fa capire perch\u00e9 se accetti la tua imperfezione riesci a vivere molto meglio - Frasicelebri.it\" \/>\n<meta property=\"og:description\" content=\"Scopri perch\u00e9, secondo Fernando Pessoa, accettare che tutto sia imperfetto \u00e8 il primo passo per smettere di combattere contro la vita\" \/>\n<meta property=\"og:url\" content=\"https:\/\/www.frasicelebri.it\/news\/una-citazione-di-pessoa-sul-tramonto\/\" \/>\n<meta property=\"og:site_name\" content=\"Frasicelebri.it\" \/>\n<meta property=\"article:published_time\" content=\"2026-03-11T16:40:13+00:00\" \/>\n<meta property=\"og:image\" content=\"https:\/\/i0.wp.com\/www.frasicelebri.it\/news\/wp-content\/uploads\/2026\/03\/img-citazione-pessoa-tramonto-2026.jpg?fit=1200%2C675&ssl=1\" \/>\n\t<meta property=\"og:image:width\" content=\"1200\" \/>\n\t<meta property=\"og:image:height\" content=\"675\" \/>\n\t<meta property=\"og:image:type\" content=\"image\/jpeg\" \/>\n<meta name=\"author\" content=\"Romina Cardia\" \/>\n<meta name=\"twitter:card\" content=\"summary_large_image\" \/>\n<meta name=\"twitter:label1\" content=\"Scritto da\" \/>\n\t<meta name=\"twitter:data1\" content=\"Romina Cardia\" \/>\n\t<meta name=\"twitter:label2\" content=\"Tempo di lettura stimato\" \/>\n\t<meta name=\"twitter:data2\" content=\"6 minuti\" \/>\n<script type=\"application\/ld+json\" class=\"yoast-schema-graph\">{\"@context\":\"https:\/\/schema.org\",\"@graph\":[{\"@type\":\"Article\",\"@id\":\"https:\/\/www.frasicelebri.it\/news\/una-citazione-di-pessoa-sul-tramonto\/#article\",\"isPartOf\":{\"@id\":\"https:\/\/www.frasicelebri.it\/news\/una-citazione-di-pessoa-sul-tramonto\/\"},\"author\":{\"name\":\"Romina Cardia\",\"@id\":\"https:\/\/www.frasicelebri.it\/news\/#\/schema\/person\/712303166008dc510236daeaf8087292\"},\"headline\":\"Una citazione di Pessoa sul tramonto che ti fa capire perch\u00e9 se accetti la tua imperfezione riesci a vivere molto meglio\",\"datePublished\":\"2026-03-11T16:40:13+00:00\",\"mainEntityOfPage\":{\"@id\":\"https:\/\/www.frasicelebri.it\/news\/una-citazione-di-pessoa-sul-tramonto\/\"},\"wordCount\":979,\"publisher\":{\"@id\":\"https:\/\/www.frasicelebri.it\/news\/#organization\"},\"image\":{\"@id\":\"https:\/\/www.frasicelebri.it\/news\/una-citazione-di-pessoa-sul-tramonto\/#primaryimage\"},\"thumbnailUrl\":\"https:\/\/i0.wp.com\/www.frasicelebri.it\/news\/wp-content\/uploads\/2026\/03\/img-citazione-pessoa-tramonto-2026.jpg?fit=1200%2C675&ssl=1\",\"keywords\":[\"citazione sul tramonto\",\"Fernando Pessoa\"],\"articleSection\":[\"LifeStyle\"],\"inLanguage\":\"it-IT\"},{\"@type\":\"WebPage\",\"@id\":\"https:\/\/www.frasicelebri.it\/news\/una-citazione-di-pessoa-sul-tramonto\/\",\"url\":\"https:\/\/www.frasicelebri.it\/news\/una-citazione-di-pessoa-sul-tramonto\/\",\"name\":\"Una citazione di Pessoa sul tramonto che ti fa capire perch\u00e9 se accetti la tua imperfezione riesci a vivere molto meglio - Frasicelebri.it\",\"isPartOf\":{\"@id\":\"https:\/\/www.frasicelebri.it\/news\/#website\"},\"primaryImageOfPage\":{\"@id\":\"https:\/\/www.frasicelebri.it\/news\/una-citazione-di-pessoa-sul-tramonto\/#primaryimage\"},\"image\":{\"@id\":\"https:\/\/www.frasicelebri.it\/news\/una-citazione-di-pessoa-sul-tramonto\/#primaryimage\"},\"thumbnailUrl\":\"https:\/\/i0.wp.com\/www.frasicelebri.it\/news\/wp-content\/uploads\/2026\/03\/img-citazione-pessoa-tramonto-2026.jpg?fit=1200%2C675&ssl=1\",\"datePublished\":\"2026-03-11T16:40:13+00:00\",\"description\":\"Scopri perch\u00e9, secondo Fernando Pessoa, accettare che tutto sia imperfetto \u00e8 il primo passo per smettere di combattere contro la vita\",\"breadcrumb\":{\"@id\":\"https:\/\/www.frasicelebri.it\/news\/una-citazione-di-pessoa-sul-tramonto\/#breadcrumb\"},\"inLanguage\":\"it-IT\",\"potentialAction\":[{\"@type\":\"ReadAction\",\"target\":[\"https:\/\/www.frasicelebri.it\/news\/una-citazione-di-pessoa-sul-tramonto\/\"]}]},{\"@type\":\"ImageObject\",\"inLanguage\":\"it-IT\",\"@id\":\"https:\/\/www.frasicelebri.it\/news\/una-citazione-di-pessoa-sul-tramonto\/#primaryimage\",\"url\":\"https:\/\/i0.wp.com\/www.frasicelebri.it\/news\/wp-content\/uploads\/2026\/03\/img-citazione-pessoa-tramonto-2026.jpg?fit=1200%2C675&ssl=1\",\"contentUrl\":\"https:\/\/i0.wp.com\/www.frasicelebri.it\/news\/wp-content\/uploads\/2026\/03\/img-citazione-pessoa-tramonto-2026.jpg?fit=1200%2C675&ssl=1\",\"width\":1200,\"height\":675,\"caption\":\"citazione di Pessoa sul tramonto\"},{\"@type\":\"BreadcrumbList\",\"@id\":\"https:\/\/www.frasicelebri.it\/news\/una-citazione-di-pessoa-sul-tramonto\/#breadcrumb\",\"itemListElement\":[{\"@type\":\"ListItem\",\"position\":1,\"name\":\"Home\",\"item\":\"https:\/\/www.frasicelebri.it\/news\/\"},{\"@type\":\"ListItem\",\"position\":2,\"name\":\"Una citazione di Pessoa sul tramonto che ti fa capire perch\u00e9 se accetti la tua imperfezione riesci a vivere molto meglio\"}]},{\"@type\":\"WebSite\",\"@id\":\"https:\/\/www.frasicelebri.it\/news\/#website\",\"url\":\"https:\/\/www.frasicelebri.it\/news\/\",\"name\":\"Frasicelebri.it\",\"description\":\"News Frasicelebri.it\",\"publisher\":{\"@id\":\"https:\/\/www.frasicelebri.it\/news\/#organization\"},\"potentialAction\":[{\"@type\":\"SearchAction\",\"target\":{\"@type\":\"EntryPoint\",\"urlTemplate\":\"https:\/\/www.frasicelebri.it\/news\/?s={search_term_string}\"},\"query-input\":{\"@type\":\"PropertyValueSpecification\",\"valueRequired\":true,\"valueName\":\"search_term_string\"}}],\"inLanguage\":\"it-IT\"},{\"@type\":\"Organization\",\"@id\":\"https:\/\/www.frasicelebri.it\/news\/#organization\",\"name\":\"Frasicelebri.it\",\"url\":\"https:\/\/www.frasicelebri.it\/news\/\",\"logo\":{\"@type\":\"ImageObject\",\"inLanguage\":\"it-IT\",\"@id\":\"https:\/\/www.frasicelebri.it\/news\/#\/schema\/logo\/image\/\",\"url\":\"https:\/\/i0.wp.com\/www.frasicelebri.it\/news\/wp-content\/uploads\/2024\/07\/logo-quadrato-drasicelebri.it_.jpg?fit=696%2C696&ssl=1\",\"contentUrl\":\"https:\/\/i0.wp.com\/www.frasicelebri.it\/news\/wp-content\/uploads\/2024\/07\/logo-quadrato-drasicelebri.it_.jpg?fit=696%2C696&ssl=1\",\"width\":696,\"height\":696,\"caption\":\"Frasicelebri.it\"},\"image\":{\"@id\":\"https:\/\/www.frasicelebri.it\/news\/#\/schema\/logo\/image\/\"}},{\"@type\":\"Person\",\"@id\":\"https:\/\/www.frasicelebri.it\/news\/#\/schema\/person\/712303166008dc510236daeaf8087292\",\"name\":\"Romina Cardia\",\"image\":{\"@type\":\"ImageObject\",\"inLanguage\":\"it-IT\",\"@id\":\"https:\/\/www.frasicelebri.it\/news\/#\/schema\/person\/image\/\",\"url\":\"https:\/\/secure.gravatar.com\/avatar\/7e155e0e5584fd17310efae2dc94f61e?s=96&d=mm&r=g\",\"contentUrl\":\"https:\/\/secure.gravatar.com\/avatar\/7e155e0e5584fd17310efae2dc94f61e?s=96&d=mm&r=g\",\"caption\":\"Romina Cardia\"},\"url\":\"https:\/\/www.frasicelebri.it\/news\/author\/romina\/\"}]}<\/script>\n<!-- \/ Yoast SEO plugin. -->","yoast_head_json":{"title":"Una citazione di Pessoa sul tramonto che ti fa capire perch\u00e9 se accetti la tua imperfezione riesci a vivere molto meglio - Frasicelebri.it","description":"Scopri perch\u00e9, secondo Fernando Pessoa, accettare che tutto sia imperfetto \u00e8 il primo passo per smettere di combattere contro la vita","robots":{"index":"index","follow":"follow","max-snippet":"max-snippet:-1","max-image-preview":"max-image-preview:large","max-video-preview":"max-video-preview:-1"},"canonical":"https:\/\/www.frasicelebri.it\/news\/una-citazione-di-pessoa-sul-tramonto\/","og_locale":"it_IT","og_type":"article","og_title":"Una citazione di Pessoa sul tramonto che ti fa capire perch\u00e9 se accetti la tua imperfezione riesci a vivere molto meglio - Frasicelebri.it","og_description":"Scopri perch\u00e9, secondo Fernando Pessoa, accettare che tutto sia imperfetto \u00e8 il primo passo per smettere di combattere contro la vita","og_url":"https:\/\/www.frasicelebri.it\/news\/una-citazione-di-pessoa-sul-tramonto\/","og_site_name":"Frasicelebri.it","article_published_time":"2026-03-11T16:40:13+00:00","og_image":[{"width":1200,"height":675,"url":"https:\/\/i0.wp.com\/www.frasicelebri.it\/news\/wp-content\/uploads\/2026\/03\/img-citazione-pessoa-tramonto-2026.jpg?fit=1200%2C675&ssl=1","type":"image\/jpeg"}],"author":"Romina Cardia","twitter_card":"summary_large_image","twitter_misc":{"Scritto da":"Romina Cardia","Tempo di lettura stimato":"6 minuti"},"schema":{"@context":"https:\/\/schema.org","@graph":[{"@type":"Article","@id":"https:\/\/www.frasicelebri.it\/news\/una-citazione-di-pessoa-sul-tramonto\/#article","isPartOf":{"@id":"https:\/\/www.frasicelebri.it\/news\/una-citazione-di-pessoa-sul-tramonto\/"},"author":{"name":"Romina Cardia","@id":"https:\/\/www.frasicelebri.it\/news\/#\/schema\/person\/712303166008dc510236daeaf8087292"},"headline":"Una citazione di Pessoa sul tramonto che ti fa capire perch\u00e9 se accetti la tua imperfezione riesci a vivere molto meglio","datePublished":"2026-03-11T16:40:13+00:00","mainEntityOfPage":{"@id":"https:\/\/www.frasicelebri.it\/news\/una-citazione-di-pessoa-sul-tramonto\/"},"wordCount":979,"publisher":{"@id":"https:\/\/www.frasicelebri.it\/news\/#organization"},"image":{"@id":"https:\/\/www.frasicelebri.it\/news\/una-citazione-di-pessoa-sul-tramonto\/#primaryimage"},"thumbnailUrl":"https:\/\/i0.wp.com\/www.frasicelebri.it\/news\/wp-content\/uploads\/2026\/03\/img-citazione-pessoa-tramonto-2026.jpg?fit=1200%2C675&ssl=1","keywords":["citazione sul tramonto","Fernando Pessoa"],"articleSection":["LifeStyle"],"inLanguage":"it-IT"},{"@type":"WebPage","@id":"https:\/\/www.frasicelebri.it\/news\/una-citazione-di-pessoa-sul-tramonto\/","url":"https:\/\/www.frasicelebri.it\/news\/una-citazione-di-pessoa-sul-tramonto\/","name":"Una citazione di Pessoa sul tramonto che ti fa capire perch\u00e9 se accetti la tua imperfezione riesci a vivere molto meglio - Frasicelebri.it","isPartOf":{"@id":"https:\/\/www.frasicelebri.it\/news\/#website"},"primaryImageOfPage":{"@id":"https:\/\/www.frasicelebri.it\/news\/una-citazione-di-pessoa-sul-tramonto\/#primaryimage"},"image":{"@id":"https:\/\/www.frasicelebri.it\/news\/una-citazione-di-pessoa-sul-tramonto\/#primaryimage"},"thumbnailUrl":"https:\/\/i0.wp.com\/www.frasicelebri.it\/news\/wp-content\/uploads\/2026\/03\/img-citazione-pessoa-tramonto-2026.jpg?fit=1200%2C675&ssl=1","datePublished":"2026-03-11T16:40:13+00:00","description":"Scopri perch\u00e9, secondo Fernando Pessoa, accettare che tutto sia imperfetto \u00e8 il primo passo per smettere di combattere contro la vita","breadcrumb":{"@id":"https:\/\/www.frasicelebri.it\/news\/una-citazione-di-pessoa-sul-tramonto\/#breadcrumb"},"inLanguage":"it-IT","potentialAction":[{"@type":"ReadAction","target":["https:\/\/www.frasicelebri.it\/news\/una-citazione-di-pessoa-sul-tramonto\/"]}]},{"@type":"ImageObject","inLanguage":"it-IT","@id":"https:\/\/www.frasicelebri.it\/news\/una-citazione-di-pessoa-sul-tramonto\/#primaryimage","url":"https:\/\/i0.wp.com\/www.frasicelebri.it\/news\/wp-content\/uploads\/2026\/03\/img-citazione-pessoa-tramonto-2026.jpg?fit=1200%2C675&ssl=1","contentUrl":"https:\/\/i0.wp.com\/www.frasicelebri.it\/news\/wp-content\/uploads\/2026\/03\/img-citazione-pessoa-tramonto-2026.jpg?fit=1200%2C675&ssl=1","width":1200,"height":675,"caption":"citazione di Pessoa sul tramonto"},{"@type":"BreadcrumbList","@id":"https:\/\/www.frasicelebri.it\/news\/una-citazione-di-pessoa-sul-tramonto\/#breadcrumb","itemListElement":[{"@type":"ListItem","position":1,"name":"Home","item":"https:\/\/www.frasicelebri.it\/news\/"},{"@type":"ListItem","position":2,"name":"Una citazione di Pessoa sul tramonto che ti fa capire perch\u00e9 se accetti la tua imperfezione riesci a vivere molto meglio"}]},{"@type":"WebSite","@id":"https:\/\/www.frasicelebri.it\/news\/#website","url":"https:\/\/www.frasicelebri.it\/news\/","name":"Frasicelebri.it","description":"News Frasicelebri.it","publisher":{"@id":"https:\/\/www.frasicelebri.it\/news\/#organization"},"potentialAction":[{"@type":"SearchAction","target":{"@type":"EntryPoint","urlTemplate":"https:\/\/www.frasicelebri.it\/news\/?s={search_term_string}"},"query-input":{"@type":"PropertyValueSpecification","valueRequired":true,"valueName":"search_term_string"}}],"inLanguage":"it-IT"},{"@type":"Organization","@id":"https:\/\/www.frasicelebri.it\/news\/#organization","name":"Frasicelebri.it","url":"https:\/\/www.frasicelebri.it\/news\/","logo":{"@type":"ImageObject","inLanguage":"it-IT","@id":"https:\/\/www.frasicelebri.it\/news\/#\/schema\/logo\/image\/","url":"https:\/\/i0.wp.com\/www.frasicelebri.it\/news\/wp-content\/uploads\/2024\/07\/logo-quadrato-drasicelebri.it_.jpg?fit=696%2C696&ssl=1","contentUrl":"https:\/\/i0.wp.com\/www.frasicelebri.it\/news\/wp-content\/uploads\/2024\/07\/logo-quadrato-drasicelebri.it_.jpg?fit=696%2C696&ssl=1","width":696,"height":696,"caption":"Frasicelebri.it"},"image":{"@id":"https:\/\/www.frasicelebri.it\/news\/#\/schema\/logo\/image\/"}},{"@type":"Person","@id":"https:\/\/www.frasicelebri.it\/news\/#\/schema\/person\/712303166008dc510236daeaf8087292","name":"Romina Cardia","image":{"@type":"ImageObject","inLanguage":"it-IT","@id":"https:\/\/www.frasicelebri.it\/news\/#\/schema\/person\/image\/","url":"https:\/\/secure.gravatar.com\/avatar\/7e155e0e5584fd17310efae2dc94f61e?s=96&d=mm&r=g","contentUrl":"https:\/\/secure.gravatar.com\/avatar\/7e155e0e5584fd17310efae2dc94f61e?s=96&d=mm&r=g","caption":"Romina Cardia"},"url":"https:\/\/www.frasicelebri.it\/news\/author\/romina\/"}]}},"_links":{"self":[{"href":"https:\/\/www.frasicelebri.it\/news\/wp-json\/wp\/v2\/posts\/43757","targetHints":{"allow":["GET"]}}],"collection":[{"href":"https:\/\/www.frasicelebri.it\/news\/wp-json\/wp\/v2\/posts"}],"about":[{"href":"https:\/\/www.frasicelebri.it\/news\/wp-json\/wp\/v2\/types\/post"}],"author":[{"embeddable":true,"href":"https:\/\/www.frasicelebri.it\/news\/wp-json\/wp\/v2\/users\/12"}],"replies":[{"embeddable":true,"href":"https:\/\/www.frasicelebri.it\/news\/wp-json\/wp\/v2\/comments?post=43757"}],"version-history":[{"count":1,"href":"https:\/\/www.frasicelebri.it\/news\/wp-json\/wp\/v2\/posts\/43757\/revisions"}],"predecessor-version":[{"id":43759,"href":"https:\/\/www.frasicelebri.it\/news\/wp-json\/wp\/v2\/posts\/43757\/revisions\/43759"}],"wp:featuredmedia":[{"embeddable":true,"href":"https:\/\/www.frasicelebri.it\/news\/wp-json\/wp\/v2\/media\/43758"}],"wp:attachment":[{"href":"https:\/\/www.frasicelebri.it\/news\/wp-json\/wp\/v2\/media?parent=43757"}],"wp:term":[{"taxonomy":"category","embeddable":true,"href":"https:\/\/www.frasicelebri.it\/news\/wp-json\/wp\/v2\/categories?post=43757"},{"taxonomy":"post_tag","embeddable":true,"href":"https:\/\/www.frasicelebri.it\/news\/wp-json\/wp\/v2\/tags?post=43757"}],"curies":[{"name":"wp","href":"https:\/\/api.w.org\/{rel}","templated":true}]}}