{"id":43761,"date":"2026-03-11T14:40:37","date_gmt":"2026-03-11T13:40:37","guid":{"rendered":"https:\/\/www.frasicelebri.it\/news\/?p=43761"},"modified":"2026-03-11T13:25:55","modified_gmt":"2026-03-11T12:25:55","slug":"una-frase-di-recalcati-sui-papa","status":"publish","type":"post","link":"https:\/\/www.frasicelebri.it\/news\/una-frase-di-recalcati-sui-papa\/","title":{"rendered":"Una frase di Recalcati sui pap\u00e0 per convincerti che tutto quello che stai facendo lo lascerai ai tuoi figli per sempre"},"content":{"rendered":"<p><a href=\"https:\/\/www.frasicelebri.it\/frasi-di\/massimo-recalcati\/\" target=\"_blank\" rel=\"noopener\">Massimo Recalcati<\/a> \u00e8 uno degli intellettuali italiani pi\u00f9 ascoltati e pi\u00f9 letti degli ultimi anni. Psicoanalista lacaniano, professore, saggista, ospite televisivo, ha portato la psicoanalisi fuori dai divani degli studi clinici e dentro il dibattito pubblico, con una capacit\u00e0 rara di parlare di cose difficili in modo accessibile senza mai semplificarle troppo. Sul tema della <strong>paternit\u00e0<\/strong>, in particolare, ha scritto e detto cose che hanno cambiato il modo in cui molti uomini guardano al proprio ruolo.<\/p>\n<p>La sua <strong>riflessione sui padri<\/strong> non \u00e8 sentimentale. Non \u00e8 il catalogo delle cose che un buon padre dovrebbe fare. \u00c8 qualcosa di pi\u00f9 profondo e pi\u00f9 inquietante: una analisi di ci\u00f2 che un padre trasmette; non ci\u00f2 che vuole trasmettere, non ci\u00f2 che cerca consapevolmente di insegnare, ma ci\u00f2 che passa attraverso di lui senza che se ne renda conto. Ci\u00f2 che <strong>i figli prendono semplicemente guardando. Semplicemente stando vicino.<\/strong><\/p>\n<p><img data-recalc-dims=\"1\" loading=\"lazy\" decoding=\"async\" class=\"alignnone size-full wp-image-43831\" src=\"https:\/\/i0.wp.com\/www.frasicelebri.it\/news\/wp-content\/uploads\/2026\/03\/img-frase-recalcati-papa-2026-1.jpg?resize=1200%2C675&#038;ssl=1\" alt=\"frase di Recalcati sui pap\u00e0\" width=\"1200\" height=\"675\" srcset=\"https:\/\/i0.wp.com\/www.frasicelebri.it\/news\/wp-content\/uploads\/2026\/03\/img-frase-recalcati-papa-2026-1.jpg?w=1200&amp;ssl=1 1200w, https:\/\/i0.wp.com\/www.frasicelebri.it\/news\/wp-content\/uploads\/2026\/03\/img-frase-recalcati-papa-2026-1.jpg?resize=300%2C169&amp;ssl=1 300w, https:\/\/i0.wp.com\/www.frasicelebri.it\/news\/wp-content\/uploads\/2026\/03\/img-frase-recalcati-papa-2026-1.jpg?resize=150%2C84&amp;ssl=1 150w, https:\/\/i0.wp.com\/www.frasicelebri.it\/news\/wp-content\/uploads\/2026\/03\/img-frase-recalcati-papa-2026-1.jpg?resize=768%2C432&amp;ssl=1 768w\" sizes=\"auto, (max-width: 1200px) 100vw, 1200px\" \/><\/p>\n<h2>Cosa trasmette un padre secondo Massimo Recalcati<\/h2>\n<blockquote><p>&#8220;<em>Un padre non trasmette solo valori, trasmette il suo modo di stare al mondo<\/em>.&#8221;<\/p><\/blockquote>\n<p>Questa frase \u00e8 di una densit\u00e0 straordinaria, e richiede di essere scomposta per essere capita davvero. I valori sono espliciti: si insegnano, si spiegano, si ripetono. <strong>Un padre pu\u00f2 decidere quali valori trasmettere e lavorare consapevolmente per farlo<\/strong>.<\/p>\n<p>L&#8217;onest\u00e0, il rispetto, la responsabilit\u00e0, il <a href=\"https:\/\/www.frasicelebri.it\/news\/frasi-di-massimo-recalcati-sul-coraggio\/\" target=\"_blank\" rel=\"noopener\">coraggio<\/a>\u2026 queste cose si possono insegnare con le parole, con l&#8217;esempio deliberato, con la coerenza tra il dire e il fare. Ma <strong>il modo di stare al mondo \u00e8 un&#8217;altra cosa.<\/strong> \u00c8 tutto ci\u00f2 che non si insegna: il modo in cui si reagisce quando le cose vanno storto, il modo in cui si tratta il proprio corpo, il modo in cui si parla degli altri quando non ci sono, il modo in cui si affronta la paura, il modo in cui si sta nel <a href=\"https:\/\/www.frasicelebri.it\/argomento\/silenzio\/\" target=\"_blank\" rel=\"noopener\">silenzio<\/a>, il modo in cui si ama. Tutto questo passa &#8211; senza parole, senza lezioni, senza intenzione &#8211; <strong>attraverso la presenza quotidiana<\/strong>. E i figli lo assorbono come carta assorbente, prima ancora di avere gli strumenti per elaborarlo.<\/p>\n<h3>Ci\u00f2 che i figli vedono, non ci\u00f2 che sentono<\/h3>\n<p>La <strong>ricerca in psicologia dello sviluppo<\/strong> lo conferma in modo inequivocabile: <strong>i bambini imparano molto pi\u00f9 da ci\u00f2 che osservano che da ci\u00f2 che viene loro detto<\/strong>. Il <a href=\"https:\/\/www.frasicelebri.it\/argomento\/padre\/\" target=\"_blank\" rel=\"noopener\">padre<\/a> che predica l&#8217;autocontrollo e poi esplode di rabbia per motivi banali non sta trasmettendo l&#8217;autocontrollo: sta trasmettendo la sua incapacit\u00e0 di gestire le emozioni.<\/p>\n<p>Il padre che parla di rispetto e poi tratta con disprezzo i collaboratori o il personale di servizio non sta trasmettendo il rispetto: sta trasmettendo la differenziazione gerarchica del rispetto. Il padre che dice che la famiglia \u00e8 la cosa pi\u00f9 importante e poi non \u00e8 mai presente, non sta trasmettendo l&#8217;amore per la famiglia: sta trasmettendo la logica della precedenza degli impegni esterni.<\/p>\n<p><strong>I figli non ascoltano i valori dichiarati: guardano i comportamenti reali.<\/strong> E da quei comportamenti <strong>costruiscono il loro modello di come funziona il mondo<\/strong>: di come ci si comporta con gli altri, di cosa conta davvero, di come si affronta la <a href=\"https:\/\/www.frasicelebri.it\/news\/frasi-di-massimo-recalcati-sulla-vita\/\" target=\"_blank\" rel=\"noopener\">vita<\/a>. Recalcati lo chiama <strong>modo di stare al mondo<\/strong>. E dice che \u00e8 questo, non i valori espliciti, ci\u00f2 che un padre davvero trasmette.<\/p>\n<h3>La responsabilit\u00e0 che non si pu\u00f2 delegare<\/h3>\n<p>C&#8217;\u00e8 qualcosa di pesante in questa frase, e Recalcati non lo nasconde. <strong>Se trasmetti il tuo modo di stare al mondo, allora ci\u00f2 che sei<\/strong> &#8211; non ci\u00f2 che vuoi sembrare, non ci\u00f2 che predichi, non la versione di te che vorresti essere <strong>&#8211; \u00e8 ci\u00f2 che i tuoi figli riceveranno in eredit\u00e0<\/strong>. Non si pu\u00f2 ingannare un figlio a lungo. Non si pu\u00f2 costruire una persona diversa da quella che si \u00e8 e aspettarsi che i figli vedano la costruzione invece della persona.<\/p>\n<p>Questo trasforma la paternit\u00e0 in qualcosa di molto pi\u00f9 profondo e molto pi\u00f9 difficile di una serie di compiti da svolgere. Non basta portare i figli a scuola, non basta giocare con loro nei weekend, non basta dire le cose giuste. Bisogna lavorare su chi si \u00e8, perch\u00e9 <strong>\u00e8 chi si \u00e8, non ci\u00f2 che si fa, ci\u00f2 che i figli porteranno con loro per sempre<\/strong>. Non come maledizione: come fondamento. Come punto di partenza da cui costruire la propria vita.<\/p>\n<h3>L&#8217;eredit\u00e0 invisibile: ci\u00f2 che rimane<\/h3>\n<p>Recalcati usa spesso <strong>la metafora della testimonianza<\/strong>: il padre come testimone, colui che porta il segno di ci\u00f2 che ha vissuto e lo consegna. Non un programma, non un manuale. Un segno. E <strong>quel segno non \u00e8 quello che il padre vuole lasciare: \u00e8 quello che il figlio vede e porta con s\u00e9,<\/strong> spesso senza saperlo, spesso per tutta la vita.<\/p>\n<p>Quante cose fai oggi &#8211; nel modo in cui parli, nel modo in cui reagisci, nel modo in cui ami e nel modo in cui ti arrabbi &#8211; che <strong>riconosci come echi di tuo padre<\/strong>? Non necessariamente le cose che lui ti ha insegnato: spesso esattamente il contrario, le cose che avresti voluto non vedere, le <a href=\"https:\/\/www.frasicelebri.it\/argomento\/fragilit%C3%A0\/\" target=\"_blank\" rel=\"noopener\">fragilit\u00e0<\/a> che hai giurato a te stesso di non ripetere. Anche quelle sono <strong>l&#8217;eredit\u00e0<\/strong>. Anche quelle sono il modo di stare al mondo che lui ti ha trasmesso e che tu, ogni giorno, puoi scegliere di portare avanti o di trasformare. <strong>Quella scelta, consapevole e quotidiana, \u00e8 la vera paternit\u00e0.<\/strong><\/p>\n<h3>Frasi di Massimo Recalcati sui genitori<\/h3>\n<ol>\n<li><strong><em>\u201cEssere genitori significa saper rinunciare alla propria onnipotenza per lasciare spazio all\u2019autonomia del figlio.\u201d<\/em><\/strong><\/li>\n<li><strong><em>\u201cEssere genitori significa accogliere il limite e la finitezza dell\u2019altro, senza volerla eliminare.\u201d<\/em><\/strong><\/li>\n<li><strong><em>\u201cIl padre, oggi, deve essere un \u2018padre desiderante\u2019, capace di mostrare al figlio la strada verso il desiderio e la libert\u00e0.\u201d<\/em><\/strong><\/li>\n<li><strong><em>\u201cIl vero lavoro del genitore \u00e8 quello di essere un soggetto desiderante che si mette al servizio del desiderio del figlio.\u201d<\/em><\/strong><\/li>\n<li><strong><em>\u201cIl gesto pi\u00f9 importante di un genitore \u00e8 saper accompagnare il figlio nel passaggio dalla dipendenza alla differenza.\u201d<\/em><\/strong><\/li>\n<\/ol>\n<h3>BIO di Massimo Recalcati<\/h3>\n<p><strong>Massimo Recalcati<\/strong> (Milano, 1959) \u00e8 psicoanalista, professore universitario e saggista italiano. Tra i massimi esperti italiani di psicoanalisi lacaniana, ha fondato e dirige il <strong>Centro Jonas<\/strong>, rete di consultori a orientamento psicoanalitico diffusa in tutta Italia.<\/p>\n<p>Tra i suoi libri pi\u00f9 noti: <a href=\"https:\/\/www.frasicelebri.it\/s-libro\/il-complesso-di-telemaco-genitori-e-figli-dopo-il-tramonto-del-padre\/\" target=\"_blank\" rel=\"noopener\"><em>Il complesso di Telemaco<\/em><\/a> (sulla crisi della figura paterna), <em>Cosa resta del padre?<\/em>, <em>Jacques Lacan<\/em> (opera saggistica in due volumi), <a href=\"https:\/\/www.frasicelebri.it\/s-libro\/lora-di-lezione-per-unerotica-dellinsegnamento\/\" target=\"_blank\" rel=\"noopener\"><em>L&#8217;ora di lezione<\/em><\/a> (riflessione sul rapporto tra insegnante e studente), <em>Il segreto del figlio<\/em>, <em>Contro il sacrificio<\/em>.<\/p>\n<p>Collabora con quotidiani nazionali ed \u00e8 ospite frequente di trasmissioni televisive e radiofoniche. La sua capacit\u00e0 di rendere accessibili i concetti pi\u00f9 complessi della psicoanalisi lo ha reso una delle voci intellettuali pi\u00f9 seguite nel panorama culturale italiano contemporaneo.<\/p>\n<p><strong>Leggi anche:<\/strong><\/p>\n<p><a href=\"https:\/\/www.frasicelebri.it\/news\/la-frase-in-cui-recalcati-parla-dei-segreti-dei-figli\/\" target=\"_blank\" rel=\"noopener\">La frase in cui Recalcati parla dei segreti dei figli e che cambia per sempre il modo in cui pensi di conoscerli davvero<\/a><\/p>\n","protected":false},"excerpt":{"rendered":"<p>Massimo Recalcati \u00e8 uno degli intellettuali italiani pi\u00f9 ascoltati e pi\u00f9 letti degli ultimi anni. Psicoanalista lacaniano, professore, saggista, ospite televisivo, ha portato la psicoanalisi &#8230; <a title=\"Una frase di Recalcati sui pap\u00e0 per convincerti che tutto quello che stai facendo lo lascerai ai tuoi figli per sempre\" class=\"read-more\" href=\"https:\/\/www.frasicelebri.it\/news\/una-frase-di-recalcati-sui-papa\/\" aria-label=\"More on Una frase di Recalcati sui pap\u00e0 per convincerti che tutto quello che stai facendo lo lascerai ai tuoi figli per sempre\">Leggi tutto<\/a><\/p>\n","protected":false},"author":12,"featured_media":43831,"comment_status":"closed","ping_status":"closed","sticky":false,"template":"","format":"standard","meta":{"footnotes":""},"categories":[676],"tags":[1815,1307],"class_list":["post-43761","post","type-post","status-publish","format-standard","has-post-thumbnail","hentry","category-spettacolo","tag-frasi-sui-papa","tag-massimo-recalcati"],"yoast_head":"<!-- This site is optimized with the Yoast SEO plugin v25.2 - https:\/\/yoast.com\/wordpress\/plugins\/seo\/ -->\n<title>Una frase di Recalcati sui pap\u00e0 per convincerti che tutto quello che stai facendo lo lascerai ai tuoi figli per sempre - Frasicelebri.it<\/title>\n<meta name=\"description\" content=\"Scopri perch\u00e9, secondo Massimo Recalcati, i tuoi figli assorbono il tuo modo di stare al mondo e lo porteranno con s\u00e9 per tutta la vita\" \/>\n<meta name=\"robots\" content=\"index, follow, max-snippet:-1, max-image-preview:large, max-video-preview:-1\" \/>\n<link rel=\"canonical\" href=\"https:\/\/www.frasicelebri.it\/news\/una-frase-di-recalcati-sui-papa\/\" \/>\n<meta property=\"og:locale\" content=\"it_IT\" \/>\n<meta property=\"og:type\" content=\"article\" \/>\n<meta property=\"og:title\" content=\"Una frase di Recalcati sui pap\u00e0 per convincerti che tutto quello che stai facendo lo lascerai ai tuoi figli per sempre - Frasicelebri.it\" \/>\n<meta property=\"og:description\" content=\"Scopri perch\u00e9, secondo Massimo Recalcati, i tuoi figli assorbono il tuo modo di stare al mondo e lo porteranno con s\u00e9 per tutta la vita\" \/>\n<meta property=\"og:url\" content=\"https:\/\/www.frasicelebri.it\/news\/una-frase-di-recalcati-sui-papa\/\" \/>\n<meta property=\"og:site_name\" content=\"Frasicelebri.it\" \/>\n<meta property=\"article:published_time\" content=\"2026-03-11T13:40:37+00:00\" \/>\n<meta property=\"og:image\" content=\"https:\/\/i0.wp.com\/www.frasicelebri.it\/news\/wp-content\/uploads\/2026\/03\/img-frase-recalcati-papa-2026-1.jpg?fit=1200%2C675&ssl=1\" \/>\n\t<meta property=\"og:image:width\" content=\"1200\" \/>\n\t<meta property=\"og:image:height\" content=\"675\" \/>\n\t<meta property=\"og:image:type\" content=\"image\/jpeg\" \/>\n<meta name=\"author\" content=\"Romina Cardia\" \/>\n<meta name=\"twitter:card\" content=\"summary_large_image\" \/>\n<meta name=\"twitter:label1\" content=\"Scritto da\" \/>\n\t<meta name=\"twitter:data1\" content=\"Romina Cardia\" \/>\n\t<meta name=\"twitter:label2\" content=\"Tempo di lettura stimato\" \/>\n\t<meta name=\"twitter:data2\" content=\"7 minuti\" \/>\n<script type=\"application\/ld+json\" class=\"yoast-schema-graph\">{\"@context\":\"https:\/\/schema.org\",\"@graph\":[{\"@type\":\"Article\",\"@id\":\"https:\/\/www.frasicelebri.it\/news\/una-frase-di-recalcati-sui-papa\/#article\",\"isPartOf\":{\"@id\":\"https:\/\/www.frasicelebri.it\/news\/una-frase-di-recalcati-sui-papa\/\"},\"author\":{\"name\":\"Romina Cardia\",\"@id\":\"https:\/\/www.frasicelebri.it\/news\/#\/schema\/person\/712303166008dc510236daeaf8087292\"},\"headline\":\"Una frase di Recalcati sui pap\u00e0 per convincerti che tutto quello che stai facendo lo lascerai ai tuoi figli per sempre\",\"datePublished\":\"2026-03-11T13:40:37+00:00\",\"mainEntityOfPage\":{\"@id\":\"https:\/\/www.frasicelebri.it\/news\/una-frase-di-recalcati-sui-papa\/\"},\"wordCount\":1119,\"publisher\":{\"@id\":\"https:\/\/www.frasicelebri.it\/news\/#organization\"},\"image\":{\"@id\":\"https:\/\/www.frasicelebri.it\/news\/una-frase-di-recalcati-sui-papa\/#primaryimage\"},\"thumbnailUrl\":\"https:\/\/i0.wp.com\/www.frasicelebri.it\/news\/wp-content\/uploads\/2026\/03\/img-frase-recalcati-papa-2026-1.jpg?fit=1200%2C675&ssl=1\",\"keywords\":[\"frasi sui pap\u00e0\",\"Massimo Recalcati\"],\"articleSection\":[\"Spettacolo\"],\"inLanguage\":\"it-IT\"},{\"@type\":\"WebPage\",\"@id\":\"https:\/\/www.frasicelebri.it\/news\/una-frase-di-recalcati-sui-papa\/\",\"url\":\"https:\/\/www.frasicelebri.it\/news\/una-frase-di-recalcati-sui-papa\/\",\"name\":\"Una frase di Recalcati sui pap\u00e0 per convincerti che tutto quello che stai facendo lo lascerai ai tuoi figli per sempre - Frasicelebri.it\",\"isPartOf\":{\"@id\":\"https:\/\/www.frasicelebri.it\/news\/#website\"},\"primaryImageOfPage\":{\"@id\":\"https:\/\/www.frasicelebri.it\/news\/una-frase-di-recalcati-sui-papa\/#primaryimage\"},\"image\":{\"@id\":\"https:\/\/www.frasicelebri.it\/news\/una-frase-di-recalcati-sui-papa\/#primaryimage\"},\"thumbnailUrl\":\"https:\/\/i0.wp.com\/www.frasicelebri.it\/news\/wp-content\/uploads\/2026\/03\/img-frase-recalcati-papa-2026-1.jpg?fit=1200%2C675&ssl=1\",\"datePublished\":\"2026-03-11T13:40:37+00:00\",\"description\":\"Scopri perch\u00e9, secondo Massimo Recalcati, i tuoi figli assorbono il tuo modo di stare al mondo e lo porteranno con s\u00e9 per tutta la vita\",\"breadcrumb\":{\"@id\":\"https:\/\/www.frasicelebri.it\/news\/una-frase-di-recalcati-sui-papa\/#breadcrumb\"},\"inLanguage\":\"it-IT\",\"potentialAction\":[{\"@type\":\"ReadAction\",\"target\":[\"https:\/\/www.frasicelebri.it\/news\/una-frase-di-recalcati-sui-papa\/\"]}]},{\"@type\":\"ImageObject\",\"inLanguage\":\"it-IT\",\"@id\":\"https:\/\/www.frasicelebri.it\/news\/una-frase-di-recalcati-sui-papa\/#primaryimage\",\"url\":\"https:\/\/i0.wp.com\/www.frasicelebri.it\/news\/wp-content\/uploads\/2026\/03\/img-frase-recalcati-papa-2026-1.jpg?fit=1200%2C675&ssl=1\",\"contentUrl\":\"https:\/\/i0.wp.com\/www.frasicelebri.it\/news\/wp-content\/uploads\/2026\/03\/img-frase-recalcati-papa-2026-1.jpg?fit=1200%2C675&ssl=1\",\"width\":1200,\"height\":675,\"caption\":\"frase di Recalcati sui pap\u00e0\"},{\"@type\":\"BreadcrumbList\",\"@id\":\"https:\/\/www.frasicelebri.it\/news\/una-frase-di-recalcati-sui-papa\/#breadcrumb\",\"itemListElement\":[{\"@type\":\"ListItem\",\"position\":1,\"name\":\"Home\",\"item\":\"https:\/\/www.frasicelebri.it\/news\/\"},{\"@type\":\"ListItem\",\"position\":2,\"name\":\"Una frase di Recalcati sui pap\u00e0 per convincerti che tutto quello che stai facendo lo lascerai ai tuoi figli per sempre\"}]},{\"@type\":\"WebSite\",\"@id\":\"https:\/\/www.frasicelebri.it\/news\/#website\",\"url\":\"https:\/\/www.frasicelebri.it\/news\/\",\"name\":\"Frasicelebri.it\",\"description\":\"News Frasicelebri.it\",\"publisher\":{\"@id\":\"https:\/\/www.frasicelebri.it\/news\/#organization\"},\"potentialAction\":[{\"@type\":\"SearchAction\",\"target\":{\"@type\":\"EntryPoint\",\"urlTemplate\":\"https:\/\/www.frasicelebri.it\/news\/?s={search_term_string}\"},\"query-input\":{\"@type\":\"PropertyValueSpecification\",\"valueRequired\":true,\"valueName\":\"search_term_string\"}}],\"inLanguage\":\"it-IT\"},{\"@type\":\"Organization\",\"@id\":\"https:\/\/www.frasicelebri.it\/news\/#organization\",\"name\":\"Frasicelebri.it\",\"url\":\"https:\/\/www.frasicelebri.it\/news\/\",\"logo\":{\"@type\":\"ImageObject\",\"inLanguage\":\"it-IT\",\"@id\":\"https:\/\/www.frasicelebri.it\/news\/#\/schema\/logo\/image\/\",\"url\":\"https:\/\/i0.wp.com\/www.frasicelebri.it\/news\/wp-content\/uploads\/2024\/07\/logo-quadrato-drasicelebri.it_.jpg?fit=696%2C696&ssl=1\",\"contentUrl\":\"https:\/\/i0.wp.com\/www.frasicelebri.it\/news\/wp-content\/uploads\/2024\/07\/logo-quadrato-drasicelebri.it_.jpg?fit=696%2C696&ssl=1\",\"width\":696,\"height\":696,\"caption\":\"Frasicelebri.it\"},\"image\":{\"@id\":\"https:\/\/www.frasicelebri.it\/news\/#\/schema\/logo\/image\/\"}},{\"@type\":\"Person\",\"@id\":\"https:\/\/www.frasicelebri.it\/news\/#\/schema\/person\/712303166008dc510236daeaf8087292\",\"name\":\"Romina Cardia\",\"image\":{\"@type\":\"ImageObject\",\"inLanguage\":\"it-IT\",\"@id\":\"https:\/\/www.frasicelebri.it\/news\/#\/schema\/person\/image\/\",\"url\":\"https:\/\/secure.gravatar.com\/avatar\/7e155e0e5584fd17310efae2dc94f61e?s=96&d=mm&r=g\",\"contentUrl\":\"https:\/\/secure.gravatar.com\/avatar\/7e155e0e5584fd17310efae2dc94f61e?s=96&d=mm&r=g\",\"caption\":\"Romina Cardia\"},\"url\":\"https:\/\/www.frasicelebri.it\/news\/author\/romina\/\"}]}<\/script>\n<!-- \/ Yoast SEO plugin. -->","yoast_head_json":{"title":"Una frase di Recalcati sui pap\u00e0 per convincerti che tutto quello che stai facendo lo lascerai ai tuoi figli per sempre - Frasicelebri.it","description":"Scopri perch\u00e9, secondo Massimo Recalcati, i tuoi figli assorbono il tuo modo di stare al mondo e lo porteranno con s\u00e9 per tutta la vita","robots":{"index":"index","follow":"follow","max-snippet":"max-snippet:-1","max-image-preview":"max-image-preview:large","max-video-preview":"max-video-preview:-1"},"canonical":"https:\/\/www.frasicelebri.it\/news\/una-frase-di-recalcati-sui-papa\/","og_locale":"it_IT","og_type":"article","og_title":"Una frase di Recalcati sui pap\u00e0 per convincerti che tutto quello che stai facendo lo lascerai ai tuoi figli per sempre - Frasicelebri.it","og_description":"Scopri perch\u00e9, secondo Massimo Recalcati, i tuoi figli assorbono il tuo modo di stare al mondo e lo porteranno con s\u00e9 per tutta la vita","og_url":"https:\/\/www.frasicelebri.it\/news\/una-frase-di-recalcati-sui-papa\/","og_site_name":"Frasicelebri.it","article_published_time":"2026-03-11T13:40:37+00:00","og_image":[{"width":1200,"height":675,"url":"https:\/\/i0.wp.com\/www.frasicelebri.it\/news\/wp-content\/uploads\/2026\/03\/img-frase-recalcati-papa-2026-1.jpg?fit=1200%2C675&ssl=1","type":"image\/jpeg"}],"author":"Romina Cardia","twitter_card":"summary_large_image","twitter_misc":{"Scritto da":"Romina Cardia","Tempo di lettura stimato":"7 minuti"},"schema":{"@context":"https:\/\/schema.org","@graph":[{"@type":"Article","@id":"https:\/\/www.frasicelebri.it\/news\/una-frase-di-recalcati-sui-papa\/#article","isPartOf":{"@id":"https:\/\/www.frasicelebri.it\/news\/una-frase-di-recalcati-sui-papa\/"},"author":{"name":"Romina Cardia","@id":"https:\/\/www.frasicelebri.it\/news\/#\/schema\/person\/712303166008dc510236daeaf8087292"},"headline":"Una frase di Recalcati sui pap\u00e0 per convincerti che tutto quello che stai facendo lo lascerai ai tuoi figli per sempre","datePublished":"2026-03-11T13:40:37+00:00","mainEntityOfPage":{"@id":"https:\/\/www.frasicelebri.it\/news\/una-frase-di-recalcati-sui-papa\/"},"wordCount":1119,"publisher":{"@id":"https:\/\/www.frasicelebri.it\/news\/#organization"},"image":{"@id":"https:\/\/www.frasicelebri.it\/news\/una-frase-di-recalcati-sui-papa\/#primaryimage"},"thumbnailUrl":"https:\/\/i0.wp.com\/www.frasicelebri.it\/news\/wp-content\/uploads\/2026\/03\/img-frase-recalcati-papa-2026-1.jpg?fit=1200%2C675&ssl=1","keywords":["frasi sui pap\u00e0","Massimo Recalcati"],"articleSection":["Spettacolo"],"inLanguage":"it-IT"},{"@type":"WebPage","@id":"https:\/\/www.frasicelebri.it\/news\/una-frase-di-recalcati-sui-papa\/","url":"https:\/\/www.frasicelebri.it\/news\/una-frase-di-recalcati-sui-papa\/","name":"Una frase di Recalcati sui pap\u00e0 per convincerti che tutto quello che stai facendo lo lascerai ai tuoi figli per sempre - Frasicelebri.it","isPartOf":{"@id":"https:\/\/www.frasicelebri.it\/news\/#website"},"primaryImageOfPage":{"@id":"https:\/\/www.frasicelebri.it\/news\/una-frase-di-recalcati-sui-papa\/#primaryimage"},"image":{"@id":"https:\/\/www.frasicelebri.it\/news\/una-frase-di-recalcati-sui-papa\/#primaryimage"},"thumbnailUrl":"https:\/\/i0.wp.com\/www.frasicelebri.it\/news\/wp-content\/uploads\/2026\/03\/img-frase-recalcati-papa-2026-1.jpg?fit=1200%2C675&ssl=1","datePublished":"2026-03-11T13:40:37+00:00","description":"Scopri perch\u00e9, secondo Massimo Recalcati, i tuoi figli assorbono il tuo modo di stare al mondo e lo porteranno con s\u00e9 per tutta la vita","breadcrumb":{"@id":"https:\/\/www.frasicelebri.it\/news\/una-frase-di-recalcati-sui-papa\/#breadcrumb"},"inLanguage":"it-IT","potentialAction":[{"@type":"ReadAction","target":["https:\/\/www.frasicelebri.it\/news\/una-frase-di-recalcati-sui-papa\/"]}]},{"@type":"ImageObject","inLanguage":"it-IT","@id":"https:\/\/www.frasicelebri.it\/news\/una-frase-di-recalcati-sui-papa\/#primaryimage","url":"https:\/\/i0.wp.com\/www.frasicelebri.it\/news\/wp-content\/uploads\/2026\/03\/img-frase-recalcati-papa-2026-1.jpg?fit=1200%2C675&ssl=1","contentUrl":"https:\/\/i0.wp.com\/www.frasicelebri.it\/news\/wp-content\/uploads\/2026\/03\/img-frase-recalcati-papa-2026-1.jpg?fit=1200%2C675&ssl=1","width":1200,"height":675,"caption":"frase di Recalcati sui pap\u00e0"},{"@type":"BreadcrumbList","@id":"https:\/\/www.frasicelebri.it\/news\/una-frase-di-recalcati-sui-papa\/#breadcrumb","itemListElement":[{"@type":"ListItem","position":1,"name":"Home","item":"https:\/\/www.frasicelebri.it\/news\/"},{"@type":"ListItem","position":2,"name":"Una frase di Recalcati sui pap\u00e0 per convincerti che tutto quello che stai facendo lo lascerai ai tuoi figli per sempre"}]},{"@type":"WebSite","@id":"https:\/\/www.frasicelebri.it\/news\/#website","url":"https:\/\/www.frasicelebri.it\/news\/","name":"Frasicelebri.it","description":"News Frasicelebri.it","publisher":{"@id":"https:\/\/www.frasicelebri.it\/news\/#organization"},"potentialAction":[{"@type":"SearchAction","target":{"@type":"EntryPoint","urlTemplate":"https:\/\/www.frasicelebri.it\/news\/?s={search_term_string}"},"query-input":{"@type":"PropertyValueSpecification","valueRequired":true,"valueName":"search_term_string"}}],"inLanguage":"it-IT"},{"@type":"Organization","@id":"https:\/\/www.frasicelebri.it\/news\/#organization","name":"Frasicelebri.it","url":"https:\/\/www.frasicelebri.it\/news\/","logo":{"@type":"ImageObject","inLanguage":"it-IT","@id":"https:\/\/www.frasicelebri.it\/news\/#\/schema\/logo\/image\/","url":"https:\/\/i0.wp.com\/www.frasicelebri.it\/news\/wp-content\/uploads\/2024\/07\/logo-quadrato-drasicelebri.it_.jpg?fit=696%2C696&ssl=1","contentUrl":"https:\/\/i0.wp.com\/www.frasicelebri.it\/news\/wp-content\/uploads\/2024\/07\/logo-quadrato-drasicelebri.it_.jpg?fit=696%2C696&ssl=1","width":696,"height":696,"caption":"Frasicelebri.it"},"image":{"@id":"https:\/\/www.frasicelebri.it\/news\/#\/schema\/logo\/image\/"}},{"@type":"Person","@id":"https:\/\/www.frasicelebri.it\/news\/#\/schema\/person\/712303166008dc510236daeaf8087292","name":"Romina Cardia","image":{"@type":"ImageObject","inLanguage":"it-IT","@id":"https:\/\/www.frasicelebri.it\/news\/#\/schema\/person\/image\/","url":"https:\/\/secure.gravatar.com\/avatar\/7e155e0e5584fd17310efae2dc94f61e?s=96&d=mm&r=g","contentUrl":"https:\/\/secure.gravatar.com\/avatar\/7e155e0e5584fd17310efae2dc94f61e?s=96&d=mm&r=g","caption":"Romina Cardia"},"url":"https:\/\/www.frasicelebri.it\/news\/author\/romina\/"}]}},"_links":{"self":[{"href":"https:\/\/www.frasicelebri.it\/news\/wp-json\/wp\/v2\/posts\/43761","targetHints":{"allow":["GET"]}}],"collection":[{"href":"https:\/\/www.frasicelebri.it\/news\/wp-json\/wp\/v2\/posts"}],"about":[{"href":"https:\/\/www.frasicelebri.it\/news\/wp-json\/wp\/v2\/types\/post"}],"author":[{"embeddable":true,"href":"https:\/\/www.frasicelebri.it\/news\/wp-json\/wp\/v2\/users\/12"}],"replies":[{"embeddable":true,"href":"https:\/\/www.frasicelebri.it\/news\/wp-json\/wp\/v2\/comments?post=43761"}],"version-history":[{"count":7,"href":"https:\/\/www.frasicelebri.it\/news\/wp-json\/wp\/v2\/posts\/43761\/revisions"}],"predecessor-version":[{"id":43832,"href":"https:\/\/www.frasicelebri.it\/news\/wp-json\/wp\/v2\/posts\/43761\/revisions\/43832"}],"wp:featuredmedia":[{"embeddable":true,"href":"https:\/\/www.frasicelebri.it\/news\/wp-json\/wp\/v2\/media\/43831"}],"wp:attachment":[{"href":"https:\/\/www.frasicelebri.it\/news\/wp-json\/wp\/v2\/media?parent=43761"}],"wp:term":[{"taxonomy":"category","embeddable":true,"href":"https:\/\/www.frasicelebri.it\/news\/wp-json\/wp\/v2\/categories?post=43761"},{"taxonomy":"post_tag","embeddable":true,"href":"https:\/\/www.frasicelebri.it\/news\/wp-json\/wp\/v2\/tags?post=43761"}],"curies":[{"name":"wp","href":"https:\/\/api.w.org\/{rel}","templated":true}]}}