{"id":43765,"date":"2026-03-12T06:40:17","date_gmt":"2026-03-12T05:40:17","guid":{"rendered":"https:\/\/www.frasicelebri.it\/news\/?p=43765"},"modified":"2026-03-11T18:34:59","modified_gmt":"2026-03-11T17:34:59","slug":"aforismi-alda-merini-sogni-liberta-si-misura-da-quanto-intensamente-riesci-sognare","status":"publish","type":"post","link":"https:\/\/www.frasicelebri.it\/news\/aforismi-alda-merini-sogni-liberta-si-misura-da-quanto-intensamente-riesci-sognare\/","title":{"rendered":"Aforismi di Alda Merini sui sogni: la tua libert\u00e0 si misura da quanto intensamente riesci a sognare"},"content":{"rendered":"<p><a href=\"https:\/\/www.frasicelebri.it\/frasi-di\/alda-merini\/\" target=\"_blank\" rel=\"noopener\">Alda Merini<\/a> non era una donna a cui la vita aveva fatto sconti. Vent&#8217;anni di ricoveri in manicomio, quattro figlie strappate, una povert\u00e0 materiale che arrivava a non avere da mangiare. Eppure ha scritto. Ha continuato a scrivere anche quando le mancavano carta e penna, anche quando il mondo fuori dalla sua casa sui Navigli sembrava ignorarla del tutto. E nei suoi versi, nei suoi aforismi, ha costruito una <strong>filosofia del sogno<\/strong> che non \u00e8 evasione dalla realt\u00e0, ma risposta radicale ad essa.<\/p>\n<p>Per Alda Merini <a href=\"https:\/\/www.frasicelebri.it\/argomento\/sognare\/\" target=\"_blank\" rel=\"noopener\">sognare<\/a> non era un lusso. Era sopravvivenza. Era <strong>il modo in cui l&#8217;anima si difende da un mondo che la vuole spenta, quieta, addomesticata<\/strong>. E la misura di quella capacit\u00e0 di sognare &#8211; la sua intensit\u00e0, la sua tenacia &#8211; era per lei esattamente la misura della libert\u00e0 di un essere umano. Non la <a href=\"https:\/\/www.frasicelebri.it\/argomento\/libert%C3%A0\/\" target=\"_blank\" rel=\"noopener\">libert\u00e0<\/a> giuridica, non quella economica: quella interiore e inattaccabile che nessuna istituzione, nessun manicomio, nessuna miseria pu\u00f2 togliere fino in fondo.<\/p>\n<p><img data-recalc-dims=\"1\" loading=\"lazy\" decoding=\"async\" class=\"alignnone size-full wp-image-43766\" src=\"https:\/\/i0.wp.com\/www.frasicelebri.it\/news\/wp-content\/uploads\/2026\/03\/img-aforismi-alda-merini-sogni-2026.jpg?resize=1200%2C675&#038;ssl=1\" alt=\"Aforismi di Alda Merini sui sogni\" width=\"1200\" height=\"675\" srcset=\"https:\/\/i0.wp.com\/www.frasicelebri.it\/news\/wp-content\/uploads\/2026\/03\/img-aforismi-alda-merini-sogni-2026.jpg?w=1200&amp;ssl=1 1200w, https:\/\/i0.wp.com\/www.frasicelebri.it\/news\/wp-content\/uploads\/2026\/03\/img-aforismi-alda-merini-sogni-2026.jpg?resize=300%2C169&amp;ssl=1 300w, https:\/\/i0.wp.com\/www.frasicelebri.it\/news\/wp-content\/uploads\/2026\/03\/img-aforismi-alda-merini-sogni-2026.jpg?resize=150%2C84&amp;ssl=1 150w, https:\/\/i0.wp.com\/www.frasicelebri.it\/news\/wp-content\/uploads\/2026\/03\/img-aforismi-alda-merini-sogni-2026.jpg?resize=768%2C432&amp;ssl=1 768w\" sizes=\"auto, (max-width: 1200px) 100vw, 1200px\" \/><\/p>\n<h2>Il grado di libert\u00e0 si misura dai sogni<\/h2>\n<blockquote><p>&#8220;<em>Il grado di libert\u00e0 di un uomo si misura dall&#8217;intensit\u00e0 dei suoi sogni<\/em>.&#8221;<\/p><\/blockquote>\n<p>Questa frase, tratta da <a href=\"https:\/\/www.frasicelebri.it\/s-libro\/aforismi-e-magie\/\" target=\"_blank\" rel=\"noopener\"><em>Aforismi e magie<\/em><\/a>, \u00e8 la pi\u00f9 densa e la pi\u00f9 provocatoria che Alda Merini abbia scritto sui <a href=\"https:\/\/www.frasicelebri.it\/news\/frasi-di-alda-merini-sui-sogni\/\" target=\"_blank\" rel=\"noopener\">sogni<\/a>, e anche quella che dice di pi\u00f9 su di lei. Arriva da una donna che ha vissuto anni chiusa in un manicomio, privata della libert\u00e0 fisica in modo assoluto. E dice: <strong>la vera libert\u00e0<\/strong> non \u00e8 questa. Non \u00e8 quella del corpo che pu\u00f2 muoversi, uscire, scegliere dove andare. <strong>\u00c8 quella dell&#8217;immaginazione che pu\u00f2 sognare in grande, intensamente, senza censura<\/strong>.<\/p>\n<p>Capovolgimento vertiginoso. La donna meno libera d&#8217;Italia &#8211; rinchiusa, drogata, etichettata &#8211; era forse la pi\u00f9 libera di tutte, perch\u00e9 nessuno era mai riuscito a spegnere la sua <strong>capacit\u00e0 di sognare<\/strong>. E chi non sogna, chi ha rinunciato ai propri sogni per adeguarsi, per stare tranquillo, per non creare problemi, \u00e8 un uomo in catene, anche se vive in una casa con le finestre aperte. La libert\u00e0 vera, per Alda Merini, abita esattamente l\u00ec: <strong>nell&#8217;intensit\u00e0 dei sogni che ancora riesci a fare<\/strong>.<\/p>\n<h3>L&#8217;amore \u00e8 vivere duemila sogni<\/h3>\n<blockquote><p>&#8220;<em>L&#8217;amore \u00e8 vivere duemila sogni fino al bacio sublime<\/em>.&#8221;<\/p><\/blockquote>\n<p>Questa frase \u00e8 Alda Merini nella sua vena pi\u00f9 lirica e pi\u00f9 pura, quella in cui l&#8217;aforisma si fa poesia senza bisogno di versi. <strong>L&#8217;amore come moltiplicazione dei sogni<\/strong>: non uno, non dieci, ma duemila. Un numero che sfida ogni realismo, che non vuole essere credibile, che vuole essere smisurato. Perch\u00e9 <strong>l&#8217;amore autentico non \u00e8 una cosa sobria e misurata: \u00e8 un eccesso, un&#8217;esplosione, una proliferazione di possibilit\u00e0 e di visioni<\/strong>.<\/p>\n<p>E tutto questo tumulto di sogni non ha come meta il <a href=\"https:\/\/www.frasicelebri.it\/argomento\/possesso\/\" target=\"_blank\" rel=\"noopener\">possesso<\/a>, la conquista, la certezza; ha come meta <strong>il bacio sublime<\/strong>. Non il bacio reale, con le sue imperfezioni e la sua caducit\u00e0, ma quello sublime: <strong>l&#8217;istante in cui il sogno si fa carne, in cui la visione tocca la realt\u00e0<\/strong>. \u00c8 una frase che dice, tra le righe, che <strong>il valore dell&#8217;amore sta pi\u00f9 nel sognarlo che nel viverlo<\/strong>, o meglio, che il sognarlo \u00e8 la forma pi\u00f9 alta del viverlo.<\/p>\n<h3>Beati coloro che si ciberanno di sogni<\/h3>\n<blockquote><p>&#8220;<em>Beati coloro che si baceranno sempre al di l\u00e0 delle labbra, varcando il confine del piacere, per cibarsi dei sogni<\/em>.&#8221;<\/p><\/blockquote>\n<p>Questa frase dalla <a href=\"https:\/\/www.frasicelebri.it\/s-libro\/clinica-dellabbandono\/\" target=\"_blank\" rel=\"noopener\"><em>Clinica dell&#8217;abbandono<\/em><\/a> \u00e8 strutturata come una beatitudine evangelica, e non \u00e8 un caso: Alda Merini era profondamente religiosa, a modo suo, e il linguaggio sacro attraversa tutta la sua opera. Beati coloro: benedetti, fortunati, scelti. Ma da cosa sono scelti? Da <strong>un modo di stare nelle relazioni umane<\/strong> &#8211; e nell&#8217;amore in particolare &#8211; <strong>che va al di l\u00e0 del piacere fisico<\/strong>, della soddisfazione immediata, della superficie.<\/p>\n<p><strong>Cibarsi dei sogni: nutrirsi dell&#8217;immaginazione condivisa<\/strong>, di quella dimensione in cui due persone non si incontrano solo con i corpi, ma con tutto ci\u00f2 che portano dentro: i <a href=\"https:\/\/www.frasicelebri.it\/news\/frasi-di-alda-merini-sul-desiderio\/\" target=\"_blank\" rel=\"noopener\">desideri<\/a>, le visioni, le paure, i sogni appunto. \u00c8 una frase che descrive una forma di intimit\u00e0 rarissima e preziosissima: quella in cui <strong>l&#8217;altro non \u00e8 solo un corpo da amare ma un universo da esplorare, un sogno a cui partecipare<\/strong>. Beati loro, dice Alda Merini. E lo dice con la <a href=\"https:\/\/www.frasicelebri.it\/argomento\/nostalgia\/\" target=\"_blank\" rel=\"noopener\">nostalgia<\/a> di chi sa quanto sia raro.<\/p>\n<h3>Voglio spazio per cantare, crescere, errare<\/h3>\n<blockquote><p>&#8220;<em>Voglio spazio per cantare crescere errare e saltare il fosso della divina sapienza<\/em>.&#8221;<\/p><\/blockquote>\n<p>Questa frase da <a href=\"https:\/\/www.frasicelebri.it\/s-libro\/vuoto-damore\/\" target=\"_blank\" rel=\"noopener\"><em>Vuoto d&#8217;amore<\/em><\/a> \u00e8 la pi\u00f9 ribelle e la pi\u00f9 vitale di Alda Merini, quella in cui la dolcezza cede il posto a una richiesta aperta, quasi una dichiarazione d&#8217;intenti. Voglio. Non chiedo, non spero, non aspetto il permesso: voglio. <strong>Spazio per cantare<\/strong>, per esprimersi, per dar voce a ci\u00f2 che c&#8217;\u00e8 dentro. <strong>Spazio per crescere<\/strong>, per non essere tenuta ferma, classificata, ridotta a una diagnosi. <strong>Spazio per errare<\/strong>, non per sbagliare nel senso morale, ma per vagare, per muoversi senza meta prefissata, per esplorare.<\/p>\n<p>E infine, il salto pi\u00f9 audace: <strong>saltare il fosso della divina sapienza<\/strong>. Non opporsi alla sapienza, non rifiutarla, ma saltarla, superarla con un gesto fisico, atletico, quasi giocoso. Come se la vera libert\u00e0 non fosse nell&#8217;acquisire la sapienza, ma nel non essere ingabbiata nemmeno da essa. \u00c8 la Merini pi\u00f9 libera: quella che non chiede il permesso di sognare, ma lo pretende.<\/p>\n<h3>Aforismi di Alda Merini sui sogni<\/h3>\n<ol>\n<li><strong>&#8220;<em>Il grado di libert\u00e0 di un uomo si misura dall&#8217;intensit\u00e0 dei suoi sogni<\/em>.&#8221;<\/strong><\/li>\n<li><strong>&#8220;<em>L&#8217;amore \u00e8 vivere duemila sogni fino al bacio sublime<\/em>.&#8221;<\/strong><\/li>\n<li><strong>&#8220;<em>Beati coloro che si baceranno sempre al di l\u00e0 delle labbra, varcando il confine del piacere, per cibarsi dei sogni<\/em>.&#8221;<\/strong><\/li>\n<li><strong>&#8220;<em>Voglio spazio per cantare crescere errare e saltare il fosso della divina sapienza<\/em>.&#8221;<\/strong><\/li>\n<\/ol>\n<h3>BIO di Alda Merini<\/h3>\n<p><strong>Alda Merini<\/strong> (Milano, 1931 &#8211; Milano, 2009) \u00e8 considerata una delle voci pi\u00f9 intense e originali della poesia italiana del Novecento. Bambina prodigio, scrisse i suoi primi versi a quindici anni e fu subito notata da <strong>Giacinto Spagnoletti<\/strong> e <a href=\"https:\/\/www.frasicelebri.it\/frasi-di\/giorgio-manganelli\/#:~:text=%E2%80%9CIn%20assenza%20della%20frode%20della,totalmente%20nudi%2C%20in%20attesa.%E2%80%9D&amp;text=%E2%80%9CAl%20Natale%20non%20si%20d%C3%A0%20fuga%2C%20in%20nessun%20modo.%E2%80%9D&amp;text=%E2%80%9CIo%20amo%20i%20poveri%20e,le%20brioches%20dell'anima.%E2%80%9D\" target=\"_blank\" rel=\"noopener\">Giorgio Manganelli<\/a>. La sua vita fu segnata da lunghi periodi di <strong>internamento psichiatrico<\/strong> (1965-1972 e poi ancora negli anni Ottanta), da cui usc\u00ec pi\u00f9 volte distrutta ma mai silenziata. Visse per decenni in povert\u00e0 estrema nei <strong>Navigli milanesi<\/strong>, finch\u00e9 negli anni Novanta una nuova pubblicazione la rilanci\u00f2 e la rese celebre. Tra le opere principali: <em>La Terra Santa<\/em> (considerato il suo capolavoro), <a href=\"https:\/\/www.frasicelebri.it\/s-libro\/laltra-verita\/\" target=\"_blank\" rel=\"noopener\"><em>L&#8217;altra verit\u00e0<\/em><\/a>, <em>Diario di una diversa<\/em>, <em>Aforismi e magie<\/em>, <em>Vuoto d&#8217;amore<\/em>, <em>Clinica dell&#8217;abbandono<\/em>. Vinse numerosi premi e fu <strong>candidata al Nobel per la letteratura<\/strong>. Mor\u00ec a Milano il 1\u00b0 novembre 2009.<\/p>\n<p><strong>Leggi anche:<\/strong><\/p>\n<p><a href=\"https:\/\/www.frasicelebri.it\/news\/la-frase-di-alda-merini-sulla-vecchiaia\/\" target=\"_blank\" rel=\"noopener\">La frase di Alda Merini sulla vecchiaia che ti spiega perch\u00e9 non \u00e8 mai troppo tardi per ricominciare a vivere<\/a><\/p>\n","protected":false},"excerpt":{"rendered":"<p>Alda Merini non era una donna a cui la vita aveva fatto sconti. Vent&#8217;anni di ricoveri in manicomio, quattro figlie strappate, una povert\u00e0 materiale che &#8230; <a title=\"Aforismi di Alda Merini sui sogni: la tua libert\u00e0 si misura da quanto intensamente riesci a sognare\" class=\"read-more\" href=\"https:\/\/www.frasicelebri.it\/news\/aforismi-alda-merini-sogni-liberta-si-misura-da-quanto-intensamente-riesci-sognare\/\" aria-label=\"More on Aforismi di Alda Merini sui sogni: la tua libert\u00e0 si misura da quanto intensamente riesci a sognare\">Leggi tutto<\/a><\/p>\n","protected":false},"author":12,"featured_media":43766,"comment_status":"closed","ping_status":"closed","sticky":false,"template":"","format":"standard","meta":{"footnotes":""},"categories":[42],"tags":[1802,1088],"class_list":["post-43765","post","type-post","status-publish","format-standard","has-post-thumbnail","hentry","category-lifestyle","tag-aforismi-sui-sogni","tag-alda-merini"],"yoast_head":"<!-- This site is optimized with the Yoast SEO plugin v25.2 - https:\/\/yoast.com\/wordpress\/plugins\/seo\/ -->\n<title>Aforismi di Alda Merini sui sogni: la tua libert\u00e0 si misura da quanto intensamente riesci a sognare - Frasicelebri.it<\/title>\n<meta name=\"description\" content=\"Scopri perch\u00e9, secondo Alda Merini, la vera libert\u00e0 non dipende da ci\u00f2 che possiedi o da dove vivi, ma da quanto riesci ancora a sognare\" \/>\n<meta name=\"robots\" content=\"index, follow, max-snippet:-1, max-image-preview:large, max-video-preview:-1\" \/>\n<link rel=\"canonical\" href=\"https:\/\/www.frasicelebri.it\/news\/aforismi-alda-merini-sogni-liberta-si-misura-da-quanto-intensamente-riesci-sognare\/\" \/>\n<meta property=\"og:locale\" content=\"it_IT\" \/>\n<meta property=\"og:type\" content=\"article\" \/>\n<meta property=\"og:title\" content=\"Aforismi di Alda Merini sui sogni: la tua libert\u00e0 si misura da quanto intensamente riesci a sognare - Frasicelebri.it\" \/>\n<meta property=\"og:description\" content=\"Scopri perch\u00e9, secondo Alda Merini, la vera libert\u00e0 non dipende da ci\u00f2 che possiedi o da dove vivi, ma da quanto riesci ancora a sognare\" \/>\n<meta property=\"og:url\" content=\"https:\/\/www.frasicelebri.it\/news\/aforismi-alda-merini-sogni-liberta-si-misura-da-quanto-intensamente-riesci-sognare\/\" \/>\n<meta property=\"og:site_name\" content=\"Frasicelebri.it\" \/>\n<meta property=\"article:published_time\" content=\"2026-03-12T05:40:17+00:00\" \/>\n<meta property=\"og:image\" content=\"https:\/\/i0.wp.com\/www.frasicelebri.it\/news\/wp-content\/uploads\/2026\/03\/img-aforismi-alda-merini-sogni-2026.jpg?fit=1200%2C675&ssl=1\" \/>\n\t<meta property=\"og:image:width\" content=\"1200\" \/>\n\t<meta property=\"og:image:height\" content=\"675\" \/>\n\t<meta property=\"og:image:type\" content=\"image\/jpeg\" \/>\n<meta name=\"author\" content=\"Romina Cardia\" \/>\n<meta name=\"twitter:card\" content=\"summary_large_image\" \/>\n<meta name=\"twitter:label1\" content=\"Scritto da\" \/>\n\t<meta name=\"twitter:data1\" content=\"Romina Cardia\" \/>\n\t<meta name=\"twitter:label2\" content=\"Tempo di lettura stimato\" \/>\n\t<meta name=\"twitter:data2\" content=\"6 minuti\" \/>\n<script type=\"application\/ld+json\" class=\"yoast-schema-graph\">{\"@context\":\"https:\/\/schema.org\",\"@graph\":[{\"@type\":\"Article\",\"@id\":\"https:\/\/www.frasicelebri.it\/news\/aforismi-alda-merini-sogni-liberta-si-misura-da-quanto-intensamente-riesci-sognare\/#article\",\"isPartOf\":{\"@id\":\"https:\/\/www.frasicelebri.it\/news\/aforismi-alda-merini-sogni-liberta-si-misura-da-quanto-intensamente-riesci-sognare\/\"},\"author\":{\"name\":\"Romina Cardia\",\"@id\":\"https:\/\/www.frasicelebri.it\/news\/#\/schema\/person\/712303166008dc510236daeaf8087292\"},\"headline\":\"Aforismi di Alda Merini sui sogni: la tua libert\u00e0 si misura da quanto intensamente riesci a sognare\",\"datePublished\":\"2026-03-12T05:40:17+00:00\",\"mainEntityOfPage\":{\"@id\":\"https:\/\/www.frasicelebri.it\/news\/aforismi-alda-merini-sogni-liberta-si-misura-da-quanto-intensamente-riesci-sognare\/\"},\"wordCount\":1101,\"publisher\":{\"@id\":\"https:\/\/www.frasicelebri.it\/news\/#organization\"},\"image\":{\"@id\":\"https:\/\/www.frasicelebri.it\/news\/aforismi-alda-merini-sogni-liberta-si-misura-da-quanto-intensamente-riesci-sognare\/#primaryimage\"},\"thumbnailUrl\":\"https:\/\/i0.wp.com\/www.frasicelebri.it\/news\/wp-content\/uploads\/2026\/03\/img-aforismi-alda-merini-sogni-2026.jpg?fit=1200%2C675&ssl=1\",\"keywords\":[\"aforismi sui sogni\",\"Alda Merini\"],\"articleSection\":[\"LifeStyle\"],\"inLanguage\":\"it-IT\"},{\"@type\":\"WebPage\",\"@id\":\"https:\/\/www.frasicelebri.it\/news\/aforismi-alda-merini-sogni-liberta-si-misura-da-quanto-intensamente-riesci-sognare\/\",\"url\":\"https:\/\/www.frasicelebri.it\/news\/aforismi-alda-merini-sogni-liberta-si-misura-da-quanto-intensamente-riesci-sognare\/\",\"name\":\"Aforismi di Alda Merini sui sogni: la tua libert\u00e0 si misura da quanto intensamente riesci a sognare - Frasicelebri.it\",\"isPartOf\":{\"@id\":\"https:\/\/www.frasicelebri.it\/news\/#website\"},\"primaryImageOfPage\":{\"@id\":\"https:\/\/www.frasicelebri.it\/news\/aforismi-alda-merini-sogni-liberta-si-misura-da-quanto-intensamente-riesci-sognare\/#primaryimage\"},\"image\":{\"@id\":\"https:\/\/www.frasicelebri.it\/news\/aforismi-alda-merini-sogni-liberta-si-misura-da-quanto-intensamente-riesci-sognare\/#primaryimage\"},\"thumbnailUrl\":\"https:\/\/i0.wp.com\/www.frasicelebri.it\/news\/wp-content\/uploads\/2026\/03\/img-aforismi-alda-merini-sogni-2026.jpg?fit=1200%2C675&ssl=1\",\"datePublished\":\"2026-03-12T05:40:17+00:00\",\"description\":\"Scopri perch\u00e9, secondo Alda Merini, la vera libert\u00e0 non dipende da ci\u00f2 che possiedi o da dove vivi, ma da quanto riesci ancora a sognare\",\"breadcrumb\":{\"@id\":\"https:\/\/www.frasicelebri.it\/news\/aforismi-alda-merini-sogni-liberta-si-misura-da-quanto-intensamente-riesci-sognare\/#breadcrumb\"},\"inLanguage\":\"it-IT\",\"potentialAction\":[{\"@type\":\"ReadAction\",\"target\":[\"https:\/\/www.frasicelebri.it\/news\/aforismi-alda-merini-sogni-liberta-si-misura-da-quanto-intensamente-riesci-sognare\/\"]}]},{\"@type\":\"ImageObject\",\"inLanguage\":\"it-IT\",\"@id\":\"https:\/\/www.frasicelebri.it\/news\/aforismi-alda-merini-sogni-liberta-si-misura-da-quanto-intensamente-riesci-sognare\/#primaryimage\",\"url\":\"https:\/\/i0.wp.com\/www.frasicelebri.it\/news\/wp-content\/uploads\/2026\/03\/img-aforismi-alda-merini-sogni-2026.jpg?fit=1200%2C675&ssl=1\",\"contentUrl\":\"https:\/\/i0.wp.com\/www.frasicelebri.it\/news\/wp-content\/uploads\/2026\/03\/img-aforismi-alda-merini-sogni-2026.jpg?fit=1200%2C675&ssl=1\",\"width\":1200,\"height\":675,\"caption\":\"Aforismi di Alda Merini sui sogni\"},{\"@type\":\"BreadcrumbList\",\"@id\":\"https:\/\/www.frasicelebri.it\/news\/aforismi-alda-merini-sogni-liberta-si-misura-da-quanto-intensamente-riesci-sognare\/#breadcrumb\",\"itemListElement\":[{\"@type\":\"ListItem\",\"position\":1,\"name\":\"Home\",\"item\":\"https:\/\/www.frasicelebri.it\/news\/\"},{\"@type\":\"ListItem\",\"position\":2,\"name\":\"Aforismi di Alda Merini sui sogni: la tua libert\u00e0 si misura da quanto intensamente riesci a sognare\"}]},{\"@type\":\"WebSite\",\"@id\":\"https:\/\/www.frasicelebri.it\/news\/#website\",\"url\":\"https:\/\/www.frasicelebri.it\/news\/\",\"name\":\"Frasicelebri.it\",\"description\":\"News Frasicelebri.it\",\"publisher\":{\"@id\":\"https:\/\/www.frasicelebri.it\/news\/#organization\"},\"potentialAction\":[{\"@type\":\"SearchAction\",\"target\":{\"@type\":\"EntryPoint\",\"urlTemplate\":\"https:\/\/www.frasicelebri.it\/news\/?s={search_term_string}\"},\"query-input\":{\"@type\":\"PropertyValueSpecification\",\"valueRequired\":true,\"valueName\":\"search_term_string\"}}],\"inLanguage\":\"it-IT\"},{\"@type\":\"Organization\",\"@id\":\"https:\/\/www.frasicelebri.it\/news\/#organization\",\"name\":\"Frasicelebri.it\",\"url\":\"https:\/\/www.frasicelebri.it\/news\/\",\"logo\":{\"@type\":\"ImageObject\",\"inLanguage\":\"it-IT\",\"@id\":\"https:\/\/www.frasicelebri.it\/news\/#\/schema\/logo\/image\/\",\"url\":\"https:\/\/i0.wp.com\/www.frasicelebri.it\/news\/wp-content\/uploads\/2024\/07\/logo-quadrato-drasicelebri.it_.jpg?fit=696%2C696&ssl=1\",\"contentUrl\":\"https:\/\/i0.wp.com\/www.frasicelebri.it\/news\/wp-content\/uploads\/2024\/07\/logo-quadrato-drasicelebri.it_.jpg?fit=696%2C696&ssl=1\",\"width\":696,\"height\":696,\"caption\":\"Frasicelebri.it\"},\"image\":{\"@id\":\"https:\/\/www.frasicelebri.it\/news\/#\/schema\/logo\/image\/\"}},{\"@type\":\"Person\",\"@id\":\"https:\/\/www.frasicelebri.it\/news\/#\/schema\/person\/712303166008dc510236daeaf8087292\",\"name\":\"Romina Cardia\",\"image\":{\"@type\":\"ImageObject\",\"inLanguage\":\"it-IT\",\"@id\":\"https:\/\/www.frasicelebri.it\/news\/#\/schema\/person\/image\/\",\"url\":\"https:\/\/secure.gravatar.com\/avatar\/7e155e0e5584fd17310efae2dc94f61e?s=96&d=mm&r=g\",\"contentUrl\":\"https:\/\/secure.gravatar.com\/avatar\/7e155e0e5584fd17310efae2dc94f61e?s=96&d=mm&r=g\",\"caption\":\"Romina Cardia\"},\"url\":\"https:\/\/www.frasicelebri.it\/news\/author\/romina\/\"}]}<\/script>\n<!-- \/ Yoast SEO plugin. -->","yoast_head_json":{"title":"Aforismi di Alda Merini sui sogni: la tua libert\u00e0 si misura da quanto intensamente riesci a sognare - Frasicelebri.it","description":"Scopri perch\u00e9, secondo Alda Merini, la vera libert\u00e0 non dipende da ci\u00f2 che possiedi o da dove vivi, ma da quanto riesci ancora a sognare","robots":{"index":"index","follow":"follow","max-snippet":"max-snippet:-1","max-image-preview":"max-image-preview:large","max-video-preview":"max-video-preview:-1"},"canonical":"https:\/\/www.frasicelebri.it\/news\/aforismi-alda-merini-sogni-liberta-si-misura-da-quanto-intensamente-riesci-sognare\/","og_locale":"it_IT","og_type":"article","og_title":"Aforismi di Alda Merini sui sogni: la tua libert\u00e0 si misura da quanto intensamente riesci a sognare - Frasicelebri.it","og_description":"Scopri perch\u00e9, secondo Alda Merini, la vera libert\u00e0 non dipende da ci\u00f2 che possiedi o da dove vivi, ma da quanto riesci ancora a sognare","og_url":"https:\/\/www.frasicelebri.it\/news\/aforismi-alda-merini-sogni-liberta-si-misura-da-quanto-intensamente-riesci-sognare\/","og_site_name":"Frasicelebri.it","article_published_time":"2026-03-12T05:40:17+00:00","og_image":[{"width":1200,"height":675,"url":"https:\/\/i0.wp.com\/www.frasicelebri.it\/news\/wp-content\/uploads\/2026\/03\/img-aforismi-alda-merini-sogni-2026.jpg?fit=1200%2C675&ssl=1","type":"image\/jpeg"}],"author":"Romina Cardia","twitter_card":"summary_large_image","twitter_misc":{"Scritto da":"Romina Cardia","Tempo di lettura stimato":"6 minuti"},"schema":{"@context":"https:\/\/schema.org","@graph":[{"@type":"Article","@id":"https:\/\/www.frasicelebri.it\/news\/aforismi-alda-merini-sogni-liberta-si-misura-da-quanto-intensamente-riesci-sognare\/#article","isPartOf":{"@id":"https:\/\/www.frasicelebri.it\/news\/aforismi-alda-merini-sogni-liberta-si-misura-da-quanto-intensamente-riesci-sognare\/"},"author":{"name":"Romina Cardia","@id":"https:\/\/www.frasicelebri.it\/news\/#\/schema\/person\/712303166008dc510236daeaf8087292"},"headline":"Aforismi di Alda Merini sui sogni: la tua libert\u00e0 si misura da quanto intensamente riesci a sognare","datePublished":"2026-03-12T05:40:17+00:00","mainEntityOfPage":{"@id":"https:\/\/www.frasicelebri.it\/news\/aforismi-alda-merini-sogni-liberta-si-misura-da-quanto-intensamente-riesci-sognare\/"},"wordCount":1101,"publisher":{"@id":"https:\/\/www.frasicelebri.it\/news\/#organization"},"image":{"@id":"https:\/\/www.frasicelebri.it\/news\/aforismi-alda-merini-sogni-liberta-si-misura-da-quanto-intensamente-riesci-sognare\/#primaryimage"},"thumbnailUrl":"https:\/\/i0.wp.com\/www.frasicelebri.it\/news\/wp-content\/uploads\/2026\/03\/img-aforismi-alda-merini-sogni-2026.jpg?fit=1200%2C675&ssl=1","keywords":["aforismi sui sogni","Alda Merini"],"articleSection":["LifeStyle"],"inLanguage":"it-IT"},{"@type":"WebPage","@id":"https:\/\/www.frasicelebri.it\/news\/aforismi-alda-merini-sogni-liberta-si-misura-da-quanto-intensamente-riesci-sognare\/","url":"https:\/\/www.frasicelebri.it\/news\/aforismi-alda-merini-sogni-liberta-si-misura-da-quanto-intensamente-riesci-sognare\/","name":"Aforismi di Alda Merini sui sogni: la tua libert\u00e0 si misura da quanto intensamente riesci a sognare - Frasicelebri.it","isPartOf":{"@id":"https:\/\/www.frasicelebri.it\/news\/#website"},"primaryImageOfPage":{"@id":"https:\/\/www.frasicelebri.it\/news\/aforismi-alda-merini-sogni-liberta-si-misura-da-quanto-intensamente-riesci-sognare\/#primaryimage"},"image":{"@id":"https:\/\/www.frasicelebri.it\/news\/aforismi-alda-merini-sogni-liberta-si-misura-da-quanto-intensamente-riesci-sognare\/#primaryimage"},"thumbnailUrl":"https:\/\/i0.wp.com\/www.frasicelebri.it\/news\/wp-content\/uploads\/2026\/03\/img-aforismi-alda-merini-sogni-2026.jpg?fit=1200%2C675&ssl=1","datePublished":"2026-03-12T05:40:17+00:00","description":"Scopri perch\u00e9, secondo Alda Merini, la vera libert\u00e0 non dipende da ci\u00f2 che possiedi o da dove vivi, ma da quanto riesci ancora a sognare","breadcrumb":{"@id":"https:\/\/www.frasicelebri.it\/news\/aforismi-alda-merini-sogni-liberta-si-misura-da-quanto-intensamente-riesci-sognare\/#breadcrumb"},"inLanguage":"it-IT","potentialAction":[{"@type":"ReadAction","target":["https:\/\/www.frasicelebri.it\/news\/aforismi-alda-merini-sogni-liberta-si-misura-da-quanto-intensamente-riesci-sognare\/"]}]},{"@type":"ImageObject","inLanguage":"it-IT","@id":"https:\/\/www.frasicelebri.it\/news\/aforismi-alda-merini-sogni-liberta-si-misura-da-quanto-intensamente-riesci-sognare\/#primaryimage","url":"https:\/\/i0.wp.com\/www.frasicelebri.it\/news\/wp-content\/uploads\/2026\/03\/img-aforismi-alda-merini-sogni-2026.jpg?fit=1200%2C675&ssl=1","contentUrl":"https:\/\/i0.wp.com\/www.frasicelebri.it\/news\/wp-content\/uploads\/2026\/03\/img-aforismi-alda-merini-sogni-2026.jpg?fit=1200%2C675&ssl=1","width":1200,"height":675,"caption":"Aforismi di Alda Merini sui sogni"},{"@type":"BreadcrumbList","@id":"https:\/\/www.frasicelebri.it\/news\/aforismi-alda-merini-sogni-liberta-si-misura-da-quanto-intensamente-riesci-sognare\/#breadcrumb","itemListElement":[{"@type":"ListItem","position":1,"name":"Home","item":"https:\/\/www.frasicelebri.it\/news\/"},{"@type":"ListItem","position":2,"name":"Aforismi di Alda Merini sui sogni: la tua libert\u00e0 si misura da quanto intensamente riesci a sognare"}]},{"@type":"WebSite","@id":"https:\/\/www.frasicelebri.it\/news\/#website","url":"https:\/\/www.frasicelebri.it\/news\/","name":"Frasicelebri.it","description":"News Frasicelebri.it","publisher":{"@id":"https:\/\/www.frasicelebri.it\/news\/#organization"},"potentialAction":[{"@type":"SearchAction","target":{"@type":"EntryPoint","urlTemplate":"https:\/\/www.frasicelebri.it\/news\/?s={search_term_string}"},"query-input":{"@type":"PropertyValueSpecification","valueRequired":true,"valueName":"search_term_string"}}],"inLanguage":"it-IT"},{"@type":"Organization","@id":"https:\/\/www.frasicelebri.it\/news\/#organization","name":"Frasicelebri.it","url":"https:\/\/www.frasicelebri.it\/news\/","logo":{"@type":"ImageObject","inLanguage":"it-IT","@id":"https:\/\/www.frasicelebri.it\/news\/#\/schema\/logo\/image\/","url":"https:\/\/i0.wp.com\/www.frasicelebri.it\/news\/wp-content\/uploads\/2024\/07\/logo-quadrato-drasicelebri.it_.jpg?fit=696%2C696&ssl=1","contentUrl":"https:\/\/i0.wp.com\/www.frasicelebri.it\/news\/wp-content\/uploads\/2024\/07\/logo-quadrato-drasicelebri.it_.jpg?fit=696%2C696&ssl=1","width":696,"height":696,"caption":"Frasicelebri.it"},"image":{"@id":"https:\/\/www.frasicelebri.it\/news\/#\/schema\/logo\/image\/"}},{"@type":"Person","@id":"https:\/\/www.frasicelebri.it\/news\/#\/schema\/person\/712303166008dc510236daeaf8087292","name":"Romina Cardia","image":{"@type":"ImageObject","inLanguage":"it-IT","@id":"https:\/\/www.frasicelebri.it\/news\/#\/schema\/person\/image\/","url":"https:\/\/secure.gravatar.com\/avatar\/7e155e0e5584fd17310efae2dc94f61e?s=96&d=mm&r=g","contentUrl":"https:\/\/secure.gravatar.com\/avatar\/7e155e0e5584fd17310efae2dc94f61e?s=96&d=mm&r=g","caption":"Romina Cardia"},"url":"https:\/\/www.frasicelebri.it\/news\/author\/romina\/"}]}},"_links":{"self":[{"href":"https:\/\/www.frasicelebri.it\/news\/wp-json\/wp\/v2\/posts\/43765","targetHints":{"allow":["GET"]}}],"collection":[{"href":"https:\/\/www.frasicelebri.it\/news\/wp-json\/wp\/v2\/posts"}],"about":[{"href":"https:\/\/www.frasicelebri.it\/news\/wp-json\/wp\/v2\/types\/post"}],"author":[{"embeddable":true,"href":"https:\/\/www.frasicelebri.it\/news\/wp-json\/wp\/v2\/users\/12"}],"replies":[{"embeddable":true,"href":"https:\/\/www.frasicelebri.it\/news\/wp-json\/wp\/v2\/comments?post=43765"}],"version-history":[{"count":1,"href":"https:\/\/www.frasicelebri.it\/news\/wp-json\/wp\/v2\/posts\/43765\/revisions"}],"predecessor-version":[{"id":43767,"href":"https:\/\/www.frasicelebri.it\/news\/wp-json\/wp\/v2\/posts\/43765\/revisions\/43767"}],"wp:featuredmedia":[{"embeddable":true,"href":"https:\/\/www.frasicelebri.it\/news\/wp-json\/wp\/v2\/media\/43766"}],"wp:attachment":[{"href":"https:\/\/www.frasicelebri.it\/news\/wp-json\/wp\/v2\/media?parent=43765"}],"wp:term":[{"taxonomy":"category","embeddable":true,"href":"https:\/\/www.frasicelebri.it\/news\/wp-json\/wp\/v2\/categories?post=43765"},{"taxonomy":"post_tag","embeddable":true,"href":"https:\/\/www.frasicelebri.it\/news\/wp-json\/wp\/v2\/tags?post=43765"}],"curies":[{"name":"wp","href":"https:\/\/api.w.org\/{rel}","templated":true}]}}