{"id":43768,"date":"2026-03-12T08:40:09","date_gmt":"2026-03-12T07:40:09","guid":{"rendered":"https:\/\/www.frasicelebri.it\/news\/?p=43768"},"modified":"2026-03-12T08:36:49","modified_gmt":"2026-03-12T07:36:49","slug":"frase-pirandello-vecchiaia-dice-quello-pensiamo","status":"publish","type":"post","link":"https:\/\/www.frasicelebri.it\/news\/frase-pirandello-vecchiaia-dice-quello-pensiamo\/","title":{"rendered":"La frase di Pirandello sulla vecchiaia che fa male perch\u00e9 dice quello che tutti pensiamo in silenzio"},"content":{"rendered":"<p><a href=\"https:\/\/www.frasicelebri.it\/frasi-di\/luigi-pirandello\/\" target=\"_blank\" rel=\"noopener\">Luigi Pirandello<\/a> non era un uomo che si perdeva in consolazioni. Tutta la sua opera &#8211; dal teatro ai romanzi, dalle novelle ai saggi &#8211; \u00e8 costruita su una certezza scomoda: che la realt\u00e0 \u00e8 spietata, che le convenzioni sociali nascondono crudelt\u00e0 antiche e profonde, e che l&#8217;essere umano preferisce l&#8217;illusione alla verit\u00e0 anche quando l&#8217;illusione lo distrugge. Questa lucidit\u00e0 impietosa non risparmia nessun aspetto dell&#8217;esistenza. E non risparmia la <a href=\"https:\/\/www.frasicelebri.it\/news\/frasi-di-pirandello-sulla-vecchiaia\/\" target=\"_blank\" rel=\"noopener\">vecchiaia<\/a>.<\/p>\n<p>La frase che ci interessa oggi \u00e8 tratta da una delle sue opere in prosa, ed \u00e8 una di quelle frasi che, una volta lette, non si dimenticano. Non perch\u00e9 sia bella nel senso consolatorio del termine. Ma perch\u00e9 dice qualcosa che \u00e8 vero, che tutti sanno, che quasi nessuno dice ad alta voce: che esiste nella vita umana una forma di ingiustizia che non viene dall&#8217;esterno, non dalla societ\u00e0, non dal caso, ma dalla natura stessa. E che <strong>quella ingiustizia si chiama bruttezza e si chiama vecchiaia<\/strong>.<\/p>\n<p><img data-recalc-dims=\"1\" loading=\"lazy\" decoding=\"async\" class=\"alignnone size-full wp-image-43833\" src=\"https:\/\/i0.wp.com\/www.frasicelebri.it\/news\/wp-content\/uploads\/2026\/03\/img-frase-pirandello-vecchiaia-1-2026.jpg?resize=1200%2C675&#038;ssl=1\" alt=\"frase di Pirandello sulla vecchiaia\" width=\"1200\" height=\"675\" srcset=\"https:\/\/i0.wp.com\/www.frasicelebri.it\/news\/wp-content\/uploads\/2026\/03\/img-frase-pirandello-vecchiaia-1-2026.jpg?w=1200&amp;ssl=1 1200w, https:\/\/i0.wp.com\/www.frasicelebri.it\/news\/wp-content\/uploads\/2026\/03\/img-frase-pirandello-vecchiaia-1-2026.jpg?resize=300%2C169&amp;ssl=1 300w, https:\/\/i0.wp.com\/www.frasicelebri.it\/news\/wp-content\/uploads\/2026\/03\/img-frase-pirandello-vecchiaia-1-2026.jpg?resize=150%2C84&amp;ssl=1 150w, https:\/\/i0.wp.com\/www.frasicelebri.it\/news\/wp-content\/uploads\/2026\/03\/img-frase-pirandello-vecchiaia-1-2026.jpg?resize=768%2C432&amp;ssl=1 768w\" sizes=\"auto, (max-width: 1200px) 100vw, 1200px\" \/><\/p>\n<h2>La feroce ingiustizia della natura<\/h2>\n<blockquote><p>&#8220;<em>Due sole vere infelicit\u00e0 aveva la vita, per coloro sui quali la natura esercita la sua feroce ingiustizia: la bruttezza e la vecchiaia, soggette al disprezzo e allo scherno della bellezza e della giovent\u00f9<\/em>.&#8221;<\/p><\/blockquote>\n<p>Questa frase di Pirandello \u00e8 di una brutalit\u00e0 che quasi disturba, e di una onest\u00e0 che lascia senza risposta. Lui non dice che la <a href=\"https:\/\/www.frasicelebri.it\/argomento\/bellezza\/\">bellezza<\/a> conta troppo, che il mondo \u00e8 superficiale, che bisognerebbe guardare pi\u00f9 in profondit\u00e0: dice semplicemente che cos\u00ec stanno le cose. Che <strong>bruttezza e vecchiaia sono le due infelicit\u00e0 vere<\/strong>, non quelle che si scelgono, non quelle che si possono correggere con la volont\u00e0, non quelle di cui si \u00e8 in qualche misura responsabili. Quelle <strong>che arrivano dall&#8217;esterno, dalla natura, e che si portano addosso senza aver fatto niente per meritarle<\/strong>.<\/p>\n<p>La parola <strong>feroce<\/strong> \u00e8 quella che brucia di pi\u00f9. Non ingiustizia normale, non ingiustizia sopportabile: feroce. Come un animale che attacca senza ragione. Come qualcosa che non ha in s\u00e9 alcun principio di misura o di equit\u00e0. <strong>La natura non distribuisce la bellezza in base al merito, non conserva la giovinezza a chi se la guadagna; la toglie a tutti<\/strong>, indiscriminatamente, con la stessa ferocia con cui non l&#8217;aveva data a tutti in uguale misura.<\/p>\n<h3>Il disprezzo come ingiustizia sociale costruita sulla biologica<\/h3>\n<p>Ma Pirandello non si ferma alla constatazione biologica. Aggiunge la <strong>dimensione sociale<\/strong>: bruttezza e vecchiaia sono infelici non solo in s\u00e9, ma perch\u00e9 sono soggette al disprezzo e allo scherno. <strong>Non \u00e8 la natura da sola a fare male: \u00e8 la risposta umana alla natura che trasforma l&#8217;ingiustizia biologica in ingiustizia sociale<\/strong>. Il vecchio che viene ignorato, scavalcato, trattato come invisibile. La persona brutta che viene esclusa, scartata, derisa. Non perch\u00e9 abbiano fatto qualcosa di sbagliato: solo perch\u00e9 non corrispondono a un <strong>parametro estetico<\/strong> che loro stessi non hanno scelto.<\/p>\n<p>C&#8217;\u00e8 qualcosa di particolarmente doloroso in questa meccanica: quelli che esercitano il disprezzo e lo scherno &#8211; la bellezza e la giovent\u00f9 &#8211; lo fanno spesso senza malizia consapevole. Lo fanno semplicemente per ci\u00f2 che sono: per <strong>il privilegio involontario di essere nati belli o di essere ancora giovani<\/strong>. Non \u00e8 un peccato morale: \u00e8 una dinamica strutturale. E Pirandello la descrive con la stessa impietosit\u00e0 e lucidit\u00e0 con cui descriveva tutto il resto.<\/p>\n<h3>Quello che tutti sanno e quasi nessuno dice<\/h3>\n<p>Questa frase fa male perch\u00e9 tocca qualcosa che le persone portano dentro ma raramente ammettono, nemmeno a se stesse. <strong>La paura di invecchiare non \u00e8 solo paura della morte, non \u00e8 solo paura della malattia:<\/strong> \u00e8 anche paura di questo, di <strong>diventare invisibili<\/strong>, di passare dalla parte di chi viene guardato con fastidio o con piet\u00e0 invece che con <a href=\"https:\/\/www.frasicelebri.it\/argomento\/desiderio\/\" target=\"_blank\" rel=\"noopener\">desiderio<\/a> o con rispetto.<\/p>\n<p>Pirandello lo dice con la chiarezza di chi non ha paura di essere impopolare. Non minimizza, non consola, non dice che la vera bellezza \u00e8 interiore e che la vecchiaia porta saggezza. Dice che <strong>sono infelicit\u00e0 vere<\/strong>, e che a produrle non \u00e8 solo la condizione biologica, ma lo sguardo degli altri che la interpreta e la trasforma in condanna sociale. \u00c8 una frase crudele. Ma \u00e8 anche una delle pi\u00f9 oneste che siano mai state scritte sull&#8217;invecchiare.<\/p>\n<h3>La vecchiaia come condizione universale e la solidariet\u00e0 che non arriva<\/h3>\n<p>C&#8217;\u00e8 un&#8217;ironia tragica in tutto questo che Pirandello non esplicita ma lascia intendere: <strong>la giovent\u00f9 che disprezza la vecchiaia non sa ancora<\/strong> &#8211; o non ci vuole pensare &#8211; <strong>che sta disprezzando il proprio futuro<\/strong>. Ogni persona che ride di un vecchio ride di ci\u00f2 che sar\u00e0. Ogni privilegio della bellezza giovane \u00e8 un prestito con interessi altissimi che prima o poi andr\u00e0 restituito. <strong>La natura<\/strong>, nella sua ferocia, \u00e8 almeno ugualmente feroce con tutti: <strong>non risparmia nessuno<\/strong>.<\/p>\n<p>Eppure questa consapevolezza non genera <a href=\"https:\/\/www.frasicelebri.it\/argomento\/solidariet%C3%A0\/\" target=\"_blank\" rel=\"noopener\">solidariet\u00e0<\/a>. Non trasforma il disprezzo in compassione. Non spinge la giovent\u00f9 a guardare la vecchiaia con la tenerezza di chi vede il proprio destino anticipato. \u00c8 questo il nucleo pi\u00f9 amaro della frase di Pirandello: che la logica vorrebbe la solidariet\u00e0 tra condannati, ma la psicologia produce il contrario. Chi \u00e8 giovane e bello usa il proprio tempo migliore per non pensarci, e intanto guarda dall&#8217;alto in basso chi lo ha gi\u00e0 perso.<\/p>\n<h3>Frasi di Pirandello sulla vecchiaia<\/h3>\n<ol>\n<li><strong>\u201c<em>Di giorno in giorno, d\u2019ora in ora, ciascuno porta la sua vita come un peso che non sa pi\u00f9 dove posare<\/em>.\u201d<\/strong><\/li>\n<li><strong>\u201c<em>Per un povero vecchio \u00e8 grave perdita un giorno<\/em>.\u201d<\/strong><\/li>\n<li><strong>\u201c<em>Due sole vere infelicit\u00e0 aveva la vita, per coloro sui quali la natura esercita la sua feroce ingiustizia: la bruttezza e la vecchiaia, soggette al disprezzo e allo scherno della bellezza e della giovent\u00f9<\/em>.\u201d<\/strong><\/li>\n<li><strong>\u201c<em>Una sola cosa \u00e8 triste, cari miei: aver capito il giuoco! E dunque, non vi lagnate! Affannatevi e tormentatevi, senza pensare che tutto questo non conclude<\/em>.\u201d<\/strong><\/li>\n<\/ol>\n<h3>BIO di Luigi Pirandello<\/h3>\n<p><strong>Luigi Pirandello<\/strong> (Agrigento, 1867 &#8211; Roma, 1936) \u00e8 uno dei massimi drammaturghi e narratori della letteratura mondiale. Laureato a Bonn con una tesi in filologia romanza, inizia a scrivere novelle e romanzi prima di dedicarsi al teatro, che lo rende celebre in tutto il mondo. Nel 1934 riceve il <strong>Premio Nobel per la Letteratura<\/strong>. Tra le opere fondamentali: <a href=\"https:\/\/www.frasicelebri.it\/s-libro\/il-fu-mattia-pascal\/\" target=\"_blank\" rel=\"noopener\"><em>Il fu Mattia Pascal<\/em><\/a> e <a href=\"https:\/\/www.frasicelebri.it\/s-libro\/uno-nessuno-e-centomila\/\" target=\"_blank\" rel=\"noopener\"><em>Uno, nessuno e centomila<\/em><\/a> (romanzi), le <a href=\"https:\/\/www.frasicelebri.it\/s-libro\/novelle-per-un-anno\/\" target=\"_blank\" rel=\"noopener\"><em>Novelle per un anno<\/em><\/a> (raccolta di oltre 200 racconti), <a href=\"https:\/\/www.frasicelebri.it\/s-libro\/sei-personaggi-in-cerca-dautore\/\" target=\"_blank\" rel=\"noopener\"><em>Sei personaggi in cerca d&#8217;autore<\/em><\/a>, <a href=\"https:\/\/www.frasicelebri.it\/s-libro\/enrico-iv-1\/\" target=\"_blank\" rel=\"noopener\"><em>Enrico IV<\/em><\/a>, <a href=\"https:\/\/www.frasicelebri.it\/s-libro\/cosi-e-se-vi-pare\/\" target=\"_blank\" rel=\"noopener\"><em>Cos\u00ec \u00e8, se vi pare<\/em><\/a> (teatro). Il suo tema centrale \u00e8 l&#8217;identit\u00e0 umana, la sua fragilit\u00e0, la distanza tra come siamo e come gli altri ci vedono. Fond\u00f2 nel 1925 il <strong>Teatro d&#8217;Arte di Roma<\/strong>. Mor\u00ec a Roma il 10 dicembre 1936, lo stesso giorno in cui avrebbe dovuto ricevere ufficialmente il Nobel.<\/p>\n<p><strong>Leggi anche:<\/strong><\/p>\n<p><a href=\"https:\/\/www.frasicelebri.it\/news\/frasi-di-luigi-pirandello-sulla-tristezza\/\" target=\"_blank\" rel=\"noopener\">Frasi di Luigi Pirandello sulla tristezza, perfette per superare quei momenti in cui vorresti riempire vasi di lacrime<\/a><\/p>\n","protected":false},"excerpt":{"rendered":"<p>Luigi Pirandello non era un uomo che si perdeva in consolazioni. Tutta la sua opera &#8211; dal teatro ai romanzi, dalle novelle ai saggi &#8211; &#8230; <a title=\"La frase di Pirandello sulla vecchiaia che fa male perch\u00e9 dice quello che tutti pensiamo in silenzio\" class=\"read-more\" href=\"https:\/\/www.frasicelebri.it\/news\/frase-pirandello-vecchiaia-dice-quello-pensiamo\/\" aria-label=\"More on La frase di Pirandello sulla vecchiaia che fa male perch\u00e9 dice quello che tutti pensiamo in silenzio\">Leggi tutto<\/a><\/p>\n","protected":false},"author":12,"featured_media":43833,"comment_status":"closed","ping_status":"closed","sticky":false,"template":"","format":"standard","meta":{"footnotes":""},"categories":[42],"tags":[1511,1171],"class_list":["post-43768","post","type-post","status-publish","format-standard","has-post-thumbnail","hentry","category-lifestyle","tag-frasi-sulla-vecchiaia","tag-luigi-pirandello"],"yoast_head":"<!-- This site is optimized with the Yoast SEO plugin v25.2 - https:\/\/yoast.com\/wordpress\/plugins\/seo\/ -->\n<title>La frase di Pirandello sulla vecchiaia che fa male perch\u00e9 dice quello che tutti pensiamo in silenzio - Frasicelebri.it<\/title>\n<meta name=\"description\" content=\"Scopri perch\u00e9, secondo Luigi Pirandello, la vecchiaia e la bruttezza sono tra le ingiustizie pi\u00f9 feroci della natura\" \/>\n<meta name=\"robots\" content=\"index, follow, max-snippet:-1, max-image-preview:large, max-video-preview:-1\" \/>\n<link rel=\"canonical\" href=\"https:\/\/www.frasicelebri.it\/news\/frase-pirandello-vecchiaia-dice-quello-pensiamo\/\" \/>\n<meta property=\"og:locale\" content=\"it_IT\" \/>\n<meta property=\"og:type\" content=\"article\" \/>\n<meta property=\"og:title\" content=\"La frase di Pirandello sulla vecchiaia che fa male perch\u00e9 dice quello che tutti pensiamo in silenzio - Frasicelebri.it\" \/>\n<meta property=\"og:description\" content=\"Scopri perch\u00e9, secondo Luigi Pirandello, la vecchiaia e la bruttezza sono tra le ingiustizie pi\u00f9 feroci della natura\" \/>\n<meta property=\"og:url\" content=\"https:\/\/www.frasicelebri.it\/news\/frase-pirandello-vecchiaia-dice-quello-pensiamo\/\" \/>\n<meta property=\"og:site_name\" content=\"Frasicelebri.it\" \/>\n<meta property=\"article:published_time\" content=\"2026-03-12T07:40:09+00:00\" \/>\n<meta property=\"og:image\" content=\"https:\/\/i0.wp.com\/www.frasicelebri.it\/news\/wp-content\/uploads\/2026\/03\/img-frase-pirandello-vecchiaia-1-2026.jpg?fit=1200%2C675&ssl=1\" \/>\n\t<meta property=\"og:image:width\" content=\"1200\" \/>\n\t<meta property=\"og:image:height\" content=\"675\" \/>\n\t<meta property=\"og:image:type\" content=\"image\/jpeg\" \/>\n<meta name=\"author\" content=\"Romina Cardia\" \/>\n<meta name=\"twitter:card\" content=\"summary_large_image\" \/>\n<meta name=\"twitter:label1\" content=\"Scritto da\" \/>\n\t<meta name=\"twitter:data1\" content=\"Romina Cardia\" \/>\n\t<meta name=\"twitter:label2\" content=\"Tempo di lettura stimato\" \/>\n\t<meta name=\"twitter:data2\" content=\"7 minuti\" \/>\n<script type=\"application\/ld+json\" class=\"yoast-schema-graph\">{\"@context\":\"https:\/\/schema.org\",\"@graph\":[{\"@type\":\"Article\",\"@id\":\"https:\/\/www.frasicelebri.it\/news\/frase-pirandello-vecchiaia-dice-quello-pensiamo\/#article\",\"isPartOf\":{\"@id\":\"https:\/\/www.frasicelebri.it\/news\/frase-pirandello-vecchiaia-dice-quello-pensiamo\/\"},\"author\":{\"name\":\"Romina Cardia\",\"@id\":\"https:\/\/www.frasicelebri.it\/news\/#\/schema\/person\/712303166008dc510236daeaf8087292\"},\"headline\":\"La frase di Pirandello sulla vecchiaia che fa male perch\u00e9 dice quello che tutti pensiamo in silenzio\",\"datePublished\":\"2026-03-12T07:40:09+00:00\",\"mainEntityOfPage\":{\"@id\":\"https:\/\/www.frasicelebri.it\/news\/frase-pirandello-vecchiaia-dice-quello-pensiamo\/\"},\"wordCount\":1109,\"publisher\":{\"@id\":\"https:\/\/www.frasicelebri.it\/news\/#organization\"},\"image\":{\"@id\":\"https:\/\/www.frasicelebri.it\/news\/frase-pirandello-vecchiaia-dice-quello-pensiamo\/#primaryimage\"},\"thumbnailUrl\":\"https:\/\/i0.wp.com\/www.frasicelebri.it\/news\/wp-content\/uploads\/2026\/03\/img-frase-pirandello-vecchiaia-1-2026.jpg?fit=1200%2C675&ssl=1\",\"keywords\":[\"frasi sulla vecchiaia\",\"Luigi Pirandello\"],\"articleSection\":[\"LifeStyle\"],\"inLanguage\":\"it-IT\"},{\"@type\":\"WebPage\",\"@id\":\"https:\/\/www.frasicelebri.it\/news\/frase-pirandello-vecchiaia-dice-quello-pensiamo\/\",\"url\":\"https:\/\/www.frasicelebri.it\/news\/frase-pirandello-vecchiaia-dice-quello-pensiamo\/\",\"name\":\"La frase di Pirandello sulla vecchiaia che fa male perch\u00e9 dice quello che tutti pensiamo in silenzio - Frasicelebri.it\",\"isPartOf\":{\"@id\":\"https:\/\/www.frasicelebri.it\/news\/#website\"},\"primaryImageOfPage\":{\"@id\":\"https:\/\/www.frasicelebri.it\/news\/frase-pirandello-vecchiaia-dice-quello-pensiamo\/#primaryimage\"},\"image\":{\"@id\":\"https:\/\/www.frasicelebri.it\/news\/frase-pirandello-vecchiaia-dice-quello-pensiamo\/#primaryimage\"},\"thumbnailUrl\":\"https:\/\/i0.wp.com\/www.frasicelebri.it\/news\/wp-content\/uploads\/2026\/03\/img-frase-pirandello-vecchiaia-1-2026.jpg?fit=1200%2C675&ssl=1\",\"datePublished\":\"2026-03-12T07:40:09+00:00\",\"description\":\"Scopri perch\u00e9, secondo Luigi Pirandello, la vecchiaia e la bruttezza sono tra le ingiustizie pi\u00f9 feroci della natura\",\"breadcrumb\":{\"@id\":\"https:\/\/www.frasicelebri.it\/news\/frase-pirandello-vecchiaia-dice-quello-pensiamo\/#breadcrumb\"},\"inLanguage\":\"it-IT\",\"potentialAction\":[{\"@type\":\"ReadAction\",\"target\":[\"https:\/\/www.frasicelebri.it\/news\/frase-pirandello-vecchiaia-dice-quello-pensiamo\/\"]}]},{\"@type\":\"ImageObject\",\"inLanguage\":\"it-IT\",\"@id\":\"https:\/\/www.frasicelebri.it\/news\/frase-pirandello-vecchiaia-dice-quello-pensiamo\/#primaryimage\",\"url\":\"https:\/\/i0.wp.com\/www.frasicelebri.it\/news\/wp-content\/uploads\/2026\/03\/img-frase-pirandello-vecchiaia-1-2026.jpg?fit=1200%2C675&ssl=1\",\"contentUrl\":\"https:\/\/i0.wp.com\/www.frasicelebri.it\/news\/wp-content\/uploads\/2026\/03\/img-frase-pirandello-vecchiaia-1-2026.jpg?fit=1200%2C675&ssl=1\",\"width\":1200,\"height\":675,\"caption\":\"frase di Pirandello sulla vecchiaia\"},{\"@type\":\"BreadcrumbList\",\"@id\":\"https:\/\/www.frasicelebri.it\/news\/frase-pirandello-vecchiaia-dice-quello-pensiamo\/#breadcrumb\",\"itemListElement\":[{\"@type\":\"ListItem\",\"position\":1,\"name\":\"Home\",\"item\":\"https:\/\/www.frasicelebri.it\/news\/\"},{\"@type\":\"ListItem\",\"position\":2,\"name\":\"La frase di Pirandello sulla vecchiaia che fa male perch\u00e9 dice quello che tutti pensiamo in silenzio\"}]},{\"@type\":\"WebSite\",\"@id\":\"https:\/\/www.frasicelebri.it\/news\/#website\",\"url\":\"https:\/\/www.frasicelebri.it\/news\/\",\"name\":\"Frasicelebri.it\",\"description\":\"News Frasicelebri.it\",\"publisher\":{\"@id\":\"https:\/\/www.frasicelebri.it\/news\/#organization\"},\"potentialAction\":[{\"@type\":\"SearchAction\",\"target\":{\"@type\":\"EntryPoint\",\"urlTemplate\":\"https:\/\/www.frasicelebri.it\/news\/?s={search_term_string}\"},\"query-input\":{\"@type\":\"PropertyValueSpecification\",\"valueRequired\":true,\"valueName\":\"search_term_string\"}}],\"inLanguage\":\"it-IT\"},{\"@type\":\"Organization\",\"@id\":\"https:\/\/www.frasicelebri.it\/news\/#organization\",\"name\":\"Frasicelebri.it\",\"url\":\"https:\/\/www.frasicelebri.it\/news\/\",\"logo\":{\"@type\":\"ImageObject\",\"inLanguage\":\"it-IT\",\"@id\":\"https:\/\/www.frasicelebri.it\/news\/#\/schema\/logo\/image\/\",\"url\":\"https:\/\/i0.wp.com\/www.frasicelebri.it\/news\/wp-content\/uploads\/2024\/07\/logo-quadrato-drasicelebri.it_.jpg?fit=696%2C696&ssl=1\",\"contentUrl\":\"https:\/\/i0.wp.com\/www.frasicelebri.it\/news\/wp-content\/uploads\/2024\/07\/logo-quadrato-drasicelebri.it_.jpg?fit=696%2C696&ssl=1\",\"width\":696,\"height\":696,\"caption\":\"Frasicelebri.it\"},\"image\":{\"@id\":\"https:\/\/www.frasicelebri.it\/news\/#\/schema\/logo\/image\/\"}},{\"@type\":\"Person\",\"@id\":\"https:\/\/www.frasicelebri.it\/news\/#\/schema\/person\/712303166008dc510236daeaf8087292\",\"name\":\"Romina Cardia\",\"image\":{\"@type\":\"ImageObject\",\"inLanguage\":\"it-IT\",\"@id\":\"https:\/\/www.frasicelebri.it\/news\/#\/schema\/person\/image\/\",\"url\":\"https:\/\/secure.gravatar.com\/avatar\/7e155e0e5584fd17310efae2dc94f61e?s=96&d=mm&r=g\",\"contentUrl\":\"https:\/\/secure.gravatar.com\/avatar\/7e155e0e5584fd17310efae2dc94f61e?s=96&d=mm&r=g\",\"caption\":\"Romina Cardia\"},\"url\":\"https:\/\/www.frasicelebri.it\/news\/author\/romina\/\"}]}<\/script>\n<!-- \/ Yoast SEO plugin. -->","yoast_head_json":{"title":"La frase di Pirandello sulla vecchiaia che fa male perch\u00e9 dice quello che tutti pensiamo in silenzio - Frasicelebri.it","description":"Scopri perch\u00e9, secondo Luigi Pirandello, la vecchiaia e la bruttezza sono tra le ingiustizie pi\u00f9 feroci della natura","robots":{"index":"index","follow":"follow","max-snippet":"max-snippet:-1","max-image-preview":"max-image-preview:large","max-video-preview":"max-video-preview:-1"},"canonical":"https:\/\/www.frasicelebri.it\/news\/frase-pirandello-vecchiaia-dice-quello-pensiamo\/","og_locale":"it_IT","og_type":"article","og_title":"La frase di Pirandello sulla vecchiaia che fa male perch\u00e9 dice quello che tutti pensiamo in silenzio - Frasicelebri.it","og_description":"Scopri perch\u00e9, secondo Luigi Pirandello, la vecchiaia e la bruttezza sono tra le ingiustizie pi\u00f9 feroci della natura","og_url":"https:\/\/www.frasicelebri.it\/news\/frase-pirandello-vecchiaia-dice-quello-pensiamo\/","og_site_name":"Frasicelebri.it","article_published_time":"2026-03-12T07:40:09+00:00","og_image":[{"width":1200,"height":675,"url":"https:\/\/i0.wp.com\/www.frasicelebri.it\/news\/wp-content\/uploads\/2026\/03\/img-frase-pirandello-vecchiaia-1-2026.jpg?fit=1200%2C675&ssl=1","type":"image\/jpeg"}],"author":"Romina Cardia","twitter_card":"summary_large_image","twitter_misc":{"Scritto da":"Romina Cardia","Tempo di lettura stimato":"7 minuti"},"schema":{"@context":"https:\/\/schema.org","@graph":[{"@type":"Article","@id":"https:\/\/www.frasicelebri.it\/news\/frase-pirandello-vecchiaia-dice-quello-pensiamo\/#article","isPartOf":{"@id":"https:\/\/www.frasicelebri.it\/news\/frase-pirandello-vecchiaia-dice-quello-pensiamo\/"},"author":{"name":"Romina Cardia","@id":"https:\/\/www.frasicelebri.it\/news\/#\/schema\/person\/712303166008dc510236daeaf8087292"},"headline":"La frase di Pirandello sulla vecchiaia che fa male perch\u00e9 dice quello che tutti pensiamo in silenzio","datePublished":"2026-03-12T07:40:09+00:00","mainEntityOfPage":{"@id":"https:\/\/www.frasicelebri.it\/news\/frase-pirandello-vecchiaia-dice-quello-pensiamo\/"},"wordCount":1109,"publisher":{"@id":"https:\/\/www.frasicelebri.it\/news\/#organization"},"image":{"@id":"https:\/\/www.frasicelebri.it\/news\/frase-pirandello-vecchiaia-dice-quello-pensiamo\/#primaryimage"},"thumbnailUrl":"https:\/\/i0.wp.com\/www.frasicelebri.it\/news\/wp-content\/uploads\/2026\/03\/img-frase-pirandello-vecchiaia-1-2026.jpg?fit=1200%2C675&ssl=1","keywords":["frasi sulla vecchiaia","Luigi Pirandello"],"articleSection":["LifeStyle"],"inLanguage":"it-IT"},{"@type":"WebPage","@id":"https:\/\/www.frasicelebri.it\/news\/frase-pirandello-vecchiaia-dice-quello-pensiamo\/","url":"https:\/\/www.frasicelebri.it\/news\/frase-pirandello-vecchiaia-dice-quello-pensiamo\/","name":"La frase di Pirandello sulla vecchiaia che fa male perch\u00e9 dice quello che tutti pensiamo in silenzio - Frasicelebri.it","isPartOf":{"@id":"https:\/\/www.frasicelebri.it\/news\/#website"},"primaryImageOfPage":{"@id":"https:\/\/www.frasicelebri.it\/news\/frase-pirandello-vecchiaia-dice-quello-pensiamo\/#primaryimage"},"image":{"@id":"https:\/\/www.frasicelebri.it\/news\/frase-pirandello-vecchiaia-dice-quello-pensiamo\/#primaryimage"},"thumbnailUrl":"https:\/\/i0.wp.com\/www.frasicelebri.it\/news\/wp-content\/uploads\/2026\/03\/img-frase-pirandello-vecchiaia-1-2026.jpg?fit=1200%2C675&ssl=1","datePublished":"2026-03-12T07:40:09+00:00","description":"Scopri perch\u00e9, secondo Luigi Pirandello, la vecchiaia e la bruttezza sono tra le ingiustizie pi\u00f9 feroci della natura","breadcrumb":{"@id":"https:\/\/www.frasicelebri.it\/news\/frase-pirandello-vecchiaia-dice-quello-pensiamo\/#breadcrumb"},"inLanguage":"it-IT","potentialAction":[{"@type":"ReadAction","target":["https:\/\/www.frasicelebri.it\/news\/frase-pirandello-vecchiaia-dice-quello-pensiamo\/"]}]},{"@type":"ImageObject","inLanguage":"it-IT","@id":"https:\/\/www.frasicelebri.it\/news\/frase-pirandello-vecchiaia-dice-quello-pensiamo\/#primaryimage","url":"https:\/\/i0.wp.com\/www.frasicelebri.it\/news\/wp-content\/uploads\/2026\/03\/img-frase-pirandello-vecchiaia-1-2026.jpg?fit=1200%2C675&ssl=1","contentUrl":"https:\/\/i0.wp.com\/www.frasicelebri.it\/news\/wp-content\/uploads\/2026\/03\/img-frase-pirandello-vecchiaia-1-2026.jpg?fit=1200%2C675&ssl=1","width":1200,"height":675,"caption":"frase di Pirandello sulla vecchiaia"},{"@type":"BreadcrumbList","@id":"https:\/\/www.frasicelebri.it\/news\/frase-pirandello-vecchiaia-dice-quello-pensiamo\/#breadcrumb","itemListElement":[{"@type":"ListItem","position":1,"name":"Home","item":"https:\/\/www.frasicelebri.it\/news\/"},{"@type":"ListItem","position":2,"name":"La frase di Pirandello sulla vecchiaia che fa male perch\u00e9 dice quello che tutti pensiamo in silenzio"}]},{"@type":"WebSite","@id":"https:\/\/www.frasicelebri.it\/news\/#website","url":"https:\/\/www.frasicelebri.it\/news\/","name":"Frasicelebri.it","description":"News Frasicelebri.it","publisher":{"@id":"https:\/\/www.frasicelebri.it\/news\/#organization"},"potentialAction":[{"@type":"SearchAction","target":{"@type":"EntryPoint","urlTemplate":"https:\/\/www.frasicelebri.it\/news\/?s={search_term_string}"},"query-input":{"@type":"PropertyValueSpecification","valueRequired":true,"valueName":"search_term_string"}}],"inLanguage":"it-IT"},{"@type":"Organization","@id":"https:\/\/www.frasicelebri.it\/news\/#organization","name":"Frasicelebri.it","url":"https:\/\/www.frasicelebri.it\/news\/","logo":{"@type":"ImageObject","inLanguage":"it-IT","@id":"https:\/\/www.frasicelebri.it\/news\/#\/schema\/logo\/image\/","url":"https:\/\/i0.wp.com\/www.frasicelebri.it\/news\/wp-content\/uploads\/2024\/07\/logo-quadrato-drasicelebri.it_.jpg?fit=696%2C696&ssl=1","contentUrl":"https:\/\/i0.wp.com\/www.frasicelebri.it\/news\/wp-content\/uploads\/2024\/07\/logo-quadrato-drasicelebri.it_.jpg?fit=696%2C696&ssl=1","width":696,"height":696,"caption":"Frasicelebri.it"},"image":{"@id":"https:\/\/www.frasicelebri.it\/news\/#\/schema\/logo\/image\/"}},{"@type":"Person","@id":"https:\/\/www.frasicelebri.it\/news\/#\/schema\/person\/712303166008dc510236daeaf8087292","name":"Romina Cardia","image":{"@type":"ImageObject","inLanguage":"it-IT","@id":"https:\/\/www.frasicelebri.it\/news\/#\/schema\/person\/image\/","url":"https:\/\/secure.gravatar.com\/avatar\/7e155e0e5584fd17310efae2dc94f61e?s=96&d=mm&r=g","contentUrl":"https:\/\/secure.gravatar.com\/avatar\/7e155e0e5584fd17310efae2dc94f61e?s=96&d=mm&r=g","caption":"Romina Cardia"},"url":"https:\/\/www.frasicelebri.it\/news\/author\/romina\/"}]}},"_links":{"self":[{"href":"https:\/\/www.frasicelebri.it\/news\/wp-json\/wp\/v2\/posts\/43768","targetHints":{"allow":["GET"]}}],"collection":[{"href":"https:\/\/www.frasicelebri.it\/news\/wp-json\/wp\/v2\/posts"}],"about":[{"href":"https:\/\/www.frasicelebri.it\/news\/wp-json\/wp\/v2\/types\/post"}],"author":[{"embeddable":true,"href":"https:\/\/www.frasicelebri.it\/news\/wp-json\/wp\/v2\/users\/12"}],"replies":[{"embeddable":true,"href":"https:\/\/www.frasicelebri.it\/news\/wp-json\/wp\/v2\/comments?post=43768"}],"version-history":[{"count":2,"href":"https:\/\/www.frasicelebri.it\/news\/wp-json\/wp\/v2\/posts\/43768\/revisions"}],"predecessor-version":[{"id":43834,"href":"https:\/\/www.frasicelebri.it\/news\/wp-json\/wp\/v2\/posts\/43768\/revisions\/43834"}],"wp:featuredmedia":[{"embeddable":true,"href":"https:\/\/www.frasicelebri.it\/news\/wp-json\/wp\/v2\/media\/43833"}],"wp:attachment":[{"href":"https:\/\/www.frasicelebri.it\/news\/wp-json\/wp\/v2\/media?parent=43768"}],"wp:term":[{"taxonomy":"category","embeddable":true,"href":"https:\/\/www.frasicelebri.it\/news\/wp-json\/wp\/v2\/categories?post=43768"},{"taxonomy":"post_tag","embeddable":true,"href":"https:\/\/www.frasicelebri.it\/news\/wp-json\/wp\/v2\/tags?post=43768"}],"curies":[{"name":"wp","href":"https:\/\/api.w.org\/{rel}","templated":true}]}}