{"id":43777,"date":"2026-03-15T11:40:31","date_gmt":"2026-03-15T10:40:31","guid":{"rendered":"https:\/\/www.frasicelebri.it\/news\/?p=43777"},"modified":"2026-03-13T10:22:18","modified_gmt":"2026-03-13T09:22:18","slug":"una-citazione-di-umberto-eco-sui-padri-per-la-festa-del-papa","status":"publish","type":"post","link":"https:\/\/www.frasicelebri.it\/news\/una-citazione-di-umberto-eco-sui-padri-per-la-festa-del-papa\/","title":{"rendered":"Una citazione di Umberto Eco sui padri per la Festa del pap\u00e0: quello che sei lo devi ai suoi scarti di saggezza"},"content":{"rendered":"<p><strong>Il 19 marzo celebriamo la <\/strong><a href=\"https:\/\/www.frasicelebri.it\/news\/frasi-per-la-festa-del-papa-da-inviare-su-whatsapp\/\" target=\"_blank\" rel=\"noopener\">Festa del Pap\u00e0<\/a>, una ricorrenza che onora una figura fondamentale per tutti. Il padre lascia un segno profondo nella nostra crescita e, come ci ricorda <a href=\"https:\/\/www.frasicelebri.it\/frasi-di\/umberto-eco\/\" target=\"_blank\" rel=\"noopener\">Umberto Eco<\/a>, ci\u00f2 che siamo nasce anche dalle persone che ci hanno generato: dal loro amore, dai gesti quotidiani, dalle parole e dagli esempi trasmessi spesso inconsapevolmente.<\/p>\n<p>In questa giornata, le sue parole ci invitano a riflettere sull\u2019<strong>importanza del <\/strong><a href=\"https:\/\/www.frasicelebri.it\/news\/frasi-di-umberto-eco-sul-tempo\/\" target=\"_blank\" rel=\"noopener\">tempo<\/a><strong> che trascorriamo con nostri pap\u00e0 <\/strong>e sul ruolo di educatore.<\/p>\n<p><img data-recalc-dims=\"1\" loading=\"lazy\" decoding=\"async\" class=\"alignnone size-full wp-image-43837\" src=\"https:\/\/i0.wp.com\/www.frasicelebri.it\/news\/wp-content\/uploads\/2026\/03\/img-citazione-umberto-eco-festa-papa-padri-1-2026.jpg?resize=1200%2C675&#038;ssl=1\" alt=\"citazione di Umberto Eco sui padri per la Festa del pap\u00e0\" width=\"1200\" height=\"675\" srcset=\"https:\/\/i0.wp.com\/www.frasicelebri.it\/news\/wp-content\/uploads\/2026\/03\/img-citazione-umberto-eco-festa-papa-padri-1-2026.jpg?w=1200&amp;ssl=1 1200w, https:\/\/i0.wp.com\/www.frasicelebri.it\/news\/wp-content\/uploads\/2026\/03\/img-citazione-umberto-eco-festa-papa-padri-1-2026.jpg?resize=300%2C169&amp;ssl=1 300w, https:\/\/i0.wp.com\/www.frasicelebri.it\/news\/wp-content\/uploads\/2026\/03\/img-citazione-umberto-eco-festa-papa-padri-1-2026.jpg?resize=150%2C84&amp;ssl=1 150w, https:\/\/i0.wp.com\/www.frasicelebri.it\/news\/wp-content\/uploads\/2026\/03\/img-citazione-umberto-eco-festa-papa-padri-1-2026.jpg?resize=768%2C432&amp;ssl=1 768w\" sizes=\"auto, (max-width: 1200px) 100vw, 1200px\" \/><\/p>\n<h2>Cosa ci lascia, ogni giorno, il nostro pap\u00e0<\/h2>\n<p>Umberto Eco ci lascia una frase preziosa, da imprimere nell\u2019anima:<\/p>\n<blockquote><p>&#8220;<em>Credo che si diventi quel che nostro padre ci ha insegnato nei tempi morti, mentre non si preoccupava di educarci. Ci si forma su scarti di saggezza<\/em>.&#8221;<\/p><\/blockquote>\n<p>Dobbiamo iniziare a pensare al nostro pap\u00e0. Per\u00f2 aspettate. Non tanto alla figura che ci sgridava per un brutto voto a scuola o che, di tanto in tanto, ci faceva ramanzine per qualche guaio che combinavano. Pensate, pi\u00f9 che altro, a quella figura che stava l\u00ec a preparare il caff\u00e8, riparare un oggetto o a fissare il vuoto con aria distratta. Quegli attimi, apparentemente banali, erano semi silenziosi destinati a germogliare dentro di voi. Forse pu\u00f2 sembrare strano, ma proprio in quei momenti, dai piccoli gesti si impara qualcosa. Proprio in quegli attimi, se ricordate bene, il vostro pap\u00e0 non dimenticava di guardarvi con pazienza, dirvi qualcosa che rimaneva sospesa. Sono proprio questi gli <strong>\u201cscarti di saggezza\u201d, fondamentali a tessere la trama invisibile della tua vita.<\/strong><\/p>\n<p>Ogni gesto involontario, ogni <a href=\"https:\/\/www.frasicelebri.it\/argomento\/silenzio\/\" target=\"_blank\" rel=\"noopener\">silenzio<\/a> condiviso, ogni errore osservato entra a far parte di voi. Guardando indietro, scoprirete che <strong>ci\u00f2 che sembrava insignificante \u00e8 stato in realt\u00e0 ci\u00f2 che pi\u00f9 vi ha insegnato<\/strong>: la forza, la curiosit\u00e0, la pazienza, la capacit\u00e0 di vedere oltre l\u2019evidente.<\/p>\n<p>La vita ci educa cos\u00ec: non nei grandi discorsi o nei piani elaborati, ma negli spazi vuoti, nei momenti \u201cmorti\u201d, dove l\u2019educazione si imprime nel cuore, silenziosa e ineluttabile. \u00c8 l\u00ec che scopriamo chi siamo e chi diventeremo, costruiti dai frammenti che qualcuno ha lasciato cadere senza saperlo.<\/p>\n<p>Umberto Eco ci invita anche a guardare con gratitudine il nostro passato perch\u00e9, senza accorgercene, abbiamo gi\u00e0 ricevuto l\u2019essenziale.<\/p>\n<h3>Gli esempi e l\u2019amore dei pap\u00e0<\/h3>\n<p><strong>Si cresce tra gesti silenziosi e momenti apparentemente insignificanti.<\/strong> Stavolta pensate a vostro padre seduto sul divano, immerso nella lettura, mentre voi giocate accanto: non dice una parola, eppure imparate la calma, la concentrazione, il rispetto del silenzio. Oppure vi osserva mentre provate, cadete, sbagliate, e nel suo silenzio scoprite fiducia e autonomia, imparate a rialzarvi da sol9.<\/p>\n<p>Come ricorda Umberto Eco,<strong> diventiamo ci\u00f2 che nostro padre ci ha insegnato nei momenti in cui non si preoccupava di educarci<\/strong>. Ci formiamo attraverso piccoli frammenti di vita che sembrano insignificanti, ma finiscono per diventare fondamentali. Nei gesti non detti e nei silenzi condivisi si costruisce ci\u00f2 che siamo e impariamo ad amare.<\/p>\n<h3>Bio di Umberto Eco<\/h3>\n<p><strong>Umberto Eco<\/strong> (1932-2016) \u00e8 stato semiologo, filosofo, scrittore, traduttore, bibliofilo e medievalista italiano. Dopo gli studi al Liceo Classico, si laure\u00f2 in Filosofia medievale all\u2019Universit\u00e0 di Torino a soli 22 anni, con una tesi sull\u2019estetica di San Tommaso d\u2019Aquino. Autore di opere che sfidano il tempo, come <a href=\"https:\/\/www.frasicelebri.it\/s-libro\/numero-zero\/\" target=\"_blank\" rel=\"noopener\"><em>Numero Zero<\/em><\/a>, <a href=\"https:\/\/www.frasicelebri.it\/s-libro\/il-cimitero-di-praga\/\" target=\"_blank\" rel=\"noopener\"><em>Il cimitero di Praga<\/em><\/a> e il celebre <a href=\"https:\/\/www.frasicelebri.it\/s-libro\/il-nome-della-rosa-1\/\" target=\"_blank\" rel=\"noopener\"><em>Il nome della Rosa<\/em><\/a>, Umberto Eco \u00e8 diventato una delle voci pi\u00f9 autorevoli e influenti del pensiero contemporaneo. Mor\u00ec nella sua casa di Milano, di fronte al Castello Sforzesco, il 19 febbraio 2016 alle 22:30, all\u2019et\u00e0 di 84 anni, a causa di un tumore al pancreas diagnosticatogli due anni prima.<\/p>\n<h3>Citazioni di Umberto Eco<\/h3>\n<ol>\n<li><strong><em>\u201cPer me l&#8217;uomo colto \u00e8 colui che sa dove andare a cercare l&#8217;informazione nell&#8217;unico momento della sua vita in cui gli serve.\u201d<\/em><\/strong><\/li>\n<li><strong><em>\u201cPoich\u00e9 nessuno pensa che le sue sventure possano essere attribuite a una sua pochezza, ecco che dovr\u00e0 individuare un colpevole.\u201d<\/em><\/strong><\/li>\n<li><strong><em>\u201cNulla infonde pi\u00f9 coraggio al pauroso della paura altrui.\u201d<\/em><\/strong><\/li>\n<li><strong><em>\u201cMalgrado molte leggende, che ancora circolano su Internet, tutti gli studiosi del Medioevo sapevano che la terra era una sfera.\u201d<\/em><\/strong><\/li>\n<li><strong><em>\u201cLa bellezza del cosmo \u00e8 data non solo dalla unit\u00e0 nella variet\u00e0, ma anche dalla variet\u00e0 nell&#8217;unit\u00e0.\u201d<\/em><\/strong><\/li>\n<\/ol>\n<p>Leggi anche: <a href=\"https:\/\/www.frasicelebri.it\/news\/frasi-per-la-festa-del-papa-da-inviare-su-whatsapp\/\" target=\"_blank\" rel=\"noopener\">10 frasi sul pap\u00e0 di Jos\u00e8 Saramago, sono intense, usale per celebrare l\u2019uomo che ha contribuito a darti la vita<\/a><\/p>\n","protected":false},"excerpt":{"rendered":"<p>Il 19 marzo celebriamo la Festa del Pap\u00e0, una ricorrenza che onora una figura fondamentale per tutti. Il padre lascia un segno profondo nella nostra &#8230; <a title=\"Una citazione di Umberto Eco sui padri per la Festa del pap\u00e0: quello che sei lo devi ai suoi scarti di saggezza\" class=\"read-more\" href=\"https:\/\/www.frasicelebri.it\/news\/una-citazione-di-umberto-eco-sui-padri-per-la-festa-del-papa\/\" aria-label=\"More on Una citazione di Umberto Eco sui padri per la Festa del pap\u00e0: quello che sei lo devi ai suoi scarti di saggezza\">Leggi tutto<\/a><\/p>\n","protected":false},"author":14,"featured_media":43837,"comment_status":"closed","ping_status":"closed","sticky":false,"template":"","format":"standard","meta":{"footnotes":""},"categories":[42],"tags":[1073,1469,1416],"class_list":["post-43777","post","type-post","status-publish","format-standard","has-post-thumbnail","hentry","category-lifestyle","tag-festa-del-papa","tag-frasi-sui-padri","tag-umberto-eco"],"yoast_head":"<!-- This site is optimized with the Yoast SEO plugin v25.2 - https:\/\/yoast.com\/wordpress\/plugins\/seo\/ -->\n<title>Una citazione di Umberto Eco sui padri per la Festa del pap\u00e0: quello che sei lo devi ai suoi scarti di saggezza - Frasicelebri.it<\/title>\n<meta name=\"description\" content=\"Quei momenti invisibili con tuo padre, tra gesti e silenzi, hanno plasmato chi sei. Per la Festa del Pap\u00e0 ricordati: la vera lezione si vive\" \/>\n<meta name=\"robots\" content=\"index, follow, max-snippet:-1, max-image-preview:large, max-video-preview:-1\" \/>\n<link rel=\"canonical\" href=\"https:\/\/www.frasicelebri.it\/news\/una-citazione-di-umberto-eco-sui-padri-per-la-festa-del-papa\/\" \/>\n<meta property=\"og:locale\" content=\"it_IT\" \/>\n<meta property=\"og:type\" content=\"article\" \/>\n<meta property=\"og:title\" content=\"Una citazione di Umberto Eco sui padri per la Festa del pap\u00e0: quello che sei lo devi ai suoi scarti di saggezza - Frasicelebri.it\" \/>\n<meta property=\"og:description\" content=\"Quei momenti invisibili con tuo padre, tra gesti e silenzi, hanno plasmato chi sei. Per la Festa del Pap\u00e0 ricordati: la vera lezione si vive\" \/>\n<meta property=\"og:url\" content=\"https:\/\/www.frasicelebri.it\/news\/una-citazione-di-umberto-eco-sui-padri-per-la-festa-del-papa\/\" \/>\n<meta property=\"og:site_name\" content=\"Frasicelebri.it\" \/>\n<meta property=\"article:published_time\" content=\"2026-03-15T10:40:31+00:00\" \/>\n<meta property=\"og:image\" content=\"https:\/\/i0.wp.com\/www.frasicelebri.it\/news\/wp-content\/uploads\/2026\/03\/img-citazione-umberto-eco-festa-papa-padri-1-2026.jpg?fit=1200%2C675&ssl=1\" \/>\n\t<meta property=\"og:image:width\" content=\"1200\" \/>\n\t<meta property=\"og:image:height\" content=\"675\" \/>\n\t<meta property=\"og:image:type\" content=\"image\/jpeg\" \/>\n<meta name=\"author\" content=\"Sara Bellanza\" \/>\n<meta name=\"twitter:card\" content=\"summary_large_image\" \/>\n<meta name=\"twitter:label1\" content=\"Scritto da\" \/>\n\t<meta name=\"twitter:data1\" content=\"Sara Bellanza\" \/>\n\t<meta name=\"twitter:label2\" content=\"Tempo di lettura stimato\" \/>\n\t<meta name=\"twitter:data2\" content=\"5 minuti\" \/>\n<script type=\"application\/ld+json\" class=\"yoast-schema-graph\">{\"@context\":\"https:\/\/schema.org\",\"@graph\":[{\"@type\":\"Article\",\"@id\":\"https:\/\/www.frasicelebri.it\/news\/una-citazione-di-umberto-eco-sui-padri-per-la-festa-del-papa\/#article\",\"isPartOf\":{\"@id\":\"https:\/\/www.frasicelebri.it\/news\/una-citazione-di-umberto-eco-sui-padri-per-la-festa-del-papa\/\"},\"author\":{\"name\":\"Sara Bellanza\",\"@id\":\"https:\/\/www.frasicelebri.it\/news\/#\/schema\/person\/87eed277b0405441e405668e9452c547\"},\"headline\":\"Una citazione di Umberto Eco sui padri per la Festa del pap\u00e0: quello che sei lo devi ai suoi scarti di saggezza\",\"datePublished\":\"2026-03-15T10:40:31+00:00\",\"mainEntityOfPage\":{\"@id\":\"https:\/\/www.frasicelebri.it\/news\/una-citazione-di-umberto-eco-sui-padri-per-la-festa-del-papa\/\"},\"wordCount\":728,\"publisher\":{\"@id\":\"https:\/\/www.frasicelebri.it\/news\/#organization\"},\"image\":{\"@id\":\"https:\/\/www.frasicelebri.it\/news\/una-citazione-di-umberto-eco-sui-padri-per-la-festa-del-papa\/#primaryimage\"},\"thumbnailUrl\":\"https:\/\/i0.wp.com\/www.frasicelebri.it\/news\/wp-content\/uploads\/2026\/03\/img-citazione-umberto-eco-festa-papa-padri-1-2026.jpg?fit=1200%2C675&ssl=1\",\"keywords\":[\"Festa del pap\u00e0\",\"frasi sui padri\",\"Umberto Eco\"],\"articleSection\":[\"LifeStyle\"],\"inLanguage\":\"it-IT\"},{\"@type\":\"WebPage\",\"@id\":\"https:\/\/www.frasicelebri.it\/news\/una-citazione-di-umberto-eco-sui-padri-per-la-festa-del-papa\/\",\"url\":\"https:\/\/www.frasicelebri.it\/news\/una-citazione-di-umberto-eco-sui-padri-per-la-festa-del-papa\/\",\"name\":\"Una citazione di Umberto Eco sui padri per la Festa del pap\u00e0: quello che sei lo devi ai suoi scarti di saggezza - Frasicelebri.it\",\"isPartOf\":{\"@id\":\"https:\/\/www.frasicelebri.it\/news\/#website\"},\"primaryImageOfPage\":{\"@id\":\"https:\/\/www.frasicelebri.it\/news\/una-citazione-di-umberto-eco-sui-padri-per-la-festa-del-papa\/#primaryimage\"},\"image\":{\"@id\":\"https:\/\/www.frasicelebri.it\/news\/una-citazione-di-umberto-eco-sui-padri-per-la-festa-del-papa\/#primaryimage\"},\"thumbnailUrl\":\"https:\/\/i0.wp.com\/www.frasicelebri.it\/news\/wp-content\/uploads\/2026\/03\/img-citazione-umberto-eco-festa-papa-padri-1-2026.jpg?fit=1200%2C675&ssl=1\",\"datePublished\":\"2026-03-15T10:40:31+00:00\",\"description\":\"Quei momenti invisibili con tuo padre, tra gesti e silenzi, hanno plasmato chi sei. Per la Festa del Pap\u00e0 ricordati: la vera lezione si vive\",\"breadcrumb\":{\"@id\":\"https:\/\/www.frasicelebri.it\/news\/una-citazione-di-umberto-eco-sui-padri-per-la-festa-del-papa\/#breadcrumb\"},\"inLanguage\":\"it-IT\",\"potentialAction\":[{\"@type\":\"ReadAction\",\"target\":[\"https:\/\/www.frasicelebri.it\/news\/una-citazione-di-umberto-eco-sui-padri-per-la-festa-del-papa\/\"]}]},{\"@type\":\"ImageObject\",\"inLanguage\":\"it-IT\",\"@id\":\"https:\/\/www.frasicelebri.it\/news\/una-citazione-di-umberto-eco-sui-padri-per-la-festa-del-papa\/#primaryimage\",\"url\":\"https:\/\/i0.wp.com\/www.frasicelebri.it\/news\/wp-content\/uploads\/2026\/03\/img-citazione-umberto-eco-festa-papa-padri-1-2026.jpg?fit=1200%2C675&ssl=1\",\"contentUrl\":\"https:\/\/i0.wp.com\/www.frasicelebri.it\/news\/wp-content\/uploads\/2026\/03\/img-citazione-umberto-eco-festa-papa-padri-1-2026.jpg?fit=1200%2C675&ssl=1\",\"width\":1200,\"height\":675,\"caption\":\"citazione di Umberto Eco sui padri per la Festa del pap\u00e0\"},{\"@type\":\"BreadcrumbList\",\"@id\":\"https:\/\/www.frasicelebri.it\/news\/una-citazione-di-umberto-eco-sui-padri-per-la-festa-del-papa\/#breadcrumb\",\"itemListElement\":[{\"@type\":\"ListItem\",\"position\":1,\"name\":\"Home\",\"item\":\"https:\/\/www.frasicelebri.it\/news\/\"},{\"@type\":\"ListItem\",\"position\":2,\"name\":\"Una citazione di Umberto Eco sui padri per la Festa del pap\u00e0: quello che sei lo devi ai suoi scarti di saggezza\"}]},{\"@type\":\"WebSite\",\"@id\":\"https:\/\/www.frasicelebri.it\/news\/#website\",\"url\":\"https:\/\/www.frasicelebri.it\/news\/\",\"name\":\"Frasicelebri.it\",\"description\":\"News Frasicelebri.it\",\"publisher\":{\"@id\":\"https:\/\/www.frasicelebri.it\/news\/#organization\"},\"potentialAction\":[{\"@type\":\"SearchAction\",\"target\":{\"@type\":\"EntryPoint\",\"urlTemplate\":\"https:\/\/www.frasicelebri.it\/news\/?s={search_term_string}\"},\"query-input\":{\"@type\":\"PropertyValueSpecification\",\"valueRequired\":true,\"valueName\":\"search_term_string\"}}],\"inLanguage\":\"it-IT\"},{\"@type\":\"Organization\",\"@id\":\"https:\/\/www.frasicelebri.it\/news\/#organization\",\"name\":\"Frasicelebri.it\",\"url\":\"https:\/\/www.frasicelebri.it\/news\/\",\"logo\":{\"@type\":\"ImageObject\",\"inLanguage\":\"it-IT\",\"@id\":\"https:\/\/www.frasicelebri.it\/news\/#\/schema\/logo\/image\/\",\"url\":\"https:\/\/i0.wp.com\/www.frasicelebri.it\/news\/wp-content\/uploads\/2024\/07\/logo-quadrato-drasicelebri.it_.jpg?fit=696%2C696&ssl=1\",\"contentUrl\":\"https:\/\/i0.wp.com\/www.frasicelebri.it\/news\/wp-content\/uploads\/2024\/07\/logo-quadrato-drasicelebri.it_.jpg?fit=696%2C696&ssl=1\",\"width\":696,\"height\":696,\"caption\":\"Frasicelebri.it\"},\"image\":{\"@id\":\"https:\/\/www.frasicelebri.it\/news\/#\/schema\/logo\/image\/\"}},{\"@type\":\"Person\",\"@id\":\"https:\/\/www.frasicelebri.it\/news\/#\/schema\/person\/87eed277b0405441e405668e9452c547\",\"name\":\"Sara Bellanza\",\"image\":{\"@type\":\"ImageObject\",\"inLanguage\":\"it-IT\",\"@id\":\"https:\/\/www.frasicelebri.it\/news\/#\/schema\/person\/image\/\",\"url\":\"https:\/\/secure.gravatar.com\/avatar\/09a3eae84da984b800b521a167211390?s=96&d=mm&r=g\",\"contentUrl\":\"https:\/\/secure.gravatar.com\/avatar\/09a3eae84da984b800b521a167211390?s=96&d=mm&r=g\",\"caption\":\"Sara Bellanza\"},\"url\":\"https:\/\/www.frasicelebri.it\/news\/author\/sara\/\"}]}<\/script>\n<!-- \/ Yoast SEO plugin. -->","yoast_head_json":{"title":"Una citazione di Umberto Eco sui padri per la Festa del pap\u00e0: quello che sei lo devi ai suoi scarti di saggezza - Frasicelebri.it","description":"Quei momenti invisibili con tuo padre, tra gesti e silenzi, hanno plasmato chi sei. Per la Festa del Pap\u00e0 ricordati: la vera lezione si vive","robots":{"index":"index","follow":"follow","max-snippet":"max-snippet:-1","max-image-preview":"max-image-preview:large","max-video-preview":"max-video-preview:-1"},"canonical":"https:\/\/www.frasicelebri.it\/news\/una-citazione-di-umberto-eco-sui-padri-per-la-festa-del-papa\/","og_locale":"it_IT","og_type":"article","og_title":"Una citazione di Umberto Eco sui padri per la Festa del pap\u00e0: quello che sei lo devi ai suoi scarti di saggezza - Frasicelebri.it","og_description":"Quei momenti invisibili con tuo padre, tra gesti e silenzi, hanno plasmato chi sei. Per la Festa del Pap\u00e0 ricordati: la vera lezione si vive","og_url":"https:\/\/www.frasicelebri.it\/news\/una-citazione-di-umberto-eco-sui-padri-per-la-festa-del-papa\/","og_site_name":"Frasicelebri.it","article_published_time":"2026-03-15T10:40:31+00:00","og_image":[{"width":1200,"height":675,"url":"https:\/\/i0.wp.com\/www.frasicelebri.it\/news\/wp-content\/uploads\/2026\/03\/img-citazione-umberto-eco-festa-papa-padri-1-2026.jpg?fit=1200%2C675&ssl=1","type":"image\/jpeg"}],"author":"Sara Bellanza","twitter_card":"summary_large_image","twitter_misc":{"Scritto da":"Sara Bellanza","Tempo di lettura stimato":"5 minuti"},"schema":{"@context":"https:\/\/schema.org","@graph":[{"@type":"Article","@id":"https:\/\/www.frasicelebri.it\/news\/una-citazione-di-umberto-eco-sui-padri-per-la-festa-del-papa\/#article","isPartOf":{"@id":"https:\/\/www.frasicelebri.it\/news\/una-citazione-di-umberto-eco-sui-padri-per-la-festa-del-papa\/"},"author":{"name":"Sara Bellanza","@id":"https:\/\/www.frasicelebri.it\/news\/#\/schema\/person\/87eed277b0405441e405668e9452c547"},"headline":"Una citazione di Umberto Eco sui padri per la Festa del pap\u00e0: quello che sei lo devi ai suoi scarti di saggezza","datePublished":"2026-03-15T10:40:31+00:00","mainEntityOfPage":{"@id":"https:\/\/www.frasicelebri.it\/news\/una-citazione-di-umberto-eco-sui-padri-per-la-festa-del-papa\/"},"wordCount":728,"publisher":{"@id":"https:\/\/www.frasicelebri.it\/news\/#organization"},"image":{"@id":"https:\/\/www.frasicelebri.it\/news\/una-citazione-di-umberto-eco-sui-padri-per-la-festa-del-papa\/#primaryimage"},"thumbnailUrl":"https:\/\/i0.wp.com\/www.frasicelebri.it\/news\/wp-content\/uploads\/2026\/03\/img-citazione-umberto-eco-festa-papa-padri-1-2026.jpg?fit=1200%2C675&ssl=1","keywords":["Festa del pap\u00e0","frasi sui padri","Umberto Eco"],"articleSection":["LifeStyle"],"inLanguage":"it-IT"},{"@type":"WebPage","@id":"https:\/\/www.frasicelebri.it\/news\/una-citazione-di-umberto-eco-sui-padri-per-la-festa-del-papa\/","url":"https:\/\/www.frasicelebri.it\/news\/una-citazione-di-umberto-eco-sui-padri-per-la-festa-del-papa\/","name":"Una citazione di Umberto Eco sui padri per la Festa del pap\u00e0: quello che sei lo devi ai suoi scarti di saggezza - Frasicelebri.it","isPartOf":{"@id":"https:\/\/www.frasicelebri.it\/news\/#website"},"primaryImageOfPage":{"@id":"https:\/\/www.frasicelebri.it\/news\/una-citazione-di-umberto-eco-sui-padri-per-la-festa-del-papa\/#primaryimage"},"image":{"@id":"https:\/\/www.frasicelebri.it\/news\/una-citazione-di-umberto-eco-sui-padri-per-la-festa-del-papa\/#primaryimage"},"thumbnailUrl":"https:\/\/i0.wp.com\/www.frasicelebri.it\/news\/wp-content\/uploads\/2026\/03\/img-citazione-umberto-eco-festa-papa-padri-1-2026.jpg?fit=1200%2C675&ssl=1","datePublished":"2026-03-15T10:40:31+00:00","description":"Quei momenti invisibili con tuo padre, tra gesti e silenzi, hanno plasmato chi sei. Per la Festa del Pap\u00e0 ricordati: la vera lezione si vive","breadcrumb":{"@id":"https:\/\/www.frasicelebri.it\/news\/una-citazione-di-umberto-eco-sui-padri-per-la-festa-del-papa\/#breadcrumb"},"inLanguage":"it-IT","potentialAction":[{"@type":"ReadAction","target":["https:\/\/www.frasicelebri.it\/news\/una-citazione-di-umberto-eco-sui-padri-per-la-festa-del-papa\/"]}]},{"@type":"ImageObject","inLanguage":"it-IT","@id":"https:\/\/www.frasicelebri.it\/news\/una-citazione-di-umberto-eco-sui-padri-per-la-festa-del-papa\/#primaryimage","url":"https:\/\/i0.wp.com\/www.frasicelebri.it\/news\/wp-content\/uploads\/2026\/03\/img-citazione-umberto-eco-festa-papa-padri-1-2026.jpg?fit=1200%2C675&ssl=1","contentUrl":"https:\/\/i0.wp.com\/www.frasicelebri.it\/news\/wp-content\/uploads\/2026\/03\/img-citazione-umberto-eco-festa-papa-padri-1-2026.jpg?fit=1200%2C675&ssl=1","width":1200,"height":675,"caption":"citazione di Umberto Eco sui padri per la Festa del pap\u00e0"},{"@type":"BreadcrumbList","@id":"https:\/\/www.frasicelebri.it\/news\/una-citazione-di-umberto-eco-sui-padri-per-la-festa-del-papa\/#breadcrumb","itemListElement":[{"@type":"ListItem","position":1,"name":"Home","item":"https:\/\/www.frasicelebri.it\/news\/"},{"@type":"ListItem","position":2,"name":"Una citazione di Umberto Eco sui padri per la Festa del pap\u00e0: quello che sei lo devi ai suoi scarti di saggezza"}]},{"@type":"WebSite","@id":"https:\/\/www.frasicelebri.it\/news\/#website","url":"https:\/\/www.frasicelebri.it\/news\/","name":"Frasicelebri.it","description":"News Frasicelebri.it","publisher":{"@id":"https:\/\/www.frasicelebri.it\/news\/#organization"},"potentialAction":[{"@type":"SearchAction","target":{"@type":"EntryPoint","urlTemplate":"https:\/\/www.frasicelebri.it\/news\/?s={search_term_string}"},"query-input":{"@type":"PropertyValueSpecification","valueRequired":true,"valueName":"search_term_string"}}],"inLanguage":"it-IT"},{"@type":"Organization","@id":"https:\/\/www.frasicelebri.it\/news\/#organization","name":"Frasicelebri.it","url":"https:\/\/www.frasicelebri.it\/news\/","logo":{"@type":"ImageObject","inLanguage":"it-IT","@id":"https:\/\/www.frasicelebri.it\/news\/#\/schema\/logo\/image\/","url":"https:\/\/i0.wp.com\/www.frasicelebri.it\/news\/wp-content\/uploads\/2024\/07\/logo-quadrato-drasicelebri.it_.jpg?fit=696%2C696&ssl=1","contentUrl":"https:\/\/i0.wp.com\/www.frasicelebri.it\/news\/wp-content\/uploads\/2024\/07\/logo-quadrato-drasicelebri.it_.jpg?fit=696%2C696&ssl=1","width":696,"height":696,"caption":"Frasicelebri.it"},"image":{"@id":"https:\/\/www.frasicelebri.it\/news\/#\/schema\/logo\/image\/"}},{"@type":"Person","@id":"https:\/\/www.frasicelebri.it\/news\/#\/schema\/person\/87eed277b0405441e405668e9452c547","name":"Sara Bellanza","image":{"@type":"ImageObject","inLanguage":"it-IT","@id":"https:\/\/www.frasicelebri.it\/news\/#\/schema\/person\/image\/","url":"https:\/\/secure.gravatar.com\/avatar\/09a3eae84da984b800b521a167211390?s=96&d=mm&r=g","contentUrl":"https:\/\/secure.gravatar.com\/avatar\/09a3eae84da984b800b521a167211390?s=96&d=mm&r=g","caption":"Sara Bellanza"},"url":"https:\/\/www.frasicelebri.it\/news\/author\/sara\/"}]}},"_links":{"self":[{"href":"https:\/\/www.frasicelebri.it\/news\/wp-json\/wp\/v2\/posts\/43777","targetHints":{"allow":["GET"]}}],"collection":[{"href":"https:\/\/www.frasicelebri.it\/news\/wp-json\/wp\/v2\/posts"}],"about":[{"href":"https:\/\/www.frasicelebri.it\/news\/wp-json\/wp\/v2\/types\/post"}],"author":[{"embeddable":true,"href":"https:\/\/www.frasicelebri.it\/news\/wp-json\/wp\/v2\/users\/14"}],"replies":[{"embeddable":true,"href":"https:\/\/www.frasicelebri.it\/news\/wp-json\/wp\/v2\/comments?post=43777"}],"version-history":[{"count":8,"href":"https:\/\/www.frasicelebri.it\/news\/wp-json\/wp\/v2\/posts\/43777\/revisions"}],"predecessor-version":[{"id":43838,"href":"https:\/\/www.frasicelebri.it\/news\/wp-json\/wp\/v2\/posts\/43777\/revisions\/43838"}],"wp:featuredmedia":[{"embeddable":true,"href":"https:\/\/www.frasicelebri.it\/news\/wp-json\/wp\/v2\/media\/43837"}],"wp:attachment":[{"href":"https:\/\/www.frasicelebri.it\/news\/wp-json\/wp\/v2\/media?parent=43777"}],"wp:term":[{"taxonomy":"category","embeddable":true,"href":"https:\/\/www.frasicelebri.it\/news\/wp-json\/wp\/v2\/categories?post=43777"},{"taxonomy":"post_tag","embeddable":true,"href":"https:\/\/www.frasicelebri.it\/news\/wp-json\/wp\/v2\/tags?post=43777"}],"curies":[{"name":"wp","href":"https:\/\/api.w.org\/{rel}","templated":true}]}}