{"id":43860,"date":"2026-03-15T14:40:38","date_gmt":"2026-03-15T13:40:38","guid":{"rendered":"https:\/\/www.frasicelebri.it\/news\/?p=43860"},"modified":"2026-03-13T10:26:02","modified_gmt":"2026-03-13T09:26:02","slug":"una-frase-di-crepet-sul-tempo-ti-aiuta-a-smettere-di-sprecarlo-per-iniziare-a-viverlo","status":"publish","type":"post","link":"https:\/\/www.frasicelebri.it\/news\/una-frase-di-crepet-sul-tempo-ti-aiuta-a-smettere-di-sprecarlo-per-iniziare-a-viverlo\/","title":{"rendered":"Una frase di Crepet sul tempo: ti aiuta a smettere di sprecarlo per iniziare a viverlo davvero"},"content":{"rendered":"<p><strong>&#8220;Non ho tempo.&#8221;<\/strong> \u00c8 probabilmente la frase pi\u00f9 pronunciata degli ultimi vent&#8217;anni. La diciamo al mattino quando saltiamo la colazione, la diciamo agli amici quando rimandiamo una cena per la quinta volta, la diciamo a noi stessi quando un&#8217;idea che vorremmo realizzare resta nel cassetto da anni. \u00c8 diventata un automatismo, quasi un elemento di identit\u00e0: siamo persone impegnate, siamo persone di valore, siamo persone che non si fermano mai. Eppure, quasi sempre, la sensazione che rimane alla fine della giornata non \u00e8 quella di aver vissuto intensamente, \u00e8 quella di <strong>aver corso senza essere arrivati da nessuna parte<\/strong>.<\/p>\n<p><a href=\"https:\/\/www.frasicelebri.it\/news\/frasi-sul-tempo-di-crepet\/\" target=\"_blank\" rel=\"noopener\">Paolo Crepet<\/a> &#8211; psichiatra, saggista, tra le voci pi\u00f9 ascoltate del dibattito culturale italiano &#8211; ha smontato questa narrazione con una frase sola. <strong>Non \u00e8 che non abbiamo tempo. \u00c8 che non sappiamo pi\u00f9 dargli valore.<\/strong> \u00c8 una distinzione piccola, nella forma, e gigantesca nella sostanza: sposta tutta la responsabilit\u00e0 dalla quantit\u00e0 di ore disponibili alla qualit\u00e0 delle scelte che ci facciamo dentro. Non \u00e8 un problema di agenda, \u00e8 un problema di bussola.<\/p>\n<p><img data-recalc-dims=\"1\" loading=\"lazy\" decoding=\"async\" class=\"alignnone size-full wp-image-43861\" src=\"https:\/\/i0.wp.com\/www.frasicelebri.it\/news\/wp-content\/uploads\/2026\/03\/img-frase-crepet-tempo-2026.jpg?resize=1200%2C675&#038;ssl=1\" alt=\"frase di Crepet sul tempo\" width=\"1200\" height=\"675\" srcset=\"https:\/\/i0.wp.com\/www.frasicelebri.it\/news\/wp-content\/uploads\/2026\/03\/img-frase-crepet-tempo-2026.jpg?w=1200&amp;ssl=1 1200w, https:\/\/i0.wp.com\/www.frasicelebri.it\/news\/wp-content\/uploads\/2026\/03\/img-frase-crepet-tempo-2026.jpg?resize=300%2C169&amp;ssl=1 300w, https:\/\/i0.wp.com\/www.frasicelebri.it\/news\/wp-content\/uploads\/2026\/03\/img-frase-crepet-tempo-2026.jpg?resize=150%2C84&amp;ssl=1 150w, https:\/\/i0.wp.com\/www.frasicelebri.it\/news\/wp-content\/uploads\/2026\/03\/img-frase-crepet-tempo-2026.jpg?resize=768%2C432&amp;ssl=1 768w\" sizes=\"auto, (max-width: 1200px) 100vw, 1200px\" \/><\/p>\n<h2>Non \u00e8 vero che non abbiamo tempo<\/h2>\n<blockquote><p>&#8220;<em>Non \u00e8 vero che non abbiamo tempo, \u00e8 che non sappiamo pi\u00f9 dargli valore<\/em>.&#8221;<\/p><\/blockquote>\n<p>La prima parola che colpisce \u00e8 &#8220;pi\u00f9&#8221;. Non \u00e8 che non sappiamo, \u00e8 che non sappiamo <em>pi\u00f9<\/em>. <strong>C&#8217;\u00e8 stato un momento, cio\u00e8, in cui lo sapevamo<\/strong>. In cui il tempo aveva un peso specifico che adesso non ha. In cui aspettare un&#8217;estate, aspettare un compleanno, aspettare che qualcosa accadesse era un&#8217;esperienza intensa, e nell&#8217;attesa, il <a href=\"https:\/\/www.frasicelebri.it\/citazioni-e-aforismi\/frasi\/tempo\/\" target=\"_blank\" rel=\"noopener\">tempo<\/a> aveva spessore.<\/p>\n<p><strong>Oggi l&#8217;attesa \u00e8 diventata quasi intollerabile<\/strong>: si riempie di schermi, di scroll, di notifiche, di qualsiasi cosa che eviti il vuoto. Ma il vuoto &#8211; quella sensazione di tempo non ancora pieno, non ancora definito &#8211; era esattamente lo spazio in cui si formavano i desideri, i progetti, i pensieri veri.<\/p>\n<p>Crepet individua il nodo centrale del problema contemporaneo non nella tecnologia, non nel lavoro, non nella velocit\u00e0 dei ritmi: lo individua nella perdita di un rapporto consapevole con il tempo. <strong>Avere tempo non basta se non si sa cosa farne<\/strong>, se ogni minuto libero viene immediatamente occupato con qualcosa di irrilevante per paura di sentire il <a href=\"https:\/\/www.frasicelebri.it\/argomento\/silenzio\/\" target=\"_blank\" rel=\"noopener\">silenzio<\/a>.<\/p>\n<h3>Il mito dello &#8220;non ho tempo&#8221;: uno status symbol pericoloso<\/h3>\n<p>Dire &#8220;non ho tempo&#8221; \u00e8 diventato una forma di distinzione sociale. Comunica efficienza, centralit\u00e0, importanza. <strong>Le persone impegnate sono persone che contano<\/strong>, e le persone che contano non si fermano mai. Questo meccanismo \u00e8 tanto pervasivo quanto pernicioso: <strong>trasforma l&#8217;agitazione in virt\u00f9 e il riposo in colpa.<\/strong> Chi si ferma \u00e8 pigro. Chi rallenta non \u00e8 serio. Chi dice di avere tempo libero probabilmente non ha abbastanza da fare.<\/p>\n<p>Crepet ribalta questa logica: <strong>la frammentazione continua del tempo in micro-attivit\u00e0<\/strong> &#8211; notifiche, riunioni inutili, multitasking, scroll infinito &#8211; non \u00e8 produttivit\u00e0. \u00c8 il contrario. <strong>\u00c8 dispersione<\/strong>. \u00c8 la modalit\u00e0 in cui si trascorrono giornate intere senza aver fatto nulla di significativo, senza aver pensato un pensiero fino in fondo, senza aver avuto una conversazione vera. <strong>La giornata piena che lascia vuoti \u00e8 il risultato diretto di questo disordine: pi\u00f9 si riempie il tempo di cose, meno il tempo ha valore<\/strong>.<\/p>\n<h3>Dare valore al tempo: una questione di scelte, non di ore<\/h3>\n<p>La parola pi\u00f9 importante nella frase di Crepet \u00e8 &#8220;valore&#8221;. Non durata: valore. <strong>Il problema non \u00e8 avere pi\u00f9 ore: \u00e8 fare in modo che le ore che gi\u00e0 abbiamo pesino di pi\u00f9<\/strong>. E questo avviene solo attraverso <strong>le scelte<\/strong>: cosa si sceglie di fare, con chi, per cosa. Ogni scelta di dove mettere il proprio tempo \u00e8 anche una scelta di dove mettere la propria vita, perch\u00e9 <strong>il tempo \u00e8 l&#8217;unica risorsa che, una volta spesa, non si recupera<\/strong>.<\/p>\n<p><strong>Dare valore al tempo<\/strong> significa imparare a dire no. Significa che non tutto quello che arriva merita risposta immediata, non tutte le richieste meritano accoglienza, non tutte le urgenze sono davvero urgenti. Significa distinguere tra ci\u00f2 che \u00e8 importante e ci\u00f2 che \u00e8 solo rumoroso. Tra ci\u00f2 che nutre e ci\u00f2 che consuma. Tra l&#8217;attivit\u00e0 che lascia qualcosa &#8211; un&#8217;emozione, un&#8217;idea, un legame &#8211; e quella che lascia solo stanchezza.<\/p>\n<h3>Il tempo nelle relazioni: presenti senza esserci<\/h3>\n<p>Uno degli ambiti in cui il tempo perde valore pi\u00f9 velocemente \u00e8 quello delle <a href=\"https:\/\/www.frasicelebri.it\/argomento\/relazioni\/\" target=\"_blank\" rel=\"noopener\">relazioni<\/a>. Siamo fisicamente presenti e mentalmente altrove: lo smartphone sul tavolo durante la cena, la mente al lavoro mentre qualcuno parla, la risposta automatica mentre l&#8217;attenzione \u00e8 gi\u00e0 da un&#8217;altra parte. Crepet insiste su questo<strong>: il tempo dedicato alle persone care non si misura in ore, ma in presenza reale.<\/strong> Un&#8217;ora di ascolto autentico vale pi\u00f9 di tre giorni di coabitazione distratta.<\/p>\n<p><strong>La qualit\u00e0 del tempo nei rapporti umani costruisce qualcosa di concreto<\/strong>: memoria condivisa, <a href=\"https:\/\/www.frasicelebri.it\/argomento\/fiducia\/\" target=\"_blank\" rel=\"noopener\">fiducia<\/a>, senso di appartenenza. Sono queste le cose che restano, non le giornate frenetiche e intercambiabili, non le settimane in cui tutto scorre senza lasciare traccia. Le esperienze condivise pienamente, le conversazioni vere, i momenti in cui si \u00e8 stati davvero presenti\u2026 questi resistono, questi diventano materia di vita.<\/p>\n<h3>Il tempo come scelta consapevole: riprendere il controllo<\/h3>\n<p>La conclusione pi\u00f9 radicale del pensiero di Crepet sul tempo \u00e8 che <strong>il tempo non si trova: si decide<\/strong>. Non \u00e8 una risorsa che aspetta da qualche parte di essere scoperta: \u00e8 <strong>il risultato diretto di come si organizzano le priorit\u00e0<\/strong>. E le priorit\u00e0 sono scelte. Ogni &#8220;s\u00ec&#8221; a qualcosa \u00e8 un &#8220;no&#8221; a qualcos&#8217;altro, e spesso le cose a cui si dice s\u00ec senza pensarci &#8211; la notifica, la riunione non necessaria, lo scroll automatico &#8211; sono esattamente quelle a cui si dovrebbe dire no.<\/p>\n<p><strong>Riprendere il controllo del proprio tempo non richiede rivoluzioni: richiede consapevolezza quotidiana<\/strong>. Chiedersi ogni mattina, non cosa \u00e8 urgente, ma cosa \u00e8 importante. Creare spazi &#8211; anche brevi &#8211; in cui non si risponde, non si scorre, non si reagisce, ma <strong>si pensa, si respira, si sta<\/strong>. Trattare il proprio tempo come la cosa pi\u00f9 preziosa che si possiede, perch\u00e9 lo \u00e8. Nessuna quantit\u00e0 di denaro, di potere o di connessioni pu\u00f2 restituire un&#8217;ora mal vissuta. Pu\u00f2 solo offrirne altre, che si sprecheranno di nuovo, se non cambia il rapporto con quello che le riempie.<\/p>\n<h3>Frasi di Crepet sul tempo<\/h3>\n<ol>\n<li><strong>&#8220;<em>Non \u00e8 vero che non abbiamo tempo, \u00e8 che non sappiamo pi\u00f9 dargli valore<\/em>.&#8221;<\/strong><\/li>\n<li><strong>\u201c<em>Il tempo \u00e8 una risorsa non rinnovabile, eppure lo sprechiamo come fosse infinito<\/em>.\u201d<\/strong><\/li>\n<li><strong>\u201c<em>Viviamo nell\u2019era della fretta, ma la fretta \u00e8 nemica della profondit\u00e0<\/em>.\u201d<\/strong><\/li>\n<li><strong>\u201c<em>La noia \u00e8 uno spazio creativo fondamentale che stiamo negando ai nostri figli<\/em>.\u201d<\/strong><\/li>\n<li><strong>\u201c<em>Il tempo dei genitori con i figli non si misura in quantit\u00e0, ma in qualit\u00e0 di presenza<\/em>.\u201d<\/strong><\/li>\n<li><strong>\u201c<em>L\u2019attesa \u00e8 diventata insopportabile per molti giovani. Tutto deve essere immediato, istantaneo. Ma la vita vera richiede pazienza<\/em>.\u201d<\/strong><\/li>\n<li><strong>\u201c<em>Una societ\u00e0 che non ha tempo per i propri anziani \u00e8 una societ\u00e0 senza memoria<\/em>.\u201d<\/strong><\/li>\n<li><strong>\u201c<em>L\u2019educazione ha bisogno di tempo lento, di riflessione. Non pu\u00f2 essere compressa nell\u2019immediatezza<\/em>.\u201d<\/strong><\/li>\n<li><strong>\u201c<em>Dedicare tempo all\u2019ascolto \u00e8 forse il dono pi\u00f9 prezioso che possiamo fare a chi amiamo<\/em>.\u201d<\/strong><\/li>\n<li><strong> \u201c<em>Il tempo digitale \u00e8 un tempo parallelo che spesso ci allontana dal tempo reale delle relazioni umane<\/em>.\u201d<\/strong><\/li>\n<\/ol>\n<h3>BIO di Paolo Crepet<\/h3>\n<p><strong>Paolo Crepet<\/strong> (Torino, 1951) \u00e8 psichiatra, sociologo, saggista e opinionista italiano, tra le figure pi\u00f9 note e ascoltate del panorama culturale e mediatico italiano. Si \u00e8 occupato per decenni di salute mentale, disagio giovanile, educazione e relazioni familiari. Ha scritto oltre quaranta libri tra saggi scientifici e opere di divulgazione, molti dei quali diventati bestseller, tra cui <a href=\"https:\/\/www.frasicelebri.it\/s-libro\/non-siamo-capaci-di-ascoltarli-riflessioni-sullinfanzia-e-sulladolescenza\/\" target=\"_blank\" rel=\"noopener\"><em>Non siamo capaci di ascoltarli<\/em><\/a>, <em>Coraggio: la scelta che ci cambia la vita<\/em>, <em>Senza il dono della ribellione<\/em>, <em>Educare con il cuore<\/em>. \u00c8 presenza frequente in televisione, radio e conferenze pubbliche. Il suo approccio coniuga la competenza clinica con un linguaggio diretto e accessibile, spesso provocatorio, capace di intercettare le ansie e le contraddizioni della vita contemporanea. Vive tra Torino e la campagna toscana.<\/p>\n<p><strong>Leggi anche:<\/strong><\/p>\n<p><a href=\"https:\/\/www.frasicelebri.it\/news\/frasi-di-crepet-sul-coraggio-ti-spingono-a-prenderti-cio-che-vuoi-davvero\/\" target=\"_blank\" rel=\"noopener\">Frasi di Crepet sul coraggio: ti spingono a prenderti ci\u00f2 che vuoi davvero<\/a><\/p>\n","protected":false},"excerpt":{"rendered":"<p>&#8220;Non ho tempo.&#8221; \u00c8 probabilmente la frase pi\u00f9 pronunciata degli ultimi vent&#8217;anni. La diciamo al mattino quando saltiamo la colazione, la diciamo agli amici quando &#8230; <a title=\"Una frase di Crepet sul tempo: ti aiuta a smettere di sprecarlo per iniziare a viverlo davvero\" class=\"read-more\" href=\"https:\/\/www.frasicelebri.it\/news\/una-frase-di-crepet-sul-tempo-ti-aiuta-a-smettere-di-sprecarlo-per-iniziare-a-viverlo\/\" aria-label=\"More on Una frase di Crepet sul tempo: ti aiuta a smettere di sprecarlo per iniziare a viverlo davvero\">Leggi tutto<\/a><\/p>\n","protected":false},"author":12,"featured_media":43861,"comment_status":"closed","ping_status":"closed","sticky":false,"template":"","format":"standard","meta":{"footnotes":""},"categories":[676],"tags":[1090,1194],"class_list":["post-43860","post","type-post","status-publish","format-standard","has-post-thumbnail","hentry","category-spettacolo","tag-frasi-sul-tempo","tag-paolo-crepet"],"yoast_head":"<!-- This site is optimized with the Yoast SEO plugin v25.2 - https:\/\/yoast.com\/wordpress\/plugins\/seo\/ -->\n<title>Una frase di Crepet sul tempo: ti aiuta a smettere di sprecarlo per iniziare a viverlo davvero - Frasicelebri.it<\/title>\n<meta name=\"description\" content=\"Scopri perch\u00e9 Paolo Crepet dice che il problema non \u00e8 quante ore hai, ma il valore che hai smesso di dargli\" \/>\n<meta name=\"robots\" content=\"index, follow, max-snippet:-1, max-image-preview:large, max-video-preview:-1\" \/>\n<link rel=\"canonical\" href=\"https:\/\/www.frasicelebri.it\/news\/una-frase-di-crepet-sul-tempo-ti-aiuta-a-smettere-di-sprecarlo-per-iniziare-a-viverlo\/\" \/>\n<meta property=\"og:locale\" content=\"it_IT\" \/>\n<meta property=\"og:type\" content=\"article\" \/>\n<meta property=\"og:title\" content=\"Una frase di Crepet sul tempo: ti aiuta a smettere di sprecarlo per iniziare a viverlo davvero - Frasicelebri.it\" \/>\n<meta property=\"og:description\" content=\"Scopri perch\u00e9 Paolo Crepet dice che il problema non \u00e8 quante ore hai, ma il valore che hai smesso di dargli\" \/>\n<meta property=\"og:url\" content=\"https:\/\/www.frasicelebri.it\/news\/una-frase-di-crepet-sul-tempo-ti-aiuta-a-smettere-di-sprecarlo-per-iniziare-a-viverlo\/\" \/>\n<meta property=\"og:site_name\" content=\"Frasicelebri.it\" \/>\n<meta property=\"article:published_time\" content=\"2026-03-15T13:40:38+00:00\" \/>\n<meta property=\"og:image\" content=\"https:\/\/i0.wp.com\/www.frasicelebri.it\/news\/wp-content\/uploads\/2026\/03\/img-frase-crepet-tempo-2026.jpg?fit=1200%2C675&ssl=1\" \/>\n\t<meta property=\"og:image:width\" content=\"1200\" \/>\n\t<meta property=\"og:image:height\" content=\"675\" \/>\n\t<meta property=\"og:image:type\" content=\"image\/jpeg\" \/>\n<meta name=\"author\" content=\"Romina Cardia\" \/>\n<meta name=\"twitter:card\" content=\"summary_large_image\" \/>\n<meta name=\"twitter:label1\" content=\"Scritto da\" \/>\n\t<meta name=\"twitter:data1\" content=\"Romina Cardia\" \/>\n\t<meta name=\"twitter:label2\" content=\"Tempo di lettura stimato\" \/>\n\t<meta name=\"twitter:data2\" content=\"8 minuti\" \/>\n<script type=\"application\/ld+json\" class=\"yoast-schema-graph\">{\"@context\":\"https:\/\/schema.org\",\"@graph\":[{\"@type\":\"Article\",\"@id\":\"https:\/\/www.frasicelebri.it\/news\/una-frase-di-crepet-sul-tempo-ti-aiuta-a-smettere-di-sprecarlo-per-iniziare-a-viverlo\/#article\",\"isPartOf\":{\"@id\":\"https:\/\/www.frasicelebri.it\/news\/una-frase-di-crepet-sul-tempo-ti-aiuta-a-smettere-di-sprecarlo-per-iniziare-a-viverlo\/\"},\"author\":{\"name\":\"Romina Cardia\",\"@id\":\"https:\/\/www.frasicelebri.it\/news\/#\/schema\/person\/712303166008dc510236daeaf8087292\"},\"headline\":\"Una frase di Crepet sul tempo: ti aiuta a smettere di sprecarlo per iniziare a viverlo davvero\",\"datePublished\":\"2026-03-15T13:40:38+00:00\",\"mainEntityOfPage\":{\"@id\":\"https:\/\/www.frasicelebri.it\/news\/una-frase-di-crepet-sul-tempo-ti-aiuta-a-smettere-di-sprecarlo-per-iniziare-a-viverlo\/\"},\"wordCount\":1289,\"publisher\":{\"@id\":\"https:\/\/www.frasicelebri.it\/news\/#organization\"},\"image\":{\"@id\":\"https:\/\/www.frasicelebri.it\/news\/una-frase-di-crepet-sul-tempo-ti-aiuta-a-smettere-di-sprecarlo-per-iniziare-a-viverlo\/#primaryimage\"},\"thumbnailUrl\":\"https:\/\/i0.wp.com\/www.frasicelebri.it\/news\/wp-content\/uploads\/2026\/03\/img-frase-crepet-tempo-2026.jpg?fit=1200%2C675&ssl=1\",\"keywords\":[\"frasi sul tempo\",\"Paolo Crepet\"],\"articleSection\":[\"Spettacolo\"],\"inLanguage\":\"it-IT\"},{\"@type\":\"WebPage\",\"@id\":\"https:\/\/www.frasicelebri.it\/news\/una-frase-di-crepet-sul-tempo-ti-aiuta-a-smettere-di-sprecarlo-per-iniziare-a-viverlo\/\",\"url\":\"https:\/\/www.frasicelebri.it\/news\/una-frase-di-crepet-sul-tempo-ti-aiuta-a-smettere-di-sprecarlo-per-iniziare-a-viverlo\/\",\"name\":\"Una frase di Crepet sul tempo: ti aiuta a smettere di sprecarlo per iniziare a viverlo davvero - Frasicelebri.it\",\"isPartOf\":{\"@id\":\"https:\/\/www.frasicelebri.it\/news\/#website\"},\"primaryImageOfPage\":{\"@id\":\"https:\/\/www.frasicelebri.it\/news\/una-frase-di-crepet-sul-tempo-ti-aiuta-a-smettere-di-sprecarlo-per-iniziare-a-viverlo\/#primaryimage\"},\"image\":{\"@id\":\"https:\/\/www.frasicelebri.it\/news\/una-frase-di-crepet-sul-tempo-ti-aiuta-a-smettere-di-sprecarlo-per-iniziare-a-viverlo\/#primaryimage\"},\"thumbnailUrl\":\"https:\/\/i0.wp.com\/www.frasicelebri.it\/news\/wp-content\/uploads\/2026\/03\/img-frase-crepet-tempo-2026.jpg?fit=1200%2C675&ssl=1\",\"datePublished\":\"2026-03-15T13:40:38+00:00\",\"description\":\"Scopri perch\u00e9 Paolo Crepet dice che il problema non \u00e8 quante ore hai, ma il valore che hai smesso di dargli\",\"breadcrumb\":{\"@id\":\"https:\/\/www.frasicelebri.it\/news\/una-frase-di-crepet-sul-tempo-ti-aiuta-a-smettere-di-sprecarlo-per-iniziare-a-viverlo\/#breadcrumb\"},\"inLanguage\":\"it-IT\",\"potentialAction\":[{\"@type\":\"ReadAction\",\"target\":[\"https:\/\/www.frasicelebri.it\/news\/una-frase-di-crepet-sul-tempo-ti-aiuta-a-smettere-di-sprecarlo-per-iniziare-a-viverlo\/\"]}]},{\"@type\":\"ImageObject\",\"inLanguage\":\"it-IT\",\"@id\":\"https:\/\/www.frasicelebri.it\/news\/una-frase-di-crepet-sul-tempo-ti-aiuta-a-smettere-di-sprecarlo-per-iniziare-a-viverlo\/#primaryimage\",\"url\":\"https:\/\/i0.wp.com\/www.frasicelebri.it\/news\/wp-content\/uploads\/2026\/03\/img-frase-crepet-tempo-2026.jpg?fit=1200%2C675&ssl=1\",\"contentUrl\":\"https:\/\/i0.wp.com\/www.frasicelebri.it\/news\/wp-content\/uploads\/2026\/03\/img-frase-crepet-tempo-2026.jpg?fit=1200%2C675&ssl=1\",\"width\":1200,\"height\":675,\"caption\":\"frase di Crepet sul tempo\"},{\"@type\":\"BreadcrumbList\",\"@id\":\"https:\/\/www.frasicelebri.it\/news\/una-frase-di-crepet-sul-tempo-ti-aiuta-a-smettere-di-sprecarlo-per-iniziare-a-viverlo\/#breadcrumb\",\"itemListElement\":[{\"@type\":\"ListItem\",\"position\":1,\"name\":\"Home\",\"item\":\"https:\/\/www.frasicelebri.it\/news\/\"},{\"@type\":\"ListItem\",\"position\":2,\"name\":\"Una frase di Crepet sul tempo: ti aiuta a smettere di sprecarlo per iniziare a viverlo davvero\"}]},{\"@type\":\"WebSite\",\"@id\":\"https:\/\/www.frasicelebri.it\/news\/#website\",\"url\":\"https:\/\/www.frasicelebri.it\/news\/\",\"name\":\"Frasicelebri.it\",\"description\":\"News Frasicelebri.it\",\"publisher\":{\"@id\":\"https:\/\/www.frasicelebri.it\/news\/#organization\"},\"potentialAction\":[{\"@type\":\"SearchAction\",\"target\":{\"@type\":\"EntryPoint\",\"urlTemplate\":\"https:\/\/www.frasicelebri.it\/news\/?s={search_term_string}\"},\"query-input\":{\"@type\":\"PropertyValueSpecification\",\"valueRequired\":true,\"valueName\":\"search_term_string\"}}],\"inLanguage\":\"it-IT\"},{\"@type\":\"Organization\",\"@id\":\"https:\/\/www.frasicelebri.it\/news\/#organization\",\"name\":\"Frasicelebri.it\",\"url\":\"https:\/\/www.frasicelebri.it\/news\/\",\"logo\":{\"@type\":\"ImageObject\",\"inLanguage\":\"it-IT\",\"@id\":\"https:\/\/www.frasicelebri.it\/news\/#\/schema\/logo\/image\/\",\"url\":\"https:\/\/i0.wp.com\/www.frasicelebri.it\/news\/wp-content\/uploads\/2024\/07\/logo-quadrato-drasicelebri.it_.jpg?fit=696%2C696&ssl=1\",\"contentUrl\":\"https:\/\/i0.wp.com\/www.frasicelebri.it\/news\/wp-content\/uploads\/2024\/07\/logo-quadrato-drasicelebri.it_.jpg?fit=696%2C696&ssl=1\",\"width\":696,\"height\":696,\"caption\":\"Frasicelebri.it\"},\"image\":{\"@id\":\"https:\/\/www.frasicelebri.it\/news\/#\/schema\/logo\/image\/\"}},{\"@type\":\"Person\",\"@id\":\"https:\/\/www.frasicelebri.it\/news\/#\/schema\/person\/712303166008dc510236daeaf8087292\",\"name\":\"Romina Cardia\",\"image\":{\"@type\":\"ImageObject\",\"inLanguage\":\"it-IT\",\"@id\":\"https:\/\/www.frasicelebri.it\/news\/#\/schema\/person\/image\/\",\"url\":\"https:\/\/secure.gravatar.com\/avatar\/7e155e0e5584fd17310efae2dc94f61e?s=96&d=mm&r=g\",\"contentUrl\":\"https:\/\/secure.gravatar.com\/avatar\/7e155e0e5584fd17310efae2dc94f61e?s=96&d=mm&r=g\",\"caption\":\"Romina Cardia\"},\"url\":\"https:\/\/www.frasicelebri.it\/news\/author\/romina\/\"}]}<\/script>\n<!-- \/ Yoast SEO plugin. -->","yoast_head_json":{"title":"Una frase di Crepet sul tempo: ti aiuta a smettere di sprecarlo per iniziare a viverlo davvero - Frasicelebri.it","description":"Scopri perch\u00e9 Paolo Crepet dice che il problema non \u00e8 quante ore hai, ma il valore che hai smesso di dargli","robots":{"index":"index","follow":"follow","max-snippet":"max-snippet:-1","max-image-preview":"max-image-preview:large","max-video-preview":"max-video-preview:-1"},"canonical":"https:\/\/www.frasicelebri.it\/news\/una-frase-di-crepet-sul-tempo-ti-aiuta-a-smettere-di-sprecarlo-per-iniziare-a-viverlo\/","og_locale":"it_IT","og_type":"article","og_title":"Una frase di Crepet sul tempo: ti aiuta a smettere di sprecarlo per iniziare a viverlo davvero - Frasicelebri.it","og_description":"Scopri perch\u00e9 Paolo Crepet dice che il problema non \u00e8 quante ore hai, ma il valore che hai smesso di dargli","og_url":"https:\/\/www.frasicelebri.it\/news\/una-frase-di-crepet-sul-tempo-ti-aiuta-a-smettere-di-sprecarlo-per-iniziare-a-viverlo\/","og_site_name":"Frasicelebri.it","article_published_time":"2026-03-15T13:40:38+00:00","og_image":[{"width":1200,"height":675,"url":"https:\/\/i0.wp.com\/www.frasicelebri.it\/news\/wp-content\/uploads\/2026\/03\/img-frase-crepet-tempo-2026.jpg?fit=1200%2C675&ssl=1","type":"image\/jpeg"}],"author":"Romina Cardia","twitter_card":"summary_large_image","twitter_misc":{"Scritto da":"Romina Cardia","Tempo di lettura stimato":"8 minuti"},"schema":{"@context":"https:\/\/schema.org","@graph":[{"@type":"Article","@id":"https:\/\/www.frasicelebri.it\/news\/una-frase-di-crepet-sul-tempo-ti-aiuta-a-smettere-di-sprecarlo-per-iniziare-a-viverlo\/#article","isPartOf":{"@id":"https:\/\/www.frasicelebri.it\/news\/una-frase-di-crepet-sul-tempo-ti-aiuta-a-smettere-di-sprecarlo-per-iniziare-a-viverlo\/"},"author":{"name":"Romina Cardia","@id":"https:\/\/www.frasicelebri.it\/news\/#\/schema\/person\/712303166008dc510236daeaf8087292"},"headline":"Una frase di Crepet sul tempo: ti aiuta a smettere di sprecarlo per iniziare a viverlo davvero","datePublished":"2026-03-15T13:40:38+00:00","mainEntityOfPage":{"@id":"https:\/\/www.frasicelebri.it\/news\/una-frase-di-crepet-sul-tempo-ti-aiuta-a-smettere-di-sprecarlo-per-iniziare-a-viverlo\/"},"wordCount":1289,"publisher":{"@id":"https:\/\/www.frasicelebri.it\/news\/#organization"},"image":{"@id":"https:\/\/www.frasicelebri.it\/news\/una-frase-di-crepet-sul-tempo-ti-aiuta-a-smettere-di-sprecarlo-per-iniziare-a-viverlo\/#primaryimage"},"thumbnailUrl":"https:\/\/i0.wp.com\/www.frasicelebri.it\/news\/wp-content\/uploads\/2026\/03\/img-frase-crepet-tempo-2026.jpg?fit=1200%2C675&ssl=1","keywords":["frasi sul tempo","Paolo Crepet"],"articleSection":["Spettacolo"],"inLanguage":"it-IT"},{"@type":"WebPage","@id":"https:\/\/www.frasicelebri.it\/news\/una-frase-di-crepet-sul-tempo-ti-aiuta-a-smettere-di-sprecarlo-per-iniziare-a-viverlo\/","url":"https:\/\/www.frasicelebri.it\/news\/una-frase-di-crepet-sul-tempo-ti-aiuta-a-smettere-di-sprecarlo-per-iniziare-a-viverlo\/","name":"Una frase di Crepet sul tempo: ti aiuta a smettere di sprecarlo per iniziare a viverlo davvero - Frasicelebri.it","isPartOf":{"@id":"https:\/\/www.frasicelebri.it\/news\/#website"},"primaryImageOfPage":{"@id":"https:\/\/www.frasicelebri.it\/news\/una-frase-di-crepet-sul-tempo-ti-aiuta-a-smettere-di-sprecarlo-per-iniziare-a-viverlo\/#primaryimage"},"image":{"@id":"https:\/\/www.frasicelebri.it\/news\/una-frase-di-crepet-sul-tempo-ti-aiuta-a-smettere-di-sprecarlo-per-iniziare-a-viverlo\/#primaryimage"},"thumbnailUrl":"https:\/\/i0.wp.com\/www.frasicelebri.it\/news\/wp-content\/uploads\/2026\/03\/img-frase-crepet-tempo-2026.jpg?fit=1200%2C675&ssl=1","datePublished":"2026-03-15T13:40:38+00:00","description":"Scopri perch\u00e9 Paolo Crepet dice che il problema non \u00e8 quante ore hai, ma il valore che hai smesso di dargli","breadcrumb":{"@id":"https:\/\/www.frasicelebri.it\/news\/una-frase-di-crepet-sul-tempo-ti-aiuta-a-smettere-di-sprecarlo-per-iniziare-a-viverlo\/#breadcrumb"},"inLanguage":"it-IT","potentialAction":[{"@type":"ReadAction","target":["https:\/\/www.frasicelebri.it\/news\/una-frase-di-crepet-sul-tempo-ti-aiuta-a-smettere-di-sprecarlo-per-iniziare-a-viverlo\/"]}]},{"@type":"ImageObject","inLanguage":"it-IT","@id":"https:\/\/www.frasicelebri.it\/news\/una-frase-di-crepet-sul-tempo-ti-aiuta-a-smettere-di-sprecarlo-per-iniziare-a-viverlo\/#primaryimage","url":"https:\/\/i0.wp.com\/www.frasicelebri.it\/news\/wp-content\/uploads\/2026\/03\/img-frase-crepet-tempo-2026.jpg?fit=1200%2C675&ssl=1","contentUrl":"https:\/\/i0.wp.com\/www.frasicelebri.it\/news\/wp-content\/uploads\/2026\/03\/img-frase-crepet-tempo-2026.jpg?fit=1200%2C675&ssl=1","width":1200,"height":675,"caption":"frase di Crepet sul tempo"},{"@type":"BreadcrumbList","@id":"https:\/\/www.frasicelebri.it\/news\/una-frase-di-crepet-sul-tempo-ti-aiuta-a-smettere-di-sprecarlo-per-iniziare-a-viverlo\/#breadcrumb","itemListElement":[{"@type":"ListItem","position":1,"name":"Home","item":"https:\/\/www.frasicelebri.it\/news\/"},{"@type":"ListItem","position":2,"name":"Una frase di Crepet sul tempo: ti aiuta a smettere di sprecarlo per iniziare a viverlo davvero"}]},{"@type":"WebSite","@id":"https:\/\/www.frasicelebri.it\/news\/#website","url":"https:\/\/www.frasicelebri.it\/news\/","name":"Frasicelebri.it","description":"News Frasicelebri.it","publisher":{"@id":"https:\/\/www.frasicelebri.it\/news\/#organization"},"potentialAction":[{"@type":"SearchAction","target":{"@type":"EntryPoint","urlTemplate":"https:\/\/www.frasicelebri.it\/news\/?s={search_term_string}"},"query-input":{"@type":"PropertyValueSpecification","valueRequired":true,"valueName":"search_term_string"}}],"inLanguage":"it-IT"},{"@type":"Organization","@id":"https:\/\/www.frasicelebri.it\/news\/#organization","name":"Frasicelebri.it","url":"https:\/\/www.frasicelebri.it\/news\/","logo":{"@type":"ImageObject","inLanguage":"it-IT","@id":"https:\/\/www.frasicelebri.it\/news\/#\/schema\/logo\/image\/","url":"https:\/\/i0.wp.com\/www.frasicelebri.it\/news\/wp-content\/uploads\/2024\/07\/logo-quadrato-drasicelebri.it_.jpg?fit=696%2C696&ssl=1","contentUrl":"https:\/\/i0.wp.com\/www.frasicelebri.it\/news\/wp-content\/uploads\/2024\/07\/logo-quadrato-drasicelebri.it_.jpg?fit=696%2C696&ssl=1","width":696,"height":696,"caption":"Frasicelebri.it"},"image":{"@id":"https:\/\/www.frasicelebri.it\/news\/#\/schema\/logo\/image\/"}},{"@type":"Person","@id":"https:\/\/www.frasicelebri.it\/news\/#\/schema\/person\/712303166008dc510236daeaf8087292","name":"Romina Cardia","image":{"@type":"ImageObject","inLanguage":"it-IT","@id":"https:\/\/www.frasicelebri.it\/news\/#\/schema\/person\/image\/","url":"https:\/\/secure.gravatar.com\/avatar\/7e155e0e5584fd17310efae2dc94f61e?s=96&d=mm&r=g","contentUrl":"https:\/\/secure.gravatar.com\/avatar\/7e155e0e5584fd17310efae2dc94f61e?s=96&d=mm&r=g","caption":"Romina Cardia"},"url":"https:\/\/www.frasicelebri.it\/news\/author\/romina\/"}]}},"_links":{"self":[{"href":"https:\/\/www.frasicelebri.it\/news\/wp-json\/wp\/v2\/posts\/43860","targetHints":{"allow":["GET"]}}],"collection":[{"href":"https:\/\/www.frasicelebri.it\/news\/wp-json\/wp\/v2\/posts"}],"about":[{"href":"https:\/\/www.frasicelebri.it\/news\/wp-json\/wp\/v2\/types\/post"}],"author":[{"embeddable":true,"href":"https:\/\/www.frasicelebri.it\/news\/wp-json\/wp\/v2\/users\/12"}],"replies":[{"embeddable":true,"href":"https:\/\/www.frasicelebri.it\/news\/wp-json\/wp\/v2\/comments?post=43860"}],"version-history":[{"count":1,"href":"https:\/\/www.frasicelebri.it\/news\/wp-json\/wp\/v2\/posts\/43860\/revisions"}],"predecessor-version":[{"id":43862,"href":"https:\/\/www.frasicelebri.it\/news\/wp-json\/wp\/v2\/posts\/43860\/revisions\/43862"}],"wp:featuredmedia":[{"embeddable":true,"href":"https:\/\/www.frasicelebri.it\/news\/wp-json\/wp\/v2\/media\/43861"}],"wp:attachment":[{"href":"https:\/\/www.frasicelebri.it\/news\/wp-json\/wp\/v2\/media?parent=43860"}],"wp:term":[{"taxonomy":"category","embeddable":true,"href":"https:\/\/www.frasicelebri.it\/news\/wp-json\/wp\/v2\/categories?post=43860"},{"taxonomy":"post_tag","embeddable":true,"href":"https:\/\/www.frasicelebri.it\/news\/wp-json\/wp\/v2\/tags?post=43860"}],"curies":[{"name":"wp","href":"https:\/\/api.w.org\/{rel}","templated":true}]}}