{"id":44749,"date":"2026-04-26T08:40:19","date_gmt":"2026-04-26T06:40:19","guid":{"rendered":"https:\/\/www.frasicelebri.it\/news\/?p=44749"},"modified":"2026-04-24T09:51:57","modified_gmt":"2026-04-24T07:51:57","slug":"siamo-fatti-di-ricordi-se-non-coltivi-muori-due-volte-roberto-vecchioni","status":"publish","type":"post","link":"https:\/\/www.frasicelebri.it\/news\/siamo-fatti-di-ricordi-se-non-coltivi-muori-due-volte-roberto-vecchioni\/","title":{"rendered":"Siamo fatti di ricordi e se non li coltivi muori due volte: Roberto Vecchioni lo spiega in una frase sola"},"content":{"rendered":"<p><strong>Hai mai pensato di essere fatto di ricordi?<\/strong> E, se ci hai pensato, ti \u00e8 mai passato per la mente cosa potrebbe accadere se smetti di coltivarli, proprio come quando dimentichi di annaffiare le piante? Partendo da una frase di <strong>Roberto Vecchioni<\/strong>, tra immagini che riaffiorano all\u2019improvviso, identit\u00e0 che si incrinano e un pizzico di ironia sulla nostra corsa continua verso il futuro, in questo articolo troverai un cartello di stop provvisorio che ti invita a fermarti per guardarti dentro. Forse il rischio pi\u00f9 grande non \u00e8 dimenticare ci\u00f2 che siamo stati, ma <strong>smettere di riconoscerci in ci\u00f2 che siamo diventati.<\/strong><\/p>\n<p><img data-recalc-dims=\"1\" loading=\"lazy\" decoding=\"async\" class=\"alignnone size-full wp-image-44756\" src=\"https:\/\/i0.wp.com\/www.frasicelebri.it\/news\/wp-content\/uploads\/2026\/04\/img-roberto-vecchioni-rase-ricordi-2026.jpg?resize=1200%2C675&#038;ssl=1\" alt=\"Siamo fatti di ricordi\" width=\"1200\" height=\"675\" srcset=\"https:\/\/i0.wp.com\/www.frasicelebri.it\/news\/wp-content\/uploads\/2026\/04\/img-roberto-vecchioni-rase-ricordi-2026.jpg?w=1200&amp;ssl=1 1200w, https:\/\/i0.wp.com\/www.frasicelebri.it\/news\/wp-content\/uploads\/2026\/04\/img-roberto-vecchioni-rase-ricordi-2026.jpg?resize=300%2C169&amp;ssl=1 300w, https:\/\/i0.wp.com\/www.frasicelebri.it\/news\/wp-content\/uploads\/2026\/04\/img-roberto-vecchioni-rase-ricordi-2026.jpg?resize=150%2C84&amp;ssl=1 150w, https:\/\/i0.wp.com\/www.frasicelebri.it\/news\/wp-content\/uploads\/2026\/04\/img-roberto-vecchioni-rase-ricordi-2026.jpg?resize=768%2C432&amp;ssl=1 768w\" sizes=\"auto, (max-width: 1200px) 100vw, 1200px\" \/><\/p>\n<h2>I ricordi sono la nostra materia invisibile<\/h2>\n<blockquote><p><em>\u201cSiamo fatti di ricordi. E se non li coltivi, muori due volte.\u201d<\/em><\/p><\/blockquote>\n<p>Questa \u00e8, sicuramente, un&#8217;affermazione molto forte e anche convincente di <a href=\"https:\/\/www.frasicelebri.it\/news\/frasi-di-roberto-vecchioni-sulla-vita\/\" target=\"_blank\" rel=\"noopener\">Roberto Vecchioni<\/a>. A leggerla bene, in questa frase non c\u2019\u00e8 solo poesia, ma quasi una diagnosi dell\u2019anima umana.<\/p>\n<p>Dire che l\u2019essere umano \u00e8 fatto di ricordi significa riconoscere che il presente, da solo, non basta a definirlo. Anche nella routine quotidiana (quella in cui si prende il caff\u00e8 \u201cal volo\u201d), <strong>ogni persona \u00e8 un intreccio di ci\u00f2 che \u00e8 stata<\/strong>: voci che riaffiorano, promesse dimenticate che tornano nei momenti meno opportuni, immagini che riemergono quando meno ci si aspetta. Ma cosa accadrebbe se tutto questo venisse cancellato? Se la memoria si spegnesse, resterebbe la stessa identit\u00e0 o qualcuno di diverso?<\/p>\n<p><strong>Ogni gesto quotidiano \u00e8 attraversato da una<\/strong> <strong>memoria invisibile<\/strong>. Anche quando si crede di vivere solo nel presente, si continua a rispondere a ci\u00f2 che si \u00e8 vissuto. Il modo in cui si ama, si teme, si sceglie, non nasce mai da zero. <strong>Un odore<\/strong> pu\u00f2 riportare indietro di anni in un secondo, <strong>una voce<\/strong> pu\u00f2 riaprire ci\u00f2 che si pensava chiuso, <strong>un luogo<\/strong> pu\u00f2 trasformarsi in una scorciatoia nel <a href=\"https:\/\/www.frasicelebri.it\/news\/frasi-di-roberto-vecchioni-sul-tempo\/\" target=\"_blank\" rel=\"noopener\">tempo<\/a>. La vita, cos\u00ec, non \u00e8 mai solo ci\u00f2 che accade, ma anche ci\u00f2 che continua ad agire dentro. E davvero si pu\u00f2 pensare di essere liberi dal proprio passato?<\/p>\n<p>Non tutti i ricordi restano uguali. Alcuni si coltivano e diventano parte di noi, altri si affievoliscono fino a perdersi. \u00c8 qui che la frase di Vecchioni diventa definitiva: <strong>non basta essere vivi per essere interi.<\/strong><\/p>\n<h3>Quando il tempo smette di ricordare noi?<\/h3>\n<p>Vecchioni si spinge pi\u00f9 in l\u00e0, mostrando una verit\u00e0 pi\u00f9 dura e meno poetica: <strong>se i ricordi non vengono coltivati, si muore due volte<\/strong>. La prima \u00e8 biologica, inevitabile. La seconda \u00e8 pi\u00f9 sottile: non cancella il corpo, ma il filo che lega ci\u00f2 che si \u00e8 stati a ci\u00f2 che si \u00e8.<\/p>\n<p>Il punto non \u00e8 solo cosa si dimentica, ma<strong> come si seleziona ci\u00f2 che resta<\/strong>. La memoria non \u00e8 un archivio affidabile: \u00e8 un algoritmo un po\u2019 creativo e parecchio indulgente con l\u2019ego. Trattiene le figuracce con precisione impeccabile (quelle non si cancellano mai), mentre smussa gli episodi importanti come fossero dettagli noiosi. Cos\u00ec <strong>il passato diventa una versione \u201cmigliorata\u201d di s\u00e9<\/strong>, dove anche gli errori, col tempo, suonano come lezioni eleganti.<\/p>\n<p>E infatti <strong>i ricordi si riscrivono<\/strong>. Nelle storie tra amici, una caduta diventa \u201cun momento di consapevolezza\u201d, una scelta improvvisata diventa \u201cintuizione geniale\u201d. Nessuno, nella propria autobiografia orale \u00e8 mai stato davvero ridicolo: solo \u201cumano e in crescita\u201d.<\/p>\n<p>Il problema \u00e8 che questa versione levigata rischia di sostituire quella reale. E <strong>quando il passato diventa troppo perfetto, smette di fare da radice<\/strong>. E allora bisogna chiedersi quanto si \u00e8 disposti a ricordare senza trucco.<\/p>\n<h3>Come imparare a coltivare ci\u00f2 che resta?<\/h3>\n<p>Coltivare i ricordi non significa restare prigionieri del passato, ma scegliere di non ridurlo al silenzio. <strong>Un ricordo non coltivato non sparisce davvero, si ritira<\/strong>. E ci\u00f2 che si ritira, col tempo, smette anche di influenzare chi si \u00e8 oggi.<\/p>\n<p>In una societ\u00e0 che corre avanti come se guardarsi indietro fosse una perdita di tempo, ricordare diventa quasi un gesto controcorrente. Non per nostalgia, ovviamente. Chi vorrebbe ricordare le brutte figure? Pi\u00f9 che altro per <strong>non smettere di essere se stessi<\/strong>, la versione completa di s\u00e9 fatta di risate, amici, famiglia, studio, fatica, del primo amore che il <a href=\"https:\/\/www.frasicelebri.it\/news\/la-straziante-e-confortante-frase-di-vecchioni-sul-destino\/\" target=\"_blank\" rel=\"noopener\">destino<\/a> ti ha fatto incontrare, ma anche da tutte quelle volte in cui un gradino ti ha fatto inciampare davanti a tutti.<\/p>\n<p data-start=\"516\" data-end=\"814\">Eppure, se ci pensi, <strong>non \u00e8 mai la linearit\u00e0 a dire chi sei davvero<\/strong>. Sono gli scarti, le deviazioni, le cose che non hai ancora capito di noi a tenerti intero. \u00c8 l\u00ec che la vita smette di essere solo una narrazione.<\/p>\n<p data-start=\"816\" data-end=\"1079\">Forse non si dovrebbe fare pulizia troppo in fretta, ma restare un po\u2019 dentro quel disordine che ci appartiene. Non trasformare i ricordi in una versione pi\u00f9 comoda da raccontare, pu\u00f2 evitarci quella seconda morte.<\/p>\n<p><strong>Leggi anche:<\/strong> <a href=\"https:\/\/www.frasicelebri.it\/news\/la-frase-di-vecchioni-sul-tempo\/\" target=\"_blank\" rel=\"noopener\">La frase di Vecchioni sul tempo che in una riga ti convince a smettere di rimandare e iniziare a vivere adesso<\/a><\/p>\n","protected":false},"excerpt":{"rendered":"<p>Hai mai pensato di essere fatto di ricordi? E, se ci hai pensato, ti \u00e8 mai passato per la mente cosa potrebbe accadere se smetti &#8230; <a title=\"Siamo fatti di ricordi e se non li coltivi muori due volte: Roberto Vecchioni lo spiega in una frase sola\" class=\"read-more\" href=\"https:\/\/www.frasicelebri.it\/news\/siamo-fatti-di-ricordi-se-non-coltivi-muori-due-volte-roberto-vecchioni\/\" aria-label=\"More on Siamo fatti di ricordi e se non li coltivi muori due volte: Roberto Vecchioni lo spiega in una frase sola\">Leggi tutto<\/a><\/p>\n","protected":false},"author":14,"featured_media":44756,"comment_status":"closed","ping_status":"closed","sticky":false,"template":"","format":"standard","meta":{"footnotes":""},"categories":[42],"tags":[1221,1281],"class_list":["post-44749","post","type-post","status-publish","format-standard","has-post-thumbnail","hentry","category-lifestyle","tag-frasi-sui-ricordi","tag-roberto-vecchioni"],"yoast_head":"<!-- This site is optimized with the Yoast SEO plugin v25.2 - https:\/\/yoast.com\/wordpress\/plugins\/seo\/ -->\n<title>Siamo fatti di ricordi e se non li coltivi muori due volte: Roberto Vecchioni lo spiega in una frase sola - Frasicelebri.it<\/title>\n<meta name=\"description\" content=\"Scopri cosa dice Vecchioni sui ricordi e come senza coltivarli rischiamo di perderci due volte: nel passato e nella nostra identit\u00e0\" \/>\n<meta name=\"robots\" content=\"index, follow, max-snippet:-1, max-image-preview:large, max-video-preview:-1\" \/>\n<link rel=\"canonical\" href=\"https:\/\/www.frasicelebri.it\/news\/siamo-fatti-di-ricordi-se-non-coltivi-muori-due-volte-roberto-vecchioni\/\" \/>\n<meta property=\"og:locale\" content=\"it_IT\" \/>\n<meta property=\"og:type\" content=\"article\" \/>\n<meta property=\"og:title\" content=\"Siamo fatti di ricordi e se non li coltivi muori due volte: Roberto Vecchioni lo spiega in una frase sola - Frasicelebri.it\" \/>\n<meta property=\"og:description\" content=\"Scopri cosa dice Vecchioni sui ricordi e come senza coltivarli rischiamo di perderci due volte: nel passato e nella nostra identit\u00e0\" \/>\n<meta property=\"og:url\" content=\"https:\/\/www.frasicelebri.it\/news\/siamo-fatti-di-ricordi-se-non-coltivi-muori-due-volte-roberto-vecchioni\/\" \/>\n<meta property=\"og:site_name\" content=\"Frasicelebri.it\" \/>\n<meta property=\"article:published_time\" content=\"2026-04-26T06:40:19+00:00\" \/>\n<meta property=\"og:image\" content=\"https:\/\/i0.wp.com\/www.frasicelebri.it\/news\/wp-content\/uploads\/2026\/04\/img-roberto-vecchioni-rase-ricordi-2026.jpg?fit=1200%2C675&ssl=1\" \/>\n\t<meta property=\"og:image:width\" content=\"1200\" \/>\n\t<meta property=\"og:image:height\" content=\"675\" \/>\n\t<meta property=\"og:image:type\" content=\"image\/jpeg\" \/>\n<meta name=\"author\" content=\"Sara Bellanza\" \/>\n<meta name=\"twitter:card\" content=\"summary_large_image\" \/>\n<meta name=\"twitter:label1\" content=\"Scritto da\" \/>\n\t<meta name=\"twitter:data1\" content=\"Sara Bellanza\" \/>\n\t<meta name=\"twitter:label2\" content=\"Tempo di lettura stimato\" \/>\n\t<meta name=\"twitter:data2\" content=\"5 minuti\" \/>\n<script type=\"application\/ld+json\" class=\"yoast-schema-graph\">{\"@context\":\"https:\/\/schema.org\",\"@graph\":[{\"@type\":\"Article\",\"@id\":\"https:\/\/www.frasicelebri.it\/news\/siamo-fatti-di-ricordi-se-non-coltivi-muori-due-volte-roberto-vecchioni\/#article\",\"isPartOf\":{\"@id\":\"https:\/\/www.frasicelebri.it\/news\/siamo-fatti-di-ricordi-se-non-coltivi-muori-due-volte-roberto-vecchioni\/\"},\"author\":{\"name\":\"Sara Bellanza\",\"@id\":\"https:\/\/www.frasicelebri.it\/news\/#\/schema\/person\/87eed277b0405441e405668e9452c547\"},\"headline\":\"Siamo fatti di ricordi e se non li coltivi muori due volte: Roberto Vecchioni lo spiega in una frase sola\",\"datePublished\":\"2026-04-26T06:40:19+00:00\",\"mainEntityOfPage\":{\"@id\":\"https:\/\/www.frasicelebri.it\/news\/siamo-fatti-di-ricordi-se-non-coltivi-muori-due-volte-roberto-vecchioni\/\"},\"wordCount\":801,\"publisher\":{\"@id\":\"https:\/\/www.frasicelebri.it\/news\/#organization\"},\"image\":{\"@id\":\"https:\/\/www.frasicelebri.it\/news\/siamo-fatti-di-ricordi-se-non-coltivi-muori-due-volte-roberto-vecchioni\/#primaryimage\"},\"thumbnailUrl\":\"https:\/\/i0.wp.com\/www.frasicelebri.it\/news\/wp-content\/uploads\/2026\/04\/img-roberto-vecchioni-rase-ricordi-2026.jpg?fit=1200%2C675&ssl=1\",\"keywords\":[\"frasi sui ricordi\",\"Roberto Vecchioni\"],\"articleSection\":[\"LifeStyle\"],\"inLanguage\":\"it-IT\"},{\"@type\":\"WebPage\",\"@id\":\"https:\/\/www.frasicelebri.it\/news\/siamo-fatti-di-ricordi-se-non-coltivi-muori-due-volte-roberto-vecchioni\/\",\"url\":\"https:\/\/www.frasicelebri.it\/news\/siamo-fatti-di-ricordi-se-non-coltivi-muori-due-volte-roberto-vecchioni\/\",\"name\":\"Siamo fatti di ricordi e se non li coltivi muori due volte: Roberto Vecchioni lo spiega in una frase sola - Frasicelebri.it\",\"isPartOf\":{\"@id\":\"https:\/\/www.frasicelebri.it\/news\/#website\"},\"primaryImageOfPage\":{\"@id\":\"https:\/\/www.frasicelebri.it\/news\/siamo-fatti-di-ricordi-se-non-coltivi-muori-due-volte-roberto-vecchioni\/#primaryimage\"},\"image\":{\"@id\":\"https:\/\/www.frasicelebri.it\/news\/siamo-fatti-di-ricordi-se-non-coltivi-muori-due-volte-roberto-vecchioni\/#primaryimage\"},\"thumbnailUrl\":\"https:\/\/i0.wp.com\/www.frasicelebri.it\/news\/wp-content\/uploads\/2026\/04\/img-roberto-vecchioni-rase-ricordi-2026.jpg?fit=1200%2C675&ssl=1\",\"datePublished\":\"2026-04-26T06:40:19+00:00\",\"description\":\"Scopri cosa dice Vecchioni sui ricordi e come senza coltivarli rischiamo di perderci due volte: nel passato e nella nostra identit\u00e0\",\"breadcrumb\":{\"@id\":\"https:\/\/www.frasicelebri.it\/news\/siamo-fatti-di-ricordi-se-non-coltivi-muori-due-volte-roberto-vecchioni\/#breadcrumb\"},\"inLanguage\":\"it-IT\",\"potentialAction\":[{\"@type\":\"ReadAction\",\"target\":[\"https:\/\/www.frasicelebri.it\/news\/siamo-fatti-di-ricordi-se-non-coltivi-muori-due-volte-roberto-vecchioni\/\"]}]},{\"@type\":\"ImageObject\",\"inLanguage\":\"it-IT\",\"@id\":\"https:\/\/www.frasicelebri.it\/news\/siamo-fatti-di-ricordi-se-non-coltivi-muori-due-volte-roberto-vecchioni\/#primaryimage\",\"url\":\"https:\/\/i0.wp.com\/www.frasicelebri.it\/news\/wp-content\/uploads\/2026\/04\/img-roberto-vecchioni-rase-ricordi-2026.jpg?fit=1200%2C675&ssl=1\",\"contentUrl\":\"https:\/\/i0.wp.com\/www.frasicelebri.it\/news\/wp-content\/uploads\/2026\/04\/img-roberto-vecchioni-rase-ricordi-2026.jpg?fit=1200%2C675&ssl=1\",\"width\":1200,\"height\":675,\"caption\":\"Siamo fatti di ricordi\"},{\"@type\":\"BreadcrumbList\",\"@id\":\"https:\/\/www.frasicelebri.it\/news\/siamo-fatti-di-ricordi-se-non-coltivi-muori-due-volte-roberto-vecchioni\/#breadcrumb\",\"itemListElement\":[{\"@type\":\"ListItem\",\"position\":1,\"name\":\"Home\",\"item\":\"https:\/\/www.frasicelebri.it\/news\/\"},{\"@type\":\"ListItem\",\"position\":2,\"name\":\"Siamo fatti di ricordi e se non li coltivi muori due volte: Roberto Vecchioni lo spiega in una frase sola\"}]},{\"@type\":\"WebSite\",\"@id\":\"https:\/\/www.frasicelebri.it\/news\/#website\",\"url\":\"https:\/\/www.frasicelebri.it\/news\/\",\"name\":\"Frasicelebri.it\",\"description\":\"News Frasicelebri.it\",\"publisher\":{\"@id\":\"https:\/\/www.frasicelebri.it\/news\/#organization\"},\"potentialAction\":[{\"@type\":\"SearchAction\",\"target\":{\"@type\":\"EntryPoint\",\"urlTemplate\":\"https:\/\/www.frasicelebri.it\/news\/?s={search_term_string}\"},\"query-input\":{\"@type\":\"PropertyValueSpecification\",\"valueRequired\":true,\"valueName\":\"search_term_string\"}}],\"inLanguage\":\"it-IT\"},{\"@type\":\"Organization\",\"@id\":\"https:\/\/www.frasicelebri.it\/news\/#organization\",\"name\":\"Frasicelebri.it\",\"url\":\"https:\/\/www.frasicelebri.it\/news\/\",\"logo\":{\"@type\":\"ImageObject\",\"inLanguage\":\"it-IT\",\"@id\":\"https:\/\/www.frasicelebri.it\/news\/#\/schema\/logo\/image\/\",\"url\":\"https:\/\/i0.wp.com\/www.frasicelebri.it\/news\/wp-content\/uploads\/2024\/07\/logo-quadrato-drasicelebri.it_.jpg?fit=696%2C696&ssl=1\",\"contentUrl\":\"https:\/\/i0.wp.com\/www.frasicelebri.it\/news\/wp-content\/uploads\/2024\/07\/logo-quadrato-drasicelebri.it_.jpg?fit=696%2C696&ssl=1\",\"width\":696,\"height\":696,\"caption\":\"Frasicelebri.it\"},\"image\":{\"@id\":\"https:\/\/www.frasicelebri.it\/news\/#\/schema\/logo\/image\/\"}},{\"@type\":\"Person\",\"@id\":\"https:\/\/www.frasicelebri.it\/news\/#\/schema\/person\/87eed277b0405441e405668e9452c547\",\"name\":\"Sara Bellanza\",\"image\":{\"@type\":\"ImageObject\",\"inLanguage\":\"it-IT\",\"@id\":\"https:\/\/www.frasicelebri.it\/news\/#\/schema\/person\/image\/\",\"url\":\"https:\/\/secure.gravatar.com\/avatar\/09a3eae84da984b800b521a167211390?s=96&d=mm&r=g\",\"contentUrl\":\"https:\/\/secure.gravatar.com\/avatar\/09a3eae84da984b800b521a167211390?s=96&d=mm&r=g\",\"caption\":\"Sara Bellanza\"},\"url\":\"https:\/\/www.frasicelebri.it\/news\/author\/sara\/\"}]}<\/script>\n<!-- \/ Yoast SEO plugin. -->","yoast_head_json":{"title":"Siamo fatti di ricordi e se non li coltivi muori due volte: Roberto Vecchioni lo spiega in una frase sola - Frasicelebri.it","description":"Scopri cosa dice Vecchioni sui ricordi e come senza coltivarli rischiamo di perderci due volte: nel passato e nella nostra identit\u00e0","robots":{"index":"index","follow":"follow","max-snippet":"max-snippet:-1","max-image-preview":"max-image-preview:large","max-video-preview":"max-video-preview:-1"},"canonical":"https:\/\/www.frasicelebri.it\/news\/siamo-fatti-di-ricordi-se-non-coltivi-muori-due-volte-roberto-vecchioni\/","og_locale":"it_IT","og_type":"article","og_title":"Siamo fatti di ricordi e se non li coltivi muori due volte: Roberto Vecchioni lo spiega in una frase sola - Frasicelebri.it","og_description":"Scopri cosa dice Vecchioni sui ricordi e come senza coltivarli rischiamo di perderci due volte: nel passato e nella nostra identit\u00e0","og_url":"https:\/\/www.frasicelebri.it\/news\/siamo-fatti-di-ricordi-se-non-coltivi-muori-due-volte-roberto-vecchioni\/","og_site_name":"Frasicelebri.it","article_published_time":"2026-04-26T06:40:19+00:00","og_image":[{"width":1200,"height":675,"url":"https:\/\/i0.wp.com\/www.frasicelebri.it\/news\/wp-content\/uploads\/2026\/04\/img-roberto-vecchioni-rase-ricordi-2026.jpg?fit=1200%2C675&ssl=1","type":"image\/jpeg"}],"author":"Sara Bellanza","twitter_card":"summary_large_image","twitter_misc":{"Scritto da":"Sara Bellanza","Tempo di lettura stimato":"5 minuti"},"schema":{"@context":"https:\/\/schema.org","@graph":[{"@type":"Article","@id":"https:\/\/www.frasicelebri.it\/news\/siamo-fatti-di-ricordi-se-non-coltivi-muori-due-volte-roberto-vecchioni\/#article","isPartOf":{"@id":"https:\/\/www.frasicelebri.it\/news\/siamo-fatti-di-ricordi-se-non-coltivi-muori-due-volte-roberto-vecchioni\/"},"author":{"name":"Sara Bellanza","@id":"https:\/\/www.frasicelebri.it\/news\/#\/schema\/person\/87eed277b0405441e405668e9452c547"},"headline":"Siamo fatti di ricordi e se non li coltivi muori due volte: Roberto Vecchioni lo spiega in una frase sola","datePublished":"2026-04-26T06:40:19+00:00","mainEntityOfPage":{"@id":"https:\/\/www.frasicelebri.it\/news\/siamo-fatti-di-ricordi-se-non-coltivi-muori-due-volte-roberto-vecchioni\/"},"wordCount":801,"publisher":{"@id":"https:\/\/www.frasicelebri.it\/news\/#organization"},"image":{"@id":"https:\/\/www.frasicelebri.it\/news\/siamo-fatti-di-ricordi-se-non-coltivi-muori-due-volte-roberto-vecchioni\/#primaryimage"},"thumbnailUrl":"https:\/\/i0.wp.com\/www.frasicelebri.it\/news\/wp-content\/uploads\/2026\/04\/img-roberto-vecchioni-rase-ricordi-2026.jpg?fit=1200%2C675&ssl=1","keywords":["frasi sui ricordi","Roberto Vecchioni"],"articleSection":["LifeStyle"],"inLanguage":"it-IT"},{"@type":"WebPage","@id":"https:\/\/www.frasicelebri.it\/news\/siamo-fatti-di-ricordi-se-non-coltivi-muori-due-volte-roberto-vecchioni\/","url":"https:\/\/www.frasicelebri.it\/news\/siamo-fatti-di-ricordi-se-non-coltivi-muori-due-volte-roberto-vecchioni\/","name":"Siamo fatti di ricordi e se non li coltivi muori due volte: Roberto Vecchioni lo spiega in una frase sola - Frasicelebri.it","isPartOf":{"@id":"https:\/\/www.frasicelebri.it\/news\/#website"},"primaryImageOfPage":{"@id":"https:\/\/www.frasicelebri.it\/news\/siamo-fatti-di-ricordi-se-non-coltivi-muori-due-volte-roberto-vecchioni\/#primaryimage"},"image":{"@id":"https:\/\/www.frasicelebri.it\/news\/siamo-fatti-di-ricordi-se-non-coltivi-muori-due-volte-roberto-vecchioni\/#primaryimage"},"thumbnailUrl":"https:\/\/i0.wp.com\/www.frasicelebri.it\/news\/wp-content\/uploads\/2026\/04\/img-roberto-vecchioni-rase-ricordi-2026.jpg?fit=1200%2C675&ssl=1","datePublished":"2026-04-26T06:40:19+00:00","description":"Scopri cosa dice Vecchioni sui ricordi e come senza coltivarli rischiamo di perderci due volte: nel passato e nella nostra identit\u00e0","breadcrumb":{"@id":"https:\/\/www.frasicelebri.it\/news\/siamo-fatti-di-ricordi-se-non-coltivi-muori-due-volte-roberto-vecchioni\/#breadcrumb"},"inLanguage":"it-IT","potentialAction":[{"@type":"ReadAction","target":["https:\/\/www.frasicelebri.it\/news\/siamo-fatti-di-ricordi-se-non-coltivi-muori-due-volte-roberto-vecchioni\/"]}]},{"@type":"ImageObject","inLanguage":"it-IT","@id":"https:\/\/www.frasicelebri.it\/news\/siamo-fatti-di-ricordi-se-non-coltivi-muori-due-volte-roberto-vecchioni\/#primaryimage","url":"https:\/\/i0.wp.com\/www.frasicelebri.it\/news\/wp-content\/uploads\/2026\/04\/img-roberto-vecchioni-rase-ricordi-2026.jpg?fit=1200%2C675&ssl=1","contentUrl":"https:\/\/i0.wp.com\/www.frasicelebri.it\/news\/wp-content\/uploads\/2026\/04\/img-roberto-vecchioni-rase-ricordi-2026.jpg?fit=1200%2C675&ssl=1","width":1200,"height":675,"caption":"Siamo fatti di ricordi"},{"@type":"BreadcrumbList","@id":"https:\/\/www.frasicelebri.it\/news\/siamo-fatti-di-ricordi-se-non-coltivi-muori-due-volte-roberto-vecchioni\/#breadcrumb","itemListElement":[{"@type":"ListItem","position":1,"name":"Home","item":"https:\/\/www.frasicelebri.it\/news\/"},{"@type":"ListItem","position":2,"name":"Siamo fatti di ricordi e se non li coltivi muori due volte: Roberto Vecchioni lo spiega in una frase sola"}]},{"@type":"WebSite","@id":"https:\/\/www.frasicelebri.it\/news\/#website","url":"https:\/\/www.frasicelebri.it\/news\/","name":"Frasicelebri.it","description":"News Frasicelebri.it","publisher":{"@id":"https:\/\/www.frasicelebri.it\/news\/#organization"},"potentialAction":[{"@type":"SearchAction","target":{"@type":"EntryPoint","urlTemplate":"https:\/\/www.frasicelebri.it\/news\/?s={search_term_string}"},"query-input":{"@type":"PropertyValueSpecification","valueRequired":true,"valueName":"search_term_string"}}],"inLanguage":"it-IT"},{"@type":"Organization","@id":"https:\/\/www.frasicelebri.it\/news\/#organization","name":"Frasicelebri.it","url":"https:\/\/www.frasicelebri.it\/news\/","logo":{"@type":"ImageObject","inLanguage":"it-IT","@id":"https:\/\/www.frasicelebri.it\/news\/#\/schema\/logo\/image\/","url":"https:\/\/i0.wp.com\/www.frasicelebri.it\/news\/wp-content\/uploads\/2024\/07\/logo-quadrato-drasicelebri.it_.jpg?fit=696%2C696&ssl=1","contentUrl":"https:\/\/i0.wp.com\/www.frasicelebri.it\/news\/wp-content\/uploads\/2024\/07\/logo-quadrato-drasicelebri.it_.jpg?fit=696%2C696&ssl=1","width":696,"height":696,"caption":"Frasicelebri.it"},"image":{"@id":"https:\/\/www.frasicelebri.it\/news\/#\/schema\/logo\/image\/"}},{"@type":"Person","@id":"https:\/\/www.frasicelebri.it\/news\/#\/schema\/person\/87eed277b0405441e405668e9452c547","name":"Sara Bellanza","image":{"@type":"ImageObject","inLanguage":"it-IT","@id":"https:\/\/www.frasicelebri.it\/news\/#\/schema\/person\/image\/","url":"https:\/\/secure.gravatar.com\/avatar\/09a3eae84da984b800b521a167211390?s=96&d=mm&r=g","contentUrl":"https:\/\/secure.gravatar.com\/avatar\/09a3eae84da984b800b521a167211390?s=96&d=mm&r=g","caption":"Sara Bellanza"},"url":"https:\/\/www.frasicelebri.it\/news\/author\/sara\/"}]}},"_links":{"self":[{"href":"https:\/\/www.frasicelebri.it\/news\/wp-json\/wp\/v2\/posts\/44749","targetHints":{"allow":["GET"]}}],"collection":[{"href":"https:\/\/www.frasicelebri.it\/news\/wp-json\/wp\/v2\/posts"}],"about":[{"href":"https:\/\/www.frasicelebri.it\/news\/wp-json\/wp\/v2\/types\/post"}],"author":[{"embeddable":true,"href":"https:\/\/www.frasicelebri.it\/news\/wp-json\/wp\/v2\/users\/14"}],"replies":[{"embeddable":true,"href":"https:\/\/www.frasicelebri.it\/news\/wp-json\/wp\/v2\/comments?post=44749"}],"version-history":[{"count":7,"href":"https:\/\/www.frasicelebri.it\/news\/wp-json\/wp\/v2\/posts\/44749\/revisions"}],"predecessor-version":[{"id":44754,"href":"https:\/\/www.frasicelebri.it\/news\/wp-json\/wp\/v2\/posts\/44749\/revisions\/44754"}],"wp:featuredmedia":[{"embeddable":true,"href":"https:\/\/www.frasicelebri.it\/news\/wp-json\/wp\/v2\/media\/44756"}],"wp:attachment":[{"href":"https:\/\/www.frasicelebri.it\/news\/wp-json\/wp\/v2\/media?parent=44749"}],"wp:term":[{"taxonomy":"category","embeddable":true,"href":"https:\/\/www.frasicelebri.it\/news\/wp-json\/wp\/v2\/categories?post=44749"},{"taxonomy":"post_tag","embeddable":true,"href":"https:\/\/www.frasicelebri.it\/news\/wp-json\/wp\/v2\/tags?post=44749"}],"curies":[{"name":"wp","href":"https:\/\/api.w.org\/{rel}","templated":true}]}}