{"id":44799,"date":"2026-04-26T14:40:22","date_gmt":"2026-04-26T12:40:22","guid":{"rendered":"https:\/\/www.frasicelebri.it\/news\/?p=44799"},"modified":"2026-04-24T10:03:10","modified_gmt":"2026-04-24T08:03:10","slug":"paura-di-essere-escluso-dipende-da-come-ti-percepisci-frase-vittorino-andreoli","status":"publish","type":"post","link":"https:\/\/www.frasicelebri.it\/news\/paura-di-essere-escluso-dipende-da-come-ti-percepisci-frase-vittorino-andreoli\/","title":{"rendered":"La paura di essere escluso dipende da come ti percepisci, se ti ami, tutti ti accettano: una frase di Vittorino Andreoli"},"content":{"rendered":"<p>Hai mai evitato una situazione sociale per paura di non essere accettato? Ti sei mai trattenuto dal dire qualcosa, dal presentarti a qualcuno, dall&#8217;entrare in un gruppo, per <strong>il timore di essere giudicato o escluso?<\/strong> Hai mai lasciato che quella paura ti guidasse in scelte importanti &#8211; chi frequentare, dove andare, come comportarti &#8211; per stare al sicuro da un possibile rifiuto? <strong>Vittorino Andreoli<\/strong> &#8211; una delle voci pi\u00f9 autorevoli della psichiatria italiana &#8211; ha individuato <strong>la radice di questa paura<\/strong>. E non \u00e8 dove la maggior parte delle persone va a cercarla: non \u00e8 fuori, nei gruppi difficili o nelle persone giudicanti. <strong>\u00c8 dentro.<\/strong><\/p>\n<p><img data-recalc-dims=\"1\" loading=\"lazy\" decoding=\"async\" class=\"alignnone size-full wp-image-44802\" src=\"https:\/\/i0.wp.com\/www.frasicelebri.it\/news\/wp-content\/uploads\/2026\/04\/img-frasi-vittorino-andreoli-paura-esclusione-2026.jpg?resize=1200%2C675&#038;ssl=1\" alt=\"paura di essere escluso\" width=\"1200\" height=\"675\" srcset=\"https:\/\/i0.wp.com\/www.frasicelebri.it\/news\/wp-content\/uploads\/2026\/04\/img-frasi-vittorino-andreoli-paura-esclusione-2026.jpg?w=1200&amp;ssl=1 1200w, https:\/\/i0.wp.com\/www.frasicelebri.it\/news\/wp-content\/uploads\/2026\/04\/img-frasi-vittorino-andreoli-paura-esclusione-2026.jpg?resize=300%2C169&amp;ssl=1 300w, https:\/\/i0.wp.com\/www.frasicelebri.it\/news\/wp-content\/uploads\/2026\/04\/img-frasi-vittorino-andreoli-paura-esclusione-2026.jpg?resize=150%2C84&amp;ssl=1 150w, https:\/\/i0.wp.com\/www.frasicelebri.it\/news\/wp-content\/uploads\/2026\/04\/img-frasi-vittorino-andreoli-paura-esclusione-2026.jpg?resize=768%2C432&amp;ssl=1 768w\" sizes=\"auto, (max-width: 1200px) 100vw, 1200px\" \/><\/p>\n<h2>Da dove nasce la paura di essere esclusi<\/h2>\n<blockquote><p><em>&#8220;Occorre piacersi per poter piacere. La paura di essere esclusi dipende dalla percezione che ciascuno ha di s\u00e9. Se ti ami, tutti ti accettano.&#8221;<\/em><\/p><\/blockquote>\n<p>Tre proposizioni brevi che smontano completamente l&#8217;equazione con cui la maggior parte delle persone affronta le relazioni sociali. Di solito si pensa: &#8220;Se gli altri mi accettano, mi sentir\u00f2 bene con me stesso.&#8221; Andreoli inverte questa freccia causale: il processo va nella direzione opposta<strong>. Prima ti accetti tu. Poi gli altri ti accettano<\/strong>.<\/p>\n<h3>La radice interna della paura di esclusione<\/h3>\n<p>Chi ha paura di essere escluso tende a interpretare quella paura come un problema esterno: le persone intorno a lui sono giudicanti, il gruppo \u00e8 esclusivo, l&#8217;ambiente \u00e8 difficile. A volte \u00e8 vero. Ma Andreoli punta a qualcosa di pi\u00f9 profondo: quella paura ha quasi sempre una componente interna enorme, <strong>una percezione di s\u00e9 che anticipa il rifiuto prima ancora che il rifiuto avvenga<\/strong>.<\/p>\n<p>Si entra in una stanza gi\u00e0 convinti di non essere abbastanza, e quella convinzione diventa <strong>auto-profetica<\/strong>: ci si comporta in modo schivo e difensivo, ci si nasconde, si parla meno del dovuto. E poi si interpreta il risultato &#8211; meno interazioni, meno connessioni, meno risposte &#8211; come la conferma che il problema era il gruppo. Mentre era la propria postura.<\/p>\n<p><strong>Chi non si ama abbastanza, chi ha una percezione negativa di s\u00e9, chi si vede fondamentalmente come inadeguato<\/strong>. Porta quella percezione in ogni stanza in cui entra. La trasmette nel linguaggio del corpo, nel modo di parlare, nell&#8217;energia che emana. E le persone intorno, inconsciamente, la ricevono.<\/p>\n<p>Non \u00e8 magia: \u00e8 <strong>meccanica psicologica<\/strong> molto concreta. Ci si comporta in modo radicalmente diverso <strong>quando ci si sente a proprio agio con se stessi<\/strong>. Si occupa lo spazio diversamente, non ci si restringe. Si parla con una voce diversa, non ci si scusa per esistere. Si guarda negli occhi in modo diverso, con presenza invece che con timore. E tutto questo cambia come gli altri ci percepiscono e come rispondono a noi.<\/p>\n<h3>&#8220;<em>Occorre piacersi per poter piacere<\/em>&#8220;<\/h3>\n<p>La prima frase \u00e8 la pi\u00f9 difficile. Non &#8220;bisogna essere pi\u00f9 sicuri di s\u00e9&#8221;, formula vaga e poco utile. Non &#8220;bisogna volersi pi\u00f9 bene&#8221;, che suona come una pubblicit\u00e0 del dopobarba. Andreoli dice &#8220;occorre piacersi&#8221;, una formula molto precisa e molto esigente.<\/p>\n<p>Piacersi non significa non avere difetti o non vederne, tutti li hanno. Significa <strong>avere con i propri difetti un rapporto di accettazione pacifica<\/strong> invece che di guerra continua. Significa non percepire se stessi come fondamentalmente sbagliati come persone. Significa poter stare nella propria compagnia senza sentire un disagio che spinge a fuggire verso gli altri.<\/p>\n<h3>Se ti ami, tutti ti accettano<\/h3>\n<p>La frase finale \u00e8 la pi\u00f9 audace e quella che pi\u00f9 pu\u00f2 essere fraintesa. <strong>Non significa che se ti ami magicamente nessuno ti rifiuter\u00e0 mai<\/strong>. Significa che chi ha un buon rapporto con se stesso non percepisce ogni interazione come un test da superare, non interpreta ogni silenzio come un giudizio, non legge ogni sguardo come una critica.<\/p>\n<p>Quella postura interna &#8211; quella sicurezza di base che non dipende dall&#8217;approvazione degli altri &#8211; <strong>crea un campo relazionale completamente diverso<\/strong>. Le stesse persone che sembravano fredde o giudicanti diventano pi\u00f9 accessibili quando ti avvicini senza quella carica di ansia e bisogno di conferma. Non perch\u00e9 siano cambiate loro: perch\u00e9 <strong>sei cambiato tu.<\/strong><\/p>\n<h3>Chi \u00e8 Vittorino Andreoli<\/h3>\n<p><strong>Vittorino Andreoli<\/strong> nasce a Verona nel 1938. Psichiatra, autore di decine di libri tra cui <em>L&#8217;uomo di vetro<\/em> e <em>La gioia di vivere<\/em>, \u00e8 stato direttore del dipartimento di psichiatria di Verona per decenni ed \u00e8 una delle voci pi\u00f9 riconoscibili della psichiatria italiana. Il suo approccio mescola rigore scientifico e divulgazione accessibile. Le sue frasi sulla percezione di s\u00e9 e sulla paura di essere esclusi vengono da decenni di osservazione clinica diretta.<\/p>\n<p><strong>Leggi anche:<\/strong> <a href=\"https:\/\/www.frasicelebri.it\/news\/chi-ti-ama-ti-permette-di-fiorire-citazioni-di-roberta-bruzzone-sullamore-sano\/\" target=\"_blank\" rel=\"noopener\">Chi ti ama ti permette di fiorire, non controlla ogni tuo passo: 3 citazioni di Roberta Bruzzone sull\u2019amore sano<\/a><\/p>\n","protected":false},"excerpt":{"rendered":"<p>Hai mai evitato una situazione sociale per paura di non essere accettato? Ti sei mai trattenuto dal dire qualcosa, dal presentarti a qualcuno, dall&#8217;entrare in &#8230; <a title=\"La paura di essere escluso dipende da come ti percepisci, se ti ami, tutti ti accettano: una frase di Vittorino Andreoli\" class=\"read-more\" href=\"https:\/\/www.frasicelebri.it\/news\/paura-di-essere-escluso-dipende-da-come-ti-percepisci-frase-vittorino-andreoli\/\" aria-label=\"More on La paura di essere escluso dipende da come ti percepisci, se ti ami, tutti ti accettano: una frase di Vittorino Andreoli\">Leggi tutto<\/a><\/p>\n","protected":false},"author":12,"featured_media":44802,"comment_status":"closed","ping_status":"closed","sticky":false,"template":"","format":"standard","meta":{"footnotes":""},"categories":[676],"tags":[1897,970,1452],"class_list":["post-44799","post","type-post","status-publish","format-standard","has-post-thumbnail","hentry","category-spettacolo","tag-frasi-sullesclusione","tag-frasi-sulla-paura","tag-vittorino-andreoli"],"yoast_head":"<!-- This site is optimized with the Yoast SEO plugin v25.2 - https:\/\/yoast.com\/wordpress\/plugins\/seo\/ -->\n<title>La paura di essere escluso dipende da come ti percepisci, se ti ami, tutti ti accettano: una frase di Vittorino Andreoli - Frasicelebri.it<\/title>\n<meta name=\"description\" content=\"Una citazione di Andreoli: la paura di essere esclusi dipende da come ci vediamo, se ti ami gli altri ti accetteranno sempre\" \/>\n<meta name=\"robots\" content=\"index, follow, max-snippet:-1, max-image-preview:large, max-video-preview:-1\" \/>\n<link rel=\"canonical\" href=\"https:\/\/www.frasicelebri.it\/news\/paura-di-essere-escluso-dipende-da-come-ti-percepisci-frase-vittorino-andreoli\/\" \/>\n<meta property=\"og:locale\" content=\"it_IT\" \/>\n<meta property=\"og:type\" content=\"article\" \/>\n<meta property=\"og:title\" content=\"La paura di essere escluso dipende da come ti percepisci, se ti ami, tutti ti accettano: una frase di Vittorino Andreoli - Frasicelebri.it\" \/>\n<meta property=\"og:description\" content=\"Una citazione di Andreoli: la paura di essere esclusi dipende da come ci vediamo, se ti ami gli altri ti accetteranno sempre\" \/>\n<meta property=\"og:url\" content=\"https:\/\/www.frasicelebri.it\/news\/paura-di-essere-escluso-dipende-da-come-ti-percepisci-frase-vittorino-andreoli\/\" \/>\n<meta property=\"og:site_name\" content=\"Frasicelebri.it\" \/>\n<meta property=\"article:published_time\" content=\"2026-04-26T12:40:22+00:00\" \/>\n<meta property=\"og:image\" content=\"https:\/\/i0.wp.com\/www.frasicelebri.it\/news\/wp-content\/uploads\/2026\/04\/img-frasi-vittorino-andreoli-paura-esclusione-2026.jpg?fit=1200%2C675&ssl=1\" \/>\n\t<meta property=\"og:image:width\" content=\"1200\" \/>\n\t<meta property=\"og:image:height\" content=\"675\" \/>\n\t<meta property=\"og:image:type\" content=\"image\/jpeg\" \/>\n<meta name=\"author\" content=\"Romina Cardia\" \/>\n<meta name=\"twitter:card\" content=\"summary_large_image\" \/>\n<meta name=\"twitter:label1\" content=\"Scritto da\" \/>\n\t<meta name=\"twitter:data1\" content=\"Romina Cardia\" \/>\n\t<meta name=\"twitter:label2\" content=\"Tempo di lettura stimato\" \/>\n\t<meta name=\"twitter:data2\" content=\"5 minuti\" \/>\n<script type=\"application\/ld+json\" class=\"yoast-schema-graph\">{\"@context\":\"https:\/\/schema.org\",\"@graph\":[{\"@type\":\"Article\",\"@id\":\"https:\/\/www.frasicelebri.it\/news\/paura-di-essere-escluso-dipende-da-come-ti-percepisci-frase-vittorino-andreoli\/#article\",\"isPartOf\":{\"@id\":\"https:\/\/www.frasicelebri.it\/news\/paura-di-essere-escluso-dipende-da-come-ti-percepisci-frase-vittorino-andreoli\/\"},\"author\":{\"name\":\"Romina Cardia\",\"@id\":\"https:\/\/www.frasicelebri.it\/news\/#\/schema\/person\/712303166008dc510236daeaf8087292\"},\"headline\":\"La paura di essere escluso dipende da come ti percepisci, se ti ami, tutti ti accettano: una frase di Vittorino Andreoli\",\"datePublished\":\"2026-04-26T12:40:22+00:00\",\"mainEntityOfPage\":{\"@id\":\"https:\/\/www.frasicelebri.it\/news\/paura-di-essere-escluso-dipende-da-come-ti-percepisci-frase-vittorino-andreoli\/\"},\"wordCount\":771,\"publisher\":{\"@id\":\"https:\/\/www.frasicelebri.it\/news\/#organization\"},\"image\":{\"@id\":\"https:\/\/www.frasicelebri.it\/news\/paura-di-essere-escluso-dipende-da-come-ti-percepisci-frase-vittorino-andreoli\/#primaryimage\"},\"thumbnailUrl\":\"https:\/\/i0.wp.com\/www.frasicelebri.it\/news\/wp-content\/uploads\/2026\/04\/img-frasi-vittorino-andreoli-paura-esclusione-2026.jpg?fit=1200%2C675&ssl=1\",\"keywords\":[\"frasi sull'esclusione\",\"frasi sulla paura\",\"Vittorino Andreoli\"],\"articleSection\":[\"Spettacolo\"],\"inLanguage\":\"it-IT\"},{\"@type\":\"WebPage\",\"@id\":\"https:\/\/www.frasicelebri.it\/news\/paura-di-essere-escluso-dipende-da-come-ti-percepisci-frase-vittorino-andreoli\/\",\"url\":\"https:\/\/www.frasicelebri.it\/news\/paura-di-essere-escluso-dipende-da-come-ti-percepisci-frase-vittorino-andreoli\/\",\"name\":\"La paura di essere escluso dipende da come ti percepisci, se ti ami, tutti ti accettano: una frase di Vittorino Andreoli - Frasicelebri.it\",\"isPartOf\":{\"@id\":\"https:\/\/www.frasicelebri.it\/news\/#website\"},\"primaryImageOfPage\":{\"@id\":\"https:\/\/www.frasicelebri.it\/news\/paura-di-essere-escluso-dipende-da-come-ti-percepisci-frase-vittorino-andreoli\/#primaryimage\"},\"image\":{\"@id\":\"https:\/\/www.frasicelebri.it\/news\/paura-di-essere-escluso-dipende-da-come-ti-percepisci-frase-vittorino-andreoli\/#primaryimage\"},\"thumbnailUrl\":\"https:\/\/i0.wp.com\/www.frasicelebri.it\/news\/wp-content\/uploads\/2026\/04\/img-frasi-vittorino-andreoli-paura-esclusione-2026.jpg?fit=1200%2C675&ssl=1\",\"datePublished\":\"2026-04-26T12:40:22+00:00\",\"description\":\"Una citazione di Andreoli: la paura di essere esclusi dipende da come ci vediamo, se ti ami gli altri ti accetteranno sempre\",\"breadcrumb\":{\"@id\":\"https:\/\/www.frasicelebri.it\/news\/paura-di-essere-escluso-dipende-da-come-ti-percepisci-frase-vittorino-andreoli\/#breadcrumb\"},\"inLanguage\":\"it-IT\",\"potentialAction\":[{\"@type\":\"ReadAction\",\"target\":[\"https:\/\/www.frasicelebri.it\/news\/paura-di-essere-escluso-dipende-da-come-ti-percepisci-frase-vittorino-andreoli\/\"]}]},{\"@type\":\"ImageObject\",\"inLanguage\":\"it-IT\",\"@id\":\"https:\/\/www.frasicelebri.it\/news\/paura-di-essere-escluso-dipende-da-come-ti-percepisci-frase-vittorino-andreoli\/#primaryimage\",\"url\":\"https:\/\/i0.wp.com\/www.frasicelebri.it\/news\/wp-content\/uploads\/2026\/04\/img-frasi-vittorino-andreoli-paura-esclusione-2026.jpg?fit=1200%2C675&ssl=1\",\"contentUrl\":\"https:\/\/i0.wp.com\/www.frasicelebri.it\/news\/wp-content\/uploads\/2026\/04\/img-frasi-vittorino-andreoli-paura-esclusione-2026.jpg?fit=1200%2C675&ssl=1\",\"width\":1200,\"height\":675,\"caption\":\"paura di essere escluso\"},{\"@type\":\"BreadcrumbList\",\"@id\":\"https:\/\/www.frasicelebri.it\/news\/paura-di-essere-escluso-dipende-da-come-ti-percepisci-frase-vittorino-andreoli\/#breadcrumb\",\"itemListElement\":[{\"@type\":\"ListItem\",\"position\":1,\"name\":\"Home\",\"item\":\"https:\/\/www.frasicelebri.it\/news\/\"},{\"@type\":\"ListItem\",\"position\":2,\"name\":\"La paura di essere escluso dipende da come ti percepisci, se ti ami, tutti ti accettano: una frase di Vittorino Andreoli\"}]},{\"@type\":\"WebSite\",\"@id\":\"https:\/\/www.frasicelebri.it\/news\/#website\",\"url\":\"https:\/\/www.frasicelebri.it\/news\/\",\"name\":\"Frasicelebri.it\",\"description\":\"News Frasicelebri.it\",\"publisher\":{\"@id\":\"https:\/\/www.frasicelebri.it\/news\/#organization\"},\"potentialAction\":[{\"@type\":\"SearchAction\",\"target\":{\"@type\":\"EntryPoint\",\"urlTemplate\":\"https:\/\/www.frasicelebri.it\/news\/?s={search_term_string}\"},\"query-input\":{\"@type\":\"PropertyValueSpecification\",\"valueRequired\":true,\"valueName\":\"search_term_string\"}}],\"inLanguage\":\"it-IT\"},{\"@type\":\"Organization\",\"@id\":\"https:\/\/www.frasicelebri.it\/news\/#organization\",\"name\":\"Frasicelebri.it\",\"url\":\"https:\/\/www.frasicelebri.it\/news\/\",\"logo\":{\"@type\":\"ImageObject\",\"inLanguage\":\"it-IT\",\"@id\":\"https:\/\/www.frasicelebri.it\/news\/#\/schema\/logo\/image\/\",\"url\":\"https:\/\/i0.wp.com\/www.frasicelebri.it\/news\/wp-content\/uploads\/2024\/07\/logo-quadrato-drasicelebri.it_.jpg?fit=696%2C696&ssl=1\",\"contentUrl\":\"https:\/\/i0.wp.com\/www.frasicelebri.it\/news\/wp-content\/uploads\/2024\/07\/logo-quadrato-drasicelebri.it_.jpg?fit=696%2C696&ssl=1\",\"width\":696,\"height\":696,\"caption\":\"Frasicelebri.it\"},\"image\":{\"@id\":\"https:\/\/www.frasicelebri.it\/news\/#\/schema\/logo\/image\/\"}},{\"@type\":\"Person\",\"@id\":\"https:\/\/www.frasicelebri.it\/news\/#\/schema\/person\/712303166008dc510236daeaf8087292\",\"name\":\"Romina Cardia\",\"image\":{\"@type\":\"ImageObject\",\"inLanguage\":\"it-IT\",\"@id\":\"https:\/\/www.frasicelebri.it\/news\/#\/schema\/person\/image\/\",\"url\":\"https:\/\/secure.gravatar.com\/avatar\/7e155e0e5584fd17310efae2dc94f61e?s=96&d=mm&r=g\",\"contentUrl\":\"https:\/\/secure.gravatar.com\/avatar\/7e155e0e5584fd17310efae2dc94f61e?s=96&d=mm&r=g\",\"caption\":\"Romina Cardia\"},\"url\":\"https:\/\/www.frasicelebri.it\/news\/author\/romina\/\"}]}<\/script>\n<!-- \/ Yoast SEO plugin. -->","yoast_head_json":{"title":"La paura di essere escluso dipende da come ti percepisci, se ti ami, tutti ti accettano: una frase di Vittorino Andreoli - Frasicelebri.it","description":"Una citazione di Andreoli: la paura di essere esclusi dipende da come ci vediamo, se ti ami gli altri ti accetteranno sempre","robots":{"index":"index","follow":"follow","max-snippet":"max-snippet:-1","max-image-preview":"max-image-preview:large","max-video-preview":"max-video-preview:-1"},"canonical":"https:\/\/www.frasicelebri.it\/news\/paura-di-essere-escluso-dipende-da-come-ti-percepisci-frase-vittorino-andreoli\/","og_locale":"it_IT","og_type":"article","og_title":"La paura di essere escluso dipende da come ti percepisci, se ti ami, tutti ti accettano: una frase di Vittorino Andreoli - Frasicelebri.it","og_description":"Una citazione di Andreoli: la paura di essere esclusi dipende da come ci vediamo, se ti ami gli altri ti accetteranno sempre","og_url":"https:\/\/www.frasicelebri.it\/news\/paura-di-essere-escluso-dipende-da-come-ti-percepisci-frase-vittorino-andreoli\/","og_site_name":"Frasicelebri.it","article_published_time":"2026-04-26T12:40:22+00:00","og_image":[{"width":1200,"height":675,"url":"https:\/\/i0.wp.com\/www.frasicelebri.it\/news\/wp-content\/uploads\/2026\/04\/img-frasi-vittorino-andreoli-paura-esclusione-2026.jpg?fit=1200%2C675&ssl=1","type":"image\/jpeg"}],"author":"Romina Cardia","twitter_card":"summary_large_image","twitter_misc":{"Scritto da":"Romina Cardia","Tempo di lettura stimato":"5 minuti"},"schema":{"@context":"https:\/\/schema.org","@graph":[{"@type":"Article","@id":"https:\/\/www.frasicelebri.it\/news\/paura-di-essere-escluso-dipende-da-come-ti-percepisci-frase-vittorino-andreoli\/#article","isPartOf":{"@id":"https:\/\/www.frasicelebri.it\/news\/paura-di-essere-escluso-dipende-da-come-ti-percepisci-frase-vittorino-andreoli\/"},"author":{"name":"Romina Cardia","@id":"https:\/\/www.frasicelebri.it\/news\/#\/schema\/person\/712303166008dc510236daeaf8087292"},"headline":"La paura di essere escluso dipende da come ti percepisci, se ti ami, tutti ti accettano: una frase di Vittorino Andreoli","datePublished":"2026-04-26T12:40:22+00:00","mainEntityOfPage":{"@id":"https:\/\/www.frasicelebri.it\/news\/paura-di-essere-escluso-dipende-da-come-ti-percepisci-frase-vittorino-andreoli\/"},"wordCount":771,"publisher":{"@id":"https:\/\/www.frasicelebri.it\/news\/#organization"},"image":{"@id":"https:\/\/www.frasicelebri.it\/news\/paura-di-essere-escluso-dipende-da-come-ti-percepisci-frase-vittorino-andreoli\/#primaryimage"},"thumbnailUrl":"https:\/\/i0.wp.com\/www.frasicelebri.it\/news\/wp-content\/uploads\/2026\/04\/img-frasi-vittorino-andreoli-paura-esclusione-2026.jpg?fit=1200%2C675&ssl=1","keywords":["frasi sull'esclusione","frasi sulla paura","Vittorino Andreoli"],"articleSection":["Spettacolo"],"inLanguage":"it-IT"},{"@type":"WebPage","@id":"https:\/\/www.frasicelebri.it\/news\/paura-di-essere-escluso-dipende-da-come-ti-percepisci-frase-vittorino-andreoli\/","url":"https:\/\/www.frasicelebri.it\/news\/paura-di-essere-escluso-dipende-da-come-ti-percepisci-frase-vittorino-andreoli\/","name":"La paura di essere escluso dipende da come ti percepisci, se ti ami, tutti ti accettano: una frase di Vittorino Andreoli - Frasicelebri.it","isPartOf":{"@id":"https:\/\/www.frasicelebri.it\/news\/#website"},"primaryImageOfPage":{"@id":"https:\/\/www.frasicelebri.it\/news\/paura-di-essere-escluso-dipende-da-come-ti-percepisci-frase-vittorino-andreoli\/#primaryimage"},"image":{"@id":"https:\/\/www.frasicelebri.it\/news\/paura-di-essere-escluso-dipende-da-come-ti-percepisci-frase-vittorino-andreoli\/#primaryimage"},"thumbnailUrl":"https:\/\/i0.wp.com\/www.frasicelebri.it\/news\/wp-content\/uploads\/2026\/04\/img-frasi-vittorino-andreoli-paura-esclusione-2026.jpg?fit=1200%2C675&ssl=1","datePublished":"2026-04-26T12:40:22+00:00","description":"Una citazione di Andreoli: la paura di essere esclusi dipende da come ci vediamo, se ti ami gli altri ti accetteranno sempre","breadcrumb":{"@id":"https:\/\/www.frasicelebri.it\/news\/paura-di-essere-escluso-dipende-da-come-ti-percepisci-frase-vittorino-andreoli\/#breadcrumb"},"inLanguage":"it-IT","potentialAction":[{"@type":"ReadAction","target":["https:\/\/www.frasicelebri.it\/news\/paura-di-essere-escluso-dipende-da-come-ti-percepisci-frase-vittorino-andreoli\/"]}]},{"@type":"ImageObject","inLanguage":"it-IT","@id":"https:\/\/www.frasicelebri.it\/news\/paura-di-essere-escluso-dipende-da-come-ti-percepisci-frase-vittorino-andreoli\/#primaryimage","url":"https:\/\/i0.wp.com\/www.frasicelebri.it\/news\/wp-content\/uploads\/2026\/04\/img-frasi-vittorino-andreoli-paura-esclusione-2026.jpg?fit=1200%2C675&ssl=1","contentUrl":"https:\/\/i0.wp.com\/www.frasicelebri.it\/news\/wp-content\/uploads\/2026\/04\/img-frasi-vittorino-andreoli-paura-esclusione-2026.jpg?fit=1200%2C675&ssl=1","width":1200,"height":675,"caption":"paura di essere escluso"},{"@type":"BreadcrumbList","@id":"https:\/\/www.frasicelebri.it\/news\/paura-di-essere-escluso-dipende-da-come-ti-percepisci-frase-vittorino-andreoli\/#breadcrumb","itemListElement":[{"@type":"ListItem","position":1,"name":"Home","item":"https:\/\/www.frasicelebri.it\/news\/"},{"@type":"ListItem","position":2,"name":"La paura di essere escluso dipende da come ti percepisci, se ti ami, tutti ti accettano: una frase di Vittorino Andreoli"}]},{"@type":"WebSite","@id":"https:\/\/www.frasicelebri.it\/news\/#website","url":"https:\/\/www.frasicelebri.it\/news\/","name":"Frasicelebri.it","description":"News Frasicelebri.it","publisher":{"@id":"https:\/\/www.frasicelebri.it\/news\/#organization"},"potentialAction":[{"@type":"SearchAction","target":{"@type":"EntryPoint","urlTemplate":"https:\/\/www.frasicelebri.it\/news\/?s={search_term_string}"},"query-input":{"@type":"PropertyValueSpecification","valueRequired":true,"valueName":"search_term_string"}}],"inLanguage":"it-IT"},{"@type":"Organization","@id":"https:\/\/www.frasicelebri.it\/news\/#organization","name":"Frasicelebri.it","url":"https:\/\/www.frasicelebri.it\/news\/","logo":{"@type":"ImageObject","inLanguage":"it-IT","@id":"https:\/\/www.frasicelebri.it\/news\/#\/schema\/logo\/image\/","url":"https:\/\/i0.wp.com\/www.frasicelebri.it\/news\/wp-content\/uploads\/2024\/07\/logo-quadrato-drasicelebri.it_.jpg?fit=696%2C696&ssl=1","contentUrl":"https:\/\/i0.wp.com\/www.frasicelebri.it\/news\/wp-content\/uploads\/2024\/07\/logo-quadrato-drasicelebri.it_.jpg?fit=696%2C696&ssl=1","width":696,"height":696,"caption":"Frasicelebri.it"},"image":{"@id":"https:\/\/www.frasicelebri.it\/news\/#\/schema\/logo\/image\/"}},{"@type":"Person","@id":"https:\/\/www.frasicelebri.it\/news\/#\/schema\/person\/712303166008dc510236daeaf8087292","name":"Romina Cardia","image":{"@type":"ImageObject","inLanguage":"it-IT","@id":"https:\/\/www.frasicelebri.it\/news\/#\/schema\/person\/image\/","url":"https:\/\/secure.gravatar.com\/avatar\/7e155e0e5584fd17310efae2dc94f61e?s=96&d=mm&r=g","contentUrl":"https:\/\/secure.gravatar.com\/avatar\/7e155e0e5584fd17310efae2dc94f61e?s=96&d=mm&r=g","caption":"Romina Cardia"},"url":"https:\/\/www.frasicelebri.it\/news\/author\/romina\/"}]}},"_links":{"self":[{"href":"https:\/\/www.frasicelebri.it\/news\/wp-json\/wp\/v2\/posts\/44799","targetHints":{"allow":["GET"]}}],"collection":[{"href":"https:\/\/www.frasicelebri.it\/news\/wp-json\/wp\/v2\/posts"}],"about":[{"href":"https:\/\/www.frasicelebri.it\/news\/wp-json\/wp\/v2\/types\/post"}],"author":[{"embeddable":true,"href":"https:\/\/www.frasicelebri.it\/news\/wp-json\/wp\/v2\/users\/12"}],"replies":[{"embeddable":true,"href":"https:\/\/www.frasicelebri.it\/news\/wp-json\/wp\/v2\/comments?post=44799"}],"version-history":[{"count":2,"href":"https:\/\/www.frasicelebri.it\/news\/wp-json\/wp\/v2\/posts\/44799\/revisions"}],"predecessor-version":[{"id":44803,"href":"https:\/\/www.frasicelebri.it\/news\/wp-json\/wp\/v2\/posts\/44799\/revisions\/44803"}],"wp:featuredmedia":[{"embeddable":true,"href":"https:\/\/www.frasicelebri.it\/news\/wp-json\/wp\/v2\/media\/44802"}],"wp:attachment":[{"href":"https:\/\/www.frasicelebri.it\/news\/wp-json\/wp\/v2\/media?parent=44799"}],"wp:term":[{"taxonomy":"category","embeddable":true,"href":"https:\/\/www.frasicelebri.it\/news\/wp-json\/wp\/v2\/categories?post=44799"},{"taxonomy":"post_tag","embeddable":true,"href":"https:\/\/www.frasicelebri.it\/news\/wp-json\/wp\/v2\/tags?post=44799"}],"curies":[{"name":"wp","href":"https:\/\/api.w.org\/{rel}","templated":true}]}}