{"id":47508,"date":"2026-08-30T08:40:19","date_gmt":"2026-08-30T06:40:19","guid":{"rendered":"https:\/\/www.frasicelebri.it\/news\/?p=47508"},"modified":"2026-08-29T09:35:24","modified_gmt":"2026-08-29T07:35:24","slug":"domani-non-sarai-quello-che-sei-stato-ieri-ne-quello-che-sei-oggi-ovidio-identita-non-e-fissa","status":"publish","type":"post","link":"https:\/\/www.frasicelebri.it\/news\/domani-non-sarai-quello-che-sei-stato-ieri-ne-quello-che-sei-oggi-ovidio-identita-non-e-fissa\/","title":{"rendered":"Domani non sarai quello che sei stato ieri, n\u00e9 quello che sei oggi: Ovidio ci spiega perch\u00e9 l\u2019identit\u00e0 non \u00e8 fissa"},"content":{"rendered":"<p>Quante volte hai pensato di essere &#8220;fatto cos\u00ec&#8221;, come se l&#8217;identit\u00e0 fosse qualcosa di fisso, di gi\u00e0 deciso, di assolutamente immutabile nel tempo? Come se la persona che sei adesso fosse la versione finale e definitiva di te, quella che rimarr\u00e0 tale per sempre indipendentemente da quello che accade? <a href=\"https:\/\/www.frasicelebri.it\/frasi-di\/publio-ovidio-nasone\/\" target=\"_blank\" rel=\"noopener\"><strong>Ovidio<\/strong><\/a> aveva su questo una risposta molto precisa e molto liberatoria, contenuta in una frase sola che vale tutta una filosofia.<\/p>\n<p><img loading=\"lazy\" decoding=\"async\" class=\"alignnone size-full wp-image-47509\" src=\"https:\/\/www.frasicelebri.it\/news\/wp-content\/uploads\/2026\/08\/img-aforisma-ovidio-domani-ieri-oggi-2026.jpg\" alt=\"identit\u00e0 non \u00e8 fissa\" width=\"1200\" height=\"675\" srcset=\"https:\/\/www.frasicelebri.it\/news\/wp-content\/uploads\/2026\/08\/img-aforisma-ovidio-domani-ieri-oggi-2026.jpg 1200w, https:\/\/www.frasicelebri.it\/news\/wp-content\/uploads\/2026\/08\/img-aforisma-ovidio-domani-ieri-oggi-2026-300x169.jpg 300w, https:\/\/www.frasicelebri.it\/news\/wp-content\/uploads\/2026\/08\/img-aforisma-ovidio-domani-ieri-oggi-2026-150x84.jpg 150w, https:\/\/www.frasicelebri.it\/news\/wp-content\/uploads\/2026\/08\/img-aforisma-ovidio-domani-ieri-oggi-2026-768x432.jpg 768w\" sizes=\"auto, (max-width: 1200px) 100vw, 1200px\" \/><\/p>\n<h2>L\u2019identit\u00e0 non \u00e8 qualcosa di fisso<\/h2>\n<blockquote><p><em>&#8220;E non saremo domani quelli che fummo, n\u00e9 quelli che siamo.&#8221;<\/em><\/p><\/blockquote>\n<p>La struttura \u00e8 quella della doppia negazione applicata a due momenti del <a href=\"https:\/\/www.frasicelebri.it\/news\/frasi-di-seneca-sul-tempo\/\" target=\"_blank\" rel=\"noopener\">tempo<\/a>. Non quelli che fummo: quindi <strong>il passato non ci definisce in modo permanente e irrevocabile<\/strong>, non siamo condannati a restare quello che siamo stati. Non quelli che siamo: quindi <strong>neppure il presente \u00e8 la nostra forma definitiva e conclusa<\/strong>, c&#8217;\u00e8 ancora spazio per il cambiamento<strong>. Rimane aperto il futuro<\/strong>, che sar\u00e0 qualcosa di ancora diverso da entrambi i momenti passati, qualcosa che non si riesce ancora a immaginare del tutto.<\/p>\n<h3>Le Metamorfosi come filosofia<\/h3>\n<p>Non \u00e8 un caso che questa frase venga dall&#8217;autore delle <em>Metamorfosi<\/em>, l&#8217;opera monumentale in cui Ovidio racconta centinaia di trasformazioni mitologiche, di esseri che diventano completamente altro da quello che erano: uomini che diventano alberi, d\u00e8i che diventano animali, eroi che diventano stelle, tutto ci\u00f2 che esiste in continuo divenire.<\/p>\n<p>La <strong>metamorfosi<\/strong> non era per lui solo un tema letterario o mitologico da sfruttare narrativamente: era una visione profonda e coerente del mondo. <strong>La realt\u00e0 \u00e8 trasformazione continua<\/strong>, e gli esseri umani non fanno eccezione a questa legge universale.<\/p>\n<p>Penso a quante versioni di me stessa sono esistite nel tempo. Quella che ero a vent&#8217;anni, a trenta, e quella che sono oggi, non sono la stessa persona in modo meccanico, non cambio solo superficie lasciando invariato il nucleo. Si tratta di essere state persone genuinamente diverse, con priorit\u00e0 diverse, con visioni diverse, con paure diverse, con desideri diversi. Quello che sembrava impossibile rinunciare a trent&#8217;anni adesso sembra irrilevante. Quello che adesso sembra essenziale non esisteva nel campo del possibile a venti. Ovidio dice: questa non \u00e8 incoerenza da giustificare, non \u00e8 fragilit\u00e0, non \u00e8 mancanza di carattere. \u00c8 la forma normale e sana dell&#8217;esistenza umana.<\/p>\n<h3>Non quelli che fummo<\/h3>\n<p>&#8220;Non quelli che fummo&#8221;: liberazione dal passato inteso come prigione permanente. <strong>Quello che si \u00e8 stati non \u00e8 una condanna che ci accompagna per sempre<\/strong>. Le scelte di ieri non definiscono in modo irrevocabile chi si \u00e8 oggi. I fallimenti, gli errori, le versioni di s\u00e9 di cui si va meno fieri, le fasi che si vorrebbe non aver attraversato, appartiene a chi si era, non necessariamente a chi si \u00e8 o si sar\u00e0.<\/p>\n<p>Questa \u00e8 una delle idee pi\u00f9 liberatorie che esistano nella filosofia antica e moderna. <strong>Il passato non \u00e8 il nostro <\/strong><strong>destino<\/strong><strong> biologico<\/strong> e non \u00e8 una gabbia da cui non si esce. Eppure spesso ci comportiamo come se lo fosse, e non riusciamo a vederci al di l\u00e0 di quello che siamo stati, come se la nostra storia fosse la nostra condanna.<\/p>\n<h3>Non quelli che siamo<\/h3>\n<p>&#8220;N\u00e9 quelli che siamo&#8221;: liberazione anche dal presente come forma definitiva e conclusa. <strong>Chi si \u00e8 oggi non \u00e8 la versione ultima di se stessi<\/strong>. C&#8217;\u00e8 ancora cambiamento possibile, ancora trasformazione in corso, ancora versioni di s\u00e9 che non si sono ancora incontrate e che potrebbero sorprendere.<\/p>\n<p><strong>Leggi anche:<\/strong> <a href=\"https:\/\/www.frasicelebri.it\/news\/finche-sarai-felice-conterai-molti-amici-ma-se-tempi-fanno-grigi-sarai-solo-frase-di-ovidio\/\" target=\"_blank\" rel=\"noopener\">\u201cFinch\u00e9 sarai felice conterai molti amici, ma se i tempi si fanno pi\u00f9 grigi, sarai solo\u201d: una frase di Ovidio<\/a><\/p>\n","protected":false},"excerpt":{"rendered":"<p>Quante volte hai pensato di essere &#8220;fatto cos\u00ec&#8221;, come se l&#8217;identit\u00e0 fosse qualcosa di fisso, di gi\u00e0 deciso, di assolutamente immutabile nel tempo? Come se &#8230; <a title=\"Domani non sarai quello che sei stato ieri, n\u00e9 quello che sei oggi: Ovidio ci spiega perch\u00e9 l\u2019identit\u00e0 non \u00e8 fissa\" class=\"read-more\" href=\"https:\/\/www.frasicelebri.it\/news\/domani-non-sarai-quello-che-sei-stato-ieri-ne-quello-che-sei-oggi-ovidio-identita-non-e-fissa\/\" aria-label=\"More on Domani non sarai quello che sei stato ieri, n\u00e9 quello che sei oggi: Ovidio ci spiega perch\u00e9 l\u2019identit\u00e0 non \u00e8 fissa\">Leggi tutto<\/a><\/p>\n","protected":false},"author":12,"featured_media":47509,"comment_status":"closed","ping_status":"closed","sticky":false,"template":"","format":"standard","meta":{"footnotes":""},"categories":[42],"tags":[2224,1586,1983],"class_list":["post-47508","post","type-post","status-publish","format-standard","has-post-thumbnail","hentry","category-lifestyle","tag-frasi-sullessere","tag-frasi-sullidentita","tag-ovidio","resize-featured-image"],"yoast_head":"<!-- This site is optimized with the Yoast SEO plugin v25.2 - https:\/\/yoast.com\/wordpress\/plugins\/seo\/ -->\n<title>Domani non sarai quello che sei stato ieri, n\u00e9 quello che sei oggi: Ovidio ci spiega perch\u00e9 l\u2019identit\u00e0 non \u00e8 fissa - Frasicelebri.it<\/title>\n<meta name=\"description\" content=\"Una frase di Ovidio: domani non saremo quelli che eravamo ieri n\u00e9 quelli che siamo oggi, siamo in eterno cambiamento\" \/>\n<meta name=\"robots\" content=\"index, follow, max-snippet:-1, max-image-preview:large, max-video-preview:-1\" \/>\n<link rel=\"canonical\" href=\"https:\/\/www.frasicelebri.it\/news\/domani-non-sarai-quello-che-sei-stato-ieri-ne-quello-che-sei-oggi-ovidio-identita-non-e-fissa\/\" \/>\n<meta property=\"og:locale\" content=\"it_IT\" \/>\n<meta property=\"og:type\" content=\"article\" \/>\n<meta property=\"og:title\" content=\"Domani non sarai quello che sei stato ieri, n\u00e9 quello che sei oggi: Ovidio ci spiega perch\u00e9 l\u2019identit\u00e0 non \u00e8 fissa - Frasicelebri.it\" \/>\n<meta property=\"og:description\" content=\"Una frase di Ovidio: domani non saremo quelli che eravamo ieri n\u00e9 quelli che siamo oggi, siamo in eterno cambiamento\" \/>\n<meta property=\"og:url\" content=\"https:\/\/www.frasicelebri.it\/news\/domani-non-sarai-quello-che-sei-stato-ieri-ne-quello-che-sei-oggi-ovidio-identita-non-e-fissa\/\" \/>\n<meta property=\"og:site_name\" content=\"Frasicelebri.it\" \/>\n<meta property=\"article:published_time\" content=\"2026-08-30T06:40:19+00:00\" \/>\n<meta property=\"og:image\" content=\"https:\/\/www.frasicelebri.it\/news\/wp-content\/uploads\/2026\/08\/img-aforisma-ovidio-domani-ieri-oggi-2026.jpg\" \/>\n\t<meta property=\"og:image:width\" content=\"1200\" \/>\n\t<meta property=\"og:image:height\" content=\"675\" \/>\n\t<meta property=\"og:image:type\" content=\"image\/jpeg\" \/>\n<meta name=\"author\" content=\"Romina Cardia\" \/>\n<meta name=\"twitter:card\" content=\"summary_large_image\" \/>\n<meta name=\"twitter:label1\" content=\"Scritto da\" \/>\n\t<meta name=\"twitter:data1\" content=\"Romina Cardia\" \/>\n\t<meta name=\"twitter:label2\" content=\"Tempo di lettura stimato\" \/>\n\t<meta name=\"twitter:data2\" content=\"4 minuti\" \/>\n<script type=\"application\/ld+json\" class=\"yoast-schema-graph\">{\"@context\":\"https:\/\/schema.org\",\"@graph\":[{\"@type\":\"Article\",\"@id\":\"https:\/\/www.frasicelebri.it\/news\/domani-non-sarai-quello-che-sei-stato-ieri-ne-quello-che-sei-oggi-ovidio-identita-non-e-fissa\/#article\",\"isPartOf\":{\"@id\":\"https:\/\/www.frasicelebri.it\/news\/domani-non-sarai-quello-che-sei-stato-ieri-ne-quello-che-sei-oggi-ovidio-identita-non-e-fissa\/\"},\"author\":{\"name\":\"Romina Cardia\",\"@id\":\"https:\/\/www.frasicelebri.it\/news\/#\/schema\/person\/712303166008dc510236daeaf8087292\"},\"headline\":\"Domani non sarai quello che sei stato ieri, n\u00e9 quello che sei oggi: Ovidio ci spiega perch\u00e9 l\u2019identit\u00e0 non \u00e8 fissa\",\"datePublished\":\"2026-08-30T06:40:19+00:00\",\"mainEntityOfPage\":{\"@id\":\"https:\/\/www.frasicelebri.it\/news\/domani-non-sarai-quello-che-sei-stato-ieri-ne-quello-che-sei-oggi-ovidio-identita-non-e-fissa\/\"},\"wordCount\":593,\"publisher\":{\"@id\":\"https:\/\/www.frasicelebri.it\/news\/#organization\"},\"image\":{\"@id\":\"https:\/\/www.frasicelebri.it\/news\/domani-non-sarai-quello-che-sei-stato-ieri-ne-quello-che-sei-oggi-ovidio-identita-non-e-fissa\/#primaryimage\"},\"thumbnailUrl\":\"https:\/\/www.frasicelebri.it\/news\/wp-content\/uploads\/2026\/08\/img-aforisma-ovidio-domani-ieri-oggi-2026.jpg\",\"keywords\":[\"frasi sull'Essere\",\"frasi sull'identit\u00e0\",\"Ovidio\"],\"articleSection\":[\"LifeStyle\"],\"inLanguage\":\"it-IT\"},{\"@type\":\"WebPage\",\"@id\":\"https:\/\/www.frasicelebri.it\/news\/domani-non-sarai-quello-che-sei-stato-ieri-ne-quello-che-sei-oggi-ovidio-identita-non-e-fissa\/\",\"url\":\"https:\/\/www.frasicelebri.it\/news\/domani-non-sarai-quello-che-sei-stato-ieri-ne-quello-che-sei-oggi-ovidio-identita-non-e-fissa\/\",\"name\":\"Domani non sarai quello che sei stato ieri, n\u00e9 quello che sei oggi: Ovidio ci spiega perch\u00e9 l\u2019identit\u00e0 non \u00e8 fissa - Frasicelebri.it\",\"isPartOf\":{\"@id\":\"https:\/\/www.frasicelebri.it\/news\/#website\"},\"primaryImageOfPage\":{\"@id\":\"https:\/\/www.frasicelebri.it\/news\/domani-non-sarai-quello-che-sei-stato-ieri-ne-quello-che-sei-oggi-ovidio-identita-non-e-fissa\/#primaryimage\"},\"image\":{\"@id\":\"https:\/\/www.frasicelebri.it\/news\/domani-non-sarai-quello-che-sei-stato-ieri-ne-quello-che-sei-oggi-ovidio-identita-non-e-fissa\/#primaryimage\"},\"thumbnailUrl\":\"https:\/\/www.frasicelebri.it\/news\/wp-content\/uploads\/2026\/08\/img-aforisma-ovidio-domani-ieri-oggi-2026.jpg\",\"datePublished\":\"2026-08-30T06:40:19+00:00\",\"description\":\"Una frase di Ovidio: domani non saremo quelli che eravamo ieri n\u00e9 quelli che siamo oggi, siamo in eterno cambiamento\",\"breadcrumb\":{\"@id\":\"https:\/\/www.frasicelebri.it\/news\/domani-non-sarai-quello-che-sei-stato-ieri-ne-quello-che-sei-oggi-ovidio-identita-non-e-fissa\/#breadcrumb\"},\"inLanguage\":\"it-IT\",\"potentialAction\":[{\"@type\":\"ReadAction\",\"target\":[\"https:\/\/www.frasicelebri.it\/news\/domani-non-sarai-quello-che-sei-stato-ieri-ne-quello-che-sei-oggi-ovidio-identita-non-e-fissa\/\"]}]},{\"@type\":\"ImageObject\",\"inLanguage\":\"it-IT\",\"@id\":\"https:\/\/www.frasicelebri.it\/news\/domani-non-sarai-quello-che-sei-stato-ieri-ne-quello-che-sei-oggi-ovidio-identita-non-e-fissa\/#primaryimage\",\"url\":\"https:\/\/www.frasicelebri.it\/news\/wp-content\/uploads\/2026\/08\/img-aforisma-ovidio-domani-ieri-oggi-2026.jpg\",\"contentUrl\":\"https:\/\/www.frasicelebri.it\/news\/wp-content\/uploads\/2026\/08\/img-aforisma-ovidio-domani-ieri-oggi-2026.jpg\",\"width\":1200,\"height\":675,\"caption\":\"identit\u00e0 non \u00e8 fissa\"},{\"@type\":\"BreadcrumbList\",\"@id\":\"https:\/\/www.frasicelebri.it\/news\/domani-non-sarai-quello-che-sei-stato-ieri-ne-quello-che-sei-oggi-ovidio-identita-non-e-fissa\/#breadcrumb\",\"itemListElement\":[{\"@type\":\"ListItem\",\"position\":1,\"name\":\"Home\",\"item\":\"https:\/\/www.frasicelebri.it\/news\/\"},{\"@type\":\"ListItem\",\"position\":2,\"name\":\"Domani non sarai quello che sei stato ieri, n\u00e9 quello che sei oggi: Ovidio ci spiega perch\u00e9 l\u2019identit\u00e0 non \u00e8 fissa\"}]},{\"@type\":\"WebSite\",\"@id\":\"https:\/\/www.frasicelebri.it\/news\/#website\",\"url\":\"https:\/\/www.frasicelebri.it\/news\/\",\"name\":\"Frasicelebri.it\",\"description\":\"News Frasicelebri.it\",\"publisher\":{\"@id\":\"https:\/\/www.frasicelebri.it\/news\/#organization\"},\"potentialAction\":[{\"@type\":\"SearchAction\",\"target\":{\"@type\":\"EntryPoint\",\"urlTemplate\":\"https:\/\/www.frasicelebri.it\/news\/?s={search_term_string}\"},\"query-input\":{\"@type\":\"PropertyValueSpecification\",\"valueRequired\":true,\"valueName\":\"search_term_string\"}}],\"inLanguage\":\"it-IT\"},{\"@type\":\"Organization\",\"@id\":\"https:\/\/www.frasicelebri.it\/news\/#organization\",\"name\":\"Frasicelebri.it\",\"url\":\"https:\/\/www.frasicelebri.it\/news\/\",\"logo\":{\"@type\":\"ImageObject\",\"inLanguage\":\"it-IT\",\"@id\":\"https:\/\/www.frasicelebri.it\/news\/#\/schema\/logo\/image\/\",\"url\":\"https:\/\/i0.wp.com\/www.frasicelebri.it\/news\/wp-content\/uploads\/2024\/07\/logo-quadrato-drasicelebri.it_.jpg?fit=696%2C696&ssl=1\",\"contentUrl\":\"https:\/\/i0.wp.com\/www.frasicelebri.it\/news\/wp-content\/uploads\/2024\/07\/logo-quadrato-drasicelebri.it_.jpg?fit=696%2C696&ssl=1\",\"width\":696,\"height\":696,\"caption\":\"Frasicelebri.it\"},\"image\":{\"@id\":\"https:\/\/www.frasicelebri.it\/news\/#\/schema\/logo\/image\/\"}},{\"@type\":\"Person\",\"@id\":\"https:\/\/www.frasicelebri.it\/news\/#\/schema\/person\/712303166008dc510236daeaf8087292\",\"name\":\"Romina Cardia\",\"image\":{\"@type\":\"ImageObject\",\"inLanguage\":\"it-IT\",\"@id\":\"https:\/\/www.frasicelebri.it\/news\/#\/schema\/person\/image\/\",\"url\":\"https:\/\/secure.gravatar.com\/avatar\/3e5e6b2db28152a0b375be65cf3c10de530bea4ef9e01218d9ba068752898bda?s=96&d=mm&r=g\",\"contentUrl\":\"https:\/\/secure.gravatar.com\/avatar\/3e5e6b2db28152a0b375be65cf3c10de530bea4ef9e01218d9ba068752898bda?s=96&d=mm&r=g\",\"caption\":\"Romina Cardia\"},\"url\":\"https:\/\/www.frasicelebri.it\/news\/author\/romina\/\"}]}<\/script>\n<!-- \/ Yoast SEO plugin. -->","yoast_head_json":{"title":"Domani non sarai quello che sei stato ieri, n\u00e9 quello che sei oggi: Ovidio ci spiega perch\u00e9 l\u2019identit\u00e0 non \u00e8 fissa - Frasicelebri.it","description":"Una frase di Ovidio: domani non saremo quelli che eravamo ieri n\u00e9 quelli che siamo oggi, siamo in eterno cambiamento","robots":{"index":"index","follow":"follow","max-snippet":"max-snippet:-1","max-image-preview":"max-image-preview:large","max-video-preview":"max-video-preview:-1"},"canonical":"https:\/\/www.frasicelebri.it\/news\/domani-non-sarai-quello-che-sei-stato-ieri-ne-quello-che-sei-oggi-ovidio-identita-non-e-fissa\/","og_locale":"it_IT","og_type":"article","og_title":"Domani non sarai quello che sei stato ieri, n\u00e9 quello che sei oggi: Ovidio ci spiega perch\u00e9 l\u2019identit\u00e0 non \u00e8 fissa - Frasicelebri.it","og_description":"Una frase di Ovidio: domani non saremo quelli che eravamo ieri n\u00e9 quelli che siamo oggi, siamo in eterno cambiamento","og_url":"https:\/\/www.frasicelebri.it\/news\/domani-non-sarai-quello-che-sei-stato-ieri-ne-quello-che-sei-oggi-ovidio-identita-non-e-fissa\/","og_site_name":"Frasicelebri.it","article_published_time":"2026-08-30T06:40:19+00:00","og_image":[{"width":1200,"height":675,"url":"https:\/\/www.frasicelebri.it\/news\/wp-content\/uploads\/2026\/08\/img-aforisma-ovidio-domani-ieri-oggi-2026.jpg","type":"image\/jpeg"}],"author":"Romina Cardia","twitter_card":"summary_large_image","twitter_misc":{"Scritto da":"Romina Cardia","Tempo di lettura stimato":"4 minuti"},"schema":{"@context":"https:\/\/schema.org","@graph":[{"@type":"Article","@id":"https:\/\/www.frasicelebri.it\/news\/domani-non-sarai-quello-che-sei-stato-ieri-ne-quello-che-sei-oggi-ovidio-identita-non-e-fissa\/#article","isPartOf":{"@id":"https:\/\/www.frasicelebri.it\/news\/domani-non-sarai-quello-che-sei-stato-ieri-ne-quello-che-sei-oggi-ovidio-identita-non-e-fissa\/"},"author":{"name":"Romina Cardia","@id":"https:\/\/www.frasicelebri.it\/news\/#\/schema\/person\/712303166008dc510236daeaf8087292"},"headline":"Domani non sarai quello che sei stato ieri, n\u00e9 quello che sei oggi: Ovidio ci spiega perch\u00e9 l\u2019identit\u00e0 non \u00e8 fissa","datePublished":"2026-08-30T06:40:19+00:00","mainEntityOfPage":{"@id":"https:\/\/www.frasicelebri.it\/news\/domani-non-sarai-quello-che-sei-stato-ieri-ne-quello-che-sei-oggi-ovidio-identita-non-e-fissa\/"},"wordCount":593,"publisher":{"@id":"https:\/\/www.frasicelebri.it\/news\/#organization"},"image":{"@id":"https:\/\/www.frasicelebri.it\/news\/domani-non-sarai-quello-che-sei-stato-ieri-ne-quello-che-sei-oggi-ovidio-identita-non-e-fissa\/#primaryimage"},"thumbnailUrl":"https:\/\/www.frasicelebri.it\/news\/wp-content\/uploads\/2026\/08\/img-aforisma-ovidio-domani-ieri-oggi-2026.jpg","keywords":["frasi sull'Essere","frasi sull'identit\u00e0","Ovidio"],"articleSection":["LifeStyle"],"inLanguage":"it-IT"},{"@type":"WebPage","@id":"https:\/\/www.frasicelebri.it\/news\/domani-non-sarai-quello-che-sei-stato-ieri-ne-quello-che-sei-oggi-ovidio-identita-non-e-fissa\/","url":"https:\/\/www.frasicelebri.it\/news\/domani-non-sarai-quello-che-sei-stato-ieri-ne-quello-che-sei-oggi-ovidio-identita-non-e-fissa\/","name":"Domani non sarai quello che sei stato ieri, n\u00e9 quello che sei oggi: Ovidio ci spiega perch\u00e9 l\u2019identit\u00e0 non \u00e8 fissa - Frasicelebri.it","isPartOf":{"@id":"https:\/\/www.frasicelebri.it\/news\/#website"},"primaryImageOfPage":{"@id":"https:\/\/www.frasicelebri.it\/news\/domani-non-sarai-quello-che-sei-stato-ieri-ne-quello-che-sei-oggi-ovidio-identita-non-e-fissa\/#primaryimage"},"image":{"@id":"https:\/\/www.frasicelebri.it\/news\/domani-non-sarai-quello-che-sei-stato-ieri-ne-quello-che-sei-oggi-ovidio-identita-non-e-fissa\/#primaryimage"},"thumbnailUrl":"https:\/\/www.frasicelebri.it\/news\/wp-content\/uploads\/2026\/08\/img-aforisma-ovidio-domani-ieri-oggi-2026.jpg","datePublished":"2026-08-30T06:40:19+00:00","description":"Una frase di Ovidio: domani non saremo quelli che eravamo ieri n\u00e9 quelli che siamo oggi, siamo in eterno cambiamento","breadcrumb":{"@id":"https:\/\/www.frasicelebri.it\/news\/domani-non-sarai-quello-che-sei-stato-ieri-ne-quello-che-sei-oggi-ovidio-identita-non-e-fissa\/#breadcrumb"},"inLanguage":"it-IT","potentialAction":[{"@type":"ReadAction","target":["https:\/\/www.frasicelebri.it\/news\/domani-non-sarai-quello-che-sei-stato-ieri-ne-quello-che-sei-oggi-ovidio-identita-non-e-fissa\/"]}]},{"@type":"ImageObject","inLanguage":"it-IT","@id":"https:\/\/www.frasicelebri.it\/news\/domani-non-sarai-quello-che-sei-stato-ieri-ne-quello-che-sei-oggi-ovidio-identita-non-e-fissa\/#primaryimage","url":"https:\/\/www.frasicelebri.it\/news\/wp-content\/uploads\/2026\/08\/img-aforisma-ovidio-domani-ieri-oggi-2026.jpg","contentUrl":"https:\/\/www.frasicelebri.it\/news\/wp-content\/uploads\/2026\/08\/img-aforisma-ovidio-domani-ieri-oggi-2026.jpg","width":1200,"height":675,"caption":"identit\u00e0 non \u00e8 fissa"},{"@type":"BreadcrumbList","@id":"https:\/\/www.frasicelebri.it\/news\/domani-non-sarai-quello-che-sei-stato-ieri-ne-quello-che-sei-oggi-ovidio-identita-non-e-fissa\/#breadcrumb","itemListElement":[{"@type":"ListItem","position":1,"name":"Home","item":"https:\/\/www.frasicelebri.it\/news\/"},{"@type":"ListItem","position":2,"name":"Domani non sarai quello che sei stato ieri, n\u00e9 quello che sei oggi: Ovidio ci spiega perch\u00e9 l\u2019identit\u00e0 non \u00e8 fissa"}]},{"@type":"WebSite","@id":"https:\/\/www.frasicelebri.it\/news\/#website","url":"https:\/\/www.frasicelebri.it\/news\/","name":"Frasicelebri.it","description":"News Frasicelebri.it","publisher":{"@id":"https:\/\/www.frasicelebri.it\/news\/#organization"},"potentialAction":[{"@type":"SearchAction","target":{"@type":"EntryPoint","urlTemplate":"https:\/\/www.frasicelebri.it\/news\/?s={search_term_string}"},"query-input":{"@type":"PropertyValueSpecification","valueRequired":true,"valueName":"search_term_string"}}],"inLanguage":"it-IT"},{"@type":"Organization","@id":"https:\/\/www.frasicelebri.it\/news\/#organization","name":"Frasicelebri.it","url":"https:\/\/www.frasicelebri.it\/news\/","logo":{"@type":"ImageObject","inLanguage":"it-IT","@id":"https:\/\/www.frasicelebri.it\/news\/#\/schema\/logo\/image\/","url":"https:\/\/i0.wp.com\/www.frasicelebri.it\/news\/wp-content\/uploads\/2024\/07\/logo-quadrato-drasicelebri.it_.jpg?fit=696%2C696&ssl=1","contentUrl":"https:\/\/i0.wp.com\/www.frasicelebri.it\/news\/wp-content\/uploads\/2024\/07\/logo-quadrato-drasicelebri.it_.jpg?fit=696%2C696&ssl=1","width":696,"height":696,"caption":"Frasicelebri.it"},"image":{"@id":"https:\/\/www.frasicelebri.it\/news\/#\/schema\/logo\/image\/"}},{"@type":"Person","@id":"https:\/\/www.frasicelebri.it\/news\/#\/schema\/person\/712303166008dc510236daeaf8087292","name":"Romina Cardia","image":{"@type":"ImageObject","inLanguage":"it-IT","@id":"https:\/\/www.frasicelebri.it\/news\/#\/schema\/person\/image\/","url":"https:\/\/secure.gravatar.com\/avatar\/3e5e6b2db28152a0b375be65cf3c10de530bea4ef9e01218d9ba068752898bda?s=96&d=mm&r=g","contentUrl":"https:\/\/secure.gravatar.com\/avatar\/3e5e6b2db28152a0b375be65cf3c10de530bea4ef9e01218d9ba068752898bda?s=96&d=mm&r=g","caption":"Romina Cardia"},"url":"https:\/\/www.frasicelebri.it\/news\/author\/romina\/"}]}},"jetpack_featured_media_url":"https:\/\/www.frasicelebri.it\/news\/wp-content\/uploads\/2026\/08\/img-aforisma-ovidio-domani-ieri-oggi-2026.jpg","jetpack_shortlink":"https:\/\/wp.me\/pfDJqh-cmg","_links":{"self":[{"href":"https:\/\/www.frasicelebri.it\/news\/wp-json\/wp\/v2\/posts\/47508","targetHints":{"allow":["GET"]}}],"collection":[{"href":"https:\/\/www.frasicelebri.it\/news\/wp-json\/wp\/v2\/posts"}],"about":[{"href":"https:\/\/www.frasicelebri.it\/news\/wp-json\/wp\/v2\/types\/post"}],"author":[{"embeddable":true,"href":"https:\/\/www.frasicelebri.it\/news\/wp-json\/wp\/v2\/users\/12"}],"replies":[{"embeddable":true,"href":"https:\/\/www.frasicelebri.it\/news\/wp-json\/wp\/v2\/comments?post=47508"}],"version-history":[{"count":2,"href":"https:\/\/www.frasicelebri.it\/news\/wp-json\/wp\/v2\/posts\/47508\/revisions"}],"predecessor-version":[{"id":47536,"href":"https:\/\/www.frasicelebri.it\/news\/wp-json\/wp\/v2\/posts\/47508\/revisions\/47536"}],"wp:featuredmedia":[{"embeddable":true,"href":"https:\/\/www.frasicelebri.it\/news\/wp-json\/wp\/v2\/media\/47509"}],"wp:attachment":[{"href":"https:\/\/www.frasicelebri.it\/news\/wp-json\/wp\/v2\/media?parent=47508"}],"wp:term":[{"taxonomy":"category","embeddable":true,"href":"https:\/\/www.frasicelebri.it\/news\/wp-json\/wp\/v2\/categories?post=47508"},{"taxonomy":"post_tag","embeddable":true,"href":"https:\/\/www.frasicelebri.it\/news\/wp-json\/wp\/v2\/tags?post=47508"}],"curies":[{"name":"wp","href":"https:\/\/api.w.org\/{rel}","templated":true}]}}