{"id":47517,"date":"2026-08-31T11:40:00","date_gmt":"2026-08-31T09:40:00","guid":{"rendered":"https:\/\/www.frasicelebri.it\/news\/?p=47517"},"modified":"2026-08-31T14:39:41","modified_gmt":"2026-08-31T12:39:41","slug":"massimo-recalcati-nascita-fratello-trauma-puo-insegnare-io-non-centro-tutto","status":"publish","type":"post","link":"https:\/\/www.frasicelebri.it\/news\/massimo-recalcati-nascita-fratello-trauma-puo-insegnare-io-non-centro-tutto\/","title":{"rendered":"Massimo Recalcati: &#8220;la nascita di un fratello \u00e8 un trauma&#8221;, ma pu\u00f2 insegnare che l&#8217;Io non \u00e8 il centro di tutto"},"content":{"rendered":"<p><strong>Arriva il fratello o la sorella, e il mondo cambia tutto<\/strong>. Non solo i ritmi di casa, non solo l&#8217;attenzione dei genitori che si divide e non \u00e8 pi\u00f9 tutta l\u00ec, solo per lui o lei. Qualcosa cambia in modo molto pi\u00f9 profondo e molto pi\u00f9 strutturale: nell&#8217;immagine che il bambino ha di se stesso, del posto che occupa nel mondo, del ruolo che ha nella famiglia. Qualcosa che sembrava dato e definitivo &#8211; essere l&#8217;unico &#8211; improvvisamente non lo \u00e8 pi\u00f9. <strong>Massimo Recalcati<\/strong> lo chiama con una parola precisa che non lascia spazio all&#8217;ambiguit\u00e0: trauma.<\/p>\n<p><img loading=\"lazy\" decoding=\"async\" class=\"alignnone size-full wp-image-47518\" src=\"https:\/\/www.frasicelebri.it\/news\/wp-content\/uploads\/2026\/08\/img-frase-recalcati-nascita-fratello-2026.jpg\" alt=\"la nascita di un fratello \u00e8 un trauma\" width=\"1200\" height=\"675\" srcset=\"https:\/\/www.frasicelebri.it\/news\/wp-content\/uploads\/2026\/08\/img-frase-recalcati-nascita-fratello-2026.jpg 1200w, https:\/\/www.frasicelebri.it\/news\/wp-content\/uploads\/2026\/08\/img-frase-recalcati-nascita-fratello-2026-300x169.jpg 300w, https:\/\/www.frasicelebri.it\/news\/wp-content\/uploads\/2026\/08\/img-frase-recalcati-nascita-fratello-2026-150x84.jpg 150w, https:\/\/www.frasicelebri.it\/news\/wp-content\/uploads\/2026\/08\/img-frase-recalcati-nascita-fratello-2026-768x432.jpg 768w\" sizes=\"auto, (max-width: 1200px) 100vw, 1200px\" \/><\/p>\n<h2>Cosa succede quando arriva un fratello o una sorella secondo Massimo Recalcati<\/h2>\n<blockquote><p><em>&#8220;La nascita del fratello o della sorella \u00e8 un trauma, perch\u00e9 spezza il fantasma di essere il figlio unico. Divide l&#8217;uno: l&#8217;uno si fa diviso in due a causa della nascita di un fratello o di una sorella, e questo comporta un trauma che pu\u00f2 essere o radicalmente traumatico, oppure virtuoso. C&#8217;\u00e8 il trauma virtuoso in cui benedetto il fratello o la sorella che insegna traumaticamente che l&#8217;Io non \u00e8 il centro di tutto.&#8221;<\/em><\/p><\/blockquote>\n<p>La struttura del ragionamento di Recalcati \u00e8 quella della distinzione fondamentale: non tutto il trauma \u00e8 uguale nella sua natura, e non tutto il trauma \u00e8 qualcosa da evitare o da considerare necessariamente negativo.<\/p>\n<h3>Il fantasma del figlio unico<\/h3>\n<p>&#8220;Spezza il fantasma di essere il figlio unico\u201d: questa \u00e8 la formulazione pi\u00f9 precisa e pi\u00f9 illuminante. Non si tratta solo del bambino che era figlio unico e ora non lo \u00e8 pi\u00f9 in senso anagrafico: si tratta di qualcosa di molto pi\u00f9 profondo, di <strong>un&#8217;illusione fondante che crolla.<\/strong> L&#8217;illusione di essere l&#8217;unico, il centro, il punto inamovibile attorno a cui il mondo dei <a href=\"https:\/\/www.frasicelebri.it\/news\/frasi-di-massimo-recalcati-sui-genitori\/\" target=\"_blank\" rel=\"noopener\">genitori<\/a> ruota completamente e sempre.<\/p>\n<p>Quell\u2019illusione non \u00e8 necessariamente negativa nella primissima infanzia, anzi, \u00e8 funzionale alla costruzione di un senso di s\u00e9 sufficientemente stabile. Ma tenerla indefinitamente, non doverla mai mettere in discussione, sarebbe un problema molto pi\u00f9 grande di qualsiasi trauma.<\/p>\n<h3>Il trauma radicalmente traumatico<\/h3>\n<p>C&#8217;\u00e8 una versione del trauma in cui <strong>la nascita del fratello produce una ferita che non si elabora<\/strong>, una rivalit\u00e0 che non si trasforma in qualcosa di pi\u00f9 ricco, una perdita di centralit\u00e0 che diventa rancore permanente o insicurezza profonda che si porta a lungo. Questo accade quando l&#8217;ambiente familiare non aiuta il bambino a dare senso e significato a quello che sta attraversando, quando non c&#8217;\u00e8 spazio sufficiente per il dolore e per la necessaria riorganizzazione della propria immagine.<\/p>\n<h3>Il trauma virtuoso<\/h3>\n<p>E poi c&#8217;\u00e8 il <strong>trauma virtuoso<\/strong>: &#8220;<em>benedetto il fratello o la sorella che insegna traumaticamente che l&#8217;Io non \u00e8 il centro di tutto.&#8221;<\/em> Quella parola, &#8220;benedetto&#8221;, \u00e8 la pi\u00f9 bella e la pi\u00f9 inaspettata di tutta la frase. <strong>Il fratello o la sorella come dono prezioso<\/strong> proprio nel momento in cui sembra una minaccia alla propria centralit\u00e0.<\/p>\n<p>Perch\u00e9 imparare che <strong>l&#8217;Io non \u00e8 il centro di tutto<\/strong> \u00e8 una delle lezioni pi\u00f9 importanti e pi\u00f9 fondamentali della vita. Si impara a condividere, ad aspettare, a negoziare, a stare in relazione con qualcuno che non \u00e8 scelto ma \u00e8 dato. Si impara che <strong>il mondo non ruota attorno a noi.<\/strong> e questa \u00e8 la base di qualsiasi relazione autentica con gli altri.<\/p>\n<p><strong><em>Massimo Recalcati<\/em><\/strong><em> \u00e8 psicoanalista lacaniano, professore universitario e autore di opere fondamentali sulla famiglia, il <\/em><em>desiderio<\/em><em> e il lutto, tra cui <\/em><a href=\"https:\/\/www.frasicelebri.it\/s-libro\/il-complesso-di-telemaco-genitori-e-figli-dopo-il-tramonto-del-padre\/\" target=\"_blank\" rel=\"noopener\"><em>Il complesso di Telemaco<\/em><\/a><em> e Le mani della madre.<\/em><\/p>\n<h3><strong>Altre frasi di Massimo Recalcati<\/strong><\/h3>\n<ul>\n<li><em>\u201cCiascun\u00a0genitore\u00a0\u00e8 chiamato a\u00a0educare\u00a0i suoi\u00a0figli\u00a0solo a\u00a0partire\u00a0dalla propria\u00a0insufficienza, esponendosi al\u00a0rischio\u00a0dell\u2019errore\u00a0e del\u00a0fallimento. Per questa\u00a0ragione\u00a0i migliori non sono quelli che si offrono ai loro\u00a0figli\u00a0come esemplari, ma come consapevoli del\u00a0carattere\u00a0impossibile\u00a0del loro\u00a0mestiere.\u201d<\/em><\/li>\n<li><em>\u201cL\u2019angoscia prevalente dei genitori ipermoderni \u00e8 quella di essere sufficientemente amati dai loro figli. Si tratta di un\u2019aberrazione generazionale.\u201d<\/em><\/li>\n<li><em>\u201cIl compito dei genitori \u00e8 un compito impossibile. Come governare e psicoanalizzare.\u201d<\/em><\/li>\n<li><em>\u201cLa domanda di padre che oggi attraversa il disagio della giovinezza non \u00e8 una domanda di potere e di disciplina, ma di testimonianza.\u201d<\/em><\/li>\n<li><em>\u201cIl punto \u00e8 che educare non significa condurre lungo una via gi\u00e0 tracciata, ma, a partire dalle proprie radici, spingere verso la possibilit\u00e0 inedita di fare esperienza dell\u2019apertura dei mondi.\u201d<\/em><\/li>\n<\/ul>\n<p><strong>Leggi anche:<\/strong> <a href=\"https:\/\/www.frasicelebri.it\/news\/recalcati-la-madre-come-dio-conosce-numero-esatto-capelli-ogni-figlio-insegna-cura-particolare\/\" target=\"_blank\" rel=\"noopener\">Recalcati: \u201cLa madre, come Dio, conosce il numero esatto dei capelli di ogni figlio\u201d, ci insegna la cura del particolare<\/a><\/p>\n","protected":false},"excerpt":{"rendered":"<p>Arriva il fratello o la sorella, e il mondo cambia tutto. Non solo i ritmi di casa, non solo l&#8217;attenzione dei genitori che si divide &#8230; <a title=\"Massimo Recalcati: &#8220;la nascita di un fratello \u00e8 un trauma&#8221;, ma pu\u00f2 insegnare che l&#8217;Io non \u00e8 il centro di tutto\" class=\"read-more\" href=\"https:\/\/www.frasicelebri.it\/news\/massimo-recalcati-nascita-fratello-trauma-puo-insegnare-io-non-centro-tutto\/\" aria-label=\"More on Massimo Recalcati: &#8220;la nascita di un fratello \u00e8 un trauma&#8221;, ma pu\u00f2 insegnare che l&#8217;Io non \u00e8 il centro di tutto\">Leggi tutto<\/a><\/p>\n","protected":false},"author":12,"featured_media":47518,"comment_status":"closed","ping_status":"closed","sticky":false,"template":"","format":"standard","meta":{"footnotes":""},"categories":[676],"tags":[2227,1307],"class_list":["post-47517","post","type-post","status-publish","format-standard","has-post-thumbnail","hentry","category-spettacolo","tag-frasi-sulla-nascita-di-un-fratello","tag-massimo-recalcati","resize-featured-image"],"yoast_head":"<!-- This site is optimized with the Yoast SEO plugin v25.2 - https:\/\/yoast.com\/wordpress\/plugins\/seo\/ -->\n<title>Massimo Recalcati: &quot;la nascita di un fratello \u00e8 un trauma&quot;, ma pu\u00f2 insegnare che l&#039;Io non \u00e8 il centro di tutto - Frasicelebri.it<\/title>\n<meta name=\"description\" content=\"Una frase di Massimo Recalcati: la nascita del fratello \u00e8 un trauma che pu\u00f2 essere virtuoso se insegna che l&#039;Io non \u00e8 il centro di tutto\" \/>\n<meta name=\"robots\" content=\"index, follow, max-snippet:-1, max-image-preview:large, max-video-preview:-1\" \/>\n<link rel=\"canonical\" href=\"https:\/\/www.frasicelebri.it\/news\/massimo-recalcati-nascita-fratello-trauma-puo-insegnare-io-non-centro-tutto\/\" \/>\n<meta property=\"og:locale\" content=\"it_IT\" \/>\n<meta property=\"og:type\" content=\"article\" \/>\n<meta property=\"og:title\" content=\"Massimo Recalcati: &quot;la nascita di un fratello \u00e8 un trauma&quot;, ma pu\u00f2 insegnare che l&#039;Io non \u00e8 il centro di tutto - Frasicelebri.it\" \/>\n<meta property=\"og:description\" content=\"Una frase di Massimo Recalcati: la nascita del fratello \u00e8 un trauma che pu\u00f2 essere virtuoso se insegna che l&#039;Io non \u00e8 il centro di tutto\" \/>\n<meta property=\"og:url\" content=\"https:\/\/www.frasicelebri.it\/news\/massimo-recalcati-nascita-fratello-trauma-puo-insegnare-io-non-centro-tutto\/\" \/>\n<meta property=\"og:site_name\" content=\"Frasicelebri.it\" \/>\n<meta property=\"article:published_time\" content=\"2026-08-31T09:40:00+00:00\" \/>\n<meta property=\"article:modified_time\" content=\"2026-08-31T12:39:41+00:00\" \/>\n<meta property=\"og:image\" content=\"https:\/\/www.frasicelebri.it\/news\/wp-content\/uploads\/2026\/08\/img-frase-recalcati-nascita-fratello-2026.jpg\" \/>\n\t<meta property=\"og:image:width\" content=\"1200\" \/>\n\t<meta property=\"og:image:height\" content=\"675\" \/>\n\t<meta property=\"og:image:type\" content=\"image\/jpeg\" \/>\n<meta name=\"author\" content=\"Romina Cardia\" \/>\n<meta name=\"twitter:card\" content=\"summary_large_image\" \/>\n<meta name=\"twitter:label1\" content=\"Scritto da\" \/>\n\t<meta name=\"twitter:data1\" content=\"Romina Cardia\" \/>\n\t<meta name=\"twitter:label2\" content=\"Tempo di lettura stimato\" \/>\n\t<meta name=\"twitter:data2\" content=\"4 minuti\" \/>\n<script type=\"application\/ld+json\" class=\"yoast-schema-graph\">{\"@context\":\"https:\/\/schema.org\",\"@graph\":[{\"@type\":\"Article\",\"@id\":\"https:\/\/www.frasicelebri.it\/news\/massimo-recalcati-nascita-fratello-trauma-puo-insegnare-io-non-centro-tutto\/#article\",\"isPartOf\":{\"@id\":\"https:\/\/www.frasicelebri.it\/news\/massimo-recalcati-nascita-fratello-trauma-puo-insegnare-io-non-centro-tutto\/\"},\"author\":{\"name\":\"Romina Cardia\",\"@id\":\"https:\/\/www.frasicelebri.it\/news\/#\/schema\/person\/712303166008dc510236daeaf8087292\"},\"headline\":\"Massimo Recalcati: &#8220;la nascita di un fratello \u00e8 un trauma&#8221;, ma pu\u00f2 insegnare che l&#8217;Io non \u00e8 il centro di tutto\",\"datePublished\":\"2026-08-31T09:40:00+00:00\",\"dateModified\":\"2026-08-31T12:39:41+00:00\",\"mainEntityOfPage\":{\"@id\":\"https:\/\/www.frasicelebri.it\/news\/massimo-recalcati-nascita-fratello-trauma-puo-insegnare-io-non-centro-tutto\/\"},\"wordCount\":738,\"publisher\":{\"@id\":\"https:\/\/www.frasicelebri.it\/news\/#organization\"},\"image\":{\"@id\":\"https:\/\/www.frasicelebri.it\/news\/massimo-recalcati-nascita-fratello-trauma-puo-insegnare-io-non-centro-tutto\/#primaryimage\"},\"thumbnailUrl\":\"https:\/\/www.frasicelebri.it\/news\/wp-content\/uploads\/2026\/08\/img-frase-recalcati-nascita-fratello-2026.jpg\",\"keywords\":[\"frasi sulla nascita di un fratello\",\"Massimo Recalcati\"],\"articleSection\":[\"Spettacolo\"],\"inLanguage\":\"it-IT\"},{\"@type\":\"WebPage\",\"@id\":\"https:\/\/www.frasicelebri.it\/news\/massimo-recalcati-nascita-fratello-trauma-puo-insegnare-io-non-centro-tutto\/\",\"url\":\"https:\/\/www.frasicelebri.it\/news\/massimo-recalcati-nascita-fratello-trauma-puo-insegnare-io-non-centro-tutto\/\",\"name\":\"Massimo Recalcati: \\\"la nascita di un fratello \u00e8 un trauma\\\", ma pu\u00f2 insegnare che l'Io non \u00e8 il centro di tutto - Frasicelebri.it\",\"isPartOf\":{\"@id\":\"https:\/\/www.frasicelebri.it\/news\/#website\"},\"primaryImageOfPage\":{\"@id\":\"https:\/\/www.frasicelebri.it\/news\/massimo-recalcati-nascita-fratello-trauma-puo-insegnare-io-non-centro-tutto\/#primaryimage\"},\"image\":{\"@id\":\"https:\/\/www.frasicelebri.it\/news\/massimo-recalcati-nascita-fratello-trauma-puo-insegnare-io-non-centro-tutto\/#primaryimage\"},\"thumbnailUrl\":\"https:\/\/www.frasicelebri.it\/news\/wp-content\/uploads\/2026\/08\/img-frase-recalcati-nascita-fratello-2026.jpg\",\"datePublished\":\"2026-08-31T09:40:00+00:00\",\"dateModified\":\"2026-08-31T12:39:41+00:00\",\"description\":\"Una frase di Massimo Recalcati: la nascita del fratello \u00e8 un trauma che pu\u00f2 essere virtuoso se insegna che l'Io non \u00e8 il centro di tutto\",\"breadcrumb\":{\"@id\":\"https:\/\/www.frasicelebri.it\/news\/massimo-recalcati-nascita-fratello-trauma-puo-insegnare-io-non-centro-tutto\/#breadcrumb\"},\"inLanguage\":\"it-IT\",\"potentialAction\":[{\"@type\":\"ReadAction\",\"target\":[\"https:\/\/www.frasicelebri.it\/news\/massimo-recalcati-nascita-fratello-trauma-puo-insegnare-io-non-centro-tutto\/\"]}]},{\"@type\":\"ImageObject\",\"inLanguage\":\"it-IT\",\"@id\":\"https:\/\/www.frasicelebri.it\/news\/massimo-recalcati-nascita-fratello-trauma-puo-insegnare-io-non-centro-tutto\/#primaryimage\",\"url\":\"https:\/\/www.frasicelebri.it\/news\/wp-content\/uploads\/2026\/08\/img-frase-recalcati-nascita-fratello-2026.jpg\",\"contentUrl\":\"https:\/\/www.frasicelebri.it\/news\/wp-content\/uploads\/2026\/08\/img-frase-recalcati-nascita-fratello-2026.jpg\",\"width\":1200,\"height\":675,\"caption\":\"la nascita di un fratello \u00e8 un trauma\"},{\"@type\":\"BreadcrumbList\",\"@id\":\"https:\/\/www.frasicelebri.it\/news\/massimo-recalcati-nascita-fratello-trauma-puo-insegnare-io-non-centro-tutto\/#breadcrumb\",\"itemListElement\":[{\"@type\":\"ListItem\",\"position\":1,\"name\":\"Home\",\"item\":\"https:\/\/www.frasicelebri.it\/news\/\"},{\"@type\":\"ListItem\",\"position\":2,\"name\":\"Massimo Recalcati: &#8220;la nascita di un fratello \u00e8 un trauma&#8221;, ma pu\u00f2 insegnare che l&#8217;Io non \u00e8 il centro di tutto\"}]},{\"@type\":\"WebSite\",\"@id\":\"https:\/\/www.frasicelebri.it\/news\/#website\",\"url\":\"https:\/\/www.frasicelebri.it\/news\/\",\"name\":\"Frasicelebri.it\",\"description\":\"News Frasicelebri.it\",\"publisher\":{\"@id\":\"https:\/\/www.frasicelebri.it\/news\/#organization\"},\"potentialAction\":[{\"@type\":\"SearchAction\",\"target\":{\"@type\":\"EntryPoint\",\"urlTemplate\":\"https:\/\/www.frasicelebri.it\/news\/?s={search_term_string}\"},\"query-input\":{\"@type\":\"PropertyValueSpecification\",\"valueRequired\":true,\"valueName\":\"search_term_string\"}}],\"inLanguage\":\"it-IT\"},{\"@type\":\"Organization\",\"@id\":\"https:\/\/www.frasicelebri.it\/news\/#organization\",\"name\":\"Frasicelebri.it\",\"url\":\"https:\/\/www.frasicelebri.it\/news\/\",\"logo\":{\"@type\":\"ImageObject\",\"inLanguage\":\"it-IT\",\"@id\":\"https:\/\/www.frasicelebri.it\/news\/#\/schema\/logo\/image\/\",\"url\":\"https:\/\/i0.wp.com\/www.frasicelebri.it\/news\/wp-content\/uploads\/2024\/07\/logo-quadrato-drasicelebri.it_.jpg?fit=696%2C696&ssl=1\",\"contentUrl\":\"https:\/\/i0.wp.com\/www.frasicelebri.it\/news\/wp-content\/uploads\/2024\/07\/logo-quadrato-drasicelebri.it_.jpg?fit=696%2C696&ssl=1\",\"width\":696,\"height\":696,\"caption\":\"Frasicelebri.it\"},\"image\":{\"@id\":\"https:\/\/www.frasicelebri.it\/news\/#\/schema\/logo\/image\/\"}},{\"@type\":\"Person\",\"@id\":\"https:\/\/www.frasicelebri.it\/news\/#\/schema\/person\/712303166008dc510236daeaf8087292\",\"name\":\"Romina Cardia\",\"image\":{\"@type\":\"ImageObject\",\"inLanguage\":\"it-IT\",\"@id\":\"https:\/\/www.frasicelebri.it\/news\/#\/schema\/person\/image\/\",\"url\":\"https:\/\/secure.gravatar.com\/avatar\/3e5e6b2db28152a0b375be65cf3c10de530bea4ef9e01218d9ba068752898bda?s=96&d=mm&r=g\",\"contentUrl\":\"https:\/\/secure.gravatar.com\/avatar\/3e5e6b2db28152a0b375be65cf3c10de530bea4ef9e01218d9ba068752898bda?s=96&d=mm&r=g\",\"caption\":\"Romina Cardia\"},\"url\":\"https:\/\/www.frasicelebri.it\/news\/author\/romina\/\"}]}<\/script>\n<!-- \/ Yoast SEO plugin. -->","yoast_head_json":{"title":"Massimo Recalcati: \"la nascita di un fratello \u00e8 un trauma\", ma pu\u00f2 insegnare che l'Io non \u00e8 il centro di tutto - Frasicelebri.it","description":"Una frase di Massimo Recalcati: la nascita del fratello \u00e8 un trauma che pu\u00f2 essere virtuoso se insegna che l'Io non \u00e8 il centro di tutto","robots":{"index":"index","follow":"follow","max-snippet":"max-snippet:-1","max-image-preview":"max-image-preview:large","max-video-preview":"max-video-preview:-1"},"canonical":"https:\/\/www.frasicelebri.it\/news\/massimo-recalcati-nascita-fratello-trauma-puo-insegnare-io-non-centro-tutto\/","og_locale":"it_IT","og_type":"article","og_title":"Massimo Recalcati: \"la nascita di un fratello \u00e8 un trauma\", ma pu\u00f2 insegnare che l'Io non \u00e8 il centro di tutto - Frasicelebri.it","og_description":"Una frase di Massimo Recalcati: la nascita del fratello \u00e8 un trauma che pu\u00f2 essere virtuoso se insegna che l'Io non \u00e8 il centro di tutto","og_url":"https:\/\/www.frasicelebri.it\/news\/massimo-recalcati-nascita-fratello-trauma-puo-insegnare-io-non-centro-tutto\/","og_site_name":"Frasicelebri.it","article_published_time":"2026-08-31T09:40:00+00:00","article_modified_time":"2026-08-31T12:39:41+00:00","og_image":[{"width":1200,"height":675,"url":"https:\/\/www.frasicelebri.it\/news\/wp-content\/uploads\/2026\/08\/img-frase-recalcati-nascita-fratello-2026.jpg","type":"image\/jpeg"}],"author":"Romina Cardia","twitter_card":"summary_large_image","twitter_misc":{"Scritto da":"Romina Cardia","Tempo di lettura stimato":"4 minuti"},"schema":{"@context":"https:\/\/schema.org","@graph":[{"@type":"Article","@id":"https:\/\/www.frasicelebri.it\/news\/massimo-recalcati-nascita-fratello-trauma-puo-insegnare-io-non-centro-tutto\/#article","isPartOf":{"@id":"https:\/\/www.frasicelebri.it\/news\/massimo-recalcati-nascita-fratello-trauma-puo-insegnare-io-non-centro-tutto\/"},"author":{"name":"Romina Cardia","@id":"https:\/\/www.frasicelebri.it\/news\/#\/schema\/person\/712303166008dc510236daeaf8087292"},"headline":"Massimo Recalcati: &#8220;la nascita di un fratello \u00e8 un trauma&#8221;, ma pu\u00f2 insegnare che l&#8217;Io non \u00e8 il centro di tutto","datePublished":"2026-08-31T09:40:00+00:00","dateModified":"2026-08-31T12:39:41+00:00","mainEntityOfPage":{"@id":"https:\/\/www.frasicelebri.it\/news\/massimo-recalcati-nascita-fratello-trauma-puo-insegnare-io-non-centro-tutto\/"},"wordCount":738,"publisher":{"@id":"https:\/\/www.frasicelebri.it\/news\/#organization"},"image":{"@id":"https:\/\/www.frasicelebri.it\/news\/massimo-recalcati-nascita-fratello-trauma-puo-insegnare-io-non-centro-tutto\/#primaryimage"},"thumbnailUrl":"https:\/\/www.frasicelebri.it\/news\/wp-content\/uploads\/2026\/08\/img-frase-recalcati-nascita-fratello-2026.jpg","keywords":["frasi sulla nascita di un fratello","Massimo Recalcati"],"articleSection":["Spettacolo"],"inLanguage":"it-IT"},{"@type":"WebPage","@id":"https:\/\/www.frasicelebri.it\/news\/massimo-recalcati-nascita-fratello-trauma-puo-insegnare-io-non-centro-tutto\/","url":"https:\/\/www.frasicelebri.it\/news\/massimo-recalcati-nascita-fratello-trauma-puo-insegnare-io-non-centro-tutto\/","name":"Massimo Recalcati: \"la nascita di un fratello \u00e8 un trauma\", ma pu\u00f2 insegnare che l'Io non \u00e8 il centro di tutto - Frasicelebri.it","isPartOf":{"@id":"https:\/\/www.frasicelebri.it\/news\/#website"},"primaryImageOfPage":{"@id":"https:\/\/www.frasicelebri.it\/news\/massimo-recalcati-nascita-fratello-trauma-puo-insegnare-io-non-centro-tutto\/#primaryimage"},"image":{"@id":"https:\/\/www.frasicelebri.it\/news\/massimo-recalcati-nascita-fratello-trauma-puo-insegnare-io-non-centro-tutto\/#primaryimage"},"thumbnailUrl":"https:\/\/www.frasicelebri.it\/news\/wp-content\/uploads\/2026\/08\/img-frase-recalcati-nascita-fratello-2026.jpg","datePublished":"2026-08-31T09:40:00+00:00","dateModified":"2026-08-31T12:39:41+00:00","description":"Una frase di Massimo Recalcati: la nascita del fratello \u00e8 un trauma che pu\u00f2 essere virtuoso se insegna che l'Io non \u00e8 il centro di tutto","breadcrumb":{"@id":"https:\/\/www.frasicelebri.it\/news\/massimo-recalcati-nascita-fratello-trauma-puo-insegnare-io-non-centro-tutto\/#breadcrumb"},"inLanguage":"it-IT","potentialAction":[{"@type":"ReadAction","target":["https:\/\/www.frasicelebri.it\/news\/massimo-recalcati-nascita-fratello-trauma-puo-insegnare-io-non-centro-tutto\/"]}]},{"@type":"ImageObject","inLanguage":"it-IT","@id":"https:\/\/www.frasicelebri.it\/news\/massimo-recalcati-nascita-fratello-trauma-puo-insegnare-io-non-centro-tutto\/#primaryimage","url":"https:\/\/www.frasicelebri.it\/news\/wp-content\/uploads\/2026\/08\/img-frase-recalcati-nascita-fratello-2026.jpg","contentUrl":"https:\/\/www.frasicelebri.it\/news\/wp-content\/uploads\/2026\/08\/img-frase-recalcati-nascita-fratello-2026.jpg","width":1200,"height":675,"caption":"la nascita di un fratello \u00e8 un trauma"},{"@type":"BreadcrumbList","@id":"https:\/\/www.frasicelebri.it\/news\/massimo-recalcati-nascita-fratello-trauma-puo-insegnare-io-non-centro-tutto\/#breadcrumb","itemListElement":[{"@type":"ListItem","position":1,"name":"Home","item":"https:\/\/www.frasicelebri.it\/news\/"},{"@type":"ListItem","position":2,"name":"Massimo Recalcati: &#8220;la nascita di un fratello \u00e8 un trauma&#8221;, ma pu\u00f2 insegnare che l&#8217;Io non \u00e8 il centro di tutto"}]},{"@type":"WebSite","@id":"https:\/\/www.frasicelebri.it\/news\/#website","url":"https:\/\/www.frasicelebri.it\/news\/","name":"Frasicelebri.it","description":"News Frasicelebri.it","publisher":{"@id":"https:\/\/www.frasicelebri.it\/news\/#organization"},"potentialAction":[{"@type":"SearchAction","target":{"@type":"EntryPoint","urlTemplate":"https:\/\/www.frasicelebri.it\/news\/?s={search_term_string}"},"query-input":{"@type":"PropertyValueSpecification","valueRequired":true,"valueName":"search_term_string"}}],"inLanguage":"it-IT"},{"@type":"Organization","@id":"https:\/\/www.frasicelebri.it\/news\/#organization","name":"Frasicelebri.it","url":"https:\/\/www.frasicelebri.it\/news\/","logo":{"@type":"ImageObject","inLanguage":"it-IT","@id":"https:\/\/www.frasicelebri.it\/news\/#\/schema\/logo\/image\/","url":"https:\/\/i0.wp.com\/www.frasicelebri.it\/news\/wp-content\/uploads\/2024\/07\/logo-quadrato-drasicelebri.it_.jpg?fit=696%2C696&ssl=1","contentUrl":"https:\/\/i0.wp.com\/www.frasicelebri.it\/news\/wp-content\/uploads\/2024\/07\/logo-quadrato-drasicelebri.it_.jpg?fit=696%2C696&ssl=1","width":696,"height":696,"caption":"Frasicelebri.it"},"image":{"@id":"https:\/\/www.frasicelebri.it\/news\/#\/schema\/logo\/image\/"}},{"@type":"Person","@id":"https:\/\/www.frasicelebri.it\/news\/#\/schema\/person\/712303166008dc510236daeaf8087292","name":"Romina Cardia","image":{"@type":"ImageObject","inLanguage":"it-IT","@id":"https:\/\/www.frasicelebri.it\/news\/#\/schema\/person\/image\/","url":"https:\/\/secure.gravatar.com\/avatar\/3e5e6b2db28152a0b375be65cf3c10de530bea4ef9e01218d9ba068752898bda?s=96&d=mm&r=g","contentUrl":"https:\/\/secure.gravatar.com\/avatar\/3e5e6b2db28152a0b375be65cf3c10de530bea4ef9e01218d9ba068752898bda?s=96&d=mm&r=g","caption":"Romina Cardia"},"url":"https:\/\/www.frasicelebri.it\/news\/author\/romina\/"}]}},"jetpack_featured_media_url":"https:\/\/www.frasicelebri.it\/news\/wp-content\/uploads\/2026\/08\/img-frase-recalcati-nascita-fratello-2026.jpg","jetpack_shortlink":"https:\/\/wp.me\/pfDJqh-cmp","_links":{"self":[{"href":"https:\/\/www.frasicelebri.it\/news\/wp-json\/wp\/v2\/posts\/47517","targetHints":{"allow":["GET"]}}],"collection":[{"href":"https:\/\/www.frasicelebri.it\/news\/wp-json\/wp\/v2\/posts"}],"about":[{"href":"https:\/\/www.frasicelebri.it\/news\/wp-json\/wp\/v2\/types\/post"}],"author":[{"embeddable":true,"href":"https:\/\/www.frasicelebri.it\/news\/wp-json\/wp\/v2\/users\/12"}],"replies":[{"embeddable":true,"href":"https:\/\/www.frasicelebri.it\/news\/wp-json\/wp\/v2\/comments?post=47517"}],"version-history":[{"count":6,"href":"https:\/\/www.frasicelebri.it\/news\/wp-json\/wp\/v2\/posts\/47517\/revisions"}],"predecessor-version":[{"id":47587,"href":"https:\/\/www.frasicelebri.it\/news\/wp-json\/wp\/v2\/posts\/47517\/revisions\/47587"}],"wp:featuredmedia":[{"embeddable":true,"href":"https:\/\/www.frasicelebri.it\/news\/wp-json\/wp\/v2\/media\/47518"}],"wp:attachment":[{"href":"https:\/\/www.frasicelebri.it\/news\/wp-json\/wp\/v2\/media?parent=47517"}],"wp:term":[{"taxonomy":"category","embeddable":true,"href":"https:\/\/www.frasicelebri.it\/news\/wp-json\/wp\/v2\/categories?post=47517"},{"taxonomy":"post_tag","embeddable":true,"href":"https:\/\/www.frasicelebri.it\/news\/wp-json\/wp\/v2\/tags?post=47517"}],"curies":[{"name":"wp","href":"https:\/\/api.w.org\/{rel}","templated":true}]}}