{"id":47550,"date":"2026-09-03T14:40:33","date_gmt":"2026-09-03T12:40:33","guid":{"rendered":"https:\/\/www.frasicelebri.it\/news\/?p=47550"},"modified":"2026-09-03T08:29:09","modified_gmt":"2026-09-03T06:29:09","slug":"canzone-sembra-scritta-apposta-per-te-massimo-gramellini-spiega-perche-hai-diritto-crederci","status":"publish","type":"post","link":"https:\/\/www.frasicelebri.it\/news\/canzone-sembra-scritta-apposta-per-te-massimo-gramellini-spiega-perche-hai-diritto-crederci\/","title":{"rendered":"Quella canzone sembra scritta apposta per te: Massimo Gramellini spiega perch\u00e9 hai il diritto di crederci"},"content":{"rendered":"<p>\u00c8 capitato a tutti: una sera d\u2019estate, il finestrino abbassato, l\u2019aria calda che entra nell\u2019abitacolo e, all\u2019improvviso, parte quella canzone. La conosci, la canti magari anche un po\u2019 stonata, ma in quel momento non ti importa. <strong>Quelle parole sembrano raccontare proprio la tua storia<\/strong>, quel ritornello sembra sapere qualcosa di te stesso che nemmeno tu avevi ancora capito. Per qualche minuto il mondo sembra averti preparato una colonna sonora personale. \u00c8 un\u2019illusione? Forse. Ma, come suggerisce <strong>Massimo Gramellini<\/strong>, \u00e8 un\u2019illusione alla quale, almeno una volta, tutti hanno diritto.<\/p>\n<p><img loading=\"lazy\" decoding=\"async\" class=\"alignnone size-full wp-image-47582\" src=\"https:\/\/www.frasicelebri.it\/news\/wp-content\/uploads\/2026\/08\/img-frase-gramellini-canzone-estate-2026.jpg\" alt=\"canzone dell\u2019estate\" width=\"1200\" height=\"675\" srcset=\"https:\/\/www.frasicelebri.it\/news\/wp-content\/uploads\/2026\/08\/img-frase-gramellini-canzone-estate-2026.jpg 1200w, https:\/\/www.frasicelebri.it\/news\/wp-content\/uploads\/2026\/08\/img-frase-gramellini-canzone-estate-2026-300x169.jpg 300w, https:\/\/www.frasicelebri.it\/news\/wp-content\/uploads\/2026\/08\/img-frase-gramellini-canzone-estate-2026-150x84.jpg 150w, https:\/\/www.frasicelebri.it\/news\/wp-content\/uploads\/2026\/08\/img-frase-gramellini-canzone-estate-2026-768x432.jpg 768w\" sizes=\"auto, (max-width: 1200px) 100vw, 1200px\" \/><\/p>\n<h2>La libert\u00e0 di sentirsi protagonisti<\/h2>\n<p>In fondo, non \u00e8 importante che sia davvero cos\u00ec. Nessuno deve andare a controllare i crediti del brano per scoprire se il cantante, in fase di scrittura, stesse pensando proprio a lui. L\u2019estate sta finendo,\u00a0e con la sua <a href=\"https:\/\/www.frasicelebri.it\/news\/prendi-la-vita-con-leggerezza-e-plana-sulle-cose-dallalto-perche-dare-retta-a-italo-calvino-puo-farti-vivere-meglio\/\" target=\"_blank\" rel=\"noopener\">leggerezza<\/a> sembra aver concesso un piccolo privilegio: <strong>prendere una canzone ascoltata da milioni di persone e trasformarla nella propria storia<\/strong>.<\/p>\n<p>La hit del momento, quella che passa ovunque e che tutti conoscono, diventa improvvisamente tua. Poco importa che la stiano cantando contemporaneamente in spiaggia, in macchina e sotto la doccia: quando parte quel ritornello, <strong>ti senti chiamato in causa.<\/strong> E se per caso qualcuno ti fa notare che la canzone parla di tutt\u2019altro, pazienza. La musica, almeno per tre minuti, non ammette contestazioni.<\/p>\n<p>\u00c8 proprio questo il senso della frase di Massimo Gramellini:<\/p>\n<blockquote><p><em>\u201cTutti, una volta nella vita, abbiamo diritto di credere che le canzoni dell\u2019estate siano state scritte apposta per noi.\u201d<\/em><\/p><\/blockquote>\n<p>Quel \u201cdiritto di credere\u201d \u00e8 il punto centrale. Non serve sapere se l\u2019autore avesse davvero in mente una storia precisa o qualcuno che continua a comparire nei pensieri anche quando non \u00e8 stato invitato. Una volta uscita dalla radio, <strong>una canzone appartiene a chi la ascolta e pu\u00f2 diventare quello che vuole<\/strong>. L\u2019estate, del resto, aiuta parecchio: rende pi\u00f9 tollerabili le illusioni, pi\u00f9 facili i sorrisi e perfino certi ritornelli che, a settembre, potrebbero sembrare decisamente meno geniali. Ma in agosto tutto \u00e8 concesso. Un motivetto orecchiabile pu\u00f2 diventare la colonna sonora di un amore, di un\u2019amicizia, di una vacanza o di una giornata qualsiasi, quando non \u00e8 successo nulla di memorabile eppure ci si \u00e8 sentiti felici.<\/p>\n<p>Crescendo, per\u00f2, si impara a diffidare di quasi tutto: delle promesse, delle coincidenze, delle dichiarazioni d\u2019amore e persino delle previsioni del tempo, che in estate hanno spesso un rapporto creativo con la realt\u00e0. La musica, invece, conserva <strong>la capacit\u00e0 di abbassare le difese<\/strong>. Per tre minuti si smette di analizzare e ci si limita a sentire. Si canta a squarciagola anche da stonati, si dedica mentalmente un ritornello alla persona sbagliata e ci si convince che un verso racconti esattamente la propria <a href=\"https:\/\/www.frasicelebri.it\/news\/hai-solo-una-vita-sogna-cio-che-ti-va-vai-dove-vuoi-sii-come-vuoi-essere-un-aforisma-di-paulo-coelho\/\" target=\"_blank\" rel=\"noopener\">vita<\/a>. Senza bisogno di dimostrarlo a nessuno.<\/p>\n<p>Sai cosa conta? <strong>Trasformare qualcosa di ascoltato da tutti in un ricordo privato<\/strong>. La magia non sta nel fatto che sia stata scritta per qualcuno, ma sta nella libert\u00e0 di sentirla, almeno per un momento, come se lo fosse.<\/p>\n<h3>Il ritornello che diventa memoria<\/h3>\n<p>Il bello delle canzoni estive \u00e8 che, per qualche settimana, sembrano appartenere a tutti. Non pretendono di essere capolavori e spesso non hanno nemmeno molto da dire, eppure entrano nella vita quotidiana con una naturalezza disarmante. \u00c8 questa la forza dei tormentoni: <strong>la leggerezza<\/strong>. Un ritornello semplice si impara senza accorgersene e finisce per creare una complicit\u00e0 spontanea tra sconosciuti. Basta accennare poche note perch\u00e9 qualcuno riconosca la canzone e continui a cantarla.<\/p>\n<p>Poi arriva settembre e molte di quelle melodie spariscono. Alcune non verranno pi\u00f9 ascoltate, altre finiranno in qualche playlist nostalgica. Ma avranno comunque lasciato una traccia: <strong>avranno dato un suono a un\u2019estate<\/strong>. E forse \u00e8 questo il destino migliore per una canzone estiva: non diventare eterna, ma riuscire a raccontare perfettamente un tempo che, mentre lo si vive, sembra non dover finire mai.<\/p>\n<h3>Hai tutto il diritto di sentirla tua<\/h3>\n<p>E allora s\u00ec, <strong>hai tutto il diritto di credere che una canzone dell\u2019estate sia stata scritta per te<\/strong>. Anche se non \u00e8 vero, anche se il cantante non sa che esisti e quel ritornello \u00e8 stato pensato per milioni di persone. Non c\u2019\u00e8 niente da dimostrare: ascoltare significa anche scegliere, per qualche minuto, <strong>quale significato dare a ci\u00f2 che arriva alle orecchie.<\/strong><\/p>\n<p>Perci\u00f2, davanti al prossimo tormentone, non serve cercare spiegazioni, interpretazioni o conferme. <strong>Se una frase sembra parlare proprio di te, prendila<\/strong>. Se un ritornello sembra raccontare quello che non riesci a dire, cantalo. La musica non \u00e8 un contratto e non pretende fedelt\u00e0 all\u2019intenzione di chi l\u2019ha scritta. Una volta che comincia a suonare, lascia spazio anche a chi ascolta.<\/p>\n<p>E forse<strong> credere, ogni tanto, non \u00e8 affatto ingenuo<\/strong>. \u00c8 un modo per concedersi qualcosa che nella vita adulta si fa sempre pi\u00f9 raro: la libert\u00e0 di sentire una cosa come propria senza dover prima dimostrare di averne il diritto.<\/p>\n<p><strong>Leggi anche:<\/strong> <a href=\"https:\/\/www.frasicelebri.it\/news\/se-un-sogno-tuo-sogno-puoi-passare-vita-nasconderlo-non-te-ne-libererai-mai-frase-di-gramellini\/\" target=\"_blank\" rel=\"noopener\">\u201cSe un sogno \u00e8 il tuo sogno puoi passare la vita a nasconderlo, ma non te ne libererai mai\u201d: una frase di Gramellini<\/a><\/p>\n","protected":false},"excerpt":{"rendered":"<p>\u00c8 capitato a tutti: una sera d\u2019estate, il finestrino abbassato, l\u2019aria calda che entra nell\u2019abitacolo e, all\u2019improvviso, parte quella canzone. La conosci, la canti magari &#8230; <a title=\"Quella canzone sembra scritta apposta per te: Massimo Gramellini spiega perch\u00e9 hai il diritto di crederci\" class=\"read-more\" href=\"https:\/\/www.frasicelebri.it\/news\/canzone-sembra-scritta-apposta-per-te-massimo-gramellini-spiega-perche-hai-diritto-crederci\/\" aria-label=\"More on Quella canzone sembra scritta apposta per te: Massimo Gramellini spiega perch\u00e9 hai il diritto di crederci\">Leggi tutto<\/a><\/p>\n","protected":false},"author":14,"featured_media":47582,"comment_status":"closed","ping_status":"closed","sticky":false,"template":"","format":"standard","meta":{"footnotes":""},"categories":[676],"tags":[1970,1071,1284],"class_list":["post-47550","post","type-post","status-publish","format-standard","has-post-thumbnail","hentry","category-spettacolo","tag-frasi-sullestate","tag-frasi-sulla-vita","tag-massimo-gramellini","resize-featured-image"],"yoast_head":"<!-- This site is optimized with the Yoast SEO plugin v25.2 - https:\/\/yoast.com\/wordpress\/plugins\/seo\/ -->\n<title>Quella canzone sembra scritta apposta per te: Massimo Gramellini spiega perch\u00e9 hai il diritto di crederci - Frasicelebri.it<\/title>\n<meta name=\"description\" content=\"Massimo Gramellini e quella verit\u00e0 sulle canzoni dell\u2019estate: perch\u00e9 abbiamo tutti il diritto di sentirci protagonisti di un ritornello\" \/>\n<meta name=\"robots\" content=\"index, follow, max-snippet:-1, max-image-preview:large, max-video-preview:-1\" \/>\n<link rel=\"canonical\" href=\"https:\/\/www.frasicelebri.it\/news\/canzone-sembra-scritta-apposta-per-te-massimo-gramellini-spiega-perche-hai-diritto-crederci\/\" \/>\n<meta property=\"og:locale\" content=\"it_IT\" \/>\n<meta property=\"og:type\" content=\"article\" \/>\n<meta property=\"og:title\" content=\"Quella canzone sembra scritta apposta per te: Massimo Gramellini spiega perch\u00e9 hai il diritto di crederci - Frasicelebri.it\" \/>\n<meta property=\"og:description\" content=\"Massimo Gramellini e quella verit\u00e0 sulle canzoni dell\u2019estate: perch\u00e9 abbiamo tutti il diritto di sentirci protagonisti di un ritornello\" \/>\n<meta property=\"og:url\" content=\"https:\/\/www.frasicelebri.it\/news\/canzone-sembra-scritta-apposta-per-te-massimo-gramellini-spiega-perche-hai-diritto-crederci\/\" \/>\n<meta property=\"og:site_name\" content=\"Frasicelebri.it\" \/>\n<meta property=\"article:published_time\" content=\"2026-09-03T12:40:33+00:00\" \/>\n<meta property=\"og:image\" content=\"https:\/\/www.frasicelebri.it\/news\/wp-content\/uploads\/2026\/08\/img-frase-gramellini-canzone-estate-2026.jpg\" \/>\n\t<meta property=\"og:image:width\" content=\"1200\" \/>\n\t<meta property=\"og:image:height\" content=\"675\" \/>\n\t<meta property=\"og:image:type\" content=\"image\/jpeg\" \/>\n<meta name=\"author\" content=\"Sara Bellanza\" \/>\n<meta name=\"twitter:card\" content=\"summary_large_image\" \/>\n<meta name=\"twitter:label1\" content=\"Scritto da\" \/>\n\t<meta name=\"twitter:data1\" content=\"Sara Bellanza\" \/>\n\t<meta name=\"twitter:label2\" content=\"Tempo di lettura stimato\" \/>\n\t<meta name=\"twitter:data2\" content=\"5 minuti\" \/>\n<script type=\"application\/ld+json\" class=\"yoast-schema-graph\">{\"@context\":\"https:\/\/schema.org\",\"@graph\":[{\"@type\":\"Article\",\"@id\":\"https:\/\/www.frasicelebri.it\/news\/canzone-sembra-scritta-apposta-per-te-massimo-gramellini-spiega-perche-hai-diritto-crederci\/#article\",\"isPartOf\":{\"@id\":\"https:\/\/www.frasicelebri.it\/news\/canzone-sembra-scritta-apposta-per-te-massimo-gramellini-spiega-perche-hai-diritto-crederci\/\"},\"author\":{\"name\":\"Sara Bellanza\",\"@id\":\"https:\/\/www.frasicelebri.it\/news\/#\/schema\/person\/87eed277b0405441e405668e9452c547\"},\"headline\":\"Quella canzone sembra scritta apposta per te: Massimo Gramellini spiega perch\u00e9 hai il diritto di crederci\",\"datePublished\":\"2026-09-03T12:40:33+00:00\",\"mainEntityOfPage\":{\"@id\":\"https:\/\/www.frasicelebri.it\/news\/canzone-sembra-scritta-apposta-per-te-massimo-gramellini-spiega-perche-hai-diritto-crederci\/\"},\"wordCount\":839,\"publisher\":{\"@id\":\"https:\/\/www.frasicelebri.it\/news\/#organization\"},\"image\":{\"@id\":\"https:\/\/www.frasicelebri.it\/news\/canzone-sembra-scritta-apposta-per-te-massimo-gramellini-spiega-perche-hai-diritto-crederci\/#primaryimage\"},\"thumbnailUrl\":\"https:\/\/www.frasicelebri.it\/news\/wp-content\/uploads\/2026\/08\/img-frase-gramellini-canzone-estate-2026.jpg\",\"keywords\":[\"frasi sull'estate\",\"frasi sulla vita\",\"Massimo Gramellini\"],\"articleSection\":[\"Spettacolo\"],\"inLanguage\":\"it-IT\"},{\"@type\":\"WebPage\",\"@id\":\"https:\/\/www.frasicelebri.it\/news\/canzone-sembra-scritta-apposta-per-te-massimo-gramellini-spiega-perche-hai-diritto-crederci\/\",\"url\":\"https:\/\/www.frasicelebri.it\/news\/canzone-sembra-scritta-apposta-per-te-massimo-gramellini-spiega-perche-hai-diritto-crederci\/\",\"name\":\"Quella canzone sembra scritta apposta per te: Massimo Gramellini spiega perch\u00e9 hai il diritto di crederci - Frasicelebri.it\",\"isPartOf\":{\"@id\":\"https:\/\/www.frasicelebri.it\/news\/#website\"},\"primaryImageOfPage\":{\"@id\":\"https:\/\/www.frasicelebri.it\/news\/canzone-sembra-scritta-apposta-per-te-massimo-gramellini-spiega-perche-hai-diritto-crederci\/#primaryimage\"},\"image\":{\"@id\":\"https:\/\/www.frasicelebri.it\/news\/canzone-sembra-scritta-apposta-per-te-massimo-gramellini-spiega-perche-hai-diritto-crederci\/#primaryimage\"},\"thumbnailUrl\":\"https:\/\/www.frasicelebri.it\/news\/wp-content\/uploads\/2026\/08\/img-frase-gramellini-canzone-estate-2026.jpg\",\"datePublished\":\"2026-09-03T12:40:33+00:00\",\"description\":\"Massimo Gramellini e quella verit\u00e0 sulle canzoni dell\u2019estate: perch\u00e9 abbiamo tutti il diritto di sentirci protagonisti di un ritornello\",\"breadcrumb\":{\"@id\":\"https:\/\/www.frasicelebri.it\/news\/canzone-sembra-scritta-apposta-per-te-massimo-gramellini-spiega-perche-hai-diritto-crederci\/#breadcrumb\"},\"inLanguage\":\"it-IT\",\"potentialAction\":[{\"@type\":\"ReadAction\",\"target\":[\"https:\/\/www.frasicelebri.it\/news\/canzone-sembra-scritta-apposta-per-te-massimo-gramellini-spiega-perche-hai-diritto-crederci\/\"]}]},{\"@type\":\"ImageObject\",\"inLanguage\":\"it-IT\",\"@id\":\"https:\/\/www.frasicelebri.it\/news\/canzone-sembra-scritta-apposta-per-te-massimo-gramellini-spiega-perche-hai-diritto-crederci\/#primaryimage\",\"url\":\"https:\/\/www.frasicelebri.it\/news\/wp-content\/uploads\/2026\/08\/img-frase-gramellini-canzone-estate-2026.jpg\",\"contentUrl\":\"https:\/\/www.frasicelebri.it\/news\/wp-content\/uploads\/2026\/08\/img-frase-gramellini-canzone-estate-2026.jpg\",\"width\":1200,\"height\":675,\"caption\":\"canzone sembra scritta apposta per te\"},{\"@type\":\"BreadcrumbList\",\"@id\":\"https:\/\/www.frasicelebri.it\/news\/canzone-sembra-scritta-apposta-per-te-massimo-gramellini-spiega-perche-hai-diritto-crederci\/#breadcrumb\",\"itemListElement\":[{\"@type\":\"ListItem\",\"position\":1,\"name\":\"Home\",\"item\":\"https:\/\/www.frasicelebri.it\/news\/\"},{\"@type\":\"ListItem\",\"position\":2,\"name\":\"Quella canzone sembra scritta apposta per te: Massimo Gramellini spiega perch\u00e9 hai il diritto di crederci\"}]},{\"@type\":\"WebSite\",\"@id\":\"https:\/\/www.frasicelebri.it\/news\/#website\",\"url\":\"https:\/\/www.frasicelebri.it\/news\/\",\"name\":\"Frasicelebri.it\",\"description\":\"News Frasicelebri.it\",\"publisher\":{\"@id\":\"https:\/\/www.frasicelebri.it\/news\/#organization\"},\"potentialAction\":[{\"@type\":\"SearchAction\",\"target\":{\"@type\":\"EntryPoint\",\"urlTemplate\":\"https:\/\/www.frasicelebri.it\/news\/?s={search_term_string}\"},\"query-input\":{\"@type\":\"PropertyValueSpecification\",\"valueRequired\":true,\"valueName\":\"search_term_string\"}}],\"inLanguage\":\"it-IT\"},{\"@type\":\"Organization\",\"@id\":\"https:\/\/www.frasicelebri.it\/news\/#organization\",\"name\":\"Frasicelebri.it\",\"url\":\"https:\/\/www.frasicelebri.it\/news\/\",\"logo\":{\"@type\":\"ImageObject\",\"inLanguage\":\"it-IT\",\"@id\":\"https:\/\/www.frasicelebri.it\/news\/#\/schema\/logo\/image\/\",\"url\":\"https:\/\/i0.wp.com\/www.frasicelebri.it\/news\/wp-content\/uploads\/2024\/07\/logo-quadrato-drasicelebri.it_.jpg?fit=696%2C696&ssl=1\",\"contentUrl\":\"https:\/\/i0.wp.com\/www.frasicelebri.it\/news\/wp-content\/uploads\/2024\/07\/logo-quadrato-drasicelebri.it_.jpg?fit=696%2C696&ssl=1\",\"width\":696,\"height\":696,\"caption\":\"Frasicelebri.it\"},\"image\":{\"@id\":\"https:\/\/www.frasicelebri.it\/news\/#\/schema\/logo\/image\/\"}},{\"@type\":\"Person\",\"@id\":\"https:\/\/www.frasicelebri.it\/news\/#\/schema\/person\/87eed277b0405441e405668e9452c547\",\"name\":\"Sara Bellanza\",\"image\":{\"@type\":\"ImageObject\",\"inLanguage\":\"it-IT\",\"@id\":\"https:\/\/www.frasicelebri.it\/news\/#\/schema\/person\/image\/\",\"url\":\"https:\/\/secure.gravatar.com\/avatar\/81c6112f007a176e3966e2b176ef414a419df0b1841df00346ac28a413cc07a9?s=96&d=mm&r=g\",\"contentUrl\":\"https:\/\/secure.gravatar.com\/avatar\/81c6112f007a176e3966e2b176ef414a419df0b1841df00346ac28a413cc07a9?s=96&d=mm&r=g\",\"caption\":\"Sara Bellanza\"},\"url\":\"https:\/\/www.frasicelebri.it\/news\/author\/sara\/\"}]}<\/script>\n<!-- \/ Yoast SEO plugin. -->","yoast_head_json":{"title":"Quella canzone sembra scritta apposta per te: Massimo Gramellini spiega perch\u00e9 hai il diritto di crederci - Frasicelebri.it","description":"Massimo Gramellini e quella verit\u00e0 sulle canzoni dell\u2019estate: perch\u00e9 abbiamo tutti il diritto di sentirci protagonisti di un ritornello","robots":{"index":"index","follow":"follow","max-snippet":"max-snippet:-1","max-image-preview":"max-image-preview:large","max-video-preview":"max-video-preview:-1"},"canonical":"https:\/\/www.frasicelebri.it\/news\/canzone-sembra-scritta-apposta-per-te-massimo-gramellini-spiega-perche-hai-diritto-crederci\/","og_locale":"it_IT","og_type":"article","og_title":"Quella canzone sembra scritta apposta per te: Massimo Gramellini spiega perch\u00e9 hai il diritto di crederci - Frasicelebri.it","og_description":"Massimo Gramellini e quella verit\u00e0 sulle canzoni dell\u2019estate: perch\u00e9 abbiamo tutti il diritto di sentirci protagonisti di un ritornello","og_url":"https:\/\/www.frasicelebri.it\/news\/canzone-sembra-scritta-apposta-per-te-massimo-gramellini-spiega-perche-hai-diritto-crederci\/","og_site_name":"Frasicelebri.it","article_published_time":"2026-09-03T12:40:33+00:00","og_image":[{"width":1200,"height":675,"url":"https:\/\/www.frasicelebri.it\/news\/wp-content\/uploads\/2026\/08\/img-frase-gramellini-canzone-estate-2026.jpg","type":"image\/jpeg"}],"author":"Sara Bellanza","twitter_card":"summary_large_image","twitter_misc":{"Scritto da":"Sara Bellanza","Tempo di lettura stimato":"5 minuti"},"schema":{"@context":"https:\/\/schema.org","@graph":[{"@type":"Article","@id":"https:\/\/www.frasicelebri.it\/news\/canzone-sembra-scritta-apposta-per-te-massimo-gramellini-spiega-perche-hai-diritto-crederci\/#article","isPartOf":{"@id":"https:\/\/www.frasicelebri.it\/news\/canzone-sembra-scritta-apposta-per-te-massimo-gramellini-spiega-perche-hai-diritto-crederci\/"},"author":{"name":"Sara Bellanza","@id":"https:\/\/www.frasicelebri.it\/news\/#\/schema\/person\/87eed277b0405441e405668e9452c547"},"headline":"Quella canzone sembra scritta apposta per te: Massimo Gramellini spiega perch\u00e9 hai il diritto di crederci","datePublished":"2026-09-03T12:40:33+00:00","mainEntityOfPage":{"@id":"https:\/\/www.frasicelebri.it\/news\/canzone-sembra-scritta-apposta-per-te-massimo-gramellini-spiega-perche-hai-diritto-crederci\/"},"wordCount":839,"publisher":{"@id":"https:\/\/www.frasicelebri.it\/news\/#organization"},"image":{"@id":"https:\/\/www.frasicelebri.it\/news\/canzone-sembra-scritta-apposta-per-te-massimo-gramellini-spiega-perche-hai-diritto-crederci\/#primaryimage"},"thumbnailUrl":"https:\/\/www.frasicelebri.it\/news\/wp-content\/uploads\/2026\/08\/img-frase-gramellini-canzone-estate-2026.jpg","keywords":["frasi sull'estate","frasi sulla vita","Massimo Gramellini"],"articleSection":["Spettacolo"],"inLanguage":"it-IT"},{"@type":"WebPage","@id":"https:\/\/www.frasicelebri.it\/news\/canzone-sembra-scritta-apposta-per-te-massimo-gramellini-spiega-perche-hai-diritto-crederci\/","url":"https:\/\/www.frasicelebri.it\/news\/canzone-sembra-scritta-apposta-per-te-massimo-gramellini-spiega-perche-hai-diritto-crederci\/","name":"Quella canzone sembra scritta apposta per te: Massimo Gramellini spiega perch\u00e9 hai il diritto di crederci - Frasicelebri.it","isPartOf":{"@id":"https:\/\/www.frasicelebri.it\/news\/#website"},"primaryImageOfPage":{"@id":"https:\/\/www.frasicelebri.it\/news\/canzone-sembra-scritta-apposta-per-te-massimo-gramellini-spiega-perche-hai-diritto-crederci\/#primaryimage"},"image":{"@id":"https:\/\/www.frasicelebri.it\/news\/canzone-sembra-scritta-apposta-per-te-massimo-gramellini-spiega-perche-hai-diritto-crederci\/#primaryimage"},"thumbnailUrl":"https:\/\/www.frasicelebri.it\/news\/wp-content\/uploads\/2026\/08\/img-frase-gramellini-canzone-estate-2026.jpg","datePublished":"2026-09-03T12:40:33+00:00","description":"Massimo Gramellini e quella verit\u00e0 sulle canzoni dell\u2019estate: perch\u00e9 abbiamo tutti il diritto di sentirci protagonisti di un ritornello","breadcrumb":{"@id":"https:\/\/www.frasicelebri.it\/news\/canzone-sembra-scritta-apposta-per-te-massimo-gramellini-spiega-perche-hai-diritto-crederci\/#breadcrumb"},"inLanguage":"it-IT","potentialAction":[{"@type":"ReadAction","target":["https:\/\/www.frasicelebri.it\/news\/canzone-sembra-scritta-apposta-per-te-massimo-gramellini-spiega-perche-hai-diritto-crederci\/"]}]},{"@type":"ImageObject","inLanguage":"it-IT","@id":"https:\/\/www.frasicelebri.it\/news\/canzone-sembra-scritta-apposta-per-te-massimo-gramellini-spiega-perche-hai-diritto-crederci\/#primaryimage","url":"https:\/\/www.frasicelebri.it\/news\/wp-content\/uploads\/2026\/08\/img-frase-gramellini-canzone-estate-2026.jpg","contentUrl":"https:\/\/www.frasicelebri.it\/news\/wp-content\/uploads\/2026\/08\/img-frase-gramellini-canzone-estate-2026.jpg","width":1200,"height":675,"caption":"canzone sembra scritta apposta per te"},{"@type":"BreadcrumbList","@id":"https:\/\/www.frasicelebri.it\/news\/canzone-sembra-scritta-apposta-per-te-massimo-gramellini-spiega-perche-hai-diritto-crederci\/#breadcrumb","itemListElement":[{"@type":"ListItem","position":1,"name":"Home","item":"https:\/\/www.frasicelebri.it\/news\/"},{"@type":"ListItem","position":2,"name":"Quella canzone sembra scritta apposta per te: Massimo Gramellini spiega perch\u00e9 hai il diritto di crederci"}]},{"@type":"WebSite","@id":"https:\/\/www.frasicelebri.it\/news\/#website","url":"https:\/\/www.frasicelebri.it\/news\/","name":"Frasicelebri.it","description":"News Frasicelebri.it","publisher":{"@id":"https:\/\/www.frasicelebri.it\/news\/#organization"},"potentialAction":[{"@type":"SearchAction","target":{"@type":"EntryPoint","urlTemplate":"https:\/\/www.frasicelebri.it\/news\/?s={search_term_string}"},"query-input":{"@type":"PropertyValueSpecification","valueRequired":true,"valueName":"search_term_string"}}],"inLanguage":"it-IT"},{"@type":"Organization","@id":"https:\/\/www.frasicelebri.it\/news\/#organization","name":"Frasicelebri.it","url":"https:\/\/www.frasicelebri.it\/news\/","logo":{"@type":"ImageObject","inLanguage":"it-IT","@id":"https:\/\/www.frasicelebri.it\/news\/#\/schema\/logo\/image\/","url":"https:\/\/i0.wp.com\/www.frasicelebri.it\/news\/wp-content\/uploads\/2024\/07\/logo-quadrato-drasicelebri.it_.jpg?fit=696%2C696&ssl=1","contentUrl":"https:\/\/i0.wp.com\/www.frasicelebri.it\/news\/wp-content\/uploads\/2024\/07\/logo-quadrato-drasicelebri.it_.jpg?fit=696%2C696&ssl=1","width":696,"height":696,"caption":"Frasicelebri.it"},"image":{"@id":"https:\/\/www.frasicelebri.it\/news\/#\/schema\/logo\/image\/"}},{"@type":"Person","@id":"https:\/\/www.frasicelebri.it\/news\/#\/schema\/person\/87eed277b0405441e405668e9452c547","name":"Sara Bellanza","image":{"@type":"ImageObject","inLanguage":"it-IT","@id":"https:\/\/www.frasicelebri.it\/news\/#\/schema\/person\/image\/","url":"https:\/\/secure.gravatar.com\/avatar\/81c6112f007a176e3966e2b176ef414a419df0b1841df00346ac28a413cc07a9?s=96&d=mm&r=g","contentUrl":"https:\/\/secure.gravatar.com\/avatar\/81c6112f007a176e3966e2b176ef414a419df0b1841df00346ac28a413cc07a9?s=96&d=mm&r=g","caption":"Sara Bellanza"},"url":"https:\/\/www.frasicelebri.it\/news\/author\/sara\/"}]}},"jetpack_featured_media_url":"https:\/\/www.frasicelebri.it\/news\/wp-content\/uploads\/2026\/08\/img-frase-gramellini-canzone-estate-2026.jpg","jetpack_shortlink":"https:\/\/wp.me\/pfDJqh-cmW","_links":{"self":[{"href":"https:\/\/www.frasicelebri.it\/news\/wp-json\/wp\/v2\/posts\/47550","targetHints":{"allow":["GET"]}}],"collection":[{"href":"https:\/\/www.frasicelebri.it\/news\/wp-json\/wp\/v2\/posts"}],"about":[{"href":"https:\/\/www.frasicelebri.it\/news\/wp-json\/wp\/v2\/types\/post"}],"author":[{"embeddable":true,"href":"https:\/\/www.frasicelebri.it\/news\/wp-json\/wp\/v2\/users\/14"}],"replies":[{"embeddable":true,"href":"https:\/\/www.frasicelebri.it\/news\/wp-json\/wp\/v2\/comments?post=47550"}],"version-history":[{"count":9,"href":"https:\/\/www.frasicelebri.it\/news\/wp-json\/wp\/v2\/posts\/47550\/revisions"}],"predecessor-version":[{"id":47676,"href":"https:\/\/www.frasicelebri.it\/news\/wp-json\/wp\/v2\/posts\/47550\/revisions\/47676"}],"wp:featuredmedia":[{"embeddable":true,"href":"https:\/\/www.frasicelebri.it\/news\/wp-json\/wp\/v2\/media\/47582"}],"wp:attachment":[{"href":"https:\/\/www.frasicelebri.it\/news\/wp-json\/wp\/v2\/media?parent=47550"}],"wp:term":[{"taxonomy":"category","embeddable":true,"href":"https:\/\/www.frasicelebri.it\/news\/wp-json\/wp\/v2\/categories?post=47550"},{"taxonomy":"post_tag","embeddable":true,"href":"https:\/\/www.frasicelebri.it\/news\/wp-json\/wp\/v2\/tags?post=47550"}],"curies":[{"name":"wp","href":"https:\/\/api.w.org\/{rel}","templated":true}]}}