{"id":47568,"date":"2026-09-01T17:40:14","date_gmt":"2026-09-01T15:40:14","guid":{"rendered":"https:\/\/www.frasicelebri.it\/news\/?p=47568"},"modified":"2026-08-31T10:36:20","modified_gmt":"2026-08-31T08:36:20","slug":"conta-quanto-hai-vissuto-ogni-anno-della-tua-vita-e-non-quanti-anni-hai-abraham-lincoln","status":"publish","type":"post","link":"https:\/\/www.frasicelebri.it\/news\/conta-quanto-hai-vissuto-ogni-anno-della-tua-vita-e-non-quanti-anni-hai-abraham-lincoln\/","title":{"rendered":"Conta quanto hai vissuto ogni anno della tua vita e non quanti anni hai: l\u2019aforisma di Abraham Lincoln"},"content":{"rendered":"<p>Quanti anni hai? La domanda sembra semplice, e lo \u00e8: misura qualcosa di abbastanza superficiale: il numero di volte che la Terra ha girato intorno al sole da quando sei nato. \u00c8 una misura astronomica, non una misura dell&#8217;esistenza. Non dice niente di quello che hai vissuto in quegli anni, di quello che hai sentito, di quello che hai scelto di fare o di non fare, di quanto sei stato davvero presente in ogni anno che hai attraversato. <a href=\"https:\/\/www.frasicelebri.it\/frasi-di\/abraham-lincoln\/\" target=\"_blank\" rel=\"noopener\"><strong>Abraham Lincoln<\/strong><\/a> aveva su questo una prospettiva molto precisa che rovescia completamente il modo ordinario di misurare il tempo di una vita.<\/p>\n<p><img loading=\"lazy\" decoding=\"async\" class=\"alignnone size-full wp-image-47569\" src=\"https:\/\/www.frasicelebri.it\/news\/wp-content\/uploads\/2026\/08\/img-frase-abraham-lincoln-anno-vita-2026.jpg\" alt=\"ogni anno della tua vita\" width=\"1200\" height=\"675\" srcset=\"https:\/\/www.frasicelebri.it\/news\/wp-content\/uploads\/2026\/08\/img-frase-abraham-lincoln-anno-vita-2026.jpg 1200w, https:\/\/www.frasicelebri.it\/news\/wp-content\/uploads\/2026\/08\/img-frase-abraham-lincoln-anno-vita-2026-300x169.jpg 300w, https:\/\/www.frasicelebri.it\/news\/wp-content\/uploads\/2026\/08\/img-frase-abraham-lincoln-anno-vita-2026-150x84.jpg 150w, https:\/\/www.frasicelebri.it\/news\/wp-content\/uploads\/2026\/08\/img-frase-abraham-lincoln-anno-vita-2026-768x432.jpg 768w\" sizes=\"auto, (max-width: 1200px) 100vw, 1200px\" \/><\/p>\n<h2>Cosa conta davvero nella vita<\/h2>\n<blockquote><p><em>&#8220;Non conta quanti anni abbiamo vissuto, ma quanto abbiamo vissuto ogni anno.&#8221;<\/em><\/p><\/blockquote>\n<p>La struttura della frase \u00e8 quella del rovesciamento netto di una misurazione abitudinaria: non la quantit\u00e0 del <a href=\"https:\/\/www.frasicelebri.it\/news\/frasi-di-seneca-sul-tempo\/\" target=\"_blank\" rel=\"noopener\">tempo<\/a> trascorso, ma la qualit\u00e0 della presenza in quel tempo.<\/p>\n<h3>Anni vissuti vs anni trascorsi<\/h3>\n<p>C&#8217;\u00e8 una differenza enorme, quasi abissale, tra <strong>vivere un anno e trascorrere un anno<\/strong>. <strong>Trascorrere \u00e8 passivo:<\/strong> il tempo passa e noi siamo l\u00ec, presenti biologicamente, fisicamente presenti in quella sequenza di giorni che si succedono uno all&#8217;altro, ma non necessariamente presenti in nessun altro senso pi\u00f9 profondo. <strong>Si attraversa l&#8217;anno senza che lasci un segno reale<\/strong>, senza che si ricordi molto di quello che \u00e8 successo, senza che sia successo davvero qualcosa di significativo o che abbia cambiato qualcosa.<\/p>\n<p><strong>Vivere \u00e8 qualcosa di molto pi\u00f9 attivo e molto pi\u00f9 intenzionale<\/strong>. C&#8217;\u00e8 qualcosa che si fa con il tempo, non necessariamente qualcosa di grande o di spettacolare, ma <strong>qualcosa di consapevole<\/strong>. Qualcosa che si sente davvero, qualcosa che si sceglie invece di subire, qualcosa che lascia un segno nella memoria e nella persona.<\/p>\n<p>Abraham Lincoln non sta dicendo che bisogna riempire ogni minuto di attivit\u00e0 frenetica o di esperienze straordinarie. Sta dicendo qualcosa di molto pi\u00f9 sottile e molto pi\u00f9 difficile da attuare: che <strong>la densit\u00e0 dell&#8217;esperienza<\/strong> &#8211; quanto si \u00e8 stati davvero dentro la propria vita in ogni momento che si \u00e8 attraversato &#8211; <strong>conta pi\u00f9 della durata di quella vita. <\/strong><\/p>\n<p>Penso agli anni che ricordo bene e a quelli che mi sfuggono quasi del tutto. Ci sono anni interi che sembrano comprimersi in pochissimi ricordi, quasi come se non fossero davvero accaduti, anni in cui ero presente fisicamente, ma non del tutto. E ci sono periodi brevi che sembrano enormi, densi, pieni di tutto. Abraham Lincoln lo nomina con precisione assoluta.<\/p>\n<h3>Quanto abbiamo vissuto ogni anno<\/h3>\n<p>&#8220;Quanto&#8221; \u00e8 un avverbio di misura che qui viene usato per misurare qualcosa di non misurabile in senso ordinario: non una quantit\u00e0 oggettiva, non un numero che si pu\u00f2 calcolare. Misura <strong>la presenza<\/strong> in senso pieno, <strong>l&#8217;intensit\u00e0 <\/strong>con cui si \u00e8 stati dentro le proprie esperienze, la scelta deliberata di <strong>stare dentro quello che si attraversa<\/strong> invece di attraversarlo in automatico mentre la mente \u00e8 altrove. Misura il numero di momenti in cui ci si \u00e8 davvero accorti di essere vivi, in cui si \u00e8 stati pienamente presenti in quello che stava accadendo invece di arrivarci solo quando era gi\u00e0 passato.<\/p>\n<p>\u00c8 una domanda che vale la pena farsi regolarmente, non come atto di giudizio su se stessi, ma come bussola. <strong>Quanto sto vivendo questo anno?<\/strong> Quanto sto davvero abitando questo periodo della mia vita, invece di aspettare che passi o di rimandare la presenza a un momento futuro in cui le condizioni saranno migliori?<\/p>\n<p><strong><em>Abraham Lincoln<\/em><\/strong><em> \u00e8 stato il sedicesimo presidente degli Stati Uniti, nato nel 1809 e morto nel 1865, colui che ha guidato il Paese attraverso la guerra di secessione e promulgato la proclamazione di emancipazione degli schiavi, una delle figure centrali della storia americana.<\/em><\/p>\n<p><strong>Leggi anche:<\/strong> <a href=\"https:\/\/www.frasicelebri.it\/news\/baricco-vivi-davvero-solo-piccola-parte-tuoi-tanti-anni-quella-riesci-a-fare-cio-per-cui-sei-nato\/\" target=\"_blank\" rel=\"noopener\">Baricco: vivi davvero solo una piccola parte dei tuoi tanti anni, quella in cui riesci a fare ci\u00f2 per cui sei nato<\/a><\/p>\n","protected":false},"excerpt":{"rendered":"<p>Quanti anni hai? La domanda sembra semplice, e lo \u00e8: misura qualcosa di abbastanza superficiale: il numero di volte che la Terra ha girato intorno &#8230; <a title=\"Conta quanto hai vissuto ogni anno della tua vita e non quanti anni hai: l\u2019aforisma di Abraham Lincoln\" class=\"read-more\" href=\"https:\/\/www.frasicelebri.it\/news\/conta-quanto-hai-vissuto-ogni-anno-della-tua-vita-e-non-quanti-anni-hai-abraham-lincoln\/\" aria-label=\"More on Conta quanto hai vissuto ogni anno della tua vita e non quanti anni hai: l\u2019aforisma di Abraham Lincoln\">Leggi tutto<\/a><\/p>\n","protected":false},"author":12,"featured_media":47569,"comment_status":"closed","ping_status":"closed","sticky":false,"template":"","format":"standard","meta":{"footnotes":""},"categories":[42],"tags":[2233,1880,1807],"class_list":["post-47568","post","type-post","status-publish","format-standard","has-post-thumbnail","hentry","category-lifestyle","tag-abraham-lincoln","tag-aforismi-sul-tempo","tag-aforismi-sulla-vita","resize-featured-image"],"yoast_head":"<!-- This site is optimized with the Yoast SEO plugin v25.2 - https:\/\/yoast.com\/wordpress\/plugins\/seo\/ -->\n<title>Conta quanto hai vissuto ogni anno della tua vita e non quanti anni hai: l\u2019aforisma di Abraham Lincoln - Frasicelebri.it<\/title>\n<meta name=\"description\" content=\"Una frase di Abraham Lincoln: non conta quanti anni abbiamo vissuto, ma quanto abbiamo vissuto ogni anno\" \/>\n<meta name=\"robots\" content=\"index, follow, max-snippet:-1, max-image-preview:large, max-video-preview:-1\" \/>\n<link rel=\"canonical\" href=\"https:\/\/www.frasicelebri.it\/news\/conta-quanto-hai-vissuto-ogni-anno-della-tua-vita-e-non-quanti-anni-hai-abraham-lincoln\/\" \/>\n<meta property=\"og:locale\" content=\"it_IT\" \/>\n<meta property=\"og:type\" content=\"article\" \/>\n<meta property=\"og:title\" content=\"Conta quanto hai vissuto ogni anno della tua vita e non quanti anni hai: l\u2019aforisma di Abraham Lincoln - Frasicelebri.it\" \/>\n<meta property=\"og:description\" content=\"Una frase di Abraham Lincoln: non conta quanti anni abbiamo vissuto, ma quanto abbiamo vissuto ogni anno\" \/>\n<meta property=\"og:url\" content=\"https:\/\/www.frasicelebri.it\/news\/conta-quanto-hai-vissuto-ogni-anno-della-tua-vita-e-non-quanti-anni-hai-abraham-lincoln\/\" \/>\n<meta property=\"og:site_name\" content=\"Frasicelebri.it\" \/>\n<meta property=\"article:published_time\" content=\"2026-09-01T15:40:14+00:00\" \/>\n<meta property=\"og:image\" content=\"https:\/\/www.frasicelebri.it\/news\/wp-content\/uploads\/2026\/08\/img-frase-abraham-lincoln-anno-vita-2026.jpg\" \/>\n\t<meta property=\"og:image:width\" content=\"1200\" \/>\n\t<meta property=\"og:image:height\" content=\"675\" \/>\n\t<meta property=\"og:image:type\" content=\"image\/jpeg\" \/>\n<meta name=\"author\" content=\"Romina Cardia\" \/>\n<meta name=\"twitter:card\" content=\"summary_large_image\" \/>\n<meta name=\"twitter:label1\" content=\"Scritto da\" \/>\n\t<meta name=\"twitter:data1\" content=\"Romina Cardia\" \/>\n\t<meta name=\"twitter:label2\" content=\"Tempo di lettura stimato\" \/>\n\t<meta name=\"twitter:data2\" content=\"4 minuti\" \/>\n<script type=\"application\/ld+json\" class=\"yoast-schema-graph\">{\"@context\":\"https:\/\/schema.org\",\"@graph\":[{\"@type\":\"Article\",\"@id\":\"https:\/\/www.frasicelebri.it\/news\/conta-quanto-hai-vissuto-ogni-anno-della-tua-vita-e-non-quanti-anni-hai-abraham-lincoln\/#article\",\"isPartOf\":{\"@id\":\"https:\/\/www.frasicelebri.it\/news\/conta-quanto-hai-vissuto-ogni-anno-della-tua-vita-e-non-quanti-anni-hai-abraham-lincoln\/\"},\"author\":{\"name\":\"Romina Cardia\",\"@id\":\"https:\/\/www.frasicelebri.it\/news\/#\/schema\/person\/712303166008dc510236daeaf8087292\"},\"headline\":\"Conta quanto hai vissuto ogni anno della tua vita e non quanti anni hai: l\u2019aforisma di Abraham Lincoln\",\"datePublished\":\"2026-09-01T15:40:14+00:00\",\"mainEntityOfPage\":{\"@id\":\"https:\/\/www.frasicelebri.it\/news\/conta-quanto-hai-vissuto-ogni-anno-della-tua-vita-e-non-quanti-anni-hai-abraham-lincoln\/\"},\"wordCount\":636,\"publisher\":{\"@id\":\"https:\/\/www.frasicelebri.it\/news\/#organization\"},\"image\":{\"@id\":\"https:\/\/www.frasicelebri.it\/news\/conta-quanto-hai-vissuto-ogni-anno-della-tua-vita-e-non-quanti-anni-hai-abraham-lincoln\/#primaryimage\"},\"thumbnailUrl\":\"https:\/\/www.frasicelebri.it\/news\/wp-content\/uploads\/2026\/08\/img-frase-abraham-lincoln-anno-vita-2026.jpg\",\"keywords\":[\"Abraham Lincoln\",\"aforismi sul tempo\",\"aforismi sulla vita\"],\"articleSection\":[\"LifeStyle\"],\"inLanguage\":\"it-IT\"},{\"@type\":\"WebPage\",\"@id\":\"https:\/\/www.frasicelebri.it\/news\/conta-quanto-hai-vissuto-ogni-anno-della-tua-vita-e-non-quanti-anni-hai-abraham-lincoln\/\",\"url\":\"https:\/\/www.frasicelebri.it\/news\/conta-quanto-hai-vissuto-ogni-anno-della-tua-vita-e-non-quanti-anni-hai-abraham-lincoln\/\",\"name\":\"Conta quanto hai vissuto ogni anno della tua vita e non quanti anni hai: l\u2019aforisma di Abraham Lincoln - Frasicelebri.it\",\"isPartOf\":{\"@id\":\"https:\/\/www.frasicelebri.it\/news\/#website\"},\"primaryImageOfPage\":{\"@id\":\"https:\/\/www.frasicelebri.it\/news\/conta-quanto-hai-vissuto-ogni-anno-della-tua-vita-e-non-quanti-anni-hai-abraham-lincoln\/#primaryimage\"},\"image\":{\"@id\":\"https:\/\/www.frasicelebri.it\/news\/conta-quanto-hai-vissuto-ogni-anno-della-tua-vita-e-non-quanti-anni-hai-abraham-lincoln\/#primaryimage\"},\"thumbnailUrl\":\"https:\/\/www.frasicelebri.it\/news\/wp-content\/uploads\/2026\/08\/img-frase-abraham-lincoln-anno-vita-2026.jpg\",\"datePublished\":\"2026-09-01T15:40:14+00:00\",\"description\":\"Una frase di Abraham Lincoln: non conta quanti anni abbiamo vissuto, ma quanto abbiamo vissuto ogni anno\",\"breadcrumb\":{\"@id\":\"https:\/\/www.frasicelebri.it\/news\/conta-quanto-hai-vissuto-ogni-anno-della-tua-vita-e-non-quanti-anni-hai-abraham-lincoln\/#breadcrumb\"},\"inLanguage\":\"it-IT\",\"potentialAction\":[{\"@type\":\"ReadAction\",\"target\":[\"https:\/\/www.frasicelebri.it\/news\/conta-quanto-hai-vissuto-ogni-anno-della-tua-vita-e-non-quanti-anni-hai-abraham-lincoln\/\"]}]},{\"@type\":\"ImageObject\",\"inLanguage\":\"it-IT\",\"@id\":\"https:\/\/www.frasicelebri.it\/news\/conta-quanto-hai-vissuto-ogni-anno-della-tua-vita-e-non-quanti-anni-hai-abraham-lincoln\/#primaryimage\",\"url\":\"https:\/\/www.frasicelebri.it\/news\/wp-content\/uploads\/2026\/08\/img-frase-abraham-lincoln-anno-vita-2026.jpg\",\"contentUrl\":\"https:\/\/www.frasicelebri.it\/news\/wp-content\/uploads\/2026\/08\/img-frase-abraham-lincoln-anno-vita-2026.jpg\",\"width\":1200,\"height\":675,\"caption\":\"ogni anno della tua vita\"},{\"@type\":\"BreadcrumbList\",\"@id\":\"https:\/\/www.frasicelebri.it\/news\/conta-quanto-hai-vissuto-ogni-anno-della-tua-vita-e-non-quanti-anni-hai-abraham-lincoln\/#breadcrumb\",\"itemListElement\":[{\"@type\":\"ListItem\",\"position\":1,\"name\":\"Home\",\"item\":\"https:\/\/www.frasicelebri.it\/news\/\"},{\"@type\":\"ListItem\",\"position\":2,\"name\":\"Conta quanto hai vissuto ogni anno della tua vita e non quanti anni hai: l\u2019aforisma di Abraham Lincoln\"}]},{\"@type\":\"WebSite\",\"@id\":\"https:\/\/www.frasicelebri.it\/news\/#website\",\"url\":\"https:\/\/www.frasicelebri.it\/news\/\",\"name\":\"Frasicelebri.it\",\"description\":\"News Frasicelebri.it\",\"publisher\":{\"@id\":\"https:\/\/www.frasicelebri.it\/news\/#organization\"},\"potentialAction\":[{\"@type\":\"SearchAction\",\"target\":{\"@type\":\"EntryPoint\",\"urlTemplate\":\"https:\/\/www.frasicelebri.it\/news\/?s={search_term_string}\"},\"query-input\":{\"@type\":\"PropertyValueSpecification\",\"valueRequired\":true,\"valueName\":\"search_term_string\"}}],\"inLanguage\":\"it-IT\"},{\"@type\":\"Organization\",\"@id\":\"https:\/\/www.frasicelebri.it\/news\/#organization\",\"name\":\"Frasicelebri.it\",\"url\":\"https:\/\/www.frasicelebri.it\/news\/\",\"logo\":{\"@type\":\"ImageObject\",\"inLanguage\":\"it-IT\",\"@id\":\"https:\/\/www.frasicelebri.it\/news\/#\/schema\/logo\/image\/\",\"url\":\"https:\/\/i0.wp.com\/www.frasicelebri.it\/news\/wp-content\/uploads\/2024\/07\/logo-quadrato-drasicelebri.it_.jpg?fit=696%2C696&ssl=1\",\"contentUrl\":\"https:\/\/i0.wp.com\/www.frasicelebri.it\/news\/wp-content\/uploads\/2024\/07\/logo-quadrato-drasicelebri.it_.jpg?fit=696%2C696&ssl=1\",\"width\":696,\"height\":696,\"caption\":\"Frasicelebri.it\"},\"image\":{\"@id\":\"https:\/\/www.frasicelebri.it\/news\/#\/schema\/logo\/image\/\"}},{\"@type\":\"Person\",\"@id\":\"https:\/\/www.frasicelebri.it\/news\/#\/schema\/person\/712303166008dc510236daeaf8087292\",\"name\":\"Romina Cardia\",\"image\":{\"@type\":\"ImageObject\",\"inLanguage\":\"it-IT\",\"@id\":\"https:\/\/www.frasicelebri.it\/news\/#\/schema\/person\/image\/\",\"url\":\"https:\/\/secure.gravatar.com\/avatar\/3e5e6b2db28152a0b375be65cf3c10de530bea4ef9e01218d9ba068752898bda?s=96&d=mm&r=g\",\"contentUrl\":\"https:\/\/secure.gravatar.com\/avatar\/3e5e6b2db28152a0b375be65cf3c10de530bea4ef9e01218d9ba068752898bda?s=96&d=mm&r=g\",\"caption\":\"Romina Cardia\"},\"url\":\"https:\/\/www.frasicelebri.it\/news\/author\/romina\/\"}]}<\/script>\n<!-- \/ Yoast SEO plugin. -->","yoast_head_json":{"title":"Conta quanto hai vissuto ogni anno della tua vita e non quanti anni hai: l\u2019aforisma di Abraham Lincoln - Frasicelebri.it","description":"Una frase di Abraham Lincoln: non conta quanti anni abbiamo vissuto, ma quanto abbiamo vissuto ogni anno","robots":{"index":"index","follow":"follow","max-snippet":"max-snippet:-1","max-image-preview":"max-image-preview:large","max-video-preview":"max-video-preview:-1"},"canonical":"https:\/\/www.frasicelebri.it\/news\/conta-quanto-hai-vissuto-ogni-anno-della-tua-vita-e-non-quanti-anni-hai-abraham-lincoln\/","og_locale":"it_IT","og_type":"article","og_title":"Conta quanto hai vissuto ogni anno della tua vita e non quanti anni hai: l\u2019aforisma di Abraham Lincoln - Frasicelebri.it","og_description":"Una frase di Abraham Lincoln: non conta quanti anni abbiamo vissuto, ma quanto abbiamo vissuto ogni anno","og_url":"https:\/\/www.frasicelebri.it\/news\/conta-quanto-hai-vissuto-ogni-anno-della-tua-vita-e-non-quanti-anni-hai-abraham-lincoln\/","og_site_name":"Frasicelebri.it","article_published_time":"2026-09-01T15:40:14+00:00","og_image":[{"width":1200,"height":675,"url":"https:\/\/www.frasicelebri.it\/news\/wp-content\/uploads\/2026\/08\/img-frase-abraham-lincoln-anno-vita-2026.jpg","type":"image\/jpeg"}],"author":"Romina Cardia","twitter_card":"summary_large_image","twitter_misc":{"Scritto da":"Romina Cardia","Tempo di lettura stimato":"4 minuti"},"schema":{"@context":"https:\/\/schema.org","@graph":[{"@type":"Article","@id":"https:\/\/www.frasicelebri.it\/news\/conta-quanto-hai-vissuto-ogni-anno-della-tua-vita-e-non-quanti-anni-hai-abraham-lincoln\/#article","isPartOf":{"@id":"https:\/\/www.frasicelebri.it\/news\/conta-quanto-hai-vissuto-ogni-anno-della-tua-vita-e-non-quanti-anni-hai-abraham-lincoln\/"},"author":{"name":"Romina Cardia","@id":"https:\/\/www.frasicelebri.it\/news\/#\/schema\/person\/712303166008dc510236daeaf8087292"},"headline":"Conta quanto hai vissuto ogni anno della tua vita e non quanti anni hai: l\u2019aforisma di Abraham Lincoln","datePublished":"2026-09-01T15:40:14+00:00","mainEntityOfPage":{"@id":"https:\/\/www.frasicelebri.it\/news\/conta-quanto-hai-vissuto-ogni-anno-della-tua-vita-e-non-quanti-anni-hai-abraham-lincoln\/"},"wordCount":636,"publisher":{"@id":"https:\/\/www.frasicelebri.it\/news\/#organization"},"image":{"@id":"https:\/\/www.frasicelebri.it\/news\/conta-quanto-hai-vissuto-ogni-anno-della-tua-vita-e-non-quanti-anni-hai-abraham-lincoln\/#primaryimage"},"thumbnailUrl":"https:\/\/www.frasicelebri.it\/news\/wp-content\/uploads\/2026\/08\/img-frase-abraham-lincoln-anno-vita-2026.jpg","keywords":["Abraham Lincoln","aforismi sul tempo","aforismi sulla vita"],"articleSection":["LifeStyle"],"inLanguage":"it-IT"},{"@type":"WebPage","@id":"https:\/\/www.frasicelebri.it\/news\/conta-quanto-hai-vissuto-ogni-anno-della-tua-vita-e-non-quanti-anni-hai-abraham-lincoln\/","url":"https:\/\/www.frasicelebri.it\/news\/conta-quanto-hai-vissuto-ogni-anno-della-tua-vita-e-non-quanti-anni-hai-abraham-lincoln\/","name":"Conta quanto hai vissuto ogni anno della tua vita e non quanti anni hai: l\u2019aforisma di Abraham Lincoln - Frasicelebri.it","isPartOf":{"@id":"https:\/\/www.frasicelebri.it\/news\/#website"},"primaryImageOfPage":{"@id":"https:\/\/www.frasicelebri.it\/news\/conta-quanto-hai-vissuto-ogni-anno-della-tua-vita-e-non-quanti-anni-hai-abraham-lincoln\/#primaryimage"},"image":{"@id":"https:\/\/www.frasicelebri.it\/news\/conta-quanto-hai-vissuto-ogni-anno-della-tua-vita-e-non-quanti-anni-hai-abraham-lincoln\/#primaryimage"},"thumbnailUrl":"https:\/\/www.frasicelebri.it\/news\/wp-content\/uploads\/2026\/08\/img-frase-abraham-lincoln-anno-vita-2026.jpg","datePublished":"2026-09-01T15:40:14+00:00","description":"Una frase di Abraham Lincoln: non conta quanti anni abbiamo vissuto, ma quanto abbiamo vissuto ogni anno","breadcrumb":{"@id":"https:\/\/www.frasicelebri.it\/news\/conta-quanto-hai-vissuto-ogni-anno-della-tua-vita-e-non-quanti-anni-hai-abraham-lincoln\/#breadcrumb"},"inLanguage":"it-IT","potentialAction":[{"@type":"ReadAction","target":["https:\/\/www.frasicelebri.it\/news\/conta-quanto-hai-vissuto-ogni-anno-della-tua-vita-e-non-quanti-anni-hai-abraham-lincoln\/"]}]},{"@type":"ImageObject","inLanguage":"it-IT","@id":"https:\/\/www.frasicelebri.it\/news\/conta-quanto-hai-vissuto-ogni-anno-della-tua-vita-e-non-quanti-anni-hai-abraham-lincoln\/#primaryimage","url":"https:\/\/www.frasicelebri.it\/news\/wp-content\/uploads\/2026\/08\/img-frase-abraham-lincoln-anno-vita-2026.jpg","contentUrl":"https:\/\/www.frasicelebri.it\/news\/wp-content\/uploads\/2026\/08\/img-frase-abraham-lincoln-anno-vita-2026.jpg","width":1200,"height":675,"caption":"ogni anno della tua vita"},{"@type":"BreadcrumbList","@id":"https:\/\/www.frasicelebri.it\/news\/conta-quanto-hai-vissuto-ogni-anno-della-tua-vita-e-non-quanti-anni-hai-abraham-lincoln\/#breadcrumb","itemListElement":[{"@type":"ListItem","position":1,"name":"Home","item":"https:\/\/www.frasicelebri.it\/news\/"},{"@type":"ListItem","position":2,"name":"Conta quanto hai vissuto ogni anno della tua vita e non quanti anni hai: l\u2019aforisma di Abraham Lincoln"}]},{"@type":"WebSite","@id":"https:\/\/www.frasicelebri.it\/news\/#website","url":"https:\/\/www.frasicelebri.it\/news\/","name":"Frasicelebri.it","description":"News Frasicelebri.it","publisher":{"@id":"https:\/\/www.frasicelebri.it\/news\/#organization"},"potentialAction":[{"@type":"SearchAction","target":{"@type":"EntryPoint","urlTemplate":"https:\/\/www.frasicelebri.it\/news\/?s={search_term_string}"},"query-input":{"@type":"PropertyValueSpecification","valueRequired":true,"valueName":"search_term_string"}}],"inLanguage":"it-IT"},{"@type":"Organization","@id":"https:\/\/www.frasicelebri.it\/news\/#organization","name":"Frasicelebri.it","url":"https:\/\/www.frasicelebri.it\/news\/","logo":{"@type":"ImageObject","inLanguage":"it-IT","@id":"https:\/\/www.frasicelebri.it\/news\/#\/schema\/logo\/image\/","url":"https:\/\/i0.wp.com\/www.frasicelebri.it\/news\/wp-content\/uploads\/2024\/07\/logo-quadrato-drasicelebri.it_.jpg?fit=696%2C696&ssl=1","contentUrl":"https:\/\/i0.wp.com\/www.frasicelebri.it\/news\/wp-content\/uploads\/2024\/07\/logo-quadrato-drasicelebri.it_.jpg?fit=696%2C696&ssl=1","width":696,"height":696,"caption":"Frasicelebri.it"},"image":{"@id":"https:\/\/www.frasicelebri.it\/news\/#\/schema\/logo\/image\/"}},{"@type":"Person","@id":"https:\/\/www.frasicelebri.it\/news\/#\/schema\/person\/712303166008dc510236daeaf8087292","name":"Romina Cardia","image":{"@type":"ImageObject","inLanguage":"it-IT","@id":"https:\/\/www.frasicelebri.it\/news\/#\/schema\/person\/image\/","url":"https:\/\/secure.gravatar.com\/avatar\/3e5e6b2db28152a0b375be65cf3c10de530bea4ef9e01218d9ba068752898bda?s=96&d=mm&r=g","contentUrl":"https:\/\/secure.gravatar.com\/avatar\/3e5e6b2db28152a0b375be65cf3c10de530bea4ef9e01218d9ba068752898bda?s=96&d=mm&r=g","caption":"Romina Cardia"},"url":"https:\/\/www.frasicelebri.it\/news\/author\/romina\/"}]}},"jetpack_featured_media_url":"https:\/\/www.frasicelebri.it\/news\/wp-content\/uploads\/2026\/08\/img-frase-abraham-lincoln-anno-vita-2026.jpg","jetpack_shortlink":"https:\/\/wp.me\/pfDJqh-cne","_links":{"self":[{"href":"https:\/\/www.frasicelebri.it\/news\/wp-json\/wp\/v2\/posts\/47568","targetHints":{"allow":["GET"]}}],"collection":[{"href":"https:\/\/www.frasicelebri.it\/news\/wp-json\/wp\/v2\/posts"}],"about":[{"href":"https:\/\/www.frasicelebri.it\/news\/wp-json\/wp\/v2\/types\/post"}],"author":[{"embeddable":true,"href":"https:\/\/www.frasicelebri.it\/news\/wp-json\/wp\/v2\/users\/12"}],"replies":[{"embeddable":true,"href":"https:\/\/www.frasicelebri.it\/news\/wp-json\/wp\/v2\/comments?post=47568"}],"version-history":[{"count":1,"href":"https:\/\/www.frasicelebri.it\/news\/wp-json\/wp\/v2\/posts\/47568\/revisions"}],"predecessor-version":[{"id":47570,"href":"https:\/\/www.frasicelebri.it\/news\/wp-json\/wp\/v2\/posts\/47568\/revisions\/47570"}],"wp:featuredmedia":[{"embeddable":true,"href":"https:\/\/www.frasicelebri.it\/news\/wp-json\/wp\/v2\/media\/47569"}],"wp:attachment":[{"href":"https:\/\/www.frasicelebri.it\/news\/wp-json\/wp\/v2\/media?parent=47568"}],"wp:term":[{"taxonomy":"category","embeddable":true,"href":"https:\/\/www.frasicelebri.it\/news\/wp-json\/wp\/v2\/categories?post=47568"},{"taxonomy":"post_tag","embeddable":true,"href":"https:\/\/www.frasicelebri.it\/news\/wp-json\/wp\/v2\/tags?post=47568"}],"curies":[{"name":"wp","href":"https:\/\/api.w.org\/{rel}","templated":true}]}}