{"id":47644,"date":"2026-09-02T17:40:59","date_gmt":"2026-09-02T15:40:59","guid":{"rendered":"https:\/\/www.frasicelebri.it\/news\/?p=47644"},"modified":"2026-09-01T16:40:28","modified_gmt":"2026-09-01T14:40:28","slug":"muhammad-ali-se-a-50-anni-guardi-il-mondo-come-facevi-a-20-hai-sprecato-30-anni-di-vita","status":"publish","type":"post","link":"https:\/\/www.frasicelebri.it\/news\/muhammad-ali-se-a-50-anni-guardi-il-mondo-come-facevi-a-20-hai-sprecato-30-anni-di-vita\/","title":{"rendered":"Muhammad Al\u00ec: se a 50 anni guardi il mondo come facevi a 20, hai sprecato 30 anni di vita"},"content":{"rendered":"<p>Ti sei mai chiesto quanto del tuo modo di vedere le cose appartenga davvero a te, e quanto invece sia rimasto identico a com&#8217;era vent&#8217;anni fa, congelato senza che nessuno se ne accorgesse? Ti sei mai chiesto se avere paura di cambiare idea sia, in fondo, una forma sottile di pigrizia mascherata da coerenza? Serve gi\u00e0 coraggio per ammettere di aver sbagliato a giudicare qualcuno, o di aver creduto a lungo in qualcosa che non reggeva pi\u00f9. Molti evitano anche solo questo. Ma esiste un coraggio ancora pi\u00f9 raro: quello di <strong>desiderare attivamente che i decenni a venire ti trasformino<\/strong>, che ti costringano a guardare il mondo in modo radicalmente diverso da come lo vedi oggi. <strong>Muhammad Al\u00ec<\/strong> non colpiva solo sul ring con una precisione micidiale: lo dimostra anche in questa frase, arrivata come un colpo studiato nei minimi dettagli.<\/p>\n<p><img loading=\"lazy\" decoding=\"async\" class=\"alignnone size-full wp-image-47645\" src=\"https:\/\/www.frasicelebri.it\/news\/wp-content\/uploads\/2026\/09\/img-frase-muhammad-ali-50-anni-vita-2026.jpg\" alt=\"a 50 anni guardi il mondo\" width=\"1200\" height=\"675\" srcset=\"https:\/\/www.frasicelebri.it\/news\/wp-content\/uploads\/2026\/09\/img-frase-muhammad-ali-50-anni-vita-2026.jpg 1200w, https:\/\/www.frasicelebri.it\/news\/wp-content\/uploads\/2026\/09\/img-frase-muhammad-ali-50-anni-vita-2026-300x169.jpg 300w, https:\/\/www.frasicelebri.it\/news\/wp-content\/uploads\/2026\/09\/img-frase-muhammad-ali-50-anni-vita-2026-150x84.jpg 150w, https:\/\/www.frasicelebri.it\/news\/wp-content\/uploads\/2026\/09\/img-frase-muhammad-ali-50-anni-vita-2026-768x432.jpg 768w\" sizes=\"auto, (max-width: 1200px) 100vw, 1200px\" \/><\/p>\n<h2>Chi resta fermo, nonostante gli anni<\/h2>\n<blockquote><p><em>&#8220;Un uomo che a cinquant&#8217;anni vede il mondo come lo vedeva a venti, ha sprecato trent&#8217;anni della sua vita.&#8221;<\/em><\/p><\/blockquote>\n<p>Non \u00e8 una riflessione sull&#8217;invecchiamento: \u00e8 una riflessione sulla crescita. E la crescita autentica non consiste nel migliorare piccoli dettagli, nel limare qualche angolo scomodo, ma nel <strong>cambiare radicalmente il punto di osservazione da cui si guardano le cose.<\/strong><\/p>\n<h3>Cosa significa davvero &#8220;vedere il mondo&#8221;<\/h3>\n<p><strong>Vedere il mondo a vent&#8217;anni<\/strong> &#8211; nel senso pi\u00f9 profondo, cio\u00e8 avere una visione di come funzionano le persone, le relazioni, il <a href=\"https:\/\/www.frasicelebri.it\/news\/gratteri-potere-non-vuole-popolo-libero-italia-non-investe-istruzione-popolo-dotto-si-arrabbia\/\" target=\"_blank\" rel=\"noopener\">potere<\/a>, l&#8217;amore, il lavoro &#8211; significa osservarlo dall&#8217;interno di un <strong>sistema di credenze assorbito passivamente<\/strong>, senza averlo ancora messo davvero alla prova. Un sistema ereditato dalla famiglia, dalla cultura di appartenenza, dall&#8217;ambiente specifico in cui si \u00e8 cresciuti. Non \u00e8 colpa di nessuno: \u00e8 <strong>la condizione naturale e inevitabile di chi ha vent&#8217;anni<\/strong>. Non si possiede ancora abbastanza esperienza concreta per distinguere ci\u00f2 che funziona davvero nella realt\u00e0 da ci\u00f2 che era solo un&#8217;assunzione mai verificata, ma che sembrava vera.<\/p>\n<p><strong>A cinquant&#8217;anni, quella materia prima c&#8217;\u00e8, e in abbondanza<\/strong>. Decenni di esperienze reali, di incontri con la complessit\u00e0 autentica delle persone e delle situazioni, di teorie che si sono scontrate duramente con i fatti e spesso ne sono uscite sconfitte. Chi arriva a cinquant&#8217;anni senza che tutto questo bagaglio abbia modificato in modo sostanziale la propria visione originaria, o non ha saputo imparare da quell&#8217;esperienza, oppure vi ha resistito attivamente e sistematicamente.<\/p>\n<h3>Perch\u00e9 si resiste cos\u00ec tanto al cambiamento di prospettiva<\/h3>\n<p>Modificare il proprio modo di vedere il mondo &#8211; non aggiornare qualche dettaglio marginale, ma cambiare davvero la prospettiva &#8211; \u00e8 un processo costoso, scomodo, spesso doloroso. Significa <strong>ammettere che ci\u00f2 in cui si credeva con certezza era sbagliato<\/strong>, o comunque gravemente incompleto. Significa <strong>rivedere scelte passate<\/strong> fatte proprio su quella base, accettando che forse non erano le migliori possibili. Significa, soprattutto, <strong>abbandonare parte di un&#8217;identit\u00e0 costruita attorno a certe convinzioni<\/strong>, e l&#8217;identit\u00e0 \u00e8 tra le cose pi\u00f9 difficili da lasciar andare.<\/p>\n<p><strong>Uno sforzo tutt&#8217;altro che piacevole<\/strong>, ed \u00e8 proprio per questo che molte persone lo evitano con cura, limitandosi ad aggiornare i dettagli periferici senza mai toccare la struttura profonda del proprio pensiero. Ma Muhammad Al\u00ec avverte che <strong>il prezzo di questa immobilit\u00e0 si misura in trent&#8217;anni di vita<\/strong>.<\/p>\n<h3>Il tempo come unit\u00e0 di misura dell&#8217;immobilit\u00e0<\/h3>\n<p>&#8220;Ha sprecato trent&#8217;anni&#8221; \u00e8 una misura estremamente concreta, quasi spietata nella sua onest\u00e0. Non &#8220;ha perso un&#8217;occasione&#8221; o &#8220;avrebbe potuto fare meglio con qualche piccolo aggiustamento&#8221;: ha sprecato trent&#8217;anni veri, reali, irrecuperabili.<\/p>\n<p>Quella capacit\u00e0 di quantificare in anni esatti il costo dell&#8217;immobilit\u00e0 intellettuale ed emotiva \u00e8 forse l&#8217;aspetto pi\u00f9 tagliente, e pi\u00f9 necessario, dell&#8217;intera riflessione. <strong>Il <\/strong><a href=\"https:\/\/www.frasicelebri.it\/news\/crepet-arriva-tempo-non-spieghi-piu-tutto-proteggi-parti-te-dignita\/\" target=\"_blank\" rel=\"noopener\"><strong>tempo<\/strong><\/a><strong>, in ogni caso, continua a scorrere<\/strong>. La vera domanda \u00e8 se porta con s\u00e9 qualcosa di autenticamente nuovo, o se scorre semplicemente a vuoto.<\/p>\n<p><strong><em>Muhammad Al\u00ec<\/em><\/strong><em> \u00e8 stato un pugile statunitense, tre volte campione del mondo dei pesi massimi, attivista per i diritti civili che rifiut\u00f2 la chiamata alle armi per la guerra in Vietnam accettando di essere sospeso dalla carriera, convertito all&#8217;Islam, figura politica e culturale oltre che sportiva: una delle personalit\u00e0 pi\u00f9 iconiche, coraggiose e complesse del Novecento.<\/em><\/p>\n<p><strong>Leggi anche:<\/strong> <a href=\"https:\/\/www.frasicelebri.it\/news\/victor-hugo-quarantanni-vecchiaia-giovinezza-cinquantanni-giovinezza-vecchiaia\/\" target=\"_blank\" rel=\"noopener\">Victor Hugo: \u201cQuarant\u2019anni sono la vecchiaia della giovinezza, ma cinquant\u2019anni sono la giovinezza della vecchiaia\u201d<\/a><\/p>\n<p>&nbsp;<\/p>\n","protected":false},"excerpt":{"rendered":"<p>Ti sei mai chiesto quanto del tuo modo di vedere le cose appartenga davvero a te, e quanto invece sia rimasto identico a com&#8217;era vent&#8217;anni &#8230; <a title=\"Muhammad Al\u00ec: se a 50 anni guardi il mondo come facevi a 20, hai sprecato 30 anni di vita\" class=\"read-more\" href=\"https:\/\/www.frasicelebri.it\/news\/muhammad-ali-se-a-50-anni-guardi-il-mondo-come-facevi-a-20-hai-sprecato-30-anni-di-vita\/\" aria-label=\"More on Muhammad Al\u00ec: se a 50 anni guardi il mondo come facevi a 20, hai sprecato 30 anni di vita\">Leggi tutto<\/a><\/p>\n","protected":false},"author":12,"featured_media":47645,"comment_status":"closed","ping_status":"closed","sticky":false,"template":"","format":"standard","meta":{"footnotes":""},"categories":[42,676],"tags":[2147,2093],"class_list":["post-47644","post","type-post","status-publish","format-standard","has-post-thumbnail","hentry","category-lifestyle","category-spettacolo","tag-frasi-sui-50-anni","tag-muhammad-ali","resize-featured-image"],"yoast_head":"<!-- This site is optimized with the Yoast SEO plugin v25.2 - https:\/\/yoast.com\/wordpress\/plugins\/seo\/ -->\n<title>Muhammad Al\u00ec: se a 50 anni guardi il mondo come facevi a 20, hai sprecato 30 anni di vita - Frasicelebri.it<\/title>\n<meta name=\"description\" content=\"Una frase di Muhammad Al\u00ec: Un uomo che a cinquant&#039;anni vede il mondo come lo vedeva a venti, ha sprecato trent&#039;anni della sua vita\" \/>\n<meta name=\"robots\" content=\"index, follow, max-snippet:-1, max-image-preview:large, max-video-preview:-1\" \/>\n<link rel=\"canonical\" href=\"https:\/\/www.frasicelebri.it\/news\/muhammad-ali-se-a-50-anni-guardi-il-mondo-come-facevi-a-20-hai-sprecato-30-anni-di-vita\/\" \/>\n<meta property=\"og:locale\" content=\"it_IT\" \/>\n<meta property=\"og:type\" content=\"article\" \/>\n<meta property=\"og:title\" content=\"Muhammad Al\u00ec: se a 50 anni guardi il mondo come facevi a 20, hai sprecato 30 anni di vita - Frasicelebri.it\" \/>\n<meta property=\"og:description\" content=\"Una frase di Muhammad Al\u00ec: Un uomo che a cinquant&#039;anni vede il mondo come lo vedeva a venti, ha sprecato trent&#039;anni della sua vita\" \/>\n<meta property=\"og:url\" content=\"https:\/\/www.frasicelebri.it\/news\/muhammad-ali-se-a-50-anni-guardi-il-mondo-come-facevi-a-20-hai-sprecato-30-anni-di-vita\/\" \/>\n<meta property=\"og:site_name\" content=\"Frasicelebri.it\" \/>\n<meta property=\"article:published_time\" content=\"2026-09-02T15:40:59+00:00\" \/>\n<meta property=\"og:image\" content=\"https:\/\/www.frasicelebri.it\/news\/wp-content\/uploads\/2026\/09\/img-frase-muhammad-ali-50-anni-vita-2026.jpg\" \/>\n\t<meta property=\"og:image:width\" content=\"1200\" \/>\n\t<meta property=\"og:image:height\" content=\"675\" \/>\n\t<meta property=\"og:image:type\" content=\"image\/jpeg\" \/>\n<meta name=\"author\" content=\"Romina Cardia\" \/>\n<meta name=\"twitter:card\" content=\"summary_large_image\" \/>\n<meta name=\"twitter:label1\" content=\"Scritto da\" \/>\n\t<meta name=\"twitter:data1\" content=\"Romina Cardia\" \/>\n\t<meta name=\"twitter:label2\" content=\"Tempo di lettura stimato\" \/>\n\t<meta name=\"twitter:data2\" content=\"4 minuti\" \/>\n<script type=\"application\/ld+json\" class=\"yoast-schema-graph\">{\"@context\":\"https:\/\/schema.org\",\"@graph\":[{\"@type\":\"Article\",\"@id\":\"https:\/\/www.frasicelebri.it\/news\/muhammad-ali-se-a-50-anni-guardi-il-mondo-come-facevi-a-20-hai-sprecato-30-anni-di-vita\/#article\",\"isPartOf\":{\"@id\":\"https:\/\/www.frasicelebri.it\/news\/muhammad-ali-se-a-50-anni-guardi-il-mondo-come-facevi-a-20-hai-sprecato-30-anni-di-vita\/\"},\"author\":{\"name\":\"Romina Cardia\",\"@id\":\"https:\/\/www.frasicelebri.it\/news\/#\/schema\/person\/712303166008dc510236daeaf8087292\"},\"headline\":\"Muhammad Al\u00ec: se a 50 anni guardi il mondo come facevi a 20, hai sprecato 30 anni di vita\",\"datePublished\":\"2026-09-02T15:40:59+00:00\",\"mainEntityOfPage\":{\"@id\":\"https:\/\/www.frasicelebri.it\/news\/muhammad-ali-se-a-50-anni-guardi-il-mondo-come-facevi-a-20-hai-sprecato-30-anni-di-vita\/\"},\"wordCount\":718,\"publisher\":{\"@id\":\"https:\/\/www.frasicelebri.it\/news\/#organization\"},\"image\":{\"@id\":\"https:\/\/www.frasicelebri.it\/news\/muhammad-ali-se-a-50-anni-guardi-il-mondo-come-facevi-a-20-hai-sprecato-30-anni-di-vita\/#primaryimage\"},\"thumbnailUrl\":\"https:\/\/www.frasicelebri.it\/news\/wp-content\/uploads\/2026\/09\/img-frase-muhammad-ali-50-anni-vita-2026.jpg\",\"keywords\":[\"frasi sui 50 anni\",\"Muhammad Al\u00ec\"],\"articleSection\":[\"LifeStyle\",\"Spettacolo\"],\"inLanguage\":\"it-IT\"},{\"@type\":\"WebPage\",\"@id\":\"https:\/\/www.frasicelebri.it\/news\/muhammad-ali-se-a-50-anni-guardi-il-mondo-come-facevi-a-20-hai-sprecato-30-anni-di-vita\/\",\"url\":\"https:\/\/www.frasicelebri.it\/news\/muhammad-ali-se-a-50-anni-guardi-il-mondo-come-facevi-a-20-hai-sprecato-30-anni-di-vita\/\",\"name\":\"Muhammad Al\u00ec: se a 50 anni guardi il mondo come facevi a 20, hai sprecato 30 anni di vita - Frasicelebri.it\",\"isPartOf\":{\"@id\":\"https:\/\/www.frasicelebri.it\/news\/#website\"},\"primaryImageOfPage\":{\"@id\":\"https:\/\/www.frasicelebri.it\/news\/muhammad-ali-se-a-50-anni-guardi-il-mondo-come-facevi-a-20-hai-sprecato-30-anni-di-vita\/#primaryimage\"},\"image\":{\"@id\":\"https:\/\/www.frasicelebri.it\/news\/muhammad-ali-se-a-50-anni-guardi-il-mondo-come-facevi-a-20-hai-sprecato-30-anni-di-vita\/#primaryimage\"},\"thumbnailUrl\":\"https:\/\/www.frasicelebri.it\/news\/wp-content\/uploads\/2026\/09\/img-frase-muhammad-ali-50-anni-vita-2026.jpg\",\"datePublished\":\"2026-09-02T15:40:59+00:00\",\"description\":\"Una frase di Muhammad Al\u00ec: Un uomo che a cinquant'anni vede il mondo come lo vedeva a venti, ha sprecato trent'anni della sua vita\",\"breadcrumb\":{\"@id\":\"https:\/\/www.frasicelebri.it\/news\/muhammad-ali-se-a-50-anni-guardi-il-mondo-come-facevi-a-20-hai-sprecato-30-anni-di-vita\/#breadcrumb\"},\"inLanguage\":\"it-IT\",\"potentialAction\":[{\"@type\":\"ReadAction\",\"target\":[\"https:\/\/www.frasicelebri.it\/news\/muhammad-ali-se-a-50-anni-guardi-il-mondo-come-facevi-a-20-hai-sprecato-30-anni-di-vita\/\"]}]},{\"@type\":\"ImageObject\",\"inLanguage\":\"it-IT\",\"@id\":\"https:\/\/www.frasicelebri.it\/news\/muhammad-ali-se-a-50-anni-guardi-il-mondo-come-facevi-a-20-hai-sprecato-30-anni-di-vita\/#primaryimage\",\"url\":\"https:\/\/www.frasicelebri.it\/news\/wp-content\/uploads\/2026\/09\/img-frase-muhammad-ali-50-anni-vita-2026.jpg\",\"contentUrl\":\"https:\/\/www.frasicelebri.it\/news\/wp-content\/uploads\/2026\/09\/img-frase-muhammad-ali-50-anni-vita-2026.jpg\",\"width\":1200,\"height\":675,\"caption\":\"a 50 anni guardi il mondo\"},{\"@type\":\"BreadcrumbList\",\"@id\":\"https:\/\/www.frasicelebri.it\/news\/muhammad-ali-se-a-50-anni-guardi-il-mondo-come-facevi-a-20-hai-sprecato-30-anni-di-vita\/#breadcrumb\",\"itemListElement\":[{\"@type\":\"ListItem\",\"position\":1,\"name\":\"Home\",\"item\":\"https:\/\/www.frasicelebri.it\/news\/\"},{\"@type\":\"ListItem\",\"position\":2,\"name\":\"Muhammad Al\u00ec: se a 50 anni guardi il mondo come facevi a 20, hai sprecato 30 anni di vita\"}]},{\"@type\":\"WebSite\",\"@id\":\"https:\/\/www.frasicelebri.it\/news\/#website\",\"url\":\"https:\/\/www.frasicelebri.it\/news\/\",\"name\":\"Frasicelebri.it\",\"description\":\"News Frasicelebri.it\",\"publisher\":{\"@id\":\"https:\/\/www.frasicelebri.it\/news\/#organization\"},\"potentialAction\":[{\"@type\":\"SearchAction\",\"target\":{\"@type\":\"EntryPoint\",\"urlTemplate\":\"https:\/\/www.frasicelebri.it\/news\/?s={search_term_string}\"},\"query-input\":{\"@type\":\"PropertyValueSpecification\",\"valueRequired\":true,\"valueName\":\"search_term_string\"}}],\"inLanguage\":\"it-IT\"},{\"@type\":\"Organization\",\"@id\":\"https:\/\/www.frasicelebri.it\/news\/#organization\",\"name\":\"Frasicelebri.it\",\"url\":\"https:\/\/www.frasicelebri.it\/news\/\",\"logo\":{\"@type\":\"ImageObject\",\"inLanguage\":\"it-IT\",\"@id\":\"https:\/\/www.frasicelebri.it\/news\/#\/schema\/logo\/image\/\",\"url\":\"https:\/\/i0.wp.com\/www.frasicelebri.it\/news\/wp-content\/uploads\/2024\/07\/logo-quadrato-drasicelebri.it_.jpg?fit=696%2C696&ssl=1\",\"contentUrl\":\"https:\/\/i0.wp.com\/www.frasicelebri.it\/news\/wp-content\/uploads\/2024\/07\/logo-quadrato-drasicelebri.it_.jpg?fit=696%2C696&ssl=1\",\"width\":696,\"height\":696,\"caption\":\"Frasicelebri.it\"},\"image\":{\"@id\":\"https:\/\/www.frasicelebri.it\/news\/#\/schema\/logo\/image\/\"}},{\"@type\":\"Person\",\"@id\":\"https:\/\/www.frasicelebri.it\/news\/#\/schema\/person\/712303166008dc510236daeaf8087292\",\"name\":\"Romina Cardia\",\"image\":{\"@type\":\"ImageObject\",\"inLanguage\":\"it-IT\",\"@id\":\"https:\/\/www.frasicelebri.it\/news\/#\/schema\/person\/image\/\",\"url\":\"https:\/\/secure.gravatar.com\/avatar\/3e5e6b2db28152a0b375be65cf3c10de530bea4ef9e01218d9ba068752898bda?s=96&d=mm&r=g\",\"contentUrl\":\"https:\/\/secure.gravatar.com\/avatar\/3e5e6b2db28152a0b375be65cf3c10de530bea4ef9e01218d9ba068752898bda?s=96&d=mm&r=g\",\"caption\":\"Romina Cardia\"},\"url\":\"https:\/\/www.frasicelebri.it\/news\/author\/romina\/\"}]}<\/script>\n<!-- \/ Yoast SEO plugin. -->","yoast_head_json":{"title":"Muhammad Al\u00ec: se a 50 anni guardi il mondo come facevi a 20, hai sprecato 30 anni di vita - Frasicelebri.it","description":"Una frase di Muhammad Al\u00ec: Un uomo che a cinquant'anni vede il mondo come lo vedeva a venti, ha sprecato trent'anni della sua vita","robots":{"index":"index","follow":"follow","max-snippet":"max-snippet:-1","max-image-preview":"max-image-preview:large","max-video-preview":"max-video-preview:-1"},"canonical":"https:\/\/www.frasicelebri.it\/news\/muhammad-ali-se-a-50-anni-guardi-il-mondo-come-facevi-a-20-hai-sprecato-30-anni-di-vita\/","og_locale":"it_IT","og_type":"article","og_title":"Muhammad Al\u00ec: se a 50 anni guardi il mondo come facevi a 20, hai sprecato 30 anni di vita - Frasicelebri.it","og_description":"Una frase di Muhammad Al\u00ec: Un uomo che a cinquant'anni vede il mondo come lo vedeva a venti, ha sprecato trent'anni della sua vita","og_url":"https:\/\/www.frasicelebri.it\/news\/muhammad-ali-se-a-50-anni-guardi-il-mondo-come-facevi-a-20-hai-sprecato-30-anni-di-vita\/","og_site_name":"Frasicelebri.it","article_published_time":"2026-09-02T15:40:59+00:00","og_image":[{"width":1200,"height":675,"url":"https:\/\/www.frasicelebri.it\/news\/wp-content\/uploads\/2026\/09\/img-frase-muhammad-ali-50-anni-vita-2026.jpg","type":"image\/jpeg"}],"author":"Romina Cardia","twitter_card":"summary_large_image","twitter_misc":{"Scritto da":"Romina Cardia","Tempo di lettura stimato":"4 minuti"},"schema":{"@context":"https:\/\/schema.org","@graph":[{"@type":"Article","@id":"https:\/\/www.frasicelebri.it\/news\/muhammad-ali-se-a-50-anni-guardi-il-mondo-come-facevi-a-20-hai-sprecato-30-anni-di-vita\/#article","isPartOf":{"@id":"https:\/\/www.frasicelebri.it\/news\/muhammad-ali-se-a-50-anni-guardi-il-mondo-come-facevi-a-20-hai-sprecato-30-anni-di-vita\/"},"author":{"name":"Romina Cardia","@id":"https:\/\/www.frasicelebri.it\/news\/#\/schema\/person\/712303166008dc510236daeaf8087292"},"headline":"Muhammad Al\u00ec: se a 50 anni guardi il mondo come facevi a 20, hai sprecato 30 anni di vita","datePublished":"2026-09-02T15:40:59+00:00","mainEntityOfPage":{"@id":"https:\/\/www.frasicelebri.it\/news\/muhammad-ali-se-a-50-anni-guardi-il-mondo-come-facevi-a-20-hai-sprecato-30-anni-di-vita\/"},"wordCount":718,"publisher":{"@id":"https:\/\/www.frasicelebri.it\/news\/#organization"},"image":{"@id":"https:\/\/www.frasicelebri.it\/news\/muhammad-ali-se-a-50-anni-guardi-il-mondo-come-facevi-a-20-hai-sprecato-30-anni-di-vita\/#primaryimage"},"thumbnailUrl":"https:\/\/www.frasicelebri.it\/news\/wp-content\/uploads\/2026\/09\/img-frase-muhammad-ali-50-anni-vita-2026.jpg","keywords":["frasi sui 50 anni","Muhammad Al\u00ec"],"articleSection":["LifeStyle","Spettacolo"],"inLanguage":"it-IT"},{"@type":"WebPage","@id":"https:\/\/www.frasicelebri.it\/news\/muhammad-ali-se-a-50-anni-guardi-il-mondo-come-facevi-a-20-hai-sprecato-30-anni-di-vita\/","url":"https:\/\/www.frasicelebri.it\/news\/muhammad-ali-se-a-50-anni-guardi-il-mondo-come-facevi-a-20-hai-sprecato-30-anni-di-vita\/","name":"Muhammad Al\u00ec: se a 50 anni guardi il mondo come facevi a 20, hai sprecato 30 anni di vita - Frasicelebri.it","isPartOf":{"@id":"https:\/\/www.frasicelebri.it\/news\/#website"},"primaryImageOfPage":{"@id":"https:\/\/www.frasicelebri.it\/news\/muhammad-ali-se-a-50-anni-guardi-il-mondo-come-facevi-a-20-hai-sprecato-30-anni-di-vita\/#primaryimage"},"image":{"@id":"https:\/\/www.frasicelebri.it\/news\/muhammad-ali-se-a-50-anni-guardi-il-mondo-come-facevi-a-20-hai-sprecato-30-anni-di-vita\/#primaryimage"},"thumbnailUrl":"https:\/\/www.frasicelebri.it\/news\/wp-content\/uploads\/2026\/09\/img-frase-muhammad-ali-50-anni-vita-2026.jpg","datePublished":"2026-09-02T15:40:59+00:00","description":"Una frase di Muhammad Al\u00ec: Un uomo che a cinquant'anni vede il mondo come lo vedeva a venti, ha sprecato trent'anni della sua vita","breadcrumb":{"@id":"https:\/\/www.frasicelebri.it\/news\/muhammad-ali-se-a-50-anni-guardi-il-mondo-come-facevi-a-20-hai-sprecato-30-anni-di-vita\/#breadcrumb"},"inLanguage":"it-IT","potentialAction":[{"@type":"ReadAction","target":["https:\/\/www.frasicelebri.it\/news\/muhammad-ali-se-a-50-anni-guardi-il-mondo-come-facevi-a-20-hai-sprecato-30-anni-di-vita\/"]}]},{"@type":"ImageObject","inLanguage":"it-IT","@id":"https:\/\/www.frasicelebri.it\/news\/muhammad-ali-se-a-50-anni-guardi-il-mondo-come-facevi-a-20-hai-sprecato-30-anni-di-vita\/#primaryimage","url":"https:\/\/www.frasicelebri.it\/news\/wp-content\/uploads\/2026\/09\/img-frase-muhammad-ali-50-anni-vita-2026.jpg","contentUrl":"https:\/\/www.frasicelebri.it\/news\/wp-content\/uploads\/2026\/09\/img-frase-muhammad-ali-50-anni-vita-2026.jpg","width":1200,"height":675,"caption":"a 50 anni guardi il mondo"},{"@type":"BreadcrumbList","@id":"https:\/\/www.frasicelebri.it\/news\/muhammad-ali-se-a-50-anni-guardi-il-mondo-come-facevi-a-20-hai-sprecato-30-anni-di-vita\/#breadcrumb","itemListElement":[{"@type":"ListItem","position":1,"name":"Home","item":"https:\/\/www.frasicelebri.it\/news\/"},{"@type":"ListItem","position":2,"name":"Muhammad Al\u00ec: se a 50 anni guardi il mondo come facevi a 20, hai sprecato 30 anni di vita"}]},{"@type":"WebSite","@id":"https:\/\/www.frasicelebri.it\/news\/#website","url":"https:\/\/www.frasicelebri.it\/news\/","name":"Frasicelebri.it","description":"News Frasicelebri.it","publisher":{"@id":"https:\/\/www.frasicelebri.it\/news\/#organization"},"potentialAction":[{"@type":"SearchAction","target":{"@type":"EntryPoint","urlTemplate":"https:\/\/www.frasicelebri.it\/news\/?s={search_term_string}"},"query-input":{"@type":"PropertyValueSpecification","valueRequired":true,"valueName":"search_term_string"}}],"inLanguage":"it-IT"},{"@type":"Organization","@id":"https:\/\/www.frasicelebri.it\/news\/#organization","name":"Frasicelebri.it","url":"https:\/\/www.frasicelebri.it\/news\/","logo":{"@type":"ImageObject","inLanguage":"it-IT","@id":"https:\/\/www.frasicelebri.it\/news\/#\/schema\/logo\/image\/","url":"https:\/\/i0.wp.com\/www.frasicelebri.it\/news\/wp-content\/uploads\/2024\/07\/logo-quadrato-drasicelebri.it_.jpg?fit=696%2C696&ssl=1","contentUrl":"https:\/\/i0.wp.com\/www.frasicelebri.it\/news\/wp-content\/uploads\/2024\/07\/logo-quadrato-drasicelebri.it_.jpg?fit=696%2C696&ssl=1","width":696,"height":696,"caption":"Frasicelebri.it"},"image":{"@id":"https:\/\/www.frasicelebri.it\/news\/#\/schema\/logo\/image\/"}},{"@type":"Person","@id":"https:\/\/www.frasicelebri.it\/news\/#\/schema\/person\/712303166008dc510236daeaf8087292","name":"Romina Cardia","image":{"@type":"ImageObject","inLanguage":"it-IT","@id":"https:\/\/www.frasicelebri.it\/news\/#\/schema\/person\/image\/","url":"https:\/\/secure.gravatar.com\/avatar\/3e5e6b2db28152a0b375be65cf3c10de530bea4ef9e01218d9ba068752898bda?s=96&d=mm&r=g","contentUrl":"https:\/\/secure.gravatar.com\/avatar\/3e5e6b2db28152a0b375be65cf3c10de530bea4ef9e01218d9ba068752898bda?s=96&d=mm&r=g","caption":"Romina Cardia"},"url":"https:\/\/www.frasicelebri.it\/news\/author\/romina\/"}]}},"jetpack_featured_media_url":"https:\/\/www.frasicelebri.it\/news\/wp-content\/uploads\/2026\/09\/img-frase-muhammad-ali-50-anni-vita-2026.jpg","jetpack_shortlink":"https:\/\/wp.me\/pfDJqh-cos","_links":{"self":[{"href":"https:\/\/www.frasicelebri.it\/news\/wp-json\/wp\/v2\/posts\/47644","targetHints":{"allow":["GET"]}}],"collection":[{"href":"https:\/\/www.frasicelebri.it\/news\/wp-json\/wp\/v2\/posts"}],"about":[{"href":"https:\/\/www.frasicelebri.it\/news\/wp-json\/wp\/v2\/types\/post"}],"author":[{"embeddable":true,"href":"https:\/\/www.frasicelebri.it\/news\/wp-json\/wp\/v2\/users\/12"}],"replies":[{"embeddable":true,"href":"https:\/\/www.frasicelebri.it\/news\/wp-json\/wp\/v2\/comments?post=47644"}],"version-history":[{"count":1,"href":"https:\/\/www.frasicelebri.it\/news\/wp-json\/wp\/v2\/posts\/47644\/revisions"}],"predecessor-version":[{"id":47646,"href":"https:\/\/www.frasicelebri.it\/news\/wp-json\/wp\/v2\/posts\/47644\/revisions\/47646"}],"wp:featuredmedia":[{"embeddable":true,"href":"https:\/\/www.frasicelebri.it\/news\/wp-json\/wp\/v2\/media\/47645"}],"wp:attachment":[{"href":"https:\/\/www.frasicelebri.it\/news\/wp-json\/wp\/v2\/media?parent=47644"}],"wp:term":[{"taxonomy":"category","embeddable":true,"href":"https:\/\/www.frasicelebri.it\/news\/wp-json\/wp\/v2\/categories?post=47644"},{"taxonomy":"post_tag","embeddable":true,"href":"https:\/\/www.frasicelebri.it\/news\/wp-json\/wp\/v2\/tags?post=47644"}],"curies":[{"name":"wp","href":"https:\/\/api.w.org\/{rel}","templated":true}]}}