{"id":47714,"date":"2026-09-06T11:40:50","date_gmt":"2026-09-06T09:40:50","guid":{"rendered":"https:\/\/www.frasicelebri.it\/news\/?p=47714"},"modified":"2026-09-04T10:15:34","modified_gmt":"2026-09-04T08:15:34","slug":"figli-non-dimenticano-come-hai-fatti-sentire-sguardo-puo-essere-casa-ferita-recalcati","status":"publish","type":"post","link":"https:\/\/www.frasicelebri.it\/news\/figli-non-dimenticano-come-hai-fatti-sentire-sguardo-puo-essere-casa-ferita-recalcati\/","title":{"rendered":"&#8220;I figli non dimenticano come li hai fatti sentire&#8221;, uno sguardo pu\u00f2 essere una casa o una ferita: 5 frasi di Recalcati"},"content":{"rendered":"<p>Prova a chiudere gli occhi un istante e a tornare con la mente a un pomeriggio qualunque della tua infanzia. Difficile ricordare la data esatta, vero? Forse nemmeno cosa avevi mangiato a pranzo. Ma prova a chiederti un&#8217;altra cosa: che sensazione provavi, in quel periodo, quando eri accanto ai tuoi genitori? Quella risposta, probabilmente, arriva molto pi\u00f9 nitida e molto pi\u00f9 in fretta. <strong>Massimo Recalcati<\/strong> ha dedicato una riflessione precisa proprio a questo scarto, capace di parlare a chiunque sia stato figlio, e a chiunque, oggi, si trovi dall&#8217;altra parte del rapporto.<\/p>\n<p><img loading=\"lazy\" decoding=\"async\" class=\"alignnone size-full wp-image-47715\" src=\"https:\/\/www.frasicelebri.it\/news\/wp-content\/uploads\/2026\/09\/img-frase-massimo-recalcati-figli-non-dimenticano-mai-2026.jpg\" alt=\"I figli non dimenticano\" width=\"1200\" height=\"675\" srcset=\"https:\/\/www.frasicelebri.it\/news\/wp-content\/uploads\/2026\/09\/img-frase-massimo-recalcati-figli-non-dimenticano-mai-2026.jpg 1200w, https:\/\/www.frasicelebri.it\/news\/wp-content\/uploads\/2026\/09\/img-frase-massimo-recalcati-figli-non-dimenticano-mai-2026-300x169.jpg 300w, https:\/\/www.frasicelebri.it\/news\/wp-content\/uploads\/2026\/09\/img-frase-massimo-recalcati-figli-non-dimenticano-mai-2026-150x84.jpg 150w, https:\/\/www.frasicelebri.it\/news\/wp-content\/uploads\/2026\/09\/img-frase-massimo-recalcati-figli-non-dimenticano-mai-2026-768x432.jpg 768w\" sizes=\"auto, (max-width: 1200px) 100vw, 1200px\" \/><\/p>\n<h2>&#8220;I figli non dimenticano come li hai fatti sentire&#8221;<\/h2>\n<p>In questa frase \u00e8 concentrato il pensiero di Massimo Recalcati, che \u00e8 in realt\u00e0 molto pi\u00f9 elaborato e che ho suddiviso in 5 frasi, in modo da analizzarlo bene, perch\u00e9 merita di essere compreso fino in fondo. Alla fine, troverai anche dei piccoli consigli da mettere in pratica quotidianamente con i tuoi figli, in modo da trovare un\u2019armonia e una serenit\u00e0 che giover\u00e0 sia a loro che a te.<\/p>\n<h3>1. Ci\u00f2 che la memoria trattiene, e ci\u00f2 che lascia andare<\/h3>\n<blockquote><p><em>&#8220;I <\/em><a href=\"https:\/\/www.frasicelebri.it\/news\/la-frase-in-cui-recalcati-parla-dei-segreti-dei-figli\/\" target=\"_blank\" rel=\"noopener\"><em>figli<\/em><\/a><em> non dimenticano come li hai fatti sentire. Le ferite restano. Un figlio pu\u00f2 dimenticare molti episodi della propria infanzia. Pu\u00f2 non ricordare le parole esatte, i regali ricevuti o le giornate trascorse insieme. Ma difficilmente dimenticher\u00e0 come si \u00e8 sentito accanto ai propri genitori.&#8221;<\/em><\/p><\/blockquote>\n<p>C&#8217;\u00e8 qui una separazione netta tra due categorie di ricordi. <strong>Da un lato ci sono i contenuti<\/strong> &#8211; gli episodi, le date, gli oggetti ricevuti &#8211; destinati quasi sempre a sbiadire con gli anni. <strong>Dall&#8217;altro ci sono le emozioni<\/strong>, che restano incise molto pi\u00f9 a fondo, indipendentemente da quanto la memoria sia precisa o lacunosa sui dettagli concreti. Non \u00e8 un difetto della mente, n\u00e9 un suo pregio particolare: <strong>\u00e8 semplicemente il modo in cui funziona<\/strong>, soprattutto in un bambino, che registra il clima emotivo di ci\u00f2 che vive molto prima di riuscire a tradurlo in parole comprensibili.<\/p>\n<h3>2. La domanda che davvero conta<\/h3>\n<blockquote><p><em>&#8220;Ricorder\u00e0 se veniva ascoltato oppure continuamente giudicato. Se poteva sbagliare senza perdere l&#8217;amore. Se la casa era un rifugio o un luogo nel quale camminare in punta di piedi. Se qualcuno credeva in lui oppure lo faceva sentire sempre inadeguato.&#8221;<\/em><\/p><\/blockquote>\n<p>Osserva bene: nessuno di questi ricordi riguarda un fatto verificabile, una data o un evento preciso. Riguardano tutti <strong>la qualit\u00e0 della relazione vissuta giorno per giorno<\/strong>. Non &#8220;sei venuto alla recita di scuola?&#8221;, ma &#8220;eri presente in un modo che lo faceva sentire davvero visto?&#8221;. Non &#8220;gli hai regalato ci\u00f2 che desiderava?&#8221;, ma &#8220;poteva sbagliare senza temere di perdere il tuo affetto?&#8221;. Sono due tipi di domande radicalmente diversi, e forse \u00e8 proprio da qui che dovrebbe partire chiunque si interroghi sul proprio <strong>modo di crescere un figlio:<\/strong> non &#8220;ho fatto abbastanza per lui?&#8221;, ma &#8220;come si \u00e8 sentito, stando al mio fianco?&#8221;<\/p>\n<h3>3. Perch\u00e9 la perfezione, paradossalmente, non educa<\/h3>\n<blockquote><p><em>&#8220;Un genitore non deve essere perfetto. La perfezione, del resto, non educa: schiaccia. Un figlio ha bisogno di incontrare un adulto capace di esserci, di riconoscere i propri errori e di trasmettergli una cosa fondamentale: il desiderio di vivere la propria vita.&#8221;<\/em><\/p><\/blockquote>\n<p>Questo \u00e8 forse il passaggio pi\u00f9 liberatorio dell&#8217;intera riflessione. Non si tratta di azzerare gli errori, n\u00e9 di costruire una facciata impeccabile davanti ai propri figli. Si tratta di <strong>esserci per davvero<\/strong>, e di <strong>saper ammettere quando qualcosa non funziona<\/strong>. \u00c8 proprio quella capacit\u00e0 di <strong>riconoscere i propri limiti<\/strong> a insegnare qualcosa di ben pi\u00f9 prezioso di un comportamento perfetto: che si pu\u00f2 vivere la propria esistenza con <a href=\"https:\/\/www.frasicelebri.it\/news\/riconosci-vivi-il-tuo-desiderio-secondo-legge-muori-dentro-4-citazioni-massimo-recalcati\/\" target=\"_blank\" rel=\"noopener\">desiderio<\/a>, invece che trascinarla per paura di sbagliare ancora.<\/p>\n<h3>4. Il costo nascosto di un amore che ha delle condizioni<\/h3>\n<blockquote><p><em>&#8220;Il problema nasce quando l&#8217;amore diventa condizionato: &#8216;Ti voglio bene se sei bravo.&#8217; &#8216;Ti riconosco se hai successo.&#8217; &#8216;Sono orgoglioso di te soltanto quando non mi deludi.&#8217; Cos\u00ec il figlio impara che, per essere amato, deve meritarselo. Cresce cercando continuamente l&#8217;approvazione degli altri, temendo ogni fallimento e sentendosi sbagliato persino quando prova a essere se stesso.&#8221;<\/em><\/p><\/blockquote>\n<p>L&#8217;amore condizionato non \u00e8 assenza d&#8217;amore, ed \u00e8 forse questo il punto pi\u00f9 scomodo da accettare. \u00c8 amore reale, ma vissuto in una forma distorta. Il messaggio che arriva al bambino non \u00e8 &#8220;non ti amo&#8221;, ma qualcosa di pi\u00f9 sottile e insidioso: &#8220;ti amo a patto che&#8221;. E <strong>quel piccolo &#8220;a patto che&#8221;, ripetuto per anni, costruisce un adulto che fatica a stare al mondo<\/strong> senza doversi continuamente guadagnare il diritto di esistere agli occhi altrui.<\/p>\n<h3>5. Lo sguardo che diventa rifugio, o ferita aperta<\/h3>\n<blockquote><p><em>&#8220;Ci\u00f2 che lasciamo ai figli non \u00e8 soltanto quello che facciamo per loro. \u00c8 soprattutto lo sguardo con cui li accompagniamo nel mondo. Uno sguardo pu\u00f2 diventare una casa, ma pu\u00f2 trasformarsi anche in una ferita che continua a parlare per tutta la vita.&#8221;<\/em><\/p><\/blockquote>\n<p>Ed \u00e8 proprio questa l&#8217;immagine che resta impressa pi\u00f9 di ogni altra. <strong>Lo sguardo<\/strong> &#8211; invisibile, mai in vendita, impossibile da pianificare a tavolino o da fingere a lungo senza che l&#8217;altro se ne accorga &#8211; <strong>si rivela la cosa pi\u00f9 decisiva di tutte<\/strong>. Uno sguardo che dice &#8220;sei abbastanza, cos\u00ec come sei&#8221; diventa una casa interiore in cui tornare per tutta la vita, anche a distanza di decenni. Uno sguardo che invece comunica &#8220;non sei abbastanza&#8221; si trasforma in una voce che continua a parlare nella testa, anche molto tempo dopo che quei genitori non ci sono pi\u00f9.<\/p>\n<h3>Come trasformare questa riflessione di Massimo Recalcati in pratica quotidiana<\/h3>\n<ul>\n<li><strong>Prova a sostituire, almeno qualche volta, &#8220;come \u00e8 andata a scuola?&#8221; con &#8220;come ti sei sentito oggi?&#8221;.<\/strong> Sono due domande che aprono a risposte molto diverse, e la seconda arriva pi\u00f9 vicino a ci\u00f2 che davvero resta nella memoria.<\/li>\n<li><strong>Quando sbagli, dillo apertamente invece di nasconderlo.<\/strong> Un &#8220;ho reagito male, mi dispiace&#8221; insegna pi\u00f9 di mille tentativi di apparire infallibili.<\/li>\n<li><strong>Osserva se stai lodando la persona o solo il risultato.<\/strong> &#8220;Sono orgoglioso di te&#8221; pesa diversamente da &#8220;sono orgoglioso di questo voto&#8221;: il primo non ha condizioni, il secondo s\u00ec.<\/li>\n<li><strong>Fai caso a come guardi tuo figlio nei momenti di errore.<\/strong> Non serve dire nulla: lo sguardo, da solo, comunica gi\u00e0 se quell&#8217;errore mette a rischio l&#8217;affetto oppure no.<\/li>\n<li><strong>Chiediti, a fine giornata, non cosa hai fatto per lui, ma come pensi che si sia sentito con te.<\/strong> \u00c8 una domanda scomoda, ma probabilmente la pi\u00f9 utile di tutte.<\/li>\n<\/ul>\n<p><strong>Leggi anche:<\/strong> <a href=\"https:\/\/www.frasicelebri.it\/news\/recalcati-la-madre-come-dio-conosce-numero-esatto-capelli-ogni-figlio-insegna-cura-particolare\/\" target=\"_blank\" rel=\"noopener\">Recalcati: \u201cLa madre, come Dio, conosce il numero esatto dei capelli di ogni figlio\u201d, ci insegna la cura del particolare<\/a><\/p>\n","protected":false},"excerpt":{"rendered":"<p>Prova a chiudere gli occhi un istante e a tornare con la mente a un pomeriggio qualunque della tua infanzia. Difficile ricordare la data esatta, &#8230; <a title=\"&#8220;I figli non dimenticano come li hai fatti sentire&#8221;, uno sguardo pu\u00f2 essere una casa o una ferita: 5 frasi di Recalcati\" class=\"read-more\" href=\"https:\/\/www.frasicelebri.it\/news\/figli-non-dimenticano-come-hai-fatti-sentire-sguardo-puo-essere-casa-ferita-recalcati\/\" aria-label=\"More on &#8220;I figli non dimenticano come li hai fatti sentire&#8221;, uno sguardo pu\u00f2 essere una casa o una ferita: 5 frasi di Recalcati\">Leggi tutto<\/a><\/p>\n","protected":false},"author":12,"featured_media":47715,"comment_status":"closed","ping_status":"closed","sticky":false,"template":"","format":"standard","meta":{"footnotes":""},"categories":[676],"tags":[1220,1265,1307],"class_list":["post-47714","post","type-post","status-publish","format-standard","has-post-thumbnail","hentry","category-spettacolo","tag-frasi-sui-figli","tag-frasi-sui-genitori","tag-massimo-recalcati","resize-featured-image"],"yoast_head":"<!-- This site is optimized with the Yoast SEO plugin v25.2 - https:\/\/yoast.com\/wordpress\/plugins\/seo\/ -->\n<title>&quot;I figli non dimenticano come li hai fatti sentire&quot;, uno sguardo pu\u00f2 essere una casa o una ferita: 5 frasi di Recalcati - Frasicelebri.it<\/title>\n<meta name=\"description\" content=\"Scopri le citazioni di Recalcati sui figli: non dimenticano come li hai fatti sentire, lo sguardo pu\u00f2 essere casa o ferita\" \/>\n<meta name=\"robots\" content=\"index, follow, max-snippet:-1, max-image-preview:large, max-video-preview:-1\" \/>\n<link rel=\"canonical\" href=\"https:\/\/www.frasicelebri.it\/news\/figli-non-dimenticano-come-hai-fatti-sentire-sguardo-puo-essere-casa-ferita-recalcati\/\" \/>\n<meta property=\"og:locale\" content=\"it_IT\" \/>\n<meta property=\"og:type\" content=\"article\" \/>\n<meta property=\"og:title\" content=\"&quot;I figli non dimenticano come li hai fatti sentire&quot;, uno sguardo pu\u00f2 essere una casa o una ferita: 5 frasi di Recalcati - Frasicelebri.it\" \/>\n<meta property=\"og:description\" content=\"Scopri le citazioni di Recalcati sui figli: non dimenticano come li hai fatti sentire, lo sguardo pu\u00f2 essere casa o ferita\" \/>\n<meta property=\"og:url\" content=\"https:\/\/www.frasicelebri.it\/news\/figli-non-dimenticano-come-hai-fatti-sentire-sguardo-puo-essere-casa-ferita-recalcati\/\" \/>\n<meta property=\"og:site_name\" content=\"Frasicelebri.it\" \/>\n<meta property=\"article:published_time\" content=\"2026-09-06T09:40:50+00:00\" \/>\n<meta property=\"og:image\" content=\"https:\/\/www.frasicelebri.it\/news\/wp-content\/uploads\/2026\/09\/img-frase-massimo-recalcati-figli-non-dimenticano-mai-2026.jpg\" \/>\n\t<meta property=\"og:image:width\" content=\"1200\" \/>\n\t<meta property=\"og:image:height\" content=\"675\" \/>\n\t<meta property=\"og:image:type\" content=\"image\/jpeg\" \/>\n<meta name=\"author\" content=\"Romina Cardia\" \/>\n<meta name=\"twitter:card\" content=\"summary_large_image\" \/>\n<meta name=\"twitter:label1\" content=\"Scritto da\" \/>\n\t<meta name=\"twitter:data1\" content=\"Romina Cardia\" \/>\n\t<meta name=\"twitter:label2\" content=\"Tempo di lettura stimato\" \/>\n\t<meta name=\"twitter:data2\" content=\"5 minuti\" \/>\n<script type=\"application\/ld+json\" class=\"yoast-schema-graph\">{\"@context\":\"https:\/\/schema.org\",\"@graph\":[{\"@type\":\"Article\",\"@id\":\"https:\/\/www.frasicelebri.it\/news\/figli-non-dimenticano-come-hai-fatti-sentire-sguardo-puo-essere-casa-ferita-recalcati\/#article\",\"isPartOf\":{\"@id\":\"https:\/\/www.frasicelebri.it\/news\/figli-non-dimenticano-come-hai-fatti-sentire-sguardo-puo-essere-casa-ferita-recalcati\/\"},\"author\":{\"name\":\"Romina Cardia\",\"@id\":\"https:\/\/www.frasicelebri.it\/news\/#\/schema\/person\/712303166008dc510236daeaf8087292\"},\"headline\":\"&#8220;I figli non dimenticano come li hai fatti sentire&#8221;, uno sguardo pu\u00f2 essere una casa o una ferita: 5 frasi di Recalcati\",\"datePublished\":\"2026-09-06T09:40:50+00:00\",\"mainEntityOfPage\":{\"@id\":\"https:\/\/www.frasicelebri.it\/news\/figli-non-dimenticano-come-hai-fatti-sentire-sguardo-puo-essere-casa-ferita-recalcati\/\"},\"wordCount\":1088,\"publisher\":{\"@id\":\"https:\/\/www.frasicelebri.it\/news\/#organization\"},\"image\":{\"@id\":\"https:\/\/www.frasicelebri.it\/news\/figli-non-dimenticano-come-hai-fatti-sentire-sguardo-puo-essere-casa-ferita-recalcati\/#primaryimage\"},\"thumbnailUrl\":\"https:\/\/www.frasicelebri.it\/news\/wp-content\/uploads\/2026\/09\/img-frase-massimo-recalcati-figli-non-dimenticano-mai-2026.jpg\",\"keywords\":[\"frasi sui figli\",\"frasi sui genitori\",\"Massimo Recalcati\"],\"articleSection\":[\"Spettacolo\"],\"inLanguage\":\"it-IT\"},{\"@type\":\"WebPage\",\"@id\":\"https:\/\/www.frasicelebri.it\/news\/figli-non-dimenticano-come-hai-fatti-sentire-sguardo-puo-essere-casa-ferita-recalcati\/\",\"url\":\"https:\/\/www.frasicelebri.it\/news\/figli-non-dimenticano-come-hai-fatti-sentire-sguardo-puo-essere-casa-ferita-recalcati\/\",\"name\":\"\\\"I figli non dimenticano come li hai fatti sentire\\\", uno sguardo pu\u00f2 essere una casa o una ferita: 5 frasi di Recalcati - Frasicelebri.it\",\"isPartOf\":{\"@id\":\"https:\/\/www.frasicelebri.it\/news\/#website\"},\"primaryImageOfPage\":{\"@id\":\"https:\/\/www.frasicelebri.it\/news\/figli-non-dimenticano-come-hai-fatti-sentire-sguardo-puo-essere-casa-ferita-recalcati\/#primaryimage\"},\"image\":{\"@id\":\"https:\/\/www.frasicelebri.it\/news\/figli-non-dimenticano-come-hai-fatti-sentire-sguardo-puo-essere-casa-ferita-recalcati\/#primaryimage\"},\"thumbnailUrl\":\"https:\/\/www.frasicelebri.it\/news\/wp-content\/uploads\/2026\/09\/img-frase-massimo-recalcati-figli-non-dimenticano-mai-2026.jpg\",\"datePublished\":\"2026-09-06T09:40:50+00:00\",\"description\":\"Scopri le citazioni di Recalcati sui figli: non dimenticano come li hai fatti sentire, lo sguardo pu\u00f2 essere casa o ferita\",\"breadcrumb\":{\"@id\":\"https:\/\/www.frasicelebri.it\/news\/figli-non-dimenticano-come-hai-fatti-sentire-sguardo-puo-essere-casa-ferita-recalcati\/#breadcrumb\"},\"inLanguage\":\"it-IT\",\"potentialAction\":[{\"@type\":\"ReadAction\",\"target\":[\"https:\/\/www.frasicelebri.it\/news\/figli-non-dimenticano-come-hai-fatti-sentire-sguardo-puo-essere-casa-ferita-recalcati\/\"]}]},{\"@type\":\"ImageObject\",\"inLanguage\":\"it-IT\",\"@id\":\"https:\/\/www.frasicelebri.it\/news\/figli-non-dimenticano-come-hai-fatti-sentire-sguardo-puo-essere-casa-ferita-recalcati\/#primaryimage\",\"url\":\"https:\/\/www.frasicelebri.it\/news\/wp-content\/uploads\/2026\/09\/img-frase-massimo-recalcati-figli-non-dimenticano-mai-2026.jpg\",\"contentUrl\":\"https:\/\/www.frasicelebri.it\/news\/wp-content\/uploads\/2026\/09\/img-frase-massimo-recalcati-figli-non-dimenticano-mai-2026.jpg\",\"width\":1200,\"height\":675,\"caption\":\"I figli non dimenticano\"},{\"@type\":\"BreadcrumbList\",\"@id\":\"https:\/\/www.frasicelebri.it\/news\/figli-non-dimenticano-come-hai-fatti-sentire-sguardo-puo-essere-casa-ferita-recalcati\/#breadcrumb\",\"itemListElement\":[{\"@type\":\"ListItem\",\"position\":1,\"name\":\"Home\",\"item\":\"https:\/\/www.frasicelebri.it\/news\/\"},{\"@type\":\"ListItem\",\"position\":2,\"name\":\"&#8220;I figli non dimenticano come li hai fatti sentire&#8221;, uno sguardo pu\u00f2 essere una casa o una ferita: 5 frasi di Recalcati\"}]},{\"@type\":\"WebSite\",\"@id\":\"https:\/\/www.frasicelebri.it\/news\/#website\",\"url\":\"https:\/\/www.frasicelebri.it\/news\/\",\"name\":\"Frasicelebri.it\",\"description\":\"News Frasicelebri.it\",\"publisher\":{\"@id\":\"https:\/\/www.frasicelebri.it\/news\/#organization\"},\"potentialAction\":[{\"@type\":\"SearchAction\",\"target\":{\"@type\":\"EntryPoint\",\"urlTemplate\":\"https:\/\/www.frasicelebri.it\/news\/?s={search_term_string}\"},\"query-input\":{\"@type\":\"PropertyValueSpecification\",\"valueRequired\":true,\"valueName\":\"search_term_string\"}}],\"inLanguage\":\"it-IT\"},{\"@type\":\"Organization\",\"@id\":\"https:\/\/www.frasicelebri.it\/news\/#organization\",\"name\":\"Frasicelebri.it\",\"url\":\"https:\/\/www.frasicelebri.it\/news\/\",\"logo\":{\"@type\":\"ImageObject\",\"inLanguage\":\"it-IT\",\"@id\":\"https:\/\/www.frasicelebri.it\/news\/#\/schema\/logo\/image\/\",\"url\":\"https:\/\/i0.wp.com\/www.frasicelebri.it\/news\/wp-content\/uploads\/2024\/07\/logo-quadrato-drasicelebri.it_.jpg?fit=696%2C696&ssl=1\",\"contentUrl\":\"https:\/\/i0.wp.com\/www.frasicelebri.it\/news\/wp-content\/uploads\/2024\/07\/logo-quadrato-drasicelebri.it_.jpg?fit=696%2C696&ssl=1\",\"width\":696,\"height\":696,\"caption\":\"Frasicelebri.it\"},\"image\":{\"@id\":\"https:\/\/www.frasicelebri.it\/news\/#\/schema\/logo\/image\/\"}},{\"@type\":\"Person\",\"@id\":\"https:\/\/www.frasicelebri.it\/news\/#\/schema\/person\/712303166008dc510236daeaf8087292\",\"name\":\"Romina Cardia\",\"image\":{\"@type\":\"ImageObject\",\"inLanguage\":\"it-IT\",\"@id\":\"https:\/\/www.frasicelebri.it\/news\/#\/schema\/person\/image\/\",\"url\":\"https:\/\/secure.gravatar.com\/avatar\/3e5e6b2db28152a0b375be65cf3c10de530bea4ef9e01218d9ba068752898bda?s=96&d=mm&r=g\",\"contentUrl\":\"https:\/\/secure.gravatar.com\/avatar\/3e5e6b2db28152a0b375be65cf3c10de530bea4ef9e01218d9ba068752898bda?s=96&d=mm&r=g\",\"caption\":\"Romina Cardia\"},\"url\":\"https:\/\/www.frasicelebri.it\/news\/author\/romina\/\"}]}<\/script>\n<!-- \/ Yoast SEO plugin. -->","yoast_head_json":{"title":"\"I figli non dimenticano come li hai fatti sentire\", uno sguardo pu\u00f2 essere una casa o una ferita: 5 frasi di Recalcati - Frasicelebri.it","description":"Scopri le citazioni di Recalcati sui figli: non dimenticano come li hai fatti sentire, lo sguardo pu\u00f2 essere casa o ferita","robots":{"index":"index","follow":"follow","max-snippet":"max-snippet:-1","max-image-preview":"max-image-preview:large","max-video-preview":"max-video-preview:-1"},"canonical":"https:\/\/www.frasicelebri.it\/news\/figli-non-dimenticano-come-hai-fatti-sentire-sguardo-puo-essere-casa-ferita-recalcati\/","og_locale":"it_IT","og_type":"article","og_title":"\"I figli non dimenticano come li hai fatti sentire\", uno sguardo pu\u00f2 essere una casa o una ferita: 5 frasi di Recalcati - Frasicelebri.it","og_description":"Scopri le citazioni di Recalcati sui figli: non dimenticano come li hai fatti sentire, lo sguardo pu\u00f2 essere casa o ferita","og_url":"https:\/\/www.frasicelebri.it\/news\/figli-non-dimenticano-come-hai-fatti-sentire-sguardo-puo-essere-casa-ferita-recalcati\/","og_site_name":"Frasicelebri.it","article_published_time":"2026-09-06T09:40:50+00:00","og_image":[{"width":1200,"height":675,"url":"https:\/\/www.frasicelebri.it\/news\/wp-content\/uploads\/2026\/09\/img-frase-massimo-recalcati-figli-non-dimenticano-mai-2026.jpg","type":"image\/jpeg"}],"author":"Romina Cardia","twitter_card":"summary_large_image","twitter_misc":{"Scritto da":"Romina Cardia","Tempo di lettura stimato":"5 minuti"},"schema":{"@context":"https:\/\/schema.org","@graph":[{"@type":"Article","@id":"https:\/\/www.frasicelebri.it\/news\/figli-non-dimenticano-come-hai-fatti-sentire-sguardo-puo-essere-casa-ferita-recalcati\/#article","isPartOf":{"@id":"https:\/\/www.frasicelebri.it\/news\/figli-non-dimenticano-come-hai-fatti-sentire-sguardo-puo-essere-casa-ferita-recalcati\/"},"author":{"name":"Romina Cardia","@id":"https:\/\/www.frasicelebri.it\/news\/#\/schema\/person\/712303166008dc510236daeaf8087292"},"headline":"&#8220;I figli non dimenticano come li hai fatti sentire&#8221;, uno sguardo pu\u00f2 essere una casa o una ferita: 5 frasi di Recalcati","datePublished":"2026-09-06T09:40:50+00:00","mainEntityOfPage":{"@id":"https:\/\/www.frasicelebri.it\/news\/figli-non-dimenticano-come-hai-fatti-sentire-sguardo-puo-essere-casa-ferita-recalcati\/"},"wordCount":1088,"publisher":{"@id":"https:\/\/www.frasicelebri.it\/news\/#organization"},"image":{"@id":"https:\/\/www.frasicelebri.it\/news\/figli-non-dimenticano-come-hai-fatti-sentire-sguardo-puo-essere-casa-ferita-recalcati\/#primaryimage"},"thumbnailUrl":"https:\/\/www.frasicelebri.it\/news\/wp-content\/uploads\/2026\/09\/img-frase-massimo-recalcati-figli-non-dimenticano-mai-2026.jpg","keywords":["frasi sui figli","frasi sui genitori","Massimo Recalcati"],"articleSection":["Spettacolo"],"inLanguage":"it-IT"},{"@type":"WebPage","@id":"https:\/\/www.frasicelebri.it\/news\/figli-non-dimenticano-come-hai-fatti-sentire-sguardo-puo-essere-casa-ferita-recalcati\/","url":"https:\/\/www.frasicelebri.it\/news\/figli-non-dimenticano-come-hai-fatti-sentire-sguardo-puo-essere-casa-ferita-recalcati\/","name":"\"I figli non dimenticano come li hai fatti sentire\", uno sguardo pu\u00f2 essere una casa o una ferita: 5 frasi di Recalcati - Frasicelebri.it","isPartOf":{"@id":"https:\/\/www.frasicelebri.it\/news\/#website"},"primaryImageOfPage":{"@id":"https:\/\/www.frasicelebri.it\/news\/figli-non-dimenticano-come-hai-fatti-sentire-sguardo-puo-essere-casa-ferita-recalcati\/#primaryimage"},"image":{"@id":"https:\/\/www.frasicelebri.it\/news\/figli-non-dimenticano-come-hai-fatti-sentire-sguardo-puo-essere-casa-ferita-recalcati\/#primaryimage"},"thumbnailUrl":"https:\/\/www.frasicelebri.it\/news\/wp-content\/uploads\/2026\/09\/img-frase-massimo-recalcati-figli-non-dimenticano-mai-2026.jpg","datePublished":"2026-09-06T09:40:50+00:00","description":"Scopri le citazioni di Recalcati sui figli: non dimenticano come li hai fatti sentire, lo sguardo pu\u00f2 essere casa o ferita","breadcrumb":{"@id":"https:\/\/www.frasicelebri.it\/news\/figli-non-dimenticano-come-hai-fatti-sentire-sguardo-puo-essere-casa-ferita-recalcati\/#breadcrumb"},"inLanguage":"it-IT","potentialAction":[{"@type":"ReadAction","target":["https:\/\/www.frasicelebri.it\/news\/figli-non-dimenticano-come-hai-fatti-sentire-sguardo-puo-essere-casa-ferita-recalcati\/"]}]},{"@type":"ImageObject","inLanguage":"it-IT","@id":"https:\/\/www.frasicelebri.it\/news\/figli-non-dimenticano-come-hai-fatti-sentire-sguardo-puo-essere-casa-ferita-recalcati\/#primaryimage","url":"https:\/\/www.frasicelebri.it\/news\/wp-content\/uploads\/2026\/09\/img-frase-massimo-recalcati-figli-non-dimenticano-mai-2026.jpg","contentUrl":"https:\/\/www.frasicelebri.it\/news\/wp-content\/uploads\/2026\/09\/img-frase-massimo-recalcati-figli-non-dimenticano-mai-2026.jpg","width":1200,"height":675,"caption":"I figli non dimenticano"},{"@type":"BreadcrumbList","@id":"https:\/\/www.frasicelebri.it\/news\/figli-non-dimenticano-come-hai-fatti-sentire-sguardo-puo-essere-casa-ferita-recalcati\/#breadcrumb","itemListElement":[{"@type":"ListItem","position":1,"name":"Home","item":"https:\/\/www.frasicelebri.it\/news\/"},{"@type":"ListItem","position":2,"name":"&#8220;I figli non dimenticano come li hai fatti sentire&#8221;, uno sguardo pu\u00f2 essere una casa o una ferita: 5 frasi di Recalcati"}]},{"@type":"WebSite","@id":"https:\/\/www.frasicelebri.it\/news\/#website","url":"https:\/\/www.frasicelebri.it\/news\/","name":"Frasicelebri.it","description":"News Frasicelebri.it","publisher":{"@id":"https:\/\/www.frasicelebri.it\/news\/#organization"},"potentialAction":[{"@type":"SearchAction","target":{"@type":"EntryPoint","urlTemplate":"https:\/\/www.frasicelebri.it\/news\/?s={search_term_string}"},"query-input":{"@type":"PropertyValueSpecification","valueRequired":true,"valueName":"search_term_string"}}],"inLanguage":"it-IT"},{"@type":"Organization","@id":"https:\/\/www.frasicelebri.it\/news\/#organization","name":"Frasicelebri.it","url":"https:\/\/www.frasicelebri.it\/news\/","logo":{"@type":"ImageObject","inLanguage":"it-IT","@id":"https:\/\/www.frasicelebri.it\/news\/#\/schema\/logo\/image\/","url":"https:\/\/i0.wp.com\/www.frasicelebri.it\/news\/wp-content\/uploads\/2024\/07\/logo-quadrato-drasicelebri.it_.jpg?fit=696%2C696&ssl=1","contentUrl":"https:\/\/i0.wp.com\/www.frasicelebri.it\/news\/wp-content\/uploads\/2024\/07\/logo-quadrato-drasicelebri.it_.jpg?fit=696%2C696&ssl=1","width":696,"height":696,"caption":"Frasicelebri.it"},"image":{"@id":"https:\/\/www.frasicelebri.it\/news\/#\/schema\/logo\/image\/"}},{"@type":"Person","@id":"https:\/\/www.frasicelebri.it\/news\/#\/schema\/person\/712303166008dc510236daeaf8087292","name":"Romina Cardia","image":{"@type":"ImageObject","inLanguage":"it-IT","@id":"https:\/\/www.frasicelebri.it\/news\/#\/schema\/person\/image\/","url":"https:\/\/secure.gravatar.com\/avatar\/3e5e6b2db28152a0b375be65cf3c10de530bea4ef9e01218d9ba068752898bda?s=96&d=mm&r=g","contentUrl":"https:\/\/secure.gravatar.com\/avatar\/3e5e6b2db28152a0b375be65cf3c10de530bea4ef9e01218d9ba068752898bda?s=96&d=mm&r=g","caption":"Romina Cardia"},"url":"https:\/\/www.frasicelebri.it\/news\/author\/romina\/"}]}},"jetpack_featured_media_url":"https:\/\/www.frasicelebri.it\/news\/wp-content\/uploads\/2026\/09\/img-frase-massimo-recalcati-figli-non-dimenticano-mai-2026.jpg","jetpack_shortlink":"https:\/\/wp.me\/pfDJqh-cpA","_links":{"self":[{"href":"https:\/\/www.frasicelebri.it\/news\/wp-json\/wp\/v2\/posts\/47714","targetHints":{"allow":["GET"]}}],"collection":[{"href":"https:\/\/www.frasicelebri.it\/news\/wp-json\/wp\/v2\/posts"}],"about":[{"href":"https:\/\/www.frasicelebri.it\/news\/wp-json\/wp\/v2\/types\/post"}],"author":[{"embeddable":true,"href":"https:\/\/www.frasicelebri.it\/news\/wp-json\/wp\/v2\/users\/12"}],"replies":[{"embeddable":true,"href":"https:\/\/www.frasicelebri.it\/news\/wp-json\/wp\/v2\/comments?post=47714"}],"version-history":[{"count":1,"href":"https:\/\/www.frasicelebri.it\/news\/wp-json\/wp\/v2\/posts\/47714\/revisions"}],"predecessor-version":[{"id":47716,"href":"https:\/\/www.frasicelebri.it\/news\/wp-json\/wp\/v2\/posts\/47714\/revisions\/47716"}],"wp:featuredmedia":[{"embeddable":true,"href":"https:\/\/www.frasicelebri.it\/news\/wp-json\/wp\/v2\/media\/47715"}],"wp:attachment":[{"href":"https:\/\/www.frasicelebri.it\/news\/wp-json\/wp\/v2\/media?parent=47714"}],"wp:term":[{"taxonomy":"category","embeddable":true,"href":"https:\/\/www.frasicelebri.it\/news\/wp-json\/wp\/v2\/categories?post=47714"},{"taxonomy":"post_tag","embeddable":true,"href":"https:\/\/www.frasicelebri.it\/news\/wp-json\/wp\/v2\/tags?post=47714"}],"curies":[{"name":"wp","href":"https:\/\/api.w.org\/{rel}","templated":true}]}}